{"id":129361,"date":"2024-02-14T11:58:05","date_gmt":"2024-02-14T10:58:05","guid":{"rendered":"https:\/\/www.copealcoy.es\/?p=129361"},"modified":"2024-02-14T12:11:37","modified_gmt":"2024-02-14T11:11:37","slug":"una-rotonda-en-el-cruce-de-los-bomberos-la-peticion-de-los-empresarios-que-recoge-cocentaina","status":"publish","type":"post","link":"https:\/\/www.copealcoy.es\/es\/una-rotonda-en-el-cruce-de-los-bomberos-la-peticion-de-los-empresarios-que-recoge-cocentaina\/","title":{"rendered":"Una rotonda en el cruce de los Bomberos, la petici\u00f3n de los empresarios que recoge Cocentaina"},"content":{"rendered":"<p style=\"text-align: justify;\">La <strong>rotonda que regula el tr\u00e1fico<\/strong> en el acceso norte a Alcoy <strong>ya es una realidad<\/strong> despu\u00e9s de casi dos d\u00e9cadas en las que el sector empresarial ha demandado esta infraestructura.Y es que el proyecto <strong>era una necesidad urgente<\/strong> puesto que en las horas punta se formaban cada d\u00eda largas colas de camiones y veh\u00edculos en esta zona situada en las inmediaciones del t\u00e9rmino municipal de Cocentaina; as\u00ed como junto a la entrada de una de las principales zonas industriales de Alcoy como el Pol\u00edgono Cotes Baixes.<\/p>\n<p style=\"text-align: justify;\">Una vez materializada esta rotonda,<strong> el sector empresarial va m\u00e1s all\u00e1 y pide una actuaci\u00f3n similar en el cruce situado junto al parque comarcal de Bomberos<\/strong>. Desde <a href=\"https:\/\/www.facebook.com\/FEDAC.LAcoia.Comtat\" target=\"_blank\" rel=\"noopener\"><span style=\"color: #0000ff;\"><strong>FEDAC<\/strong> <\/span><\/a>definen este punto como &#8220;<em>nuestro particular sem\u00e1foro de Europa<\/em>&#8221; y aseguran que con la construcci\u00f3n de la rotonda norte de Alcoy, el tr\u00e1fico que se concentraba en este tramo pasar\u00e1 ahora al cruce cercano a los Bomberos situado ya en el t\u00e9rmino municipal de la capital del Comtat &#8220;<em>se hace necesario construir una rotonda aqu\u00ed porque es uno de los puntos de entrada y salida a la autov\u00eda e incluso tenemos zonas industriales pr\u00f3ximas como Cotes Baixes, La Llaona, Els Algars o Gormaig. Hay una elevada circulaci\u00f3n cada d\u00eda y con un proyecto como el de una rotonda se reforzar\u00eda la seguridad e incluso se facilitar\u00eda el paso de grandes caminones hasta los pol\u00edgonos cercanos<\/em>&#8220;, comentaba en el #TiempoDeAn\u00e1lisis de COPE ALCOY Ram\u00f3n Juan, representante de la Federaci\u00f3n de Empresarios de l&#8217;Alcoi\u00e0-Comtat y presidente de la EGM de Cotes Baixes.<\/p>\n<p style=\"text-align: justify;\">Desde el<a href=\"https:\/\/www.cocentaina.es\/\" target=\"_blank\" rel=\"noopener\"><span style=\"color: #0000ff;\"><strong> Ayuntamiento de Cocentaina<\/strong> <\/span><\/a>recogen el guante y avanzan que <strong>ya se est\u00e1 trabajando en esta cuesti\u00f3n<\/strong> que ha planteado el sector empresarial. De hecho <strong>este ser\u00e1 uno de los puntos que el consistorio de la Villa Condal trasladar\u00e1 al nuevo subdelegado del Gobierno de la provincia de Alicante<\/strong> en una reuni\u00f3n prevista para los pr\u00f3ximos d\u00edas &#8220;<em>est\u00e1 claro que en este cruce va a haber ahora un elevado incremento del tr\u00e1fico y vamos a poner sobre la mesa la nueva necesidad para que el Gobierno Central pueda ejecutar un proyecto en la zona<\/em>&#8220;, avanzaba tambi\u00e9n en COPE ALCOY el alcalde del municipio; Jordi Pla.<\/p>\n<p style=\"text-align: justify;\">Si la rotonda en el cruce de Bomberos llega a materializarse a corto plazo, <strong>quedar\u00edan suprimidos todos los sem\u00e1foros de la Nacional 340 entre Cocentaina y Alcoy<\/strong>. Quedar\u00edan<strong> todav\u00eda tres cruces por reorganizar entre la Villa Condal y Muro<\/strong> donde todav\u00eda el tr\u00e1fico est\u00e1 regulado por sem\u00e1foros.<\/p>\n","protected":false},"excerpt":{"rendered":"<p>La rotonda que regula el tr\u00e1fico en el acceso norte a Alcoy ya es una realidad despu\u00e9s de casi dos&#8230;<\/p>\n","protected":false},"author":1,"featured_media":129365,"comment_status":"open","ping_status":"open","sticky":false,"template":"","format":"standard","meta":{"footnotes":""},"categories":[6909,97,75,125],"tags":[1494,9078,615,132,743,2092,986],"class_list":["post-129361","post","type-post","status-publish","format-standard","has-post-thumbnail","hentry","category-actualidad","category-alcoy","category-noticias","category-portada","tag-alcoy","tag-ayuntamiento-de-cocentaina","tag-bomberos","tag-cocentaina","tag-fedac","tag-jordi-pla","tag-rotonda"],"yoast_head":"<!-- This site is optimized with the Yoast SEO plugin v27.3 - https:\/\/yoast.com\/product\/yoast-seo-wordpress\/ -->\n<title>Una rotonda en el cruce de los Bomberos, la petici\u00f3n de los empresarios que recoge Cocentaina - COPE Alcoy<\/title>\n<meta name=\"description\" content=\"El sector empresarial pide una rotonda en el cruce de los Bomberos y el Ayuntamiento de Cocentaina recoge el guante\" \/>\n<meta name=\"robots\" content=\"index, follow, max-snippet:-1, max-image-preview:large, max-video-preview:-1\" \/>\n<link rel=\"canonical\" href=\"https:\/\/www.copealcoy.es\/es\/una-rotonda-en-el-cruce-de-los-bomberos-la-peticion-de-los-empresarios-que-recoge-cocentaina\/\" \/>\n<meta property=\"og:locale\" content=\"es_ES\" \/>\n<meta property=\"og:type\" content=\"article\" \/>\n<meta property=\"og:title\" content=\"Una rotonda en el cruce de los Bomberos, la petici\u00f3n de los empresarios que recoge Cocentaina - COPE Alcoy\" \/>\n<meta property=\"og:description\" content=\"El sector empresarial pide una rotonda en el cruce de los Bomberos y el Ayuntamiento de Cocentaina recoge el guante\" \/>\n<meta property=\"og:url\" content=\"https:\/\/www.copealcoy.es\/es\/una-rotonda-en-el-cruce-de-los-bomberos-la-peticion-de-los-empresarios-que-recoge-cocentaina\/\" \/>\n<meta property=\"og:site_name\" content=\"COPE Alcoy\" \/>\n<meta property=\"article:published_time\" content=\"2024-02-14T10:58:05+00:00\" \/>\n<meta property=\"article:modified_time\" content=\"2024-02-14T11:11:37+00:00\" \/>\n<meta property=\"og:image\" content=\"https:\/\/www.copealcoy.es\/wp-content\/uploads\/2024\/02\/Captura-de-Pantalla-2024-02-14-a-las-12.03.35.png\" \/>\n\t<meta property=\"og:image:width\" content=\"490\" \/>\n\t<meta property=\"og:image:height\" content=\"295\" \/>\n\t<meta property=\"og:image:type\" content=\"image\/png\" \/>\n<meta name=\"author\" content=\"Cope Alcoy\" \/>\n<meta name=\"twitter:label1\" content=\"Escrito por\" \/>\n\t<meta name=\"twitter:data1\" content=\"Cope Alcoy\" \/>\n\t<meta name=\"twitter:label2\" content=\"Tiempo de lectura\" \/>\n\t<meta name=\"twitter:data2\" content=\"3 minutos\" \/>\n<script type=\"application\/ld+json\" class=\"yoast-schema-graph\">{\"@context\":\"https:\\\/\\\/schema.org\",\"@graph\":[{\"@type\":\"Article\",\"@id\":\"https:\\\/\\\/www.copealcoy.es\\\/es\\\/una-rotonda-en-el-cruce-de-los-bomberos-la-peticion-de-los-empresarios-que-recoge-cocentaina\\\/#article\",\"isPartOf\":{\"@id\":\"https:\\\/\\\/www.copealcoy.es\\\/es\\\/una-rotonda-en-el-cruce-de-los-bomberos-la-peticion-de-los-empresarios-que-recoge-cocentaina\\\/\"},\"author\":{\"name\":\"Cope Alcoy\",\"@id\":\"https:\\\/\\\/www.copealcoy.es\\\/es\\\/#\\\/schema\\\/person\\\/e777c87fa024e57d40170af9df39882c\"},\"headline\":\"Una rotonda en el cruce de los Bomberos, la petici\u00f3n de los empresarios que recoge Cocentaina\",\"datePublished\":\"2024-02-14T10:58:05+00:00\",\"dateModified\":\"2024-02-14T11:11:37+00:00\",\"mainEntityOfPage\":{\"@id\":\"https:\\\/\\\/www.copealcoy.es\\\/es\\\/una-rotonda-en-el-cruce-de-los-bomberos-la-peticion-de-los-empresarios-que-recoge-cocentaina\\\/\"},\"wordCount\":463,\"commentCount\":0,\"image\":{\"@id\":\"https:\\\/\\\/www.copealcoy.es\\\/es\\\/una-rotonda-en-el-cruce-de-los-bomberos-la-peticion-de-los-empresarios-que-recoge-cocentaina\\\/#primaryimage\"},\"thumbnailUrl\":\"https:\\\/\\\/www.copealcoy.es\\\/wp-content\\\/uploads\\\/2024\\\/02\\\/Captura-de-Pantalla-2024-02-14-a-las-12.03.35.png\",\"keywords\":[\"Alcoy\",\"Ayuntamiento de Cocentaina\",\"Bomberos\",\"Cocentaina\",\"FEDAC\",\"Jordi Pla\",\"Rotonda\"],\"articleSection\":[\"Actualidad\",\"Alcoy\",\"Noticias\",\"Portada\"],\"inLanguage\":\"es\"},{\"@type\":\"WebPage\",\"@id\":\"https:\\\/\\\/www.copealcoy.es\\\/es\\\/una-rotonda-en-el-cruce-de-los-bomberos-la-peticion-de-los-empresarios-que-recoge-cocentaina\\\/\",\"url\":\"https:\\\/\\\/www.copealcoy.es\\\/es\\\/una-rotonda-en-el-cruce-de-los-bomberos-la-peticion-de-los-empresarios-que-recoge-cocentaina\\\/\",\"name\":\"Una rotonda en el cruce de los Bomberos, la petici\u00f3n de los empresarios que recoge Cocentaina - COPE Alcoy\",\"isPartOf\":{\"@id\":\"https:\\\/\\\/www.copealcoy.es\\\/es\\\/#website\"},\"primaryImageOfPage\":{\"@id\":\"https:\\\/\\\/www.copealcoy.es\\\/es\\\/una-rotonda-en-el-cruce-de-los-bomberos-la-peticion-de-los-empresarios-que-recoge-cocentaina\\\/#primaryimage\"},\"image\":{\"@id\":\"https:\\\/\\\/www.copealcoy.es\\\/es\\\/una-rotonda-en-el-cruce-de-los-bomberos-la-peticion-de-los-empresarios-que-recoge-cocentaina\\\/#primaryimage\"},\"thumbnailUrl\":\"https:\\\/\\\/www.copealcoy.es\\\/wp-content\\\/uploads\\\/2024\\\/02\\\/Captura-de-Pantalla-2024-02-14-a-las-12.03.35.png\",\"datePublished\":\"2024-02-14T10:58:05+00:00\",\"dateModified\":\"2024-02-14T11:11:37+00:00\",\"author\":{\"@id\":\"https:\\\/\\\/www.copealcoy.es\\\/es\\\/#\\\/schema\\\/person\\\/e777c87fa024e57d40170af9df39882c\"},\"description\":\"El sector empresarial pide una rotonda en el cruce de los Bomberos y el Ayuntamiento de Cocentaina recoge el guante\",\"breadcrumb\":{\"@id\":\"https:\\\/\\\/www.copealcoy.es\\\/es\\\/una-rotonda-en-el-cruce-de-los-bomberos-la-peticion-de-los-empresarios-que-recoge-cocentaina\\\/#breadcrumb\"},\"inLanguage\":\"es\",\"potentialAction\":[{\"@type\":\"ReadAction\",\"target\":[\"https:\\\/\\\/www.copealcoy.es\\\/es\\\/una-rotonda-en-el-cruce-de-los-bomberos-la-peticion-de-los-empresarios-que-recoge-cocentaina\\\/\"]}]},{\"@type\":\"ImageObject\",\"inLanguage\":\"es\",\"@id\":\"https:\\\/\\\/www.copealcoy.es\\\/es\\\/una-rotonda-en-el-cruce-de-los-bomberos-la-peticion-de-los-empresarios-que-recoge-cocentaina\\\/#primaryimage\",\"url\":\"https:\\\/\\\/www.copealcoy.es\\\/wp-content\\\/uploads\\\/2024\\\/02\\\/Captura-de-Pantalla-2024-02-14-a-las-12.03.35.png\",\"contentUrl\":\"https:\\\/\\\/www.copealcoy.es\\\/wp-content\\\/uploads\\\/2024\\\/02\\\/Captura-de-Pantalla-2024-02-14-a-las-12.03.35.png\",\"width\":490,\"height\":295},{\"@type\":\"BreadcrumbList\",\"@id\":\"https:\\\/\\\/www.copealcoy.es\\\/es\\\/una-rotonda-en-el-cruce-de-los-bomberos-la-peticion-de-los-empresarios-que-recoge-cocentaina\\\/#breadcrumb\",\"itemListElement\":[{\"@type\":\"ListItem\",\"position\":1,\"name\":\"Portada\",\"item\":\"https:\\\/\\\/www.copealcoy.es\\\/es\\\/\"},{\"@type\":\"ListItem\",\"position\":2,\"name\":\"Una rotonda en el cruce de los Bomberos, la petici\u00f3n de los empresarios que recoge Cocentaina\"}]},{\"@type\":\"WebSite\",\"@id\":\"https:\\\/\\\/www.copealcoy.es\\\/es\\\/#website\",\"url\":\"https:\\\/\\\/www.copealcoy.es\\\/es\\\/\",\"name\":\"COPE Alcoy\",\"description\":\"Emisora COPE de radio local con emisi\u00f3n online. Pont de Sant Jordi 8-10 03803 Alcoy\",\"potentialAction\":[{\"@type\":\"SearchAction\",\"target\":{\"@type\":\"EntryPoint\",\"urlTemplate\":\"https:\\\/\\\/www.copealcoy.es\\\/es\\\/?s={search_term_string}\"},\"query-input\":{\"@type\":\"PropertyValueSpecification\",\"valueRequired\":true,\"valueName\":\"search_term_string\"}}],\"inLanguage\":\"es\"},{\"@type\":\"Person\",\"@id\":\"https:\\\/\\\/www.copealcoy.es\\\/es\\\/#\\\/schema\\\/person\\\/e777c87fa024e57d40170af9df39882c\",\"name\":\"Cope Alcoy\",\"image\":{\"@type\":\"ImageObject\",\"inLanguage\":\"es\",\"@id\":\"https:\\\/\\\/secure.gravatar.com\\\/avatar\\\/bb65d0283347e303893ba14f0692005417c1e0e690a325a4c5d8bb2b3943ee14?s=96&d=mm&r=g\",\"url\":\"https:\\\/\\\/secure.gravatar.com\\\/avatar\\\/bb65d0283347e303893ba14f0692005417c1e0e690a325a4c5d8bb2b3943ee14?s=96&d=mm&r=g\",\"contentUrl\":\"https:\\\/\\\/secure.gravatar.com\\\/avatar\\\/bb65d0283347e303893ba14f0692005417c1e0e690a325a4c5d8bb2b3943ee14?s=96&d=mm&r=g\",\"caption\":\"Cope Alcoy\"}}]}<\/script>\n<!-- \/ Yoast SEO plugin. -->","yoast_head_json":{"title":"Una rotonda en el cruce de los Bomberos, la petici\u00f3n de los empresarios que recoge Cocentaina - COPE Alcoy","description":"El sector empresarial pide una rotonda en el cruce de los Bomberos y el Ayuntamiento de Cocentaina recoge el guante","robots":{"index":"index","follow":"follow","max-snippet":"max-snippet:-1","max-image-preview":"max-image-preview:large","max-video-preview":"max-video-preview:-1"},"canonical":"https:\/\/www.copealcoy.es\/es\/una-rotonda-en-el-cruce-de-los-bomberos-la-peticion-de-los-empresarios-que-recoge-cocentaina\/","og_locale":"es_ES","og_type":"article","og_title":"Una rotonda en el cruce de los Bomberos, la petici\u00f3n de los empresarios que recoge Cocentaina - COPE Alcoy","og_description":"El sector empresarial pide una rotonda en el cruce de los Bomberos y el Ayuntamiento de Cocentaina recoge el guante","og_url":"https:\/\/www.copealcoy.es\/es\/una-rotonda-en-el-cruce-de-los-bomberos-la-peticion-de-los-empresarios-que-recoge-cocentaina\/","og_site_name":"COPE Alcoy","article_published_time":"2024-02-14T10:58:05+00:00","article_modified_time":"2024-02-14T11:11:37+00:00","og_image":[{"width":490,"height":295,"url":"https:\/\/www.copealcoy.es\/wp-content\/uploads\/2024\/02\/Captura-de-Pantalla-2024-02-14-a-las-12.03.35.png","type":"image\/png"}],"author":"Cope Alcoy","twitter_misc":{"Escrito por":"Cope Alcoy","Tiempo de lectura":"3 minutos"},"schema":{"@context":"https:\/\/schema.org","@graph":[{"@type":"Article","@id":"https:\/\/www.copealcoy.es\/es\/una-rotonda-en-el-cruce-de-los-bomberos-la-peticion-de-los-empresarios-que-recoge-cocentaina\/#article","isPartOf":{"@id":"https:\/\/www.copealcoy.es\/es\/una-rotonda-en-el-cruce-de-los-bomberos-la-peticion-de-los-empresarios-que-recoge-cocentaina\/"},"author":{"name":"Cope Alcoy","@id":"https:\/\/www.copealcoy.es\/es\/#\/schema\/person\/e777c87fa024e57d40170af9df39882c"},"headline":"Una rotonda en el cruce de los Bomberos, la petici\u00f3n de los empresarios que recoge Cocentaina","datePublished":"2024-02-14T10:58:05+00:00","dateModified":"2024-02-14T11:11:37+00:00","mainEntityOfPage":{"@id":"https:\/\/www.copealcoy.es\/es\/una-rotonda-en-el-cruce-de-los-bomberos-la-peticion-de-los-empresarios-que-recoge-cocentaina\/"},"wordCount":463,"commentCount":0,"image":{"@id":"https:\/\/www.copealcoy.es\/es\/una-rotonda-en-el-cruce-de-los-bomberos-la-peticion-de-los-empresarios-que-recoge-cocentaina\/#primaryimage"},"thumbnailUrl":"https:\/\/www.copealcoy.es\/wp-content\/uploads\/2024\/02\/Captura-de-Pantalla-2024-02-14-a-las-12.03.35.png","keywords":["Alcoy","Ayuntamiento de Cocentaina","Bomberos","Cocentaina","FEDAC","Jordi Pla","Rotonda"],"articleSection":["Actualidad","Alcoy","Noticias","Portada"],"inLanguage":"es"},{"@type":"WebPage","@id":"https:\/\/www.copealcoy.es\/es\/una-rotonda-en-el-cruce-de-los-bomberos-la-peticion-de-los-empresarios-que-recoge-cocentaina\/","url":"https:\/\/www.copealcoy.es\/es\/una-rotonda-en-el-cruce-de-los-bomberos-la-peticion-de-los-empresarios-que-recoge-cocentaina\/","name":"Una rotonda en el cruce de los Bomberos, la petici\u00f3n de los empresarios que recoge Cocentaina - COPE Alcoy","isPartOf":{"@id":"https:\/\/www.copealcoy.es\/es\/#website"},"primaryImageOfPage":{"@id":"https:\/\/www.copealcoy.es\/es\/una-rotonda-en-el-cruce-de-los-bomberos-la-peticion-de-los-empresarios-que-recoge-cocentaina\/#primaryimage"},"image":{"@id":"https:\/\/www.copealcoy.es\/es\/una-rotonda-en-el-cruce-de-los-bomberos-la-peticion-de-los-empresarios-que-recoge-cocentaina\/#primaryimage"},"thumbnailUrl":"https:\/\/www.copealcoy.es\/wp-content\/uploads\/2024\/02\/Captura-de-Pantalla-2024-02-14-a-las-12.03.35.png","datePublished":"2024-02-14T10:58:05+00:00","dateModified":"2024-02-14T11:11:37+00:00","author":{"@id":"https:\/\/www.copealcoy.es\/es\/#\/schema\/person\/e777c87fa024e57d40170af9df39882c"},"description":"El sector empresarial pide una rotonda en el cruce de los Bomberos y el Ayuntamiento de Cocentaina recoge el guante","breadcrumb":{"@id":"https:\/\/www.copealcoy.es\/es\/una-rotonda-en-el-cruce-de-los-bomberos-la-peticion-de-los-empresarios-que-recoge-cocentaina\/#breadcrumb"},"inLanguage":"es","potentialAction":[{"@type":"ReadAction","target":["https:\/\/www.copealcoy.es\/es\/una-rotonda-en-el-cruce-de-los-bomberos-la-peticion-de-los-empresarios-que-recoge-cocentaina\/"]}]},{"@type":"ImageObject","inLanguage":"es","@id":"https:\/\/www.copealcoy.es\/es\/una-rotonda-en-el-cruce-de-los-bomberos-la-peticion-de-los-empresarios-que-recoge-cocentaina\/#primaryimage","url":"https:\/\/www.copealcoy.es\/wp-content\/uploads\/2024\/02\/Captura-de-Pantalla-2024-02-14-a-las-12.03.35.png","contentUrl":"https:\/\/www.copealcoy.es\/wp-content\/uploads\/2024\/02\/Captura-de-Pantalla-2024-02-14-a-las-12.03.35.png","width":490,"height":295},{"@type":"BreadcrumbList","@id":"https:\/\/www.copealcoy.es\/es\/una-rotonda-en-el-cruce-de-los-bomberos-la-peticion-de-los-empresarios-que-recoge-cocentaina\/#breadcrumb","itemListElement":[{"@type":"ListItem","position":1,"name":"Portada","item":"https:\/\/www.copealcoy.es\/es\/"},{"@type":"ListItem","position":2,"name":"Una rotonda en el cruce de los Bomberos, la petici\u00f3n de los empresarios que recoge Cocentaina"}]},{"@type":"WebSite","@id":"https:\/\/www.copealcoy.es\/es\/#website","url":"https:\/\/www.copealcoy.es\/es\/","name":"COPE Alcoy","description":"Emisora COPE de radio local con emisi\u00f3n online. Pont de Sant Jordi 8-10 03803 Alcoy","potentialAction":[{"@type":"SearchAction","target":{"@type":"EntryPoint","urlTemplate":"https:\/\/www.copealcoy.es\/es\/?s={search_term_string}"},"query-input":{"@type":"PropertyValueSpecification","valueRequired":true,"valueName":"search_term_string"}}],"inLanguage":"es"},{"@type":"Person","@id":"https:\/\/www.copealcoy.es\/es\/#\/schema\/person\/e777c87fa024e57d40170af9df39882c","name":"Cope Alcoy","image":{"@type":"ImageObject","inLanguage":"es","@id":"https:\/\/secure.gravatar.com\/avatar\/bb65d0283347e303893ba14f0692005417c1e0e690a325a4c5d8bb2b3943ee14?s=96&d=mm&r=g","url":"https:\/\/secure.gravatar.com\/avatar\/bb65d0283347e303893ba14f0692005417c1e0e690a325a4c5d8bb2b3943ee14?s=96&d=mm&r=g","contentUrl":"https:\/\/secure.gravatar.com\/avatar\/bb65d0283347e303893ba14f0692005417c1e0e690a325a4c5d8bb2b3943ee14?s=96&d=mm&r=g","caption":"Cope Alcoy"}}]}},"_links":{"self":[{"href":"https:\/\/www.copealcoy.es\/es\/wp-json\/wp\/v2\/posts\/129361","targetHints":{"allow":["GET"]}}],"collection":[{"href":"https:\/\/www.copealcoy.es\/es\/wp-json\/wp\/v2\/posts"}],"about":[{"href":"https:\/\/www.copealcoy.es\/es\/wp-json\/wp\/v2\/types\/post"}],"author":[{"embeddable":true,"href":"https:\/\/www.copealcoy.es\/es\/wp-json\/wp\/v2\/users\/1"}],"replies":[{"embeddable":true,"href":"https:\/\/www.copealcoy.es\/es\/wp-json\/wp\/v2\/comments?post=129361"}],"version-history":[{"count":0,"href":"https:\/\/www.copealcoy.es\/es\/wp-json\/wp\/v2\/posts\/129361\/revisions"}],"wp:featuredmedia":[{"embeddable":true,"href":"https:\/\/www.copealcoy.es\/es\/wp-json\/wp\/v2\/media\/129365"}],"wp:attachment":[{"href":"https:\/\/www.copealcoy.es\/es\/wp-json\/wp\/v2\/media?parent=129361"}],"wp:term":[{"taxonomy":"category","embeddable":true,"href":"https:\/\/www.copealcoy.es\/es\/wp-json\/wp\/v2\/categories?post=129361"},{"taxonomy":"post_tag","embeddable":true,"href":"https:\/\/www.copealcoy.es\/es\/wp-json\/wp\/v2\/tags?post=129361"}],"curies":[{"name":"wp","href":"https:\/\/api.w.org\/{rel}","templated":true}]}}