{"id":129188,"date":"2024-02-09T16:05:18","date_gmt":"2024-02-09T15:05:18","guid":{"rendered":"https:\/\/www.copealcoy.es\/?p=129188"},"modified":"2024-02-12T12:05:18","modified_gmt":"2024-02-12T11:05:18","slug":"la-rotonda-norte-de-alcoy-ya-es-una-realidad-y-rendira-homenaje-al-sector-textil","status":"publish","type":"post","link":"https:\/\/www.copealcoy.es\/es\/la-rotonda-norte-de-alcoy-ya-es-una-realidad-y-rendira-homenaje-al-sector-textil\/","title":{"rendered":"La rotonda norte de Alcoy ya es una realidad y rendir\u00e1 homenaje al sector textil"},"content":{"rendered":"<p style=\"text-align: justify;\">Ya es una realidad <strong>la rotonda que regula el tr\u00e1fico en el acceso norte de Alcoy<\/strong> y en las inmediaciones al t\u00e9rmino municipal de Cocentaina. El proyecto <strong>ha supuesto una inversi\u00f3n de un mill\u00f3n de euros<\/strong>, con financiaci\u00f3n del Ministerio de Transportes, y a trav\u00e9s de fondos europeos Next Generation. Una infraestructura <strong>muy\u00a0reivindicada<\/strong> por los empresarios del Pol\u00edgono Cotes Baixes <a href=\"https:\/\/www.copealcoy.es\/la-rotonda-del-acceso-norte-de-alcoy-una-larga-reivindicacion-de-los-empresarios-de-cotes-baixes\/\" target=\"_blank\" rel=\"noopener\"><strong><span style=\"color: #0000ff;\">tras a\u00f1os en los que el paso de camiones o de veh\u00edculos formaban importantes retenciones<\/span><\/strong><\/a> en el acceso a una de las \u00e1reas industriales m\u00e1s importantes de la ciudad.<\/p>\n<p style=\"text-align: justify;\">La actuaci\u00f3n comenz\u00f3 a ejecutarse el pasado mes de octubre y ten\u00eda un plazo de ejecuci\u00f3n de unos cinco meses <strong>habi\u00e9ndose finalizado la obra antes del periodo previsto<\/strong>. Adem\u00e1s de la construcci\u00f3n de la isleta central, <strong>la intervenci\u00f3n se ha centrado<\/strong> en adecuar la zona, la creaci\u00f3n de espacios para vegetaci\u00f3n y la instalaci\u00f3n de mobiliario para el descanso o el juego de los m\u00e1s peque\u00f1os. Adem\u00e1s se ha construido un \u00e1rea inferior\u00a0sobre la carretera N-340 que facilita el paso de ciclistas y peatones &#8220;<em>estamos ante un proyecto que muestra ese compromiso del gobierno central por apostar por las ciudades y por humanizar las mismas junto a sus espacios industriales. Son actuaciones\u00a0que hacen amigables y seguros entornos urbanos que est\u00e1n junto a carreteras que soportan un gran volumen de tr\u00e1fico y que pasan por mitad de un t\u00e9rmino municipal<\/em>&#8220;, ha destacado la Delegada del Gobierno; <strong>Pilar Bernab\u00e9<\/strong>.<\/p>\n<p style=\"text-align: justify;\">El <strong>alcalde de Alcoy<\/strong> ha agradecido al Ejecutivo de Espa\u00f1a la implicaci\u00f3n para hacer posible este proyecto, tras a\u00f1os de reivindicaci\u00f3n, y en compensaci\u00f3n por la cesi\u00f3n de la traves\u00eda de la Nacional 340 a la administraci\u00f3n municipal. Toni Franc\u00e9s ha avanzado tambi\u00e9n que <strong>la rotonda tendr\u00e1 un simbolismo especial<\/strong> &#8220;<em>va a estar dedicada al textil y ya estamos trabajando para que en la parte central haya una escultura que hable del sector siendo as\u00ed la mejor carta de presentaci\u00f3n para todos los que nos visiten<\/em>&#8220;, detall\u00f3. <strong>\u00a0<\/strong><\/p>\n<p style=\"text-align: justify;\">A la puesta en marcha de la rotonda <strong>han asistido<\/strong> representantes del \u00e1mbito empresarial de la ciudad como el Presidente de la C\u00e1mara de Comercio (Pablo de Gracia) o el Presidente de la EGM de Cotes Baixes (Ram\u00f3n Juan). Tambi\u00e9n ha habido una nutrida representaci\u00f3n del \u00e1mbito pol\u00edtico destacado la presencia del alcalde de Cocentaina (Jordi Pla), el vicealcalde de Alcoy (\u00c1lex Cerradelo), el Presidente de la Mancomunitat de l&#8217;Alcoi\u00e0-Comtat (Blas Calbo), y los diputados provinciales de estas comarcas por el PP (Carlos Pastor) y por el PSPV (Ismael Vidal). Tampoco han faltado concejales de la Corporaci\u00f3n Municipal de Alcoy.<\/p>\n","protected":false},"excerpt":{"rendered":"<p>Ya es una realidad la rotonda que regula el tr\u00e1fico en el acceso norte de Alcoy y en las inmediaciones&#8230;<\/p>\n","protected":false},"author":1,"featured_media":129190,"comment_status":"open","ping_status":"open","sticky":false,"template":"","format":"standard","meta":{"footnotes":""},"categories":[6909,75,125],"tags":[1222,1494,12999,145,12891,986],"class_list":["post-129188","post","type-post","status-publish","format-standard","has-post-thumbnail","hentry","category-actualidad","category-noticias","category-portada","tag-acceso-norte","tag-alcoy","tag-finalizacion","tag-obras","tag-pilar-bernabe","tag-rotonda"],"yoast_head":"<!-- This site is optimized with the Yoast SEO plugin v27.3 - https:\/\/yoast.com\/product\/yoast-seo-wordpress\/ -->\n<title>La rotonda norte de Alcoy ya es una realidad y rendir\u00e1 homenaje al sector textil - COPE Alcoy<\/title>\n<meta name=\"description\" content=\"Ya es una realidad la rotonda que regula el tr\u00e1fico en el acceso norte de Alcoy y en las inmediaciones al t\u00e9rmino municipal de Cocentaina.\" \/>\n<meta name=\"robots\" content=\"index, follow, max-snippet:-1, max-image-preview:large, max-video-preview:-1\" \/>\n<link rel=\"canonical\" href=\"https:\/\/www.copealcoy.es\/es\/la-rotonda-norte-de-alcoy-ya-es-una-realidad-y-rendira-homenaje-al-sector-textil\/\" \/>\n<meta property=\"og:locale\" content=\"es_ES\" \/>\n<meta property=\"og:type\" content=\"article\" \/>\n<meta property=\"og:title\" content=\"La rotonda norte de Alcoy ya es una realidad y rendir\u00e1 homenaje al sector textil - COPE Alcoy\" \/>\n<meta property=\"og:description\" content=\"Ya es una realidad la rotonda que regula el tr\u00e1fico en el acceso norte de Alcoy y en las inmediaciones al t\u00e9rmino municipal de Cocentaina.\" \/>\n<meta property=\"og:url\" content=\"https:\/\/www.copealcoy.es\/es\/la-rotonda-norte-de-alcoy-ya-es-una-realidad-y-rendira-homenaje-al-sector-textil\/\" \/>\n<meta property=\"og:site_name\" content=\"COPE Alcoy\" \/>\n<meta property=\"article:published_time\" content=\"2024-02-09T15:05:18+00:00\" \/>\n<meta property=\"article:modified_time\" content=\"2024-02-12T11:05:18+00:00\" \/>\n<meta property=\"og:image\" content=\"https:\/\/www.copealcoy.es\/wp-content\/uploads\/2024\/02\/unnamed-1-8-scaled-e1707488936142.jpg\" \/>\n\t<meta property=\"og:image:width\" content=\"645\" \/>\n\t<meta property=\"og:image:height\" content=\"424\" \/>\n\t<meta property=\"og:image:type\" content=\"image\/jpeg\" \/>\n<meta name=\"author\" content=\"Cope Alcoy\" \/>\n<meta name=\"twitter:label1\" content=\"Escrito por\" \/>\n\t<meta name=\"twitter:data1\" content=\"Cope Alcoy\" \/>\n\t<meta name=\"twitter:label2\" content=\"Tiempo de lectura\" \/>\n\t<meta name=\"twitter:data2\" content=\"3 minutos\" \/>\n<script type=\"application\/ld+json\" class=\"yoast-schema-graph\">{\"@context\":\"https:\\\/\\\/schema.org\",\"@graph\":[{\"@type\":\"Article\",\"@id\":\"https:\\\/\\\/www.copealcoy.es\\\/es\\\/la-rotonda-norte-de-alcoy-ya-es-una-realidad-y-rendira-homenaje-al-sector-textil\\\/#article\",\"isPartOf\":{\"@id\":\"https:\\\/\\\/www.copealcoy.es\\\/es\\\/la-rotonda-norte-de-alcoy-ya-es-una-realidad-y-rendira-homenaje-al-sector-textil\\\/\"},\"author\":{\"name\":\"Cope Alcoy\",\"@id\":\"https:\\\/\\\/www.copealcoy.es\\\/es\\\/#\\\/schema\\\/person\\\/e777c87fa024e57d40170af9df39882c\"},\"headline\":\"La rotonda norte de Alcoy ya es una realidad y rendir\u00e1 homenaje al sector textil\",\"datePublished\":\"2024-02-09T15:05:18+00:00\",\"dateModified\":\"2024-02-12T11:05:18+00:00\",\"mainEntityOfPage\":{\"@id\":\"https:\\\/\\\/www.copealcoy.es\\\/es\\\/la-rotonda-norte-de-alcoy-ya-es-una-realidad-y-rendira-homenaje-al-sector-textil\\\/\"},\"wordCount\":485,\"commentCount\":0,\"image\":{\"@id\":\"https:\\\/\\\/www.copealcoy.es\\\/es\\\/la-rotonda-norte-de-alcoy-ya-es-una-realidad-y-rendira-homenaje-al-sector-textil\\\/#primaryimage\"},\"thumbnailUrl\":\"https:\\\/\\\/www.copealcoy.es\\\/wp-content\\\/uploads\\\/2024\\\/02\\\/unnamed-1-8-scaled-e1707488936142.jpg\",\"keywords\":[\"acceso norte\",\"Alcoy\",\"finalizaci\u00f3n\",\"Obras\",\"Pilar Bernab\u00e9\",\"Rotonda\"],\"articleSection\":[\"Actualidad\",\"Noticias\",\"Portada\"],\"inLanguage\":\"es\"},{\"@type\":\"WebPage\",\"@id\":\"https:\\\/\\\/www.copealcoy.es\\\/es\\\/la-rotonda-norte-de-alcoy-ya-es-una-realidad-y-rendira-homenaje-al-sector-textil\\\/\",\"url\":\"https:\\\/\\\/www.copealcoy.es\\\/es\\\/la-rotonda-norte-de-alcoy-ya-es-una-realidad-y-rendira-homenaje-al-sector-textil\\\/\",\"name\":\"La rotonda norte de Alcoy ya es una realidad y rendir\u00e1 homenaje al sector textil - COPE Alcoy\",\"isPartOf\":{\"@id\":\"https:\\\/\\\/www.copealcoy.es\\\/es\\\/#website\"},\"primaryImageOfPage\":{\"@id\":\"https:\\\/\\\/www.copealcoy.es\\\/es\\\/la-rotonda-norte-de-alcoy-ya-es-una-realidad-y-rendira-homenaje-al-sector-textil\\\/#primaryimage\"},\"image\":{\"@id\":\"https:\\\/\\\/www.copealcoy.es\\\/es\\\/la-rotonda-norte-de-alcoy-ya-es-una-realidad-y-rendira-homenaje-al-sector-textil\\\/#primaryimage\"},\"thumbnailUrl\":\"https:\\\/\\\/www.copealcoy.es\\\/wp-content\\\/uploads\\\/2024\\\/02\\\/unnamed-1-8-scaled-e1707488936142.jpg\",\"datePublished\":\"2024-02-09T15:05:18+00:00\",\"dateModified\":\"2024-02-12T11:05:18+00:00\",\"author\":{\"@id\":\"https:\\\/\\\/www.copealcoy.es\\\/es\\\/#\\\/schema\\\/person\\\/e777c87fa024e57d40170af9df39882c\"},\"description\":\"Ya es una realidad la rotonda que regula el tr\u00e1fico en el acceso norte de Alcoy y en las inmediaciones al t\u00e9rmino municipal de Cocentaina.\",\"breadcrumb\":{\"@id\":\"https:\\\/\\\/www.copealcoy.es\\\/es\\\/la-rotonda-norte-de-alcoy-ya-es-una-realidad-y-rendira-homenaje-al-sector-textil\\\/#breadcrumb\"},\"inLanguage\":\"es\",\"potentialAction\":[{\"@type\":\"ReadAction\",\"target\":[\"https:\\\/\\\/www.copealcoy.es\\\/es\\\/la-rotonda-norte-de-alcoy-ya-es-una-realidad-y-rendira-homenaje-al-sector-textil\\\/\"]}]},{\"@type\":\"ImageObject\",\"inLanguage\":\"es\",\"@id\":\"https:\\\/\\\/www.copealcoy.es\\\/es\\\/la-rotonda-norte-de-alcoy-ya-es-una-realidad-y-rendira-homenaje-al-sector-textil\\\/#primaryimage\",\"url\":\"https:\\\/\\\/www.copealcoy.es\\\/wp-content\\\/uploads\\\/2024\\\/02\\\/unnamed-1-8-scaled-e1707488936142.jpg\",\"contentUrl\":\"https:\\\/\\\/www.copealcoy.es\\\/wp-content\\\/uploads\\\/2024\\\/02\\\/unnamed-1-8-scaled-e1707488936142.jpg\",\"width\":645,\"height\":424},{\"@type\":\"BreadcrumbList\",\"@id\":\"https:\\\/\\\/www.copealcoy.es\\\/es\\\/la-rotonda-norte-de-alcoy-ya-es-una-realidad-y-rendira-homenaje-al-sector-textil\\\/#breadcrumb\",\"itemListElement\":[{\"@type\":\"ListItem\",\"position\":1,\"name\":\"Portada\",\"item\":\"https:\\\/\\\/www.copealcoy.es\\\/es\\\/\"},{\"@type\":\"ListItem\",\"position\":2,\"name\":\"La rotonda norte de Alcoy ya es una realidad y rendir\u00e1 homenaje al sector textil\"}]},{\"@type\":\"WebSite\",\"@id\":\"https:\\\/\\\/www.copealcoy.es\\\/es\\\/#website\",\"url\":\"https:\\\/\\\/www.copealcoy.es\\\/es\\\/\",\"name\":\"COPE Alcoy\",\"description\":\"Emisora COPE de radio local con emisi\u00f3n online. Pont de Sant Jordi 8-10 03803 Alcoy\",\"potentialAction\":[{\"@type\":\"SearchAction\",\"target\":{\"@type\":\"EntryPoint\",\"urlTemplate\":\"https:\\\/\\\/www.copealcoy.es\\\/es\\\/?s={search_term_string}\"},\"query-input\":{\"@type\":\"PropertyValueSpecification\",\"valueRequired\":true,\"valueName\":\"search_term_string\"}}],\"inLanguage\":\"es\"},{\"@type\":\"Person\",\"@id\":\"https:\\\/\\\/www.copealcoy.es\\\/es\\\/#\\\/schema\\\/person\\\/e777c87fa024e57d40170af9df39882c\",\"name\":\"Cope Alcoy\",\"image\":{\"@type\":\"ImageObject\",\"inLanguage\":\"es\",\"@id\":\"https:\\\/\\\/secure.gravatar.com\\\/avatar\\\/bb65d0283347e303893ba14f0692005417c1e0e690a325a4c5d8bb2b3943ee14?s=96&d=mm&r=g\",\"url\":\"https:\\\/\\\/secure.gravatar.com\\\/avatar\\\/bb65d0283347e303893ba14f0692005417c1e0e690a325a4c5d8bb2b3943ee14?s=96&d=mm&r=g\",\"contentUrl\":\"https:\\\/\\\/secure.gravatar.com\\\/avatar\\\/bb65d0283347e303893ba14f0692005417c1e0e690a325a4c5d8bb2b3943ee14?s=96&d=mm&r=g\",\"caption\":\"Cope Alcoy\"}}]}<\/script>\n<!-- \/ Yoast SEO plugin. -->","yoast_head_json":{"title":"La rotonda norte de Alcoy ya es una realidad y rendir\u00e1 homenaje al sector textil - COPE Alcoy","description":"Ya es una realidad la rotonda que regula el tr\u00e1fico en el acceso norte de Alcoy y en las inmediaciones al t\u00e9rmino municipal de Cocentaina.","robots":{"index":"index","follow":"follow","max-snippet":"max-snippet:-1","max-image-preview":"max-image-preview:large","max-video-preview":"max-video-preview:-1"},"canonical":"https:\/\/www.copealcoy.es\/es\/la-rotonda-norte-de-alcoy-ya-es-una-realidad-y-rendira-homenaje-al-sector-textil\/","og_locale":"es_ES","og_type":"article","og_title":"La rotonda norte de Alcoy ya es una realidad y rendir\u00e1 homenaje al sector textil - COPE Alcoy","og_description":"Ya es una realidad la rotonda que regula el tr\u00e1fico en el acceso norte de Alcoy y en las inmediaciones al t\u00e9rmino municipal de Cocentaina.","og_url":"https:\/\/www.copealcoy.es\/es\/la-rotonda-norte-de-alcoy-ya-es-una-realidad-y-rendira-homenaje-al-sector-textil\/","og_site_name":"COPE Alcoy","article_published_time":"2024-02-09T15:05:18+00:00","article_modified_time":"2024-02-12T11:05:18+00:00","og_image":[{"width":645,"height":424,"url":"https:\/\/www.copealcoy.es\/wp-content\/uploads\/2024\/02\/unnamed-1-8-scaled-e1707488936142.jpg","type":"image\/jpeg"}],"author":"Cope Alcoy","twitter_misc":{"Escrito por":"Cope Alcoy","Tiempo de lectura":"3 minutos"},"schema":{"@context":"https:\/\/schema.org","@graph":[{"@type":"Article","@id":"https:\/\/www.copealcoy.es\/es\/la-rotonda-norte-de-alcoy-ya-es-una-realidad-y-rendira-homenaje-al-sector-textil\/#article","isPartOf":{"@id":"https:\/\/www.copealcoy.es\/es\/la-rotonda-norte-de-alcoy-ya-es-una-realidad-y-rendira-homenaje-al-sector-textil\/"},"author":{"name":"Cope Alcoy","@id":"https:\/\/www.copealcoy.es\/es\/#\/schema\/person\/e777c87fa024e57d40170af9df39882c"},"headline":"La rotonda norte de Alcoy ya es una realidad y rendir\u00e1 homenaje al sector textil","datePublished":"2024-02-09T15:05:18+00:00","dateModified":"2024-02-12T11:05:18+00:00","mainEntityOfPage":{"@id":"https:\/\/www.copealcoy.es\/es\/la-rotonda-norte-de-alcoy-ya-es-una-realidad-y-rendira-homenaje-al-sector-textil\/"},"wordCount":485,"commentCount":0,"image":{"@id":"https:\/\/www.copealcoy.es\/es\/la-rotonda-norte-de-alcoy-ya-es-una-realidad-y-rendira-homenaje-al-sector-textil\/#primaryimage"},"thumbnailUrl":"https:\/\/www.copealcoy.es\/wp-content\/uploads\/2024\/02\/unnamed-1-8-scaled-e1707488936142.jpg","keywords":["acceso norte","Alcoy","finalizaci\u00f3n","Obras","Pilar Bernab\u00e9","Rotonda"],"articleSection":["Actualidad","Noticias","Portada"],"inLanguage":"es"},{"@type":"WebPage","@id":"https:\/\/www.copealcoy.es\/es\/la-rotonda-norte-de-alcoy-ya-es-una-realidad-y-rendira-homenaje-al-sector-textil\/","url":"https:\/\/www.copealcoy.es\/es\/la-rotonda-norte-de-alcoy-ya-es-una-realidad-y-rendira-homenaje-al-sector-textil\/","name":"La rotonda norte de Alcoy ya es una realidad y rendir\u00e1 homenaje al sector textil - COPE Alcoy","isPartOf":{"@id":"https:\/\/www.copealcoy.es\/es\/#website"},"primaryImageOfPage":{"@id":"https:\/\/www.copealcoy.es\/es\/la-rotonda-norte-de-alcoy-ya-es-una-realidad-y-rendira-homenaje-al-sector-textil\/#primaryimage"},"image":{"@id":"https:\/\/www.copealcoy.es\/es\/la-rotonda-norte-de-alcoy-ya-es-una-realidad-y-rendira-homenaje-al-sector-textil\/#primaryimage"},"thumbnailUrl":"https:\/\/www.copealcoy.es\/wp-content\/uploads\/2024\/02\/unnamed-1-8-scaled-e1707488936142.jpg","datePublished":"2024-02-09T15:05:18+00:00","dateModified":"2024-02-12T11:05:18+00:00","author":{"@id":"https:\/\/www.copealcoy.es\/es\/#\/schema\/person\/e777c87fa024e57d40170af9df39882c"},"description":"Ya es una realidad la rotonda que regula el tr\u00e1fico en el acceso norte de Alcoy y en las inmediaciones al t\u00e9rmino municipal de Cocentaina.","breadcrumb":{"@id":"https:\/\/www.copealcoy.es\/es\/la-rotonda-norte-de-alcoy-ya-es-una-realidad-y-rendira-homenaje-al-sector-textil\/#breadcrumb"},"inLanguage":"es","potentialAction":[{"@type":"ReadAction","target":["https:\/\/www.copealcoy.es\/es\/la-rotonda-norte-de-alcoy-ya-es-una-realidad-y-rendira-homenaje-al-sector-textil\/"]}]},{"@type":"ImageObject","inLanguage":"es","@id":"https:\/\/www.copealcoy.es\/es\/la-rotonda-norte-de-alcoy-ya-es-una-realidad-y-rendira-homenaje-al-sector-textil\/#primaryimage","url":"https:\/\/www.copealcoy.es\/wp-content\/uploads\/2024\/02\/unnamed-1-8-scaled-e1707488936142.jpg","contentUrl":"https:\/\/www.copealcoy.es\/wp-content\/uploads\/2024\/02\/unnamed-1-8-scaled-e1707488936142.jpg","width":645,"height":424},{"@type":"BreadcrumbList","@id":"https:\/\/www.copealcoy.es\/es\/la-rotonda-norte-de-alcoy-ya-es-una-realidad-y-rendira-homenaje-al-sector-textil\/#breadcrumb","itemListElement":[{"@type":"ListItem","position":1,"name":"Portada","item":"https:\/\/www.copealcoy.es\/es\/"},{"@type":"ListItem","position":2,"name":"La rotonda norte de Alcoy ya es una realidad y rendir\u00e1 homenaje al sector textil"}]},{"@type":"WebSite","@id":"https:\/\/www.copealcoy.es\/es\/#website","url":"https:\/\/www.copealcoy.es\/es\/","name":"COPE Alcoy","description":"Emisora COPE de radio local con emisi\u00f3n online. Pont de Sant Jordi 8-10 03803 Alcoy","potentialAction":[{"@type":"SearchAction","target":{"@type":"EntryPoint","urlTemplate":"https:\/\/www.copealcoy.es\/es\/?s={search_term_string}"},"query-input":{"@type":"PropertyValueSpecification","valueRequired":true,"valueName":"search_term_string"}}],"inLanguage":"es"},{"@type":"Person","@id":"https:\/\/www.copealcoy.es\/es\/#\/schema\/person\/e777c87fa024e57d40170af9df39882c","name":"Cope Alcoy","image":{"@type":"ImageObject","inLanguage":"es","@id":"https:\/\/secure.gravatar.com\/avatar\/bb65d0283347e303893ba14f0692005417c1e0e690a325a4c5d8bb2b3943ee14?s=96&d=mm&r=g","url":"https:\/\/secure.gravatar.com\/avatar\/bb65d0283347e303893ba14f0692005417c1e0e690a325a4c5d8bb2b3943ee14?s=96&d=mm&r=g","contentUrl":"https:\/\/secure.gravatar.com\/avatar\/bb65d0283347e303893ba14f0692005417c1e0e690a325a4c5d8bb2b3943ee14?s=96&d=mm&r=g","caption":"Cope Alcoy"}}]}},"_links":{"self":[{"href":"https:\/\/www.copealcoy.es\/es\/wp-json\/wp\/v2\/posts\/129188","targetHints":{"allow":["GET"]}}],"collection":[{"href":"https:\/\/www.copealcoy.es\/es\/wp-json\/wp\/v2\/posts"}],"about":[{"href":"https:\/\/www.copealcoy.es\/es\/wp-json\/wp\/v2\/types\/post"}],"author":[{"embeddable":true,"href":"https:\/\/www.copealcoy.es\/es\/wp-json\/wp\/v2\/users\/1"}],"replies":[{"embeddable":true,"href":"https:\/\/www.copealcoy.es\/es\/wp-json\/wp\/v2\/comments?post=129188"}],"version-history":[{"count":0,"href":"https:\/\/www.copealcoy.es\/es\/wp-json\/wp\/v2\/posts\/129188\/revisions"}],"wp:featuredmedia":[{"embeddable":true,"href":"https:\/\/www.copealcoy.es\/es\/wp-json\/wp\/v2\/media\/129190"}],"wp:attachment":[{"href":"https:\/\/www.copealcoy.es\/es\/wp-json\/wp\/v2\/media?parent=129188"}],"wp:term":[{"taxonomy":"category","embeddable":true,"href":"https:\/\/www.copealcoy.es\/es\/wp-json\/wp\/v2\/categories?post=129188"},{"taxonomy":"post_tag","embeddable":true,"href":"https:\/\/www.copealcoy.es\/es\/wp-json\/wp\/v2\/tags?post=129188"}],"curies":[{"name":"wp","href":"https:\/\/api.w.org\/{rel}","templated":true}]}}