{"id":128974,"date":"2024-02-09T08:00:09","date_gmt":"2024-02-09T07:00:09","guid":{"rendered":"https:\/\/www.copealcoy.es\/?p=128974"},"modified":"2024-02-09T07:38:25","modified_gmt":"2024-02-09T06:38:25","slug":"el-tiempo-en-alcoy-para-esta-nueva-semana-de-febrero-las-maximas-vuelven-a-bajar","status":"publish","type":"post","link":"https:\/\/www.copealcoy.es\/es\/el-tiempo-en-alcoy-para-esta-nueva-semana-de-febrero-las-maximas-vuelven-a-bajar\/","title":{"rendered":"El tiempo en Alcoy para esta nueva semana de febrero: las m\u00e1ximas vuelven a bajar"},"content":{"rendered":"<p style=\"text-align: justify;\">Alcoy afronta <strong>la primera semana completa del mes de febrero<\/strong> con una de cal y otra de arena en cuanto al tiempo se refiere. Y es que<strong> la primera mitad de la actual semana estar\u00e1 marcada por temperaturas primaverales<\/strong> mientras que de cara al fin de semana<strong> la situaci\u00f3n comenzar\u00e1 a cambiar<\/strong> con una notable bajada de las m\u00e1ximas.<\/p>\n<p style=\"text-align: justify;\">Los pron\u00f3sticos de la <a href=\"https:\/\/www.aemet.es\/es\/eltiempo\/prediccion\/municipios\/alcoy-alcoi-id03009\" target=\"_blank\" rel=\"noopener\"><strong><span style=\"color: #0000ff;\">AEMET<\/span><\/strong> <\/a>destacan que en los primeros d\u00edas de la semana <strong>se repetir\u00e1 una situaci\u00f3n climatol\u00f3gica id\u00e9ntica que estar\u00e1 marcada por cielos despejados, predominio del sol y aumento de la nubosidad<\/strong> de cara a las tardes. Las <strong>m\u00e1ximas<\/strong> estar\u00e1n en torno a los 20 grados en las horas centrales del d\u00eda, con un ambiente pr\u00e1cticamente primaveral, pero de cara a la noche y especialmente las madrugadas <strong>las m\u00ednimas<\/strong> ser\u00e1n algo fr\u00edas en torno a los 5 grados de m\u00ednima. De cara a la recta final de la semana esas m\u00ednimas nocturnas subir\u00e1n un poco hasta situarse en valores cercanos a los 10 grados.<\/p>\n<p><strong><span style=\"color: #0000ff;\">Bajada de temperaturas de cara al fin de semana<\/span><\/strong><\/p>\n<p style=\"text-align: justify;\">El <strong>segundo fin de semana de febrero<\/strong>, que estar\u00e1 marcado por la celebraci\u00f3n de eventos como el Carnaval de Muro, vendr\u00e1 con <strong>una considerable bajada de las temperaturas<\/strong>. El <strong>viernes<\/strong> se esperan cielos cubiertos con chubascos, m\u00e1ximas de 15 grados y m\u00ednimas de 9 grados, situ\u00e1ndose la cota de nieve en torno a los 1500 tal y como apuntan desde la AEMET. El <strong>s\u00e1bado<\/strong> estar\u00eda marcado por la alternancia de nubes y claros, siguiendo la probabilidad de chubascos, y el <strong>domingo<\/strong> ser\u00eda una jornada muy fr\u00eda en la que las m\u00e1ximas apenas superar\u00edan los diez grados estando la cota de nieve situada en Alcoy en los 900 metros. Las m\u00ednimas estar\u00e1n en torno a los cinco grados en un domingo posterior al Carnaval que ser\u00eda de alternancia de nubes y claros. Ser\u00e1 un nuevo aperitivo de invierno porque a partir de la tercera semana de febrero volver\u00e1n a subir las m\u00e1ximas hasta rozar los veinte grados en las horas centrales del d\u00eda.<\/p>\n","protected":false},"excerpt":{"rendered":"<p>Alcoy afronta la primera semana completa del mes de febrero con una de cal y otra de arena en cuanto&#8230;<\/p>\n","protected":false},"author":1,"featured_media":8700,"comment_status":"open","ping_status":"open","sticky":false,"template":"","format":"standard","meta":{"footnotes":""},"categories":[6909,97,75],"tags":[12583,1494,14163,16303,1956],"class_list":["post-128974","post","type-post","status-publish","format-standard","has-post-thumbnail","hentry","category-actualidad","category-alcoy","category-noticias","tag-aemet","tag-alcoy","tag-bajada-temperaturas","tag-nueva-semana-de-febrero","tag-tiempo"],"yoast_head":"<!-- This site is optimized with the Yoast SEO plugin v27.3 - https:\/\/yoast.com\/product\/yoast-seo-wordpress\/ -->\n<title>El tiempo en Alcoy para esta nueva semana de febrero: las m\u00e1ximas vuelven a bajar - COPE Alcoy<\/title>\n<meta name=\"description\" content=\"Alcoy afronta la primera semana completa del mes de febrero con una de cal y otra de arena en cuanto al tiempo se refiere\" \/>\n<meta name=\"robots\" content=\"index, follow, max-snippet:-1, max-image-preview:large, max-video-preview:-1\" \/>\n<link rel=\"canonical\" href=\"https:\/\/www.copealcoy.es\/es\/el-tiempo-en-alcoy-para-esta-nueva-semana-de-febrero-las-maximas-vuelven-a-bajar\/\" \/>\n<meta property=\"og:locale\" content=\"es_ES\" \/>\n<meta property=\"og:type\" content=\"article\" \/>\n<meta property=\"og:title\" content=\"El tiempo en Alcoy para esta nueva semana de febrero: las m\u00e1ximas vuelven a bajar - COPE Alcoy\" \/>\n<meta property=\"og:description\" content=\"Alcoy afronta la primera semana completa del mes de febrero con una de cal y otra de arena en cuanto al tiempo se refiere\" \/>\n<meta property=\"og:url\" content=\"https:\/\/www.copealcoy.es\/es\/el-tiempo-en-alcoy-para-esta-nueva-semana-de-febrero-las-maximas-vuelven-a-bajar\/\" \/>\n<meta property=\"og:site_name\" content=\"COPE Alcoy\" \/>\n<meta property=\"article:published_time\" content=\"2024-02-09T07:00:09+00:00\" \/>\n<meta property=\"og:image\" content=\"https:\/\/www.copealcoy.es\/wp-content\/uploads\/2014\/12\/image2.jpg\" \/>\n\t<meta property=\"og:image:width\" content=\"960\" \/>\n\t<meta property=\"og:image:height\" content=\"720\" \/>\n\t<meta property=\"og:image:type\" content=\"image\/jpeg\" \/>\n<meta name=\"author\" content=\"Cope Alcoy\" \/>\n<meta name=\"twitter:label1\" content=\"Escrito por\" \/>\n\t<meta name=\"twitter:data1\" content=\"Cope Alcoy\" \/>\n\t<meta name=\"twitter:label2\" content=\"Tiempo de lectura\" \/>\n\t<meta name=\"twitter:data2\" content=\"2 minutos\" \/>\n<script type=\"application\/ld+json\" class=\"yoast-schema-graph\">{\"@context\":\"https:\\\/\\\/schema.org\",\"@graph\":[{\"@type\":\"Article\",\"@id\":\"https:\\\/\\\/www.copealcoy.es\\\/es\\\/el-tiempo-en-alcoy-para-esta-nueva-semana-de-febrero-las-maximas-vuelven-a-bajar\\\/#article\",\"isPartOf\":{\"@id\":\"https:\\\/\\\/www.copealcoy.es\\\/es\\\/el-tiempo-en-alcoy-para-esta-nueva-semana-de-febrero-las-maximas-vuelven-a-bajar\\\/\"},\"author\":{\"name\":\"Cope Alcoy\",\"@id\":\"https:\\\/\\\/www.copealcoy.es\\\/es\\\/#\\\/schema\\\/person\\\/e777c87fa024e57d40170af9df39882c\"},\"headline\":\"El tiempo en Alcoy para esta nueva semana de febrero: las m\u00e1ximas vuelven a bajar\",\"datePublished\":\"2024-02-09T07:00:09+00:00\",\"mainEntityOfPage\":{\"@id\":\"https:\\\/\\\/www.copealcoy.es\\\/es\\\/el-tiempo-en-alcoy-para-esta-nueva-semana-de-febrero-las-maximas-vuelven-a-bajar\\\/\"},\"wordCount\":378,\"commentCount\":0,\"image\":{\"@id\":\"https:\\\/\\\/www.copealcoy.es\\\/es\\\/el-tiempo-en-alcoy-para-esta-nueva-semana-de-febrero-las-maximas-vuelven-a-bajar\\\/#primaryimage\"},\"thumbnailUrl\":\"https:\\\/\\\/www.copealcoy.es\\\/wp-content\\\/uploads\\\/2014\\\/12\\\/image2.jpg\",\"keywords\":[\"AEMET\",\"Alcoy\",\"bajada temperaturas\",\"nueva semana de febrero\",\"tiempo\"],\"articleSection\":[\"Actualidad\",\"Alcoy\",\"Noticias\"],\"inLanguage\":\"es\"},{\"@type\":\"WebPage\",\"@id\":\"https:\\\/\\\/www.copealcoy.es\\\/es\\\/el-tiempo-en-alcoy-para-esta-nueva-semana-de-febrero-las-maximas-vuelven-a-bajar\\\/\",\"url\":\"https:\\\/\\\/www.copealcoy.es\\\/es\\\/el-tiempo-en-alcoy-para-esta-nueva-semana-de-febrero-las-maximas-vuelven-a-bajar\\\/\",\"name\":\"El tiempo en Alcoy para esta nueva semana de febrero: las m\u00e1ximas vuelven a bajar - COPE Alcoy\",\"isPartOf\":{\"@id\":\"https:\\\/\\\/www.copealcoy.es\\\/es\\\/#website\"},\"primaryImageOfPage\":{\"@id\":\"https:\\\/\\\/www.copealcoy.es\\\/es\\\/el-tiempo-en-alcoy-para-esta-nueva-semana-de-febrero-las-maximas-vuelven-a-bajar\\\/#primaryimage\"},\"image\":{\"@id\":\"https:\\\/\\\/www.copealcoy.es\\\/es\\\/el-tiempo-en-alcoy-para-esta-nueva-semana-de-febrero-las-maximas-vuelven-a-bajar\\\/#primaryimage\"},\"thumbnailUrl\":\"https:\\\/\\\/www.copealcoy.es\\\/wp-content\\\/uploads\\\/2014\\\/12\\\/image2.jpg\",\"datePublished\":\"2024-02-09T07:00:09+00:00\",\"author\":{\"@id\":\"https:\\\/\\\/www.copealcoy.es\\\/es\\\/#\\\/schema\\\/person\\\/e777c87fa024e57d40170af9df39882c\"},\"description\":\"Alcoy afronta la primera semana completa del mes de febrero con una de cal y otra de arena en cuanto al tiempo se refiere\",\"breadcrumb\":{\"@id\":\"https:\\\/\\\/www.copealcoy.es\\\/es\\\/el-tiempo-en-alcoy-para-esta-nueva-semana-de-febrero-las-maximas-vuelven-a-bajar\\\/#breadcrumb\"},\"inLanguage\":\"es\",\"potentialAction\":[{\"@type\":\"ReadAction\",\"target\":[\"https:\\\/\\\/www.copealcoy.es\\\/es\\\/el-tiempo-en-alcoy-para-esta-nueva-semana-de-febrero-las-maximas-vuelven-a-bajar\\\/\"]}]},{\"@type\":\"ImageObject\",\"inLanguage\":\"es\",\"@id\":\"https:\\\/\\\/www.copealcoy.es\\\/es\\\/el-tiempo-en-alcoy-para-esta-nueva-semana-de-febrero-las-maximas-vuelven-a-bajar\\\/#primaryimage\",\"url\":\"https:\\\/\\\/www.copealcoy.es\\\/wp-content\\\/uploads\\\/2014\\\/12\\\/image2.jpg\",\"contentUrl\":\"https:\\\/\\\/www.copealcoy.es\\\/wp-content\\\/uploads\\\/2014\\\/12\\\/image2.jpg\",\"width\":960,\"height\":720},{\"@type\":\"BreadcrumbList\",\"@id\":\"https:\\\/\\\/www.copealcoy.es\\\/es\\\/el-tiempo-en-alcoy-para-esta-nueva-semana-de-febrero-las-maximas-vuelven-a-bajar\\\/#breadcrumb\",\"itemListElement\":[{\"@type\":\"ListItem\",\"position\":1,\"name\":\"Portada\",\"item\":\"https:\\\/\\\/www.copealcoy.es\\\/es\\\/\"},{\"@type\":\"ListItem\",\"position\":2,\"name\":\"El tiempo en Alcoy para esta nueva semana de febrero: las m\u00e1ximas vuelven a bajar\"}]},{\"@type\":\"WebSite\",\"@id\":\"https:\\\/\\\/www.copealcoy.es\\\/es\\\/#website\",\"url\":\"https:\\\/\\\/www.copealcoy.es\\\/es\\\/\",\"name\":\"COPE Alcoy\",\"description\":\"Emisora COPE de radio local con emisi\u00f3n online. Pont de Sant Jordi 8-10 03803 Alcoy\",\"potentialAction\":[{\"@type\":\"SearchAction\",\"target\":{\"@type\":\"EntryPoint\",\"urlTemplate\":\"https:\\\/\\\/www.copealcoy.es\\\/es\\\/?s={search_term_string}\"},\"query-input\":{\"@type\":\"PropertyValueSpecification\",\"valueRequired\":true,\"valueName\":\"search_term_string\"}}],\"inLanguage\":\"es\"},{\"@type\":\"Person\",\"@id\":\"https:\\\/\\\/www.copealcoy.es\\\/es\\\/#\\\/schema\\\/person\\\/e777c87fa024e57d40170af9df39882c\",\"name\":\"Cope Alcoy\",\"image\":{\"@type\":\"ImageObject\",\"inLanguage\":\"es\",\"@id\":\"https:\\\/\\\/secure.gravatar.com\\\/avatar\\\/bb65d0283347e303893ba14f0692005417c1e0e690a325a4c5d8bb2b3943ee14?s=96&d=mm&r=g\",\"url\":\"https:\\\/\\\/secure.gravatar.com\\\/avatar\\\/bb65d0283347e303893ba14f0692005417c1e0e690a325a4c5d8bb2b3943ee14?s=96&d=mm&r=g\",\"contentUrl\":\"https:\\\/\\\/secure.gravatar.com\\\/avatar\\\/bb65d0283347e303893ba14f0692005417c1e0e690a325a4c5d8bb2b3943ee14?s=96&d=mm&r=g\",\"caption\":\"Cope Alcoy\"}}]}<\/script>\n<!-- \/ Yoast SEO plugin. -->","yoast_head_json":{"title":"El tiempo en Alcoy para esta nueva semana de febrero: las m\u00e1ximas vuelven a bajar - COPE Alcoy","description":"Alcoy afronta la primera semana completa del mes de febrero con una de cal y otra de arena en cuanto al tiempo se refiere","robots":{"index":"index","follow":"follow","max-snippet":"max-snippet:-1","max-image-preview":"max-image-preview:large","max-video-preview":"max-video-preview:-1"},"canonical":"https:\/\/www.copealcoy.es\/es\/el-tiempo-en-alcoy-para-esta-nueva-semana-de-febrero-las-maximas-vuelven-a-bajar\/","og_locale":"es_ES","og_type":"article","og_title":"El tiempo en Alcoy para esta nueva semana de febrero: las m\u00e1ximas vuelven a bajar - COPE Alcoy","og_description":"Alcoy afronta la primera semana completa del mes de febrero con una de cal y otra de arena en cuanto al tiempo se refiere","og_url":"https:\/\/www.copealcoy.es\/es\/el-tiempo-en-alcoy-para-esta-nueva-semana-de-febrero-las-maximas-vuelven-a-bajar\/","og_site_name":"COPE Alcoy","article_published_time":"2024-02-09T07:00:09+00:00","og_image":[{"width":960,"height":720,"url":"https:\/\/www.copealcoy.es\/wp-content\/uploads\/2014\/12\/image2.jpg","type":"image\/jpeg"}],"author":"Cope Alcoy","twitter_misc":{"Escrito por":"Cope Alcoy","Tiempo de lectura":"2 minutos"},"schema":{"@context":"https:\/\/schema.org","@graph":[{"@type":"Article","@id":"https:\/\/www.copealcoy.es\/es\/el-tiempo-en-alcoy-para-esta-nueva-semana-de-febrero-las-maximas-vuelven-a-bajar\/#article","isPartOf":{"@id":"https:\/\/www.copealcoy.es\/es\/el-tiempo-en-alcoy-para-esta-nueva-semana-de-febrero-las-maximas-vuelven-a-bajar\/"},"author":{"name":"Cope Alcoy","@id":"https:\/\/www.copealcoy.es\/es\/#\/schema\/person\/e777c87fa024e57d40170af9df39882c"},"headline":"El tiempo en Alcoy para esta nueva semana de febrero: las m\u00e1ximas vuelven a bajar","datePublished":"2024-02-09T07:00:09+00:00","mainEntityOfPage":{"@id":"https:\/\/www.copealcoy.es\/es\/el-tiempo-en-alcoy-para-esta-nueva-semana-de-febrero-las-maximas-vuelven-a-bajar\/"},"wordCount":378,"commentCount":0,"image":{"@id":"https:\/\/www.copealcoy.es\/es\/el-tiempo-en-alcoy-para-esta-nueva-semana-de-febrero-las-maximas-vuelven-a-bajar\/#primaryimage"},"thumbnailUrl":"https:\/\/www.copealcoy.es\/wp-content\/uploads\/2014\/12\/image2.jpg","keywords":["AEMET","Alcoy","bajada temperaturas","nueva semana de febrero","tiempo"],"articleSection":["Actualidad","Alcoy","Noticias"],"inLanguage":"es"},{"@type":"WebPage","@id":"https:\/\/www.copealcoy.es\/es\/el-tiempo-en-alcoy-para-esta-nueva-semana-de-febrero-las-maximas-vuelven-a-bajar\/","url":"https:\/\/www.copealcoy.es\/es\/el-tiempo-en-alcoy-para-esta-nueva-semana-de-febrero-las-maximas-vuelven-a-bajar\/","name":"El tiempo en Alcoy para esta nueva semana de febrero: las m\u00e1ximas vuelven a bajar - COPE Alcoy","isPartOf":{"@id":"https:\/\/www.copealcoy.es\/es\/#website"},"primaryImageOfPage":{"@id":"https:\/\/www.copealcoy.es\/es\/el-tiempo-en-alcoy-para-esta-nueva-semana-de-febrero-las-maximas-vuelven-a-bajar\/#primaryimage"},"image":{"@id":"https:\/\/www.copealcoy.es\/es\/el-tiempo-en-alcoy-para-esta-nueva-semana-de-febrero-las-maximas-vuelven-a-bajar\/#primaryimage"},"thumbnailUrl":"https:\/\/www.copealcoy.es\/wp-content\/uploads\/2014\/12\/image2.jpg","datePublished":"2024-02-09T07:00:09+00:00","author":{"@id":"https:\/\/www.copealcoy.es\/es\/#\/schema\/person\/e777c87fa024e57d40170af9df39882c"},"description":"Alcoy afronta la primera semana completa del mes de febrero con una de cal y otra de arena en cuanto al tiempo se refiere","breadcrumb":{"@id":"https:\/\/www.copealcoy.es\/es\/el-tiempo-en-alcoy-para-esta-nueva-semana-de-febrero-las-maximas-vuelven-a-bajar\/#breadcrumb"},"inLanguage":"es","potentialAction":[{"@type":"ReadAction","target":["https:\/\/www.copealcoy.es\/es\/el-tiempo-en-alcoy-para-esta-nueva-semana-de-febrero-las-maximas-vuelven-a-bajar\/"]}]},{"@type":"ImageObject","inLanguage":"es","@id":"https:\/\/www.copealcoy.es\/es\/el-tiempo-en-alcoy-para-esta-nueva-semana-de-febrero-las-maximas-vuelven-a-bajar\/#primaryimage","url":"https:\/\/www.copealcoy.es\/wp-content\/uploads\/2014\/12\/image2.jpg","contentUrl":"https:\/\/www.copealcoy.es\/wp-content\/uploads\/2014\/12\/image2.jpg","width":960,"height":720},{"@type":"BreadcrumbList","@id":"https:\/\/www.copealcoy.es\/es\/el-tiempo-en-alcoy-para-esta-nueva-semana-de-febrero-las-maximas-vuelven-a-bajar\/#breadcrumb","itemListElement":[{"@type":"ListItem","position":1,"name":"Portada","item":"https:\/\/www.copealcoy.es\/es\/"},{"@type":"ListItem","position":2,"name":"El tiempo en Alcoy para esta nueva semana de febrero: las m\u00e1ximas vuelven a bajar"}]},{"@type":"WebSite","@id":"https:\/\/www.copealcoy.es\/es\/#website","url":"https:\/\/www.copealcoy.es\/es\/","name":"COPE Alcoy","description":"Emisora COPE de radio local con emisi\u00f3n online. Pont de Sant Jordi 8-10 03803 Alcoy","potentialAction":[{"@type":"SearchAction","target":{"@type":"EntryPoint","urlTemplate":"https:\/\/www.copealcoy.es\/es\/?s={search_term_string}"},"query-input":{"@type":"PropertyValueSpecification","valueRequired":true,"valueName":"search_term_string"}}],"inLanguage":"es"},{"@type":"Person","@id":"https:\/\/www.copealcoy.es\/es\/#\/schema\/person\/e777c87fa024e57d40170af9df39882c","name":"Cope Alcoy","image":{"@type":"ImageObject","inLanguage":"es","@id":"https:\/\/secure.gravatar.com\/avatar\/bb65d0283347e303893ba14f0692005417c1e0e690a325a4c5d8bb2b3943ee14?s=96&d=mm&r=g","url":"https:\/\/secure.gravatar.com\/avatar\/bb65d0283347e303893ba14f0692005417c1e0e690a325a4c5d8bb2b3943ee14?s=96&d=mm&r=g","contentUrl":"https:\/\/secure.gravatar.com\/avatar\/bb65d0283347e303893ba14f0692005417c1e0e690a325a4c5d8bb2b3943ee14?s=96&d=mm&r=g","caption":"Cope Alcoy"}}]}},"_links":{"self":[{"href":"https:\/\/www.copealcoy.es\/es\/wp-json\/wp\/v2\/posts\/128974","targetHints":{"allow":["GET"]}}],"collection":[{"href":"https:\/\/www.copealcoy.es\/es\/wp-json\/wp\/v2\/posts"}],"about":[{"href":"https:\/\/www.copealcoy.es\/es\/wp-json\/wp\/v2\/types\/post"}],"author":[{"embeddable":true,"href":"https:\/\/www.copealcoy.es\/es\/wp-json\/wp\/v2\/users\/1"}],"replies":[{"embeddable":true,"href":"https:\/\/www.copealcoy.es\/es\/wp-json\/wp\/v2\/comments?post=128974"}],"version-history":[{"count":0,"href":"https:\/\/www.copealcoy.es\/es\/wp-json\/wp\/v2\/posts\/128974\/revisions"}],"wp:featuredmedia":[{"embeddable":true,"href":"https:\/\/www.copealcoy.es\/es\/wp-json\/wp\/v2\/media\/8700"}],"wp:attachment":[{"href":"https:\/\/www.copealcoy.es\/es\/wp-json\/wp\/v2\/media?parent=128974"}],"wp:term":[{"taxonomy":"category","embeddable":true,"href":"https:\/\/www.copealcoy.es\/es\/wp-json\/wp\/v2\/categories?post=128974"},{"taxonomy":"post_tag","embeddable":true,"href":"https:\/\/www.copealcoy.es\/es\/wp-json\/wp\/v2\/tags?post=128974"}],"curies":[{"name":"wp","href":"https:\/\/api.w.org\/{rel}","templated":true}]}}