{"id":128790,"date":"2024-01-31T10:34:15","date_gmt":"2024-01-31T09:34:15","guid":{"rendered":"https:\/\/www.copealcoy.es\/?p=128790"},"modified":"2024-01-31T10:34:15","modified_gmt":"2024-01-31T09:34:15","slug":"adios-al-uso-obligatorio-de-la-mascarilla-en-hospitales-y-centros-sanitarios","status":"publish","type":"post","link":"https:\/\/www.copealcoy.es\/es\/adios-al-uso-obligatorio-de-la-mascarilla-en-hospitales-y-centros-sanitarios\/","title":{"rendered":"Adi\u00f3s al uso obligatorio de la mascarilla en Hospitales y centros sanitarios"},"content":{"rendered":"<p style=\"text-align: justify;\">La <strong><a href=\"https:\/\/www.san.gva.es\/es\/web\/sanidad\" target=\"_blank\" rel=\"noopener\"><span style=\"color: #0000ff;\">Conselleria de<\/span><span style=\"color: #0000ff;\"> Sanidad<\/span><\/a> ha anunciado que la mascarilla ya no ser\u00e1 obligatoria en los centros de salud y hospitales valencianos<\/strong>. Seg\u00fan avanzaba COPE VALENCIA ayer, <strong>la bajada de contagios de la gripe permiten al Gobierno Valenciano tomar la decisi\u00f3n y dar marcha atr\u00e1s a una medida que se implant\u00f3 el pasado 5 de enero<\/strong>, cuando la incidencia de contagios, covid y gripe en la Comunitat valenciana era de 1.501 casos por 100.000 habitantes, muy por encima de la tasa nacional que no alcanzaba el millar.<\/p>\n<p style=\"text-align: justify;\">En este sentido, el conseller de Sanidad, Marciano G\u00f3mez, ha explicado que la decisi\u00f3n \u201c<em>responde al notable descenso registrado en las \u00faltimas tres semanas en la Comunitat de la incidencia de infecciones respiratorias agudas (IRA) y\u00a0<strong>de infecciones respiratorias agudas graves<\/strong>\u00a0(IRAG), que se sit\u00faan actualmente en\u00a0<strong>830 casos por 100.000 habitantes y en un 15,7 %\u00a0<\/strong>de los casos respectivamente, seg\u00fan datos facilitados por el servicio de Epidemiolog\u00eda de la Direcci\u00f3n General de Salud P\u00fablica<\/em>\u201d. Adem\u00e1s, el conseller ha indicado que la decisi\u00f3n cumple con las indicaciones del Ministerio de Sanidad que estableci\u00f3 como requisito para la retirada de la mascarilla obligatoria un\u00a0<strong>descenso continuado de las tasas de incidencia durante dos semanas.<\/strong> Los datos reflejan que la tasa de incidencia de IRA desciende un 44,7% desde el pasado 5 de enero. Asimismo, la incidencia de infecciones respiratorias agudas graves desciende un 58,2 % desde la misma fecha. La incidencia se ha comportado de manera similar en los grupos etarios de personas m\u00e1s vulnerables, como son los menores de 4 a\u00f1os y los mayores de 65, entre los que se produce un descenso del\u00a0<strong>28,3% y del 44,8 % respectivamente.<\/strong><\/p>\n<p style=\"text-align: justify;\">Finalmente,<strong>\u00a0los datos de vacunaci\u00f3n en la Comunitat desde que se abri\u00f3 la posibilidad de acudir a los centros de salud sin cita previa se hab\u00eda duplicado, incluso ya se supera el n\u00famero de valencianos vacunados respecto al a\u00f1o pasado.<\/strong>\u00a0De hecho, los \u00faltimos datos de la conselleria de Sanidad dejaban un balance de\u00a0<strong>un total de 1.015.727 dosis de la vacuna frente a la gripe desde que comenz\u00f3 la campa\u00f1a de vacunaci\u00f3n el pasado 16 de octubre<\/strong>. Asimismo, se han administrado hasta la fecha 756.369 dosis de la vacuna frente a la Covid-19 y m\u00e1s de 25.000 dosis frente al virus respiratorio sincitial (VRS).<\/p>\n","protected":false},"excerpt":{"rendered":"<p>La Conselleria de Sanidad ha anunciado que la mascarilla ya no ser\u00e1 obligatoria en los centros de salud y hospitales&#8230;<\/p>\n","protected":false},"author":1,"featured_media":127842,"comment_status":"open","ping_status":"open","sticky":false,"template":"","format":"standard","meta":{"footnotes":""},"categories":[6909,97,75],"tags":[1768,4374,7341,3365,11347],"class_list":["post-128790","post","type-post","status-publish","format-standard","has-post-thumbnail","hentry","category-actualidad","category-alcoy","category-noticias","tag-comunitat-valenciana","tag-conselleria-de-sanidad","tag-mascarillas","tag-retirada","tag-uso-obligatorio"],"yoast_head":"<!-- This site is optimized with the Yoast SEO plugin v27.3 - https:\/\/yoast.com\/product\/yoast-seo-wordpress\/ -->\n<title>Adi\u00f3s al uso obligatorio de la mascarilla en Hospitales y centros sanitarios - COPE Alcoy<\/title>\n<meta name=\"description\" content=\"La Conselleria de Sanidad ha anunciado que la mascarilla ya no ser\u00e1 obligatoria en los centros de salud y hospitales valencianos\" \/>\n<meta name=\"robots\" content=\"index, follow, max-snippet:-1, max-image-preview:large, max-video-preview:-1\" \/>\n<link rel=\"canonical\" href=\"https:\/\/www.copealcoy.es\/es\/adios-al-uso-obligatorio-de-la-mascarilla-en-hospitales-y-centros-sanitarios\/\" \/>\n<meta property=\"og:locale\" content=\"es_ES\" \/>\n<meta property=\"og:type\" content=\"article\" \/>\n<meta property=\"og:title\" content=\"Adi\u00f3s al uso obligatorio de la mascarilla en Hospitales y centros sanitarios - COPE Alcoy\" \/>\n<meta property=\"og:description\" content=\"La Conselleria de Sanidad ha anunciado que la mascarilla ya no ser\u00e1 obligatoria en los centros de salud y hospitales valencianos\" \/>\n<meta property=\"og:url\" content=\"https:\/\/www.copealcoy.es\/es\/adios-al-uso-obligatorio-de-la-mascarilla-en-hospitales-y-centros-sanitarios\/\" \/>\n<meta property=\"og:site_name\" content=\"COPE Alcoy\" \/>\n<meta property=\"article:published_time\" content=\"2024-01-31T09:34:15+00:00\" \/>\n<meta property=\"og:image\" content=\"https:\/\/www.copealcoy.es\/wp-content\/uploads\/2024\/01\/1613135206520.jpg\" \/>\n\t<meta property=\"og:image:width\" content=\"976\" \/>\n\t<meta property=\"og:image:height\" content=\"732\" \/>\n\t<meta property=\"og:image:type\" content=\"image\/jpeg\" \/>\n<meta name=\"author\" content=\"Cope Alcoy\" \/>\n<meta name=\"twitter:label1\" content=\"Escrito por\" \/>\n\t<meta name=\"twitter:data1\" content=\"Cope Alcoy\" \/>\n\t<meta name=\"twitter:label2\" content=\"Tiempo de lectura\" \/>\n\t<meta name=\"twitter:data2\" content=\"2 minutos\" \/>\n<script type=\"application\/ld+json\" class=\"yoast-schema-graph\">{\"@context\":\"https:\\\/\\\/schema.org\",\"@graph\":[{\"@type\":\"Article\",\"@id\":\"https:\\\/\\\/www.copealcoy.es\\\/es\\\/adios-al-uso-obligatorio-de-la-mascarilla-en-hospitales-y-centros-sanitarios\\\/#article\",\"isPartOf\":{\"@id\":\"https:\\\/\\\/www.copealcoy.es\\\/es\\\/adios-al-uso-obligatorio-de-la-mascarilla-en-hospitales-y-centros-sanitarios\\\/\"},\"author\":{\"name\":\"Cope Alcoy\",\"@id\":\"https:\\\/\\\/www.copealcoy.es\\\/es\\\/#\\\/schema\\\/person\\\/e777c87fa024e57d40170af9df39882c\"},\"headline\":\"Adi\u00f3s al uso obligatorio de la mascarilla en Hospitales y centros sanitarios\",\"datePublished\":\"2024-01-31T09:34:15+00:00\",\"mainEntityOfPage\":{\"@id\":\"https:\\\/\\\/www.copealcoy.es\\\/es\\\/adios-al-uso-obligatorio-de-la-mascarilla-en-hospitales-y-centros-sanitarios\\\/\"},\"wordCount\":396,\"commentCount\":0,\"image\":{\"@id\":\"https:\\\/\\\/www.copealcoy.es\\\/es\\\/adios-al-uso-obligatorio-de-la-mascarilla-en-hospitales-y-centros-sanitarios\\\/#primaryimage\"},\"thumbnailUrl\":\"https:\\\/\\\/www.copealcoy.es\\\/wp-content\\\/uploads\\\/2024\\\/01\\\/1613135206520.jpg\",\"keywords\":[\"Comunitat Valenciana\",\"Conselleria de Sanidad\",\"mascarillas\",\"retirada\",\"uso obligatorio\"],\"articleSection\":[\"Actualidad\",\"Alcoy\",\"Noticias\"],\"inLanguage\":\"es\"},{\"@type\":\"WebPage\",\"@id\":\"https:\\\/\\\/www.copealcoy.es\\\/es\\\/adios-al-uso-obligatorio-de-la-mascarilla-en-hospitales-y-centros-sanitarios\\\/\",\"url\":\"https:\\\/\\\/www.copealcoy.es\\\/es\\\/adios-al-uso-obligatorio-de-la-mascarilla-en-hospitales-y-centros-sanitarios\\\/\",\"name\":\"Adi\u00f3s al uso obligatorio de la mascarilla en Hospitales y centros sanitarios - COPE Alcoy\",\"isPartOf\":{\"@id\":\"https:\\\/\\\/www.copealcoy.es\\\/es\\\/#website\"},\"primaryImageOfPage\":{\"@id\":\"https:\\\/\\\/www.copealcoy.es\\\/es\\\/adios-al-uso-obligatorio-de-la-mascarilla-en-hospitales-y-centros-sanitarios\\\/#primaryimage\"},\"image\":{\"@id\":\"https:\\\/\\\/www.copealcoy.es\\\/es\\\/adios-al-uso-obligatorio-de-la-mascarilla-en-hospitales-y-centros-sanitarios\\\/#primaryimage\"},\"thumbnailUrl\":\"https:\\\/\\\/www.copealcoy.es\\\/wp-content\\\/uploads\\\/2024\\\/01\\\/1613135206520.jpg\",\"datePublished\":\"2024-01-31T09:34:15+00:00\",\"author\":{\"@id\":\"https:\\\/\\\/www.copealcoy.es\\\/es\\\/#\\\/schema\\\/person\\\/e777c87fa024e57d40170af9df39882c\"},\"description\":\"La Conselleria de Sanidad ha anunciado que la mascarilla ya no ser\u00e1 obligatoria en los centros de salud y hospitales valencianos\",\"breadcrumb\":{\"@id\":\"https:\\\/\\\/www.copealcoy.es\\\/es\\\/adios-al-uso-obligatorio-de-la-mascarilla-en-hospitales-y-centros-sanitarios\\\/#breadcrumb\"},\"inLanguage\":\"es\",\"potentialAction\":[{\"@type\":\"ReadAction\",\"target\":[\"https:\\\/\\\/www.copealcoy.es\\\/es\\\/adios-al-uso-obligatorio-de-la-mascarilla-en-hospitales-y-centros-sanitarios\\\/\"]}]},{\"@type\":\"ImageObject\",\"inLanguage\":\"es\",\"@id\":\"https:\\\/\\\/www.copealcoy.es\\\/es\\\/adios-al-uso-obligatorio-de-la-mascarilla-en-hospitales-y-centros-sanitarios\\\/#primaryimage\",\"url\":\"https:\\\/\\\/www.copealcoy.es\\\/wp-content\\\/uploads\\\/2024\\\/01\\\/1613135206520.jpg\",\"contentUrl\":\"https:\\\/\\\/www.copealcoy.es\\\/wp-content\\\/uploads\\\/2024\\\/01\\\/1613135206520.jpg\",\"width\":976,\"height\":732},{\"@type\":\"BreadcrumbList\",\"@id\":\"https:\\\/\\\/www.copealcoy.es\\\/es\\\/adios-al-uso-obligatorio-de-la-mascarilla-en-hospitales-y-centros-sanitarios\\\/#breadcrumb\",\"itemListElement\":[{\"@type\":\"ListItem\",\"position\":1,\"name\":\"Portada\",\"item\":\"https:\\\/\\\/www.copealcoy.es\\\/es\\\/\"},{\"@type\":\"ListItem\",\"position\":2,\"name\":\"Adi\u00f3s al uso obligatorio de la mascarilla en Hospitales y centros sanitarios\"}]},{\"@type\":\"WebSite\",\"@id\":\"https:\\\/\\\/www.copealcoy.es\\\/es\\\/#website\",\"url\":\"https:\\\/\\\/www.copealcoy.es\\\/es\\\/\",\"name\":\"COPE Alcoy\",\"description\":\"Emisora COPE de radio local con emisi\u00f3n online. Pont de Sant Jordi 8-10 03803 Alcoy\",\"potentialAction\":[{\"@type\":\"SearchAction\",\"target\":{\"@type\":\"EntryPoint\",\"urlTemplate\":\"https:\\\/\\\/www.copealcoy.es\\\/es\\\/?s={search_term_string}\"},\"query-input\":{\"@type\":\"PropertyValueSpecification\",\"valueRequired\":true,\"valueName\":\"search_term_string\"}}],\"inLanguage\":\"es\"},{\"@type\":\"Person\",\"@id\":\"https:\\\/\\\/www.copealcoy.es\\\/es\\\/#\\\/schema\\\/person\\\/e777c87fa024e57d40170af9df39882c\",\"name\":\"Cope Alcoy\",\"image\":{\"@type\":\"ImageObject\",\"inLanguage\":\"es\",\"@id\":\"https:\\\/\\\/secure.gravatar.com\\\/avatar\\\/bb65d0283347e303893ba14f0692005417c1e0e690a325a4c5d8bb2b3943ee14?s=96&d=mm&r=g\",\"url\":\"https:\\\/\\\/secure.gravatar.com\\\/avatar\\\/bb65d0283347e303893ba14f0692005417c1e0e690a325a4c5d8bb2b3943ee14?s=96&d=mm&r=g\",\"contentUrl\":\"https:\\\/\\\/secure.gravatar.com\\\/avatar\\\/bb65d0283347e303893ba14f0692005417c1e0e690a325a4c5d8bb2b3943ee14?s=96&d=mm&r=g\",\"caption\":\"Cope Alcoy\"}}]}<\/script>\n<!-- \/ Yoast SEO plugin. -->","yoast_head_json":{"title":"Adi\u00f3s al uso obligatorio de la mascarilla en Hospitales y centros sanitarios - COPE Alcoy","description":"La Conselleria de Sanidad ha anunciado que la mascarilla ya no ser\u00e1 obligatoria en los centros de salud y hospitales valencianos","robots":{"index":"index","follow":"follow","max-snippet":"max-snippet:-1","max-image-preview":"max-image-preview:large","max-video-preview":"max-video-preview:-1"},"canonical":"https:\/\/www.copealcoy.es\/es\/adios-al-uso-obligatorio-de-la-mascarilla-en-hospitales-y-centros-sanitarios\/","og_locale":"es_ES","og_type":"article","og_title":"Adi\u00f3s al uso obligatorio de la mascarilla en Hospitales y centros sanitarios - COPE Alcoy","og_description":"La Conselleria de Sanidad ha anunciado que la mascarilla ya no ser\u00e1 obligatoria en los centros de salud y hospitales valencianos","og_url":"https:\/\/www.copealcoy.es\/es\/adios-al-uso-obligatorio-de-la-mascarilla-en-hospitales-y-centros-sanitarios\/","og_site_name":"COPE Alcoy","article_published_time":"2024-01-31T09:34:15+00:00","og_image":[{"width":976,"height":732,"url":"https:\/\/www.copealcoy.es\/wp-content\/uploads\/2024\/01\/1613135206520.jpg","type":"image\/jpeg"}],"author":"Cope Alcoy","twitter_misc":{"Escrito por":"Cope Alcoy","Tiempo de lectura":"2 minutos"},"schema":{"@context":"https:\/\/schema.org","@graph":[{"@type":"Article","@id":"https:\/\/www.copealcoy.es\/es\/adios-al-uso-obligatorio-de-la-mascarilla-en-hospitales-y-centros-sanitarios\/#article","isPartOf":{"@id":"https:\/\/www.copealcoy.es\/es\/adios-al-uso-obligatorio-de-la-mascarilla-en-hospitales-y-centros-sanitarios\/"},"author":{"name":"Cope Alcoy","@id":"https:\/\/www.copealcoy.es\/es\/#\/schema\/person\/e777c87fa024e57d40170af9df39882c"},"headline":"Adi\u00f3s al uso obligatorio de la mascarilla en Hospitales y centros sanitarios","datePublished":"2024-01-31T09:34:15+00:00","mainEntityOfPage":{"@id":"https:\/\/www.copealcoy.es\/es\/adios-al-uso-obligatorio-de-la-mascarilla-en-hospitales-y-centros-sanitarios\/"},"wordCount":396,"commentCount":0,"image":{"@id":"https:\/\/www.copealcoy.es\/es\/adios-al-uso-obligatorio-de-la-mascarilla-en-hospitales-y-centros-sanitarios\/#primaryimage"},"thumbnailUrl":"https:\/\/www.copealcoy.es\/wp-content\/uploads\/2024\/01\/1613135206520.jpg","keywords":["Comunitat Valenciana","Conselleria de Sanidad","mascarillas","retirada","uso obligatorio"],"articleSection":["Actualidad","Alcoy","Noticias"],"inLanguage":"es"},{"@type":"WebPage","@id":"https:\/\/www.copealcoy.es\/es\/adios-al-uso-obligatorio-de-la-mascarilla-en-hospitales-y-centros-sanitarios\/","url":"https:\/\/www.copealcoy.es\/es\/adios-al-uso-obligatorio-de-la-mascarilla-en-hospitales-y-centros-sanitarios\/","name":"Adi\u00f3s al uso obligatorio de la mascarilla en Hospitales y centros sanitarios - COPE Alcoy","isPartOf":{"@id":"https:\/\/www.copealcoy.es\/es\/#website"},"primaryImageOfPage":{"@id":"https:\/\/www.copealcoy.es\/es\/adios-al-uso-obligatorio-de-la-mascarilla-en-hospitales-y-centros-sanitarios\/#primaryimage"},"image":{"@id":"https:\/\/www.copealcoy.es\/es\/adios-al-uso-obligatorio-de-la-mascarilla-en-hospitales-y-centros-sanitarios\/#primaryimage"},"thumbnailUrl":"https:\/\/www.copealcoy.es\/wp-content\/uploads\/2024\/01\/1613135206520.jpg","datePublished":"2024-01-31T09:34:15+00:00","author":{"@id":"https:\/\/www.copealcoy.es\/es\/#\/schema\/person\/e777c87fa024e57d40170af9df39882c"},"description":"La Conselleria de Sanidad ha anunciado que la mascarilla ya no ser\u00e1 obligatoria en los centros de salud y hospitales valencianos","breadcrumb":{"@id":"https:\/\/www.copealcoy.es\/es\/adios-al-uso-obligatorio-de-la-mascarilla-en-hospitales-y-centros-sanitarios\/#breadcrumb"},"inLanguage":"es","potentialAction":[{"@type":"ReadAction","target":["https:\/\/www.copealcoy.es\/es\/adios-al-uso-obligatorio-de-la-mascarilla-en-hospitales-y-centros-sanitarios\/"]}]},{"@type":"ImageObject","inLanguage":"es","@id":"https:\/\/www.copealcoy.es\/es\/adios-al-uso-obligatorio-de-la-mascarilla-en-hospitales-y-centros-sanitarios\/#primaryimage","url":"https:\/\/www.copealcoy.es\/wp-content\/uploads\/2024\/01\/1613135206520.jpg","contentUrl":"https:\/\/www.copealcoy.es\/wp-content\/uploads\/2024\/01\/1613135206520.jpg","width":976,"height":732},{"@type":"BreadcrumbList","@id":"https:\/\/www.copealcoy.es\/es\/adios-al-uso-obligatorio-de-la-mascarilla-en-hospitales-y-centros-sanitarios\/#breadcrumb","itemListElement":[{"@type":"ListItem","position":1,"name":"Portada","item":"https:\/\/www.copealcoy.es\/es\/"},{"@type":"ListItem","position":2,"name":"Adi\u00f3s al uso obligatorio de la mascarilla en Hospitales y centros sanitarios"}]},{"@type":"WebSite","@id":"https:\/\/www.copealcoy.es\/es\/#website","url":"https:\/\/www.copealcoy.es\/es\/","name":"COPE Alcoy","description":"Emisora COPE de radio local con emisi\u00f3n online. Pont de Sant Jordi 8-10 03803 Alcoy","potentialAction":[{"@type":"SearchAction","target":{"@type":"EntryPoint","urlTemplate":"https:\/\/www.copealcoy.es\/es\/?s={search_term_string}"},"query-input":{"@type":"PropertyValueSpecification","valueRequired":true,"valueName":"search_term_string"}}],"inLanguage":"es"},{"@type":"Person","@id":"https:\/\/www.copealcoy.es\/es\/#\/schema\/person\/e777c87fa024e57d40170af9df39882c","name":"Cope Alcoy","image":{"@type":"ImageObject","inLanguage":"es","@id":"https:\/\/secure.gravatar.com\/avatar\/bb65d0283347e303893ba14f0692005417c1e0e690a325a4c5d8bb2b3943ee14?s=96&d=mm&r=g","url":"https:\/\/secure.gravatar.com\/avatar\/bb65d0283347e303893ba14f0692005417c1e0e690a325a4c5d8bb2b3943ee14?s=96&d=mm&r=g","contentUrl":"https:\/\/secure.gravatar.com\/avatar\/bb65d0283347e303893ba14f0692005417c1e0e690a325a4c5d8bb2b3943ee14?s=96&d=mm&r=g","caption":"Cope Alcoy"}}]}},"_links":{"self":[{"href":"https:\/\/www.copealcoy.es\/es\/wp-json\/wp\/v2\/posts\/128790","targetHints":{"allow":["GET"]}}],"collection":[{"href":"https:\/\/www.copealcoy.es\/es\/wp-json\/wp\/v2\/posts"}],"about":[{"href":"https:\/\/www.copealcoy.es\/es\/wp-json\/wp\/v2\/types\/post"}],"author":[{"embeddable":true,"href":"https:\/\/www.copealcoy.es\/es\/wp-json\/wp\/v2\/users\/1"}],"replies":[{"embeddable":true,"href":"https:\/\/www.copealcoy.es\/es\/wp-json\/wp\/v2\/comments?post=128790"}],"version-history":[{"count":0,"href":"https:\/\/www.copealcoy.es\/es\/wp-json\/wp\/v2\/posts\/128790\/revisions"}],"wp:featuredmedia":[{"embeddable":true,"href":"https:\/\/www.copealcoy.es\/es\/wp-json\/wp\/v2\/media\/127842"}],"wp:attachment":[{"href":"https:\/\/www.copealcoy.es\/es\/wp-json\/wp\/v2\/media?parent=128790"}],"wp:term":[{"taxonomy":"category","embeddable":true,"href":"https:\/\/www.copealcoy.es\/es\/wp-json\/wp\/v2\/categories?post=128790"},{"taxonomy":"post_tag","embeddable":true,"href":"https:\/\/www.copealcoy.es\/es\/wp-json\/wp\/v2\/tags?post=128790"}],"curies":[{"name":"wp","href":"https:\/\/api.w.org\/{rel}","templated":true}]}}