{"id":128781,"date":"2024-01-31T10:19:21","date_gmt":"2024-01-31T09:19:21","guid":{"rendered":"https:\/\/www.copealcoy.es\/?p=128781"},"modified":"2024-01-31T10:22:53","modified_gmt":"2024-01-31T09:22:53","slug":"la-fira-promocionara-cada-ano-los-atractivos-de-una-region-invitada","status":"publish","type":"post","link":"https:\/\/www.copealcoy.es\/es\/la-fira-promocionara-cada-ano-los-atractivos-de-una-region-invitada\/","title":{"rendered":"La Fira promocionar\u00e1 cada a\u00f1o los atractivos de una regi\u00f3n invitada"},"content":{"rendered":"<p style=\"text-align: justify;\">Cocentaina ya perfila detalles para <a href=\"https:\/\/www.firadecocentaina.org\/es\/\" target=\"_blank\" rel=\"noopener\"><span style=\"color: #0000ff;\"><strong>la pr\u00f3xima Fira de Tots Sants<\/strong> <\/span><\/a>y algunos de los aspectos <strong>se han definido en la reciente edici\u00f3n de FITUR<\/strong>. Precisamente en el marco de <strong>la Feria Internacional del Turismo<\/strong>, celebrada la pasada semana en Madrid, se acord\u00f3 dedicar cada edici\u00f3n del certamen contestano a un destino de Espa\u00f1a <strong>con la intenci\u00f3n de fortalecer el sector tur\u00edstico<\/strong> e incluso expandir el alcance de los expositores a nivel nacional.<\/p>\n<p style=\"text-align: justify;\">Ser\u00e1 ya a partir de 2024 <strong>cuando comience a materializarse este proyecto<\/strong> con la presencia en la Fira de una regi\u00f3n invitada. Esta <strong>protagonizar\u00e1 eventos espec\u00edficos<\/strong> dentro de la programaci\u00f3n general del evento como pueden ser <em>showcooking<\/em>, demostraciones, muestras de folklore y representaciones culturales. Igualmente, contar\u00e1 con un stand espec\u00edfico para exponer su oferta tur\u00edstica &#8220;<em>pensamos que dar este paso y apostar m\u00e1s todav\u00eda por la vertiente tur\u00edstica del certamen es fundamental. De hecho, y como no pod\u00eda ser de otra manera, el Turismo es un sector estrat\u00e9gico para el equipo de Fira. Por una parte, establecemos sinergias y colaboraci\u00f3n con otros territorios, lo que nos reporta una promoci\u00f3n y difusi\u00f3n estable durante todo el a\u00f1o; y por otra, ofrecemos a estas regiones invitadas una gran plataforma como es la Fira de Tots Sants para que puedan dar a conocer su oferta a los miles de visitantes que pasan por Cocentaina durante estos d\u00edas<\/em>&#8220;, manifestaban al respecto <strong>Marcela Richart<\/strong> (edil de Fira) y <strong>Jordi Pla<\/strong> (alcalde de la Villa Condal).<\/p>\n<p style=\"text-align: justify;\"><a href=\"https:\/\/www.copealcoy.es\/wp-content\/uploads\/2024\/01\/Ayto_Avoris.jpg\"><img loading=\"lazy\" decoding=\"async\" class=\"wp-image-128782 aligncenter\" src=\"https:\/\/www.copealcoy.es\/wp-content\/uploads\/2024\/01\/Ayto_Avoris.jpg\" alt=\"\" width=\"527\" height=\"889\" \/><\/a><\/p>\n<p>&nbsp;<\/p>\n<p style=\"text-align: justify;\">En FITUR, el <strong>Departamento de Fira de Cocentaina<\/strong> mantuvo diversas reuniones estrat\u00e9gicas con representantes de diferentes regiones para cerrar esa presencia tur\u00edstica en la edici\u00f3n 2024 de la Fira de Fires. Adem\u00e1s, se mantuvieron encuentros con prestigiosas marcas en el sector del montaje de estructuras y eventos e incluso se asisti\u00f3\u00a0a la Asamblea General Anual de la Asociaci\u00f3n de Ferias Espa\u00f1olas (AFE), de la cual la Fira de Tots Sants es un miembro destacado.<\/p>\n","protected":false},"excerpt":{"rendered":"<p>Cocentaina ya perfila detalles para la pr\u00f3xima Fira de Tots Sants y algunos de los aspectos se han definido en&#8230;<\/p>\n","protected":false},"author":1,"featured_media":124158,"comment_status":"open","ping_status":"open","sticky":false,"template":"","format":"standard","meta":{"footnotes":""},"categories":[6909,98,75],"tags":[132,635,596,2092,2042,634],"class_list":["post-128781","post","type-post","status-publish","format-standard","has-post-thumbnail","hentry","category-actualidad","category-comarcas","category-noticias","tag-cocentaina","tag-fira-de-tots-sants","tag-fitur","tag-jordi-pla","tag-marcela-richart","tag-promocion-turistica"],"yoast_head":"<!-- This site is optimized with the Yoast SEO plugin v27.3 - https:\/\/yoast.com\/product\/yoast-seo-wordpress\/ -->\n<title>La Fira promocionar\u00e1 cada a\u00f1o los atractivos de una regi\u00f3n invitada - COPE Alcoy<\/title>\n<meta name=\"description\" content=\"Cocentaina ya perfila detalles para la pr\u00f3xima Fira de Tots Sants y algunos de los aspectos se han definido en la reciente edici\u00f3n de FITUR\" \/>\n<meta name=\"robots\" content=\"index, follow, max-snippet:-1, max-image-preview:large, max-video-preview:-1\" \/>\n<link rel=\"canonical\" href=\"https:\/\/www.copealcoy.es\/es\/la-fira-promocionara-cada-ano-los-atractivos-de-una-region-invitada\/\" \/>\n<meta property=\"og:locale\" content=\"es_ES\" \/>\n<meta property=\"og:type\" content=\"article\" \/>\n<meta property=\"og:title\" content=\"La Fira promocionar\u00e1 cada a\u00f1o los atractivos de una regi\u00f3n invitada - COPE Alcoy\" \/>\n<meta property=\"og:description\" content=\"Cocentaina ya perfila detalles para la pr\u00f3xima Fira de Tots Sants y algunos de los aspectos se han definido en la reciente edici\u00f3n de FITUR\" \/>\n<meta property=\"og:url\" content=\"https:\/\/www.copealcoy.es\/es\/la-fira-promocionara-cada-ano-los-atractivos-de-una-region-invitada\/\" \/>\n<meta property=\"og:site_name\" content=\"COPE Alcoy\" \/>\n<meta property=\"article:published_time\" content=\"2024-01-31T09:19:21+00:00\" \/>\n<meta property=\"article:modified_time\" content=\"2024-01-31T09:22:53+00:00\" \/>\n<meta property=\"og:image\" content=\"https:\/\/www.copealcoy.es\/wp-content\/uploads\/2023\/10\/1-1.jpg\" \/>\n\t<meta property=\"og:image:width\" content=\"1053\" \/>\n\t<meta property=\"og:image:height\" content=\"702\" \/>\n\t<meta property=\"og:image:type\" content=\"image\/jpeg\" \/>\n<meta name=\"author\" content=\"Cope Alcoy\" \/>\n<meta name=\"twitter:label1\" content=\"Escrito por\" \/>\n\t<meta name=\"twitter:data1\" content=\"Cope Alcoy\" \/>\n\t<meta name=\"twitter:label2\" content=\"Tiempo de lectura\" \/>\n\t<meta name=\"twitter:data2\" content=\"2 minutos\" \/>\n<script type=\"application\/ld+json\" class=\"yoast-schema-graph\">{\"@context\":\"https:\\\/\\\/schema.org\",\"@graph\":[{\"@type\":\"Article\",\"@id\":\"https:\\\/\\\/www.copealcoy.es\\\/es\\\/la-fira-promocionara-cada-ano-los-atractivos-de-una-region-invitada\\\/#article\",\"isPartOf\":{\"@id\":\"https:\\\/\\\/www.copealcoy.es\\\/es\\\/la-fira-promocionara-cada-ano-los-atractivos-de-una-region-invitada\\\/\"},\"author\":{\"name\":\"Cope Alcoy\",\"@id\":\"https:\\\/\\\/www.copealcoy.es\\\/es\\\/#\\\/schema\\\/person\\\/e777c87fa024e57d40170af9df39882c\"},\"headline\":\"La Fira promocionar\u00e1 cada a\u00f1o los atractivos de una regi\u00f3n invitada\",\"datePublished\":\"2024-01-31T09:19:21+00:00\",\"dateModified\":\"2024-01-31T09:22:53+00:00\",\"mainEntityOfPage\":{\"@id\":\"https:\\\/\\\/www.copealcoy.es\\\/es\\\/la-fira-promocionara-cada-ano-los-atractivos-de-una-region-invitada\\\/\"},\"wordCount\":357,\"commentCount\":0,\"image\":{\"@id\":\"https:\\\/\\\/www.copealcoy.es\\\/es\\\/la-fira-promocionara-cada-ano-los-atractivos-de-una-region-invitada\\\/#primaryimage\"},\"thumbnailUrl\":\"https:\\\/\\\/www.copealcoy.es\\\/wp-content\\\/uploads\\\/2023\\\/10\\\/1-1.jpg\",\"keywords\":[\"Cocentaina\",\"Fira de Tots Sants\",\"FITUR\",\"Jordi Pla\",\"Marcela Richart\",\"Promoci\u00f3n Tur\u00edstica\"],\"articleSection\":[\"Actualidad\",\"Comarcas\",\"Noticias\"],\"inLanguage\":\"es\"},{\"@type\":\"WebPage\",\"@id\":\"https:\\\/\\\/www.copealcoy.es\\\/es\\\/la-fira-promocionara-cada-ano-los-atractivos-de-una-region-invitada\\\/\",\"url\":\"https:\\\/\\\/www.copealcoy.es\\\/es\\\/la-fira-promocionara-cada-ano-los-atractivos-de-una-region-invitada\\\/\",\"name\":\"La Fira promocionar\u00e1 cada a\u00f1o los atractivos de una regi\u00f3n invitada - COPE Alcoy\",\"isPartOf\":{\"@id\":\"https:\\\/\\\/www.copealcoy.es\\\/es\\\/#website\"},\"primaryImageOfPage\":{\"@id\":\"https:\\\/\\\/www.copealcoy.es\\\/es\\\/la-fira-promocionara-cada-ano-los-atractivos-de-una-region-invitada\\\/#primaryimage\"},\"image\":{\"@id\":\"https:\\\/\\\/www.copealcoy.es\\\/es\\\/la-fira-promocionara-cada-ano-los-atractivos-de-una-region-invitada\\\/#primaryimage\"},\"thumbnailUrl\":\"https:\\\/\\\/www.copealcoy.es\\\/wp-content\\\/uploads\\\/2023\\\/10\\\/1-1.jpg\",\"datePublished\":\"2024-01-31T09:19:21+00:00\",\"dateModified\":\"2024-01-31T09:22:53+00:00\",\"author\":{\"@id\":\"https:\\\/\\\/www.copealcoy.es\\\/es\\\/#\\\/schema\\\/person\\\/e777c87fa024e57d40170af9df39882c\"},\"description\":\"Cocentaina ya perfila detalles para la pr\u00f3xima Fira de Tots Sants y algunos de los aspectos se han definido en la reciente edici\u00f3n de FITUR\",\"breadcrumb\":{\"@id\":\"https:\\\/\\\/www.copealcoy.es\\\/es\\\/la-fira-promocionara-cada-ano-los-atractivos-de-una-region-invitada\\\/#breadcrumb\"},\"inLanguage\":\"es\",\"potentialAction\":[{\"@type\":\"ReadAction\",\"target\":[\"https:\\\/\\\/www.copealcoy.es\\\/es\\\/la-fira-promocionara-cada-ano-los-atractivos-de-una-region-invitada\\\/\"]}]},{\"@type\":\"ImageObject\",\"inLanguage\":\"es\",\"@id\":\"https:\\\/\\\/www.copealcoy.es\\\/es\\\/la-fira-promocionara-cada-ano-los-atractivos-de-una-region-invitada\\\/#primaryimage\",\"url\":\"https:\\\/\\\/www.copealcoy.es\\\/wp-content\\\/uploads\\\/2023\\\/10\\\/1-1.jpg\",\"contentUrl\":\"https:\\\/\\\/www.copealcoy.es\\\/wp-content\\\/uploads\\\/2023\\\/10\\\/1-1.jpg\",\"width\":1053,\"height\":702},{\"@type\":\"BreadcrumbList\",\"@id\":\"https:\\\/\\\/www.copealcoy.es\\\/es\\\/la-fira-promocionara-cada-ano-los-atractivos-de-una-region-invitada\\\/#breadcrumb\",\"itemListElement\":[{\"@type\":\"ListItem\",\"position\":1,\"name\":\"Portada\",\"item\":\"https:\\\/\\\/www.copealcoy.es\\\/es\\\/\"},{\"@type\":\"ListItem\",\"position\":2,\"name\":\"La Fira promocionar\u00e1 cada a\u00f1o los atractivos de una regi\u00f3n invitada\"}]},{\"@type\":\"WebSite\",\"@id\":\"https:\\\/\\\/www.copealcoy.es\\\/es\\\/#website\",\"url\":\"https:\\\/\\\/www.copealcoy.es\\\/es\\\/\",\"name\":\"COPE Alcoy\",\"description\":\"Emisora COPE de radio local con emisi\u00f3n online. Pont de Sant Jordi 8-10 03803 Alcoy\",\"potentialAction\":[{\"@type\":\"SearchAction\",\"target\":{\"@type\":\"EntryPoint\",\"urlTemplate\":\"https:\\\/\\\/www.copealcoy.es\\\/es\\\/?s={search_term_string}\"},\"query-input\":{\"@type\":\"PropertyValueSpecification\",\"valueRequired\":true,\"valueName\":\"search_term_string\"}}],\"inLanguage\":\"es\"},{\"@type\":\"Person\",\"@id\":\"https:\\\/\\\/www.copealcoy.es\\\/es\\\/#\\\/schema\\\/person\\\/e777c87fa024e57d40170af9df39882c\",\"name\":\"Cope Alcoy\",\"image\":{\"@type\":\"ImageObject\",\"inLanguage\":\"es\",\"@id\":\"https:\\\/\\\/secure.gravatar.com\\\/avatar\\\/bb65d0283347e303893ba14f0692005417c1e0e690a325a4c5d8bb2b3943ee14?s=96&d=mm&r=g\",\"url\":\"https:\\\/\\\/secure.gravatar.com\\\/avatar\\\/bb65d0283347e303893ba14f0692005417c1e0e690a325a4c5d8bb2b3943ee14?s=96&d=mm&r=g\",\"contentUrl\":\"https:\\\/\\\/secure.gravatar.com\\\/avatar\\\/bb65d0283347e303893ba14f0692005417c1e0e690a325a4c5d8bb2b3943ee14?s=96&d=mm&r=g\",\"caption\":\"Cope Alcoy\"}}]}<\/script>\n<!-- \/ Yoast SEO plugin. -->","yoast_head_json":{"title":"La Fira promocionar\u00e1 cada a\u00f1o los atractivos de una regi\u00f3n invitada - COPE Alcoy","description":"Cocentaina ya perfila detalles para la pr\u00f3xima Fira de Tots Sants y algunos de los aspectos se han definido en la reciente edici\u00f3n de FITUR","robots":{"index":"index","follow":"follow","max-snippet":"max-snippet:-1","max-image-preview":"max-image-preview:large","max-video-preview":"max-video-preview:-1"},"canonical":"https:\/\/www.copealcoy.es\/es\/la-fira-promocionara-cada-ano-los-atractivos-de-una-region-invitada\/","og_locale":"es_ES","og_type":"article","og_title":"La Fira promocionar\u00e1 cada a\u00f1o los atractivos de una regi\u00f3n invitada - COPE Alcoy","og_description":"Cocentaina ya perfila detalles para la pr\u00f3xima Fira de Tots Sants y algunos de los aspectos se han definido en la reciente edici\u00f3n de FITUR","og_url":"https:\/\/www.copealcoy.es\/es\/la-fira-promocionara-cada-ano-los-atractivos-de-una-region-invitada\/","og_site_name":"COPE Alcoy","article_published_time":"2024-01-31T09:19:21+00:00","article_modified_time":"2024-01-31T09:22:53+00:00","og_image":[{"width":1053,"height":702,"url":"https:\/\/www.copealcoy.es\/wp-content\/uploads\/2023\/10\/1-1.jpg","type":"image\/jpeg"}],"author":"Cope Alcoy","twitter_misc":{"Escrito por":"Cope Alcoy","Tiempo de lectura":"2 minutos"},"schema":{"@context":"https:\/\/schema.org","@graph":[{"@type":"Article","@id":"https:\/\/www.copealcoy.es\/es\/la-fira-promocionara-cada-ano-los-atractivos-de-una-region-invitada\/#article","isPartOf":{"@id":"https:\/\/www.copealcoy.es\/es\/la-fira-promocionara-cada-ano-los-atractivos-de-una-region-invitada\/"},"author":{"name":"Cope Alcoy","@id":"https:\/\/www.copealcoy.es\/es\/#\/schema\/person\/e777c87fa024e57d40170af9df39882c"},"headline":"La Fira promocionar\u00e1 cada a\u00f1o los atractivos de una regi\u00f3n invitada","datePublished":"2024-01-31T09:19:21+00:00","dateModified":"2024-01-31T09:22:53+00:00","mainEntityOfPage":{"@id":"https:\/\/www.copealcoy.es\/es\/la-fira-promocionara-cada-ano-los-atractivos-de-una-region-invitada\/"},"wordCount":357,"commentCount":0,"image":{"@id":"https:\/\/www.copealcoy.es\/es\/la-fira-promocionara-cada-ano-los-atractivos-de-una-region-invitada\/#primaryimage"},"thumbnailUrl":"https:\/\/www.copealcoy.es\/wp-content\/uploads\/2023\/10\/1-1.jpg","keywords":["Cocentaina","Fira de Tots Sants","FITUR","Jordi Pla","Marcela Richart","Promoci\u00f3n Tur\u00edstica"],"articleSection":["Actualidad","Comarcas","Noticias"],"inLanguage":"es"},{"@type":"WebPage","@id":"https:\/\/www.copealcoy.es\/es\/la-fira-promocionara-cada-ano-los-atractivos-de-una-region-invitada\/","url":"https:\/\/www.copealcoy.es\/es\/la-fira-promocionara-cada-ano-los-atractivos-de-una-region-invitada\/","name":"La Fira promocionar\u00e1 cada a\u00f1o los atractivos de una regi\u00f3n invitada - COPE Alcoy","isPartOf":{"@id":"https:\/\/www.copealcoy.es\/es\/#website"},"primaryImageOfPage":{"@id":"https:\/\/www.copealcoy.es\/es\/la-fira-promocionara-cada-ano-los-atractivos-de-una-region-invitada\/#primaryimage"},"image":{"@id":"https:\/\/www.copealcoy.es\/es\/la-fira-promocionara-cada-ano-los-atractivos-de-una-region-invitada\/#primaryimage"},"thumbnailUrl":"https:\/\/www.copealcoy.es\/wp-content\/uploads\/2023\/10\/1-1.jpg","datePublished":"2024-01-31T09:19:21+00:00","dateModified":"2024-01-31T09:22:53+00:00","author":{"@id":"https:\/\/www.copealcoy.es\/es\/#\/schema\/person\/e777c87fa024e57d40170af9df39882c"},"description":"Cocentaina ya perfila detalles para la pr\u00f3xima Fira de Tots Sants y algunos de los aspectos se han definido en la reciente edici\u00f3n de FITUR","breadcrumb":{"@id":"https:\/\/www.copealcoy.es\/es\/la-fira-promocionara-cada-ano-los-atractivos-de-una-region-invitada\/#breadcrumb"},"inLanguage":"es","potentialAction":[{"@type":"ReadAction","target":["https:\/\/www.copealcoy.es\/es\/la-fira-promocionara-cada-ano-los-atractivos-de-una-region-invitada\/"]}]},{"@type":"ImageObject","inLanguage":"es","@id":"https:\/\/www.copealcoy.es\/es\/la-fira-promocionara-cada-ano-los-atractivos-de-una-region-invitada\/#primaryimage","url":"https:\/\/www.copealcoy.es\/wp-content\/uploads\/2023\/10\/1-1.jpg","contentUrl":"https:\/\/www.copealcoy.es\/wp-content\/uploads\/2023\/10\/1-1.jpg","width":1053,"height":702},{"@type":"BreadcrumbList","@id":"https:\/\/www.copealcoy.es\/es\/la-fira-promocionara-cada-ano-los-atractivos-de-una-region-invitada\/#breadcrumb","itemListElement":[{"@type":"ListItem","position":1,"name":"Portada","item":"https:\/\/www.copealcoy.es\/es\/"},{"@type":"ListItem","position":2,"name":"La Fira promocionar\u00e1 cada a\u00f1o los atractivos de una regi\u00f3n invitada"}]},{"@type":"WebSite","@id":"https:\/\/www.copealcoy.es\/es\/#website","url":"https:\/\/www.copealcoy.es\/es\/","name":"COPE Alcoy","description":"Emisora COPE de radio local con emisi\u00f3n online. Pont de Sant Jordi 8-10 03803 Alcoy","potentialAction":[{"@type":"SearchAction","target":{"@type":"EntryPoint","urlTemplate":"https:\/\/www.copealcoy.es\/es\/?s={search_term_string}"},"query-input":{"@type":"PropertyValueSpecification","valueRequired":true,"valueName":"search_term_string"}}],"inLanguage":"es"},{"@type":"Person","@id":"https:\/\/www.copealcoy.es\/es\/#\/schema\/person\/e777c87fa024e57d40170af9df39882c","name":"Cope Alcoy","image":{"@type":"ImageObject","inLanguage":"es","@id":"https:\/\/secure.gravatar.com\/avatar\/bb65d0283347e303893ba14f0692005417c1e0e690a325a4c5d8bb2b3943ee14?s=96&d=mm&r=g","url":"https:\/\/secure.gravatar.com\/avatar\/bb65d0283347e303893ba14f0692005417c1e0e690a325a4c5d8bb2b3943ee14?s=96&d=mm&r=g","contentUrl":"https:\/\/secure.gravatar.com\/avatar\/bb65d0283347e303893ba14f0692005417c1e0e690a325a4c5d8bb2b3943ee14?s=96&d=mm&r=g","caption":"Cope Alcoy"}}]}},"_links":{"self":[{"href":"https:\/\/www.copealcoy.es\/es\/wp-json\/wp\/v2\/posts\/128781","targetHints":{"allow":["GET"]}}],"collection":[{"href":"https:\/\/www.copealcoy.es\/es\/wp-json\/wp\/v2\/posts"}],"about":[{"href":"https:\/\/www.copealcoy.es\/es\/wp-json\/wp\/v2\/types\/post"}],"author":[{"embeddable":true,"href":"https:\/\/www.copealcoy.es\/es\/wp-json\/wp\/v2\/users\/1"}],"replies":[{"embeddable":true,"href":"https:\/\/www.copealcoy.es\/es\/wp-json\/wp\/v2\/comments?post=128781"}],"version-history":[{"count":0,"href":"https:\/\/www.copealcoy.es\/es\/wp-json\/wp\/v2\/posts\/128781\/revisions"}],"wp:featuredmedia":[{"embeddable":true,"href":"https:\/\/www.copealcoy.es\/es\/wp-json\/wp\/v2\/media\/124158"}],"wp:attachment":[{"href":"https:\/\/www.copealcoy.es\/es\/wp-json\/wp\/v2\/media?parent=128781"}],"wp:term":[{"taxonomy":"category","embeddable":true,"href":"https:\/\/www.copealcoy.es\/es\/wp-json\/wp\/v2\/categories?post=128781"},{"taxonomy":"post_tag","embeddable":true,"href":"https:\/\/www.copealcoy.es\/es\/wp-json\/wp\/v2\/tags?post=128781"}],"curies":[{"name":"wp","href":"https:\/\/api.w.org\/{rel}","templated":true}]}}