{"id":128749,"date":"2024-01-30T11:31:48","date_gmt":"2024-01-30T10:31:48","guid":{"rendered":"https:\/\/www.copealcoy.es\/?p=128749"},"modified":"2024-01-30T11:33:31","modified_gmt":"2024-01-30T10:33:31","slug":"el-asfaltado-de-la-rotonda-norte-de-alcoy-puede-complicar-la-circulacion-esta-semana","status":"publish","type":"post","link":"https:\/\/www.copealcoy.es\/es\/el-asfaltado-de-la-rotonda-norte-de-alcoy-puede-complicar-la-circulacion-esta-semana\/","title":{"rendered":"El asfaltado de la rotonda norte de Alcoy puede complicar la circulaci\u00f3n esta semana"},"content":{"rendered":"<p style=\"text-align: justify;\">Si vas a salir de Alcoy o entrar a la ciudad, especialmente a horas punta, tienes que saber que t<strong>anto hoy martes como ma\u00f1ana mi\u00e9rcoles<\/strong> se va a llevar a cabo <strong>el asfaltado de la rotonda<\/strong> que se ha construido para regular el tr\u00e1fico en el acceso norte. Por este motivo <strong>se prev\u00e9 una elevada afecci\u00f3n a la circulaci\u00f3n en la zona<\/strong> y se recomienda acceder a la capital de l&#8217;Alcoi\u00e0 o o salir por v\u00edas alternativas. Con este asfaltado la obra de la rotonda<strong> finalizar\u00e1 con dos meses de antelaci\u00f3n\u00a0<\/strong>aunque desde el pasado 22 de diciembre se puede circular con normalidad por ella <a href=\"https:\/\/www.copealcoy.es\/se-abre-a-la-circulacion-la-rotonda-norte-de-alcoy\/\" target=\"_blank\" rel=\"noopener\"><strong><span style=\"color: #0000ff;\">despu\u00e9s de que abriera provisionalmente<\/span> <\/strong><\/a>al paso de veh\u00edculos antes de la Navidad.<\/p>\n<p style=\"text-align: justify;\">Se trata de una actuaci\u00f3n que se lleva a\u00f1os demandando, sobre todo por parte del empresariado del<strong>\u00a0pol\u00edgono Industrial Cotes Baixes<\/strong>. Con ellos, explican desde el Consistorio, se ha realizado reuniones y se ha mantenido un contacto constante para ir informando del plan de obra y de como afectar\u00eda el tr\u00e1fico.<\/p>\n<p style=\"text-align: justify;\"><span style=\"color: #0000ff;\"><strong>Paso inferior<\/strong><\/span><\/p>\n<p style=\"text-align: justify;\">La rotonda <strong>va a permitir reordenar el tr\u00e1fico en esta entrada a la ciudad<\/strong>, con especial incidencia en el acceso en el pol\u00edgono Cotes Baixes. Ser\u00e1, adem\u00e1s, una infraestructura que impulsar\u00e1 la movilidad sostenible.<\/p>\n<p style=\"text-align: justify;\">Al mismo tiempo que se realizan estas obras se est\u00e1 llevando a cabo la construcci\u00f3n del paso inferior de la rotonda. Este conectar\u00e1 de manera directa, segura y funcional el Pol\u00edgono de Cotes Baixes con la Avenida Tirant lo Blanc, la calle Val\u00e8ncia y adyacentes. De esta manera se permitir\u00e1\u00a0<strong>mejorar la accesibilidad del pol\u00edgono para los veh\u00edculos de movilidad personal (VMP)<\/strong>, al hacer permeable la conexi\u00f3n del pol\u00edgono con el carril bici existente en la calle Val\u00e8ncia y Tirant lo Blanc.<\/p>\n<p style=\"text-align: justify;\">El proyecto comenz\u00f3 a ser una realidad el pasado mes de octubre y lo ha estado ejecutando la empresa alicantina\u00a0 PAVASAL. La actuaci\u00f3n <strong>cuenta con un presupuesto de un mill\u00f3n de euros<\/strong> con financiaci\u00f3n del Ministerio de Transportes a trav\u00e9s de fondos europeos Next Generation.<\/p>\n","protected":false},"excerpt":{"rendered":"<p>Si vas a salir de Alcoy o entrar a la ciudad, especialmente a horas punta, tienes que saber que tanto&#8230;<\/p>\n","protected":false},"author":1,"featured_media":128750,"comment_status":"open","ping_status":"open","sticky":false,"template":"","format":"standard","meta":{"footnotes":""},"categories":[6909,97,75,125],"tags":[1494,4713,12999,145,10360],"class_list":["post-128749","post","type-post","status-publish","format-standard","has-post-thumbnail","hentry","category-actualidad","category-alcoy","category-noticias","category-portada","tag-alcoy","tag-asfaltado","tag-finalizacion","tag-obras","tag-rotonda-norte"],"yoast_head":"<!-- This site is optimized with the Yoast SEO plugin v27.3 - https:\/\/yoast.com\/product\/yoast-seo-wordpress\/ -->\n<title>El asfaltado de la rotonda norte de Alcoy puede complicar la circulaci\u00f3n esta semana - COPE Alcoy<\/title>\n<meta name=\"description\" content=\"Los trabajos de asfaltado de la rotonda norte de Alcoy van a provocar afecciones en la circulaci\u00f3n entre hoy y ma\u00f1ana\" \/>\n<meta name=\"robots\" content=\"index, follow, max-snippet:-1, max-image-preview:large, max-video-preview:-1\" \/>\n<link rel=\"canonical\" href=\"https:\/\/www.copealcoy.es\/es\/el-asfaltado-de-la-rotonda-norte-de-alcoy-puede-complicar-la-circulacion-esta-semana\/\" \/>\n<meta property=\"og:locale\" content=\"es_ES\" \/>\n<meta property=\"og:type\" content=\"article\" \/>\n<meta property=\"og:title\" content=\"El asfaltado de la rotonda norte de Alcoy puede complicar la circulaci\u00f3n esta semana - COPE Alcoy\" \/>\n<meta property=\"og:description\" content=\"Los trabajos de asfaltado de la rotonda norte de Alcoy van a provocar afecciones en la circulaci\u00f3n entre hoy y ma\u00f1ana\" \/>\n<meta property=\"og:url\" content=\"https:\/\/www.copealcoy.es\/es\/el-asfaltado-de-la-rotonda-norte-de-alcoy-puede-complicar-la-circulacion-esta-semana\/\" \/>\n<meta property=\"og:site_name\" content=\"COPE Alcoy\" \/>\n<meta property=\"article:published_time\" content=\"2024-01-30T10:31:48+00:00\" \/>\n<meta property=\"article:modified_time\" content=\"2024-01-30T10:33:31+00:00\" \/>\n<meta property=\"og:image\" content=\"https:\/\/www.copealcoy.es\/wp-content\/uploads\/2024\/01\/Rotonda-nord.jpeg\" \/>\n\t<meta property=\"og:image:width\" content=\"1440\" \/>\n\t<meta property=\"og:image:height\" content=\"1080\" \/>\n\t<meta property=\"og:image:type\" content=\"image\/jpeg\" \/>\n<meta name=\"author\" content=\"Cope Alcoy\" \/>\n<meta name=\"twitter:label1\" content=\"Escrito por\" \/>\n\t<meta name=\"twitter:data1\" content=\"Cope Alcoy\" \/>\n\t<meta name=\"twitter:label2\" content=\"Tiempo de lectura\" \/>\n\t<meta name=\"twitter:data2\" content=\"2 minutos\" \/>\n<script type=\"application\/ld+json\" class=\"yoast-schema-graph\">{\"@context\":\"https:\\\/\\\/schema.org\",\"@graph\":[{\"@type\":\"Article\",\"@id\":\"https:\\\/\\\/www.copealcoy.es\\\/es\\\/el-asfaltado-de-la-rotonda-norte-de-alcoy-puede-complicar-la-circulacion-esta-semana\\\/#article\",\"isPartOf\":{\"@id\":\"https:\\\/\\\/www.copealcoy.es\\\/es\\\/el-asfaltado-de-la-rotonda-norte-de-alcoy-puede-complicar-la-circulacion-esta-semana\\\/\"},\"author\":{\"name\":\"Cope Alcoy\",\"@id\":\"https:\\\/\\\/www.copealcoy.es\\\/es\\\/#\\\/schema\\\/person\\\/e777c87fa024e57d40170af9df39882c\"},\"headline\":\"El asfaltado de la rotonda norte de Alcoy puede complicar la circulaci\u00f3n esta semana\",\"datePublished\":\"2024-01-30T10:31:48+00:00\",\"dateModified\":\"2024-01-30T10:33:31+00:00\",\"mainEntityOfPage\":{\"@id\":\"https:\\\/\\\/www.copealcoy.es\\\/es\\\/el-asfaltado-de-la-rotonda-norte-de-alcoy-puede-complicar-la-circulacion-esta-semana\\\/\"},\"wordCount\":376,\"commentCount\":0,\"image\":{\"@id\":\"https:\\\/\\\/www.copealcoy.es\\\/es\\\/el-asfaltado-de-la-rotonda-norte-de-alcoy-puede-complicar-la-circulacion-esta-semana\\\/#primaryimage\"},\"thumbnailUrl\":\"https:\\\/\\\/www.copealcoy.es\\\/wp-content\\\/uploads\\\/2024\\\/01\\\/Rotonda-nord.jpeg\",\"keywords\":[\"Alcoy\",\"asfaltado\",\"finalizaci\u00f3n\",\"Obras\",\"rotonda norte\"],\"articleSection\":[\"Actualidad\",\"Alcoy\",\"Noticias\",\"Portada\"],\"inLanguage\":\"es\"},{\"@type\":\"WebPage\",\"@id\":\"https:\\\/\\\/www.copealcoy.es\\\/es\\\/el-asfaltado-de-la-rotonda-norte-de-alcoy-puede-complicar-la-circulacion-esta-semana\\\/\",\"url\":\"https:\\\/\\\/www.copealcoy.es\\\/es\\\/el-asfaltado-de-la-rotonda-norte-de-alcoy-puede-complicar-la-circulacion-esta-semana\\\/\",\"name\":\"El asfaltado de la rotonda norte de Alcoy puede complicar la circulaci\u00f3n esta semana - COPE Alcoy\",\"isPartOf\":{\"@id\":\"https:\\\/\\\/www.copealcoy.es\\\/es\\\/#website\"},\"primaryImageOfPage\":{\"@id\":\"https:\\\/\\\/www.copealcoy.es\\\/es\\\/el-asfaltado-de-la-rotonda-norte-de-alcoy-puede-complicar-la-circulacion-esta-semana\\\/#primaryimage\"},\"image\":{\"@id\":\"https:\\\/\\\/www.copealcoy.es\\\/es\\\/el-asfaltado-de-la-rotonda-norte-de-alcoy-puede-complicar-la-circulacion-esta-semana\\\/#primaryimage\"},\"thumbnailUrl\":\"https:\\\/\\\/www.copealcoy.es\\\/wp-content\\\/uploads\\\/2024\\\/01\\\/Rotonda-nord.jpeg\",\"datePublished\":\"2024-01-30T10:31:48+00:00\",\"dateModified\":\"2024-01-30T10:33:31+00:00\",\"author\":{\"@id\":\"https:\\\/\\\/www.copealcoy.es\\\/es\\\/#\\\/schema\\\/person\\\/e777c87fa024e57d40170af9df39882c\"},\"description\":\"Los trabajos de asfaltado de la rotonda norte de Alcoy van a provocar afecciones en la circulaci\u00f3n entre hoy y ma\u00f1ana\",\"breadcrumb\":{\"@id\":\"https:\\\/\\\/www.copealcoy.es\\\/es\\\/el-asfaltado-de-la-rotonda-norte-de-alcoy-puede-complicar-la-circulacion-esta-semana\\\/#breadcrumb\"},\"inLanguage\":\"es\",\"potentialAction\":[{\"@type\":\"ReadAction\",\"target\":[\"https:\\\/\\\/www.copealcoy.es\\\/es\\\/el-asfaltado-de-la-rotonda-norte-de-alcoy-puede-complicar-la-circulacion-esta-semana\\\/\"]}]},{\"@type\":\"ImageObject\",\"inLanguage\":\"es\",\"@id\":\"https:\\\/\\\/www.copealcoy.es\\\/es\\\/el-asfaltado-de-la-rotonda-norte-de-alcoy-puede-complicar-la-circulacion-esta-semana\\\/#primaryimage\",\"url\":\"https:\\\/\\\/www.copealcoy.es\\\/wp-content\\\/uploads\\\/2024\\\/01\\\/Rotonda-nord.jpeg\",\"contentUrl\":\"https:\\\/\\\/www.copealcoy.es\\\/wp-content\\\/uploads\\\/2024\\\/01\\\/Rotonda-nord.jpeg\",\"width\":1440,\"height\":1080},{\"@type\":\"BreadcrumbList\",\"@id\":\"https:\\\/\\\/www.copealcoy.es\\\/es\\\/el-asfaltado-de-la-rotonda-norte-de-alcoy-puede-complicar-la-circulacion-esta-semana\\\/#breadcrumb\",\"itemListElement\":[{\"@type\":\"ListItem\",\"position\":1,\"name\":\"Portada\",\"item\":\"https:\\\/\\\/www.copealcoy.es\\\/es\\\/\"},{\"@type\":\"ListItem\",\"position\":2,\"name\":\"El asfaltado de la rotonda norte de Alcoy puede complicar la circulaci\u00f3n esta semana\"}]},{\"@type\":\"WebSite\",\"@id\":\"https:\\\/\\\/www.copealcoy.es\\\/es\\\/#website\",\"url\":\"https:\\\/\\\/www.copealcoy.es\\\/es\\\/\",\"name\":\"COPE Alcoy\",\"description\":\"Emisora COPE de radio local con emisi\u00f3n online. Pont de Sant Jordi 8-10 03803 Alcoy\",\"potentialAction\":[{\"@type\":\"SearchAction\",\"target\":{\"@type\":\"EntryPoint\",\"urlTemplate\":\"https:\\\/\\\/www.copealcoy.es\\\/es\\\/?s={search_term_string}\"},\"query-input\":{\"@type\":\"PropertyValueSpecification\",\"valueRequired\":true,\"valueName\":\"search_term_string\"}}],\"inLanguage\":\"es\"},{\"@type\":\"Person\",\"@id\":\"https:\\\/\\\/www.copealcoy.es\\\/es\\\/#\\\/schema\\\/person\\\/e777c87fa024e57d40170af9df39882c\",\"name\":\"Cope Alcoy\",\"image\":{\"@type\":\"ImageObject\",\"inLanguage\":\"es\",\"@id\":\"https:\\\/\\\/secure.gravatar.com\\\/avatar\\\/bb65d0283347e303893ba14f0692005417c1e0e690a325a4c5d8bb2b3943ee14?s=96&d=mm&r=g\",\"url\":\"https:\\\/\\\/secure.gravatar.com\\\/avatar\\\/bb65d0283347e303893ba14f0692005417c1e0e690a325a4c5d8bb2b3943ee14?s=96&d=mm&r=g\",\"contentUrl\":\"https:\\\/\\\/secure.gravatar.com\\\/avatar\\\/bb65d0283347e303893ba14f0692005417c1e0e690a325a4c5d8bb2b3943ee14?s=96&d=mm&r=g\",\"caption\":\"Cope Alcoy\"}}]}<\/script>\n<!-- \/ Yoast SEO plugin. -->","yoast_head_json":{"title":"El asfaltado de la rotonda norte de Alcoy puede complicar la circulaci\u00f3n esta semana - COPE Alcoy","description":"Los trabajos de asfaltado de la rotonda norte de Alcoy van a provocar afecciones en la circulaci\u00f3n entre hoy y ma\u00f1ana","robots":{"index":"index","follow":"follow","max-snippet":"max-snippet:-1","max-image-preview":"max-image-preview:large","max-video-preview":"max-video-preview:-1"},"canonical":"https:\/\/www.copealcoy.es\/es\/el-asfaltado-de-la-rotonda-norte-de-alcoy-puede-complicar-la-circulacion-esta-semana\/","og_locale":"es_ES","og_type":"article","og_title":"El asfaltado de la rotonda norte de Alcoy puede complicar la circulaci\u00f3n esta semana - COPE Alcoy","og_description":"Los trabajos de asfaltado de la rotonda norte de Alcoy van a provocar afecciones en la circulaci\u00f3n entre hoy y ma\u00f1ana","og_url":"https:\/\/www.copealcoy.es\/es\/el-asfaltado-de-la-rotonda-norte-de-alcoy-puede-complicar-la-circulacion-esta-semana\/","og_site_name":"COPE Alcoy","article_published_time":"2024-01-30T10:31:48+00:00","article_modified_time":"2024-01-30T10:33:31+00:00","og_image":[{"width":1440,"height":1080,"url":"https:\/\/www.copealcoy.es\/wp-content\/uploads\/2024\/01\/Rotonda-nord.jpeg","type":"image\/jpeg"}],"author":"Cope Alcoy","twitter_misc":{"Escrito por":"Cope Alcoy","Tiempo de lectura":"2 minutos"},"schema":{"@context":"https:\/\/schema.org","@graph":[{"@type":"Article","@id":"https:\/\/www.copealcoy.es\/es\/el-asfaltado-de-la-rotonda-norte-de-alcoy-puede-complicar-la-circulacion-esta-semana\/#article","isPartOf":{"@id":"https:\/\/www.copealcoy.es\/es\/el-asfaltado-de-la-rotonda-norte-de-alcoy-puede-complicar-la-circulacion-esta-semana\/"},"author":{"name":"Cope Alcoy","@id":"https:\/\/www.copealcoy.es\/es\/#\/schema\/person\/e777c87fa024e57d40170af9df39882c"},"headline":"El asfaltado de la rotonda norte de Alcoy puede complicar la circulaci\u00f3n esta semana","datePublished":"2024-01-30T10:31:48+00:00","dateModified":"2024-01-30T10:33:31+00:00","mainEntityOfPage":{"@id":"https:\/\/www.copealcoy.es\/es\/el-asfaltado-de-la-rotonda-norte-de-alcoy-puede-complicar-la-circulacion-esta-semana\/"},"wordCount":376,"commentCount":0,"image":{"@id":"https:\/\/www.copealcoy.es\/es\/el-asfaltado-de-la-rotonda-norte-de-alcoy-puede-complicar-la-circulacion-esta-semana\/#primaryimage"},"thumbnailUrl":"https:\/\/www.copealcoy.es\/wp-content\/uploads\/2024\/01\/Rotonda-nord.jpeg","keywords":["Alcoy","asfaltado","finalizaci\u00f3n","Obras","rotonda norte"],"articleSection":["Actualidad","Alcoy","Noticias","Portada"],"inLanguage":"es"},{"@type":"WebPage","@id":"https:\/\/www.copealcoy.es\/es\/el-asfaltado-de-la-rotonda-norte-de-alcoy-puede-complicar-la-circulacion-esta-semana\/","url":"https:\/\/www.copealcoy.es\/es\/el-asfaltado-de-la-rotonda-norte-de-alcoy-puede-complicar-la-circulacion-esta-semana\/","name":"El asfaltado de la rotonda norte de Alcoy puede complicar la circulaci\u00f3n esta semana - COPE Alcoy","isPartOf":{"@id":"https:\/\/www.copealcoy.es\/es\/#website"},"primaryImageOfPage":{"@id":"https:\/\/www.copealcoy.es\/es\/el-asfaltado-de-la-rotonda-norte-de-alcoy-puede-complicar-la-circulacion-esta-semana\/#primaryimage"},"image":{"@id":"https:\/\/www.copealcoy.es\/es\/el-asfaltado-de-la-rotonda-norte-de-alcoy-puede-complicar-la-circulacion-esta-semana\/#primaryimage"},"thumbnailUrl":"https:\/\/www.copealcoy.es\/wp-content\/uploads\/2024\/01\/Rotonda-nord.jpeg","datePublished":"2024-01-30T10:31:48+00:00","dateModified":"2024-01-30T10:33:31+00:00","author":{"@id":"https:\/\/www.copealcoy.es\/es\/#\/schema\/person\/e777c87fa024e57d40170af9df39882c"},"description":"Los trabajos de asfaltado de la rotonda norte de Alcoy van a provocar afecciones en la circulaci\u00f3n entre hoy y ma\u00f1ana","breadcrumb":{"@id":"https:\/\/www.copealcoy.es\/es\/el-asfaltado-de-la-rotonda-norte-de-alcoy-puede-complicar-la-circulacion-esta-semana\/#breadcrumb"},"inLanguage":"es","potentialAction":[{"@type":"ReadAction","target":["https:\/\/www.copealcoy.es\/es\/el-asfaltado-de-la-rotonda-norte-de-alcoy-puede-complicar-la-circulacion-esta-semana\/"]}]},{"@type":"ImageObject","inLanguage":"es","@id":"https:\/\/www.copealcoy.es\/es\/el-asfaltado-de-la-rotonda-norte-de-alcoy-puede-complicar-la-circulacion-esta-semana\/#primaryimage","url":"https:\/\/www.copealcoy.es\/wp-content\/uploads\/2024\/01\/Rotonda-nord.jpeg","contentUrl":"https:\/\/www.copealcoy.es\/wp-content\/uploads\/2024\/01\/Rotonda-nord.jpeg","width":1440,"height":1080},{"@type":"BreadcrumbList","@id":"https:\/\/www.copealcoy.es\/es\/el-asfaltado-de-la-rotonda-norte-de-alcoy-puede-complicar-la-circulacion-esta-semana\/#breadcrumb","itemListElement":[{"@type":"ListItem","position":1,"name":"Portada","item":"https:\/\/www.copealcoy.es\/es\/"},{"@type":"ListItem","position":2,"name":"El asfaltado de la rotonda norte de Alcoy puede complicar la circulaci\u00f3n esta semana"}]},{"@type":"WebSite","@id":"https:\/\/www.copealcoy.es\/es\/#website","url":"https:\/\/www.copealcoy.es\/es\/","name":"COPE Alcoy","description":"Emisora COPE de radio local con emisi\u00f3n online. Pont de Sant Jordi 8-10 03803 Alcoy","potentialAction":[{"@type":"SearchAction","target":{"@type":"EntryPoint","urlTemplate":"https:\/\/www.copealcoy.es\/es\/?s={search_term_string}"},"query-input":{"@type":"PropertyValueSpecification","valueRequired":true,"valueName":"search_term_string"}}],"inLanguage":"es"},{"@type":"Person","@id":"https:\/\/www.copealcoy.es\/es\/#\/schema\/person\/e777c87fa024e57d40170af9df39882c","name":"Cope Alcoy","image":{"@type":"ImageObject","inLanguage":"es","@id":"https:\/\/secure.gravatar.com\/avatar\/bb65d0283347e303893ba14f0692005417c1e0e690a325a4c5d8bb2b3943ee14?s=96&d=mm&r=g","url":"https:\/\/secure.gravatar.com\/avatar\/bb65d0283347e303893ba14f0692005417c1e0e690a325a4c5d8bb2b3943ee14?s=96&d=mm&r=g","contentUrl":"https:\/\/secure.gravatar.com\/avatar\/bb65d0283347e303893ba14f0692005417c1e0e690a325a4c5d8bb2b3943ee14?s=96&d=mm&r=g","caption":"Cope Alcoy"}}]}},"_links":{"self":[{"href":"https:\/\/www.copealcoy.es\/es\/wp-json\/wp\/v2\/posts\/128749","targetHints":{"allow":["GET"]}}],"collection":[{"href":"https:\/\/www.copealcoy.es\/es\/wp-json\/wp\/v2\/posts"}],"about":[{"href":"https:\/\/www.copealcoy.es\/es\/wp-json\/wp\/v2\/types\/post"}],"author":[{"embeddable":true,"href":"https:\/\/www.copealcoy.es\/es\/wp-json\/wp\/v2\/users\/1"}],"replies":[{"embeddable":true,"href":"https:\/\/www.copealcoy.es\/es\/wp-json\/wp\/v2\/comments?post=128749"}],"version-history":[{"count":0,"href":"https:\/\/www.copealcoy.es\/es\/wp-json\/wp\/v2\/posts\/128749\/revisions"}],"wp:featuredmedia":[{"embeddable":true,"href":"https:\/\/www.copealcoy.es\/es\/wp-json\/wp\/v2\/media\/128750"}],"wp:attachment":[{"href":"https:\/\/www.copealcoy.es\/es\/wp-json\/wp\/v2\/media?parent=128749"}],"wp:term":[{"taxonomy":"category","embeddable":true,"href":"https:\/\/www.copealcoy.es\/es\/wp-json\/wp\/v2\/categories?post=128749"},{"taxonomy":"post_tag","embeddable":true,"href":"https:\/\/www.copealcoy.es\/es\/wp-json\/wp\/v2\/tags?post=128749"}],"curies":[{"name":"wp","href":"https:\/\/api.w.org\/{rel}","templated":true}]}}