{"id":128712,"date":"2024-01-29T10:42:08","date_gmt":"2024-01-29T09:42:08","guid":{"rendered":"https:\/\/www.copealcoy.es\/?p=128712"},"modified":"2024-01-29T10:59:20","modified_gmt":"2024-01-29T09:59:20","slug":"ultra-mediterrania-union-alcoyana-seguros-se-consolida-con-cifras-record","status":"publish","type":"post","link":"https:\/\/www.copealcoy.es\/es\/ultra-mediterrania-union-alcoyana-seguros-se-consolida-con-cifras-record\/","title":{"rendered":"Ultra Mediterr\u00e0nia Uni\u00f3n Alcoyana Seguros se consolida con cifras r\u00e9cord"},"content":{"rendered":"<p style=\"text-align: justify;\">Ayer domingo <strong>finaliz\u00f3 la edici\u00f3n 2024 de <a href=\"https:\/\/www.facebook.com\/UltraMediterrania\" target=\"_blank\" rel=\"noopener\"><span style=\"color: #0000ff;\">Ultra Mediterr\u00e0nia Uni\u00f3n Alcoyana Seguros<\/span><\/a><\/strong>,\u00a0un gran evento de <em>trail running<\/em> \u00fanico a nivel de la Comunitat Valenciana que ha tenido tambi\u00e9n <strong>una notoria repercusi\u00f3n internacional<\/strong> al haberse inscrito en el mismo participantes procedentes de hasta m\u00e1s de 22 nacionalidades. En esta ocasi\u00f3n <strong>han tomado parte 1.200 corredores<\/strong> y la prueba <strong>ha recorrido diferentes poblaciones de nuestras comarcas<\/strong> teniendo los participantes una gran acogida en los puntos de avituallamiento.<\/p>\n<p style=\"text-align: justify;\">El <strong>viernes<\/strong>, con una temperatura inusual para la fecha, los corredores iniciaban su aventura en la Pla\u00e7a Ferr\u00e0ndiz i Carbonell de Alcoy, punto este \u00faltimo que ha servido de salida y meta para los corredores. El circuito vari\u00f3 ligeramente respecto al anterior porque la poblaci\u00f3n de Beniatjar se incluy\u00f3 en el recorrido, por este motivo al n\u00famero de kil\u00f3metros tambi\u00e9n aument\u00f3. El viaje para estos 60 participantes de diferentes lugares y nacionalidades fue tan duro que s\u00f3lo 29 de ellos lograron llegar a su destino final. El franc\u00e9s afincado en Suiza Martin Perrier fue el primero en lograr su objetivo tras 23 largas horas y 11 minutos y una emotiva entrada en meta. Santiago Garcia Soria de Cuenca y Sidharta Garcia Martinez, de Villar del Arzobispo, llegaba en segundo y tercer lugar con 23:37:00 y 24:01:47 a sus espaldas respectivamente.<\/p>\n<p style=\"text-align: justify;\">Otra de las entradas m\u00e1s emotivas fue la del equipo mixto formado por Laura Irina S\u00e1nchez, anterior ganadora de Stages en 2023, y Fran Iborra Soria que corrieron juntos 29 horas y 44 minutos. Pero adem\u00e1s de Irina, Alicia Chaveli Peris de Alzira fue la \u00fanica mujer en completar la carrera con un tiempo de 31:40.La aventura Ultra se cerraba con el \u00faltimo corredor en meta a las 5.10h de la madrugada del s\u00e1bado y con 39 horas 11 minutos acumulados.<\/p>\n<p style=\"text-align: justify;\">Pero Ultramediterr\u00e0nia no s\u00f3lo es el Ultra, sino que muchas otras modalidades se suceden a lo largo del fin de semana. Tras la emocionante salida de los 166Km, el equipo organizador se moviliz\u00f3 hacia Banyeres de Mariola donde ten\u00eda lugar el Kil\u00f3metro Vertical con m\u00e1s de 100 inscritos.<\/p>\n<p style=\"text-align: justify;\">La \u00e9lite noruega Eli Anne Dvergsdal, ganadora del Kil\u00f3metro Vertical y Expert 24K la pasada edici\u00f3n 2023, volvi\u00f3 a ser la ganadora femenina en categor\u00eda absoluta con un tiempo de 28 minutos y 44 segundos, 56 segundos menos que en 2023. La corredora local Alba Sanegre del equipo Lurbel se posicion\u00f3 en segundo lugar con un tiempo de 29:37 y en tercer lugar la gaditana In\u00e9s Marrah\u00ed Gomez con 33:59. Samu Heiska de Finlandia logr\u00f3 primera posici\u00f3n absoluta con 24 minutos y 06 segundos, seguido del joven promesa catal\u00e1n Jan Ballb\u00e8 P\u00e9res de Isard.run con 24:54 y Ra\u00fal Romero Moreno de Trail Running Onil con 25:17.<\/p>\n<p style=\"text-align: justify;\">El <strong>s\u00e1bado<\/strong> tuvo lugar el marat\u00f3n Max 46K con salida un Muro de Alcoy. Una salida muy r\u00e1pida y emocionante con mucho nivel de la mano de los rumanos Ionel Cristian Manole, Raul Butaci y Ana Cristina Constanin, el catal\u00e1n Iv\u00e1n Moreno Torra, David Belda, el alcoyano Javi Gomicia y Jan Ballb\u00e9 de nuevo, entre m\u00e1s de 400 corredores de gran nivel. A pesar del calor que jug\u00f3 una mala pasada a muchos a partir del kil\u00f3metro 26, el \u00e9lite Ionel Cristian Manole lleg\u00f3 el primero a meta en Alcoy con un tiempo de 3 horas, 59 minutos y 46 segundos a una velocidad de 5.12 km\/hora. Raul Butaci de BigK Team lleg\u00f3 7 minutos despu\u00e9s seguido en tercer lugar por Iv\u00e1n Moreno Torra, del equipo KH7, con un tiempo de 4:12:57. El podio femenino lo completaron la valenciana Ariadna Mataix Mart\u00ednez con 5 horas 32 minutos, Ana Cristina Constantini con 5:50:22 y de nuevo In\u00e9s Marrah\u00ed Gomez con 5:59:46.<\/p>\n<p style=\"text-align: justify;\">Y ayer <strong>domingo<\/strong> se cerraba la competici\u00f3n con dos nuevas modalidades, la media marat\u00f3n 24K que iniciaba a las 9.00 y Sky, una nueva incorporaci\u00f3n de 16Km con inicio a las 10.00h. De entre los m\u00e1s de 300 participantes de la SKY 16K, el corredor de \u00e9lite murciano Pablo Bautista de Nnormal sorprendi\u00f3 por su velocidad, 3,59 km\/h, y en 59 minutos y 45 segundos se proclamaba campe\u00f3n absoluto masculino. Bruno Deltoro Sabater de Villar del\u00a0 Arzobisbo lleg\u00f3 segundo con 1:06 y Adri\u00e1n Herrer\u00edas Blanes de Muro fue tercero con un tiempo de 1:07. El equipo femenino de Lurbel con Mar\u00eda Fuentes Olcina y Alba Sanegre consigui\u00f3 oro y plata respectivamente, con unos tiempos de 1:10:49 y 1:16:19. El podio fue completado por Mar\u00eda Millana Cortell, corredora de Gand\u00eda, con 1:21:49.<\/p>\n<p style=\"text-align: justify;\">Uno de los momentos m\u00e1s re\u00f1idos de la ma\u00f1ana lo ofrecieron\u00a0 4 corredores que entraron pr\u00e1cticamente juntos en meta. El finland\u00e9s Samu Heiska y el corredor local Emili Sell\u00e9s compartieron primera posici\u00f3n con 2 horas, 6 minutos y 45 segundos. Samu Heiska no fue el \u00fanico en repetir podio, y Jan Ballb\u00e9 consigui\u00f3 de nuevo una segunda posici\u00f3n con un segundo de diferencia respecto a los primeros. En tercer lugar qued\u00f3 Pablo Val Polo de Yecla. La ilicitana Anna Vicente con 2 horas y 43 minutos consigui\u00f3 la primera posici\u00f3n, seguida de Nuria Pinar de Club Dark Trail Running Alicante con 2:44 y Eva Fern\u00e1ndez del Paterna Runners Club con 2:48.<\/p>\n<p style=\"text-align: justify;\">Por \u00faltimo, la prueba Stages que se compone del acumulado de Kil\u00f3metro Vertical, Max 46K y Expert 24K tuvo dos ganadores absolutos. De nuevo, Jan Ballb\u00e9 e In\u00e9s Marrah\u00ed Gomez, subieron al podio por tercera vez.<\/p>\n<p><em>Imagen:<\/em> Rafa Romero<\/p>\n","protected":false},"excerpt":{"rendered":"<p>Ayer domingo finaliz\u00f3 la edici\u00f3n 2024 de Ultra Mediterr\u00e0nia Uni\u00f3n Alcoyana Seguros,\u00a0un gran evento de trail running \u00fanico a nivel&#8230;<\/p>\n","protected":false},"author":1,"featured_media":128714,"comment_status":"open","ping_status":"open","sticky":false,"template":"","format":"standard","meta":{"footnotes":""},"categories":[6909,97,92,75],"tags":[1494,1495,966,15868,1534],"class_list":["post-128712","post","type-post","status-publish","format-standard","has-post-thumbnail","hentry","category-actualidad","category-alcoy","category-deportes","category-noticias","tag-alcoy","tag-comarcas","tag-competicion","tag-ultramediterrania","tag-union-alcoyana-seguros"],"yoast_head":"<!-- This site is optimized with the Yoast SEO plugin v27.3 - https:\/\/yoast.com\/product\/yoast-seo-wordpress\/ -->\n<title>Ultra Mediterr\u00e0nia Uni\u00f3n Alcoyana Seguros se consolida con cifras r\u00e9cord - COPE Alcoy<\/title>\n<meta name=\"description\" content=\"Ayer domingo finaliz\u00f3 la edici\u00f3n 2024 de Ultra Mediterr\u00e0nia Uni\u00f3n Alcoyana Seguros, un evento que ha tenido una gran repercusi\u00f3n\" \/>\n<meta name=\"robots\" content=\"index, follow, max-snippet:-1, max-image-preview:large, max-video-preview:-1\" \/>\n<link rel=\"canonical\" href=\"https:\/\/www.copealcoy.es\/es\/ultra-mediterrania-union-alcoyana-seguros-se-consolida-con-cifras-record\/\" \/>\n<meta property=\"og:locale\" content=\"es_ES\" \/>\n<meta property=\"og:type\" content=\"article\" \/>\n<meta property=\"og:title\" content=\"Ultra Mediterr\u00e0nia Uni\u00f3n Alcoyana Seguros se consolida con cifras r\u00e9cord - COPE Alcoy\" \/>\n<meta property=\"og:description\" content=\"Ayer domingo finaliz\u00f3 la edici\u00f3n 2024 de Ultra Mediterr\u00e0nia Uni\u00f3n Alcoyana Seguros, un evento que ha tenido una gran repercusi\u00f3n\" \/>\n<meta property=\"og:url\" content=\"https:\/\/www.copealcoy.es\/es\/ultra-mediterrania-union-alcoyana-seguros-se-consolida-con-cifras-record\/\" \/>\n<meta property=\"og:site_name\" content=\"COPE Alcoy\" \/>\n<meta property=\"article:published_time\" content=\"2024-01-29T09:42:08+00:00\" \/>\n<meta property=\"article:modified_time\" content=\"2024-01-29T09:59:20+00:00\" \/>\n<meta property=\"og:image\" content=\"https:\/\/www.copealcoy.es\/wp-content\/uploads\/2024\/01\/421598152_17943739826769552_835514341119994457_n-e1706521435198.jpg\" \/>\n\t<meta property=\"og:image:width\" content=\"640\" \/>\n\t<meta property=\"og:image:height\" content=\"427\" \/>\n\t<meta property=\"og:image:type\" content=\"image\/jpeg\" \/>\n<meta name=\"author\" content=\"Cope Alcoy\" \/>\n<meta name=\"twitter:label1\" content=\"Escrito por\" \/>\n\t<meta name=\"twitter:data1\" content=\"Cope Alcoy\" \/>\n\t<meta name=\"twitter:label2\" content=\"Tiempo de lectura\" \/>\n\t<meta name=\"twitter:data2\" content=\"5 minutos\" \/>\n<script type=\"application\/ld+json\" class=\"yoast-schema-graph\">{\"@context\":\"https:\\\/\\\/schema.org\",\"@graph\":[{\"@type\":\"Article\",\"@id\":\"https:\\\/\\\/www.copealcoy.es\\\/es\\\/ultra-mediterrania-union-alcoyana-seguros-se-consolida-con-cifras-record\\\/#article\",\"isPartOf\":{\"@id\":\"https:\\\/\\\/www.copealcoy.es\\\/es\\\/ultra-mediterrania-union-alcoyana-seguros-se-consolida-con-cifras-record\\\/\"},\"author\":{\"name\":\"Cope Alcoy\",\"@id\":\"https:\\\/\\\/www.copealcoy.es\\\/es\\\/#\\\/schema\\\/person\\\/e777c87fa024e57d40170af9df39882c\"},\"headline\":\"Ultra Mediterr\u00e0nia Uni\u00f3n Alcoyana Seguros se consolida con cifras r\u00e9cord\",\"datePublished\":\"2024-01-29T09:42:08+00:00\",\"dateModified\":\"2024-01-29T09:59:20+00:00\",\"mainEntityOfPage\":{\"@id\":\"https:\\\/\\\/www.copealcoy.es\\\/es\\\/ultra-mediterrania-union-alcoyana-seguros-se-consolida-con-cifras-record\\\/\"},\"wordCount\":917,\"commentCount\":0,\"image\":{\"@id\":\"https:\\\/\\\/www.copealcoy.es\\\/es\\\/ultra-mediterrania-union-alcoyana-seguros-se-consolida-con-cifras-record\\\/#primaryimage\"},\"thumbnailUrl\":\"https:\\\/\\\/www.copealcoy.es\\\/wp-content\\\/uploads\\\/2024\\\/01\\\/421598152_17943739826769552_835514341119994457_n-e1706521435198.jpg\",\"keywords\":[\"Alcoy\",\"Comarcas\",\"Competici\u00f3n\",\"Ultramediterr\u00e0nia\",\"Uni\u00f3n Alcoyana Seguros\"],\"articleSection\":[\"Actualidad\",\"Alcoy\",\"Deportes\",\"Noticias\"],\"inLanguage\":\"es\"},{\"@type\":\"WebPage\",\"@id\":\"https:\\\/\\\/www.copealcoy.es\\\/es\\\/ultra-mediterrania-union-alcoyana-seguros-se-consolida-con-cifras-record\\\/\",\"url\":\"https:\\\/\\\/www.copealcoy.es\\\/es\\\/ultra-mediterrania-union-alcoyana-seguros-se-consolida-con-cifras-record\\\/\",\"name\":\"Ultra Mediterr\u00e0nia Uni\u00f3n Alcoyana Seguros se consolida con cifras r\u00e9cord - COPE Alcoy\",\"isPartOf\":{\"@id\":\"https:\\\/\\\/www.copealcoy.es\\\/es\\\/#website\"},\"primaryImageOfPage\":{\"@id\":\"https:\\\/\\\/www.copealcoy.es\\\/es\\\/ultra-mediterrania-union-alcoyana-seguros-se-consolida-con-cifras-record\\\/#primaryimage\"},\"image\":{\"@id\":\"https:\\\/\\\/www.copealcoy.es\\\/es\\\/ultra-mediterrania-union-alcoyana-seguros-se-consolida-con-cifras-record\\\/#primaryimage\"},\"thumbnailUrl\":\"https:\\\/\\\/www.copealcoy.es\\\/wp-content\\\/uploads\\\/2024\\\/01\\\/421598152_17943739826769552_835514341119994457_n-e1706521435198.jpg\",\"datePublished\":\"2024-01-29T09:42:08+00:00\",\"dateModified\":\"2024-01-29T09:59:20+00:00\",\"author\":{\"@id\":\"https:\\\/\\\/www.copealcoy.es\\\/es\\\/#\\\/schema\\\/person\\\/e777c87fa024e57d40170af9df39882c\"},\"description\":\"Ayer domingo finaliz\u00f3 la edici\u00f3n 2024 de Ultra Mediterr\u00e0nia Uni\u00f3n Alcoyana Seguros, un evento que ha tenido una gran repercusi\u00f3n\",\"breadcrumb\":{\"@id\":\"https:\\\/\\\/www.copealcoy.es\\\/es\\\/ultra-mediterrania-union-alcoyana-seguros-se-consolida-con-cifras-record\\\/#breadcrumb\"},\"inLanguage\":\"es\",\"potentialAction\":[{\"@type\":\"ReadAction\",\"target\":[\"https:\\\/\\\/www.copealcoy.es\\\/es\\\/ultra-mediterrania-union-alcoyana-seguros-se-consolida-con-cifras-record\\\/\"]}]},{\"@type\":\"ImageObject\",\"inLanguage\":\"es\",\"@id\":\"https:\\\/\\\/www.copealcoy.es\\\/es\\\/ultra-mediterrania-union-alcoyana-seguros-se-consolida-con-cifras-record\\\/#primaryimage\",\"url\":\"https:\\\/\\\/www.copealcoy.es\\\/wp-content\\\/uploads\\\/2024\\\/01\\\/421598152_17943739826769552_835514341119994457_n-e1706521435198.jpg\",\"contentUrl\":\"https:\\\/\\\/www.copealcoy.es\\\/wp-content\\\/uploads\\\/2024\\\/01\\\/421598152_17943739826769552_835514341119994457_n-e1706521435198.jpg\",\"width\":640,\"height\":427},{\"@type\":\"BreadcrumbList\",\"@id\":\"https:\\\/\\\/www.copealcoy.es\\\/es\\\/ultra-mediterrania-union-alcoyana-seguros-se-consolida-con-cifras-record\\\/#breadcrumb\",\"itemListElement\":[{\"@type\":\"ListItem\",\"position\":1,\"name\":\"Portada\",\"item\":\"https:\\\/\\\/www.copealcoy.es\\\/es\\\/\"},{\"@type\":\"ListItem\",\"position\":2,\"name\":\"Ultra Mediterr\u00e0nia Uni\u00f3n Alcoyana Seguros se consolida con cifras r\u00e9cord\"}]},{\"@type\":\"WebSite\",\"@id\":\"https:\\\/\\\/www.copealcoy.es\\\/es\\\/#website\",\"url\":\"https:\\\/\\\/www.copealcoy.es\\\/es\\\/\",\"name\":\"COPE Alcoy\",\"description\":\"Emisora COPE de radio local con emisi\u00f3n online. Pont de Sant Jordi 8-10 03803 Alcoy\",\"potentialAction\":[{\"@type\":\"SearchAction\",\"target\":{\"@type\":\"EntryPoint\",\"urlTemplate\":\"https:\\\/\\\/www.copealcoy.es\\\/es\\\/?s={search_term_string}\"},\"query-input\":{\"@type\":\"PropertyValueSpecification\",\"valueRequired\":true,\"valueName\":\"search_term_string\"}}],\"inLanguage\":\"es\"},{\"@type\":\"Person\",\"@id\":\"https:\\\/\\\/www.copealcoy.es\\\/es\\\/#\\\/schema\\\/person\\\/e777c87fa024e57d40170af9df39882c\",\"name\":\"Cope Alcoy\",\"image\":{\"@type\":\"ImageObject\",\"inLanguage\":\"es\",\"@id\":\"https:\\\/\\\/secure.gravatar.com\\\/avatar\\\/bb65d0283347e303893ba14f0692005417c1e0e690a325a4c5d8bb2b3943ee14?s=96&d=mm&r=g\",\"url\":\"https:\\\/\\\/secure.gravatar.com\\\/avatar\\\/bb65d0283347e303893ba14f0692005417c1e0e690a325a4c5d8bb2b3943ee14?s=96&d=mm&r=g\",\"contentUrl\":\"https:\\\/\\\/secure.gravatar.com\\\/avatar\\\/bb65d0283347e303893ba14f0692005417c1e0e690a325a4c5d8bb2b3943ee14?s=96&d=mm&r=g\",\"caption\":\"Cope Alcoy\"}}]}<\/script>\n<!-- \/ Yoast SEO plugin. -->","yoast_head_json":{"title":"Ultra Mediterr\u00e0nia Uni\u00f3n Alcoyana Seguros se consolida con cifras r\u00e9cord - COPE Alcoy","description":"Ayer domingo finaliz\u00f3 la edici\u00f3n 2024 de Ultra Mediterr\u00e0nia Uni\u00f3n Alcoyana Seguros, un evento que ha tenido una gran repercusi\u00f3n","robots":{"index":"index","follow":"follow","max-snippet":"max-snippet:-1","max-image-preview":"max-image-preview:large","max-video-preview":"max-video-preview:-1"},"canonical":"https:\/\/www.copealcoy.es\/es\/ultra-mediterrania-union-alcoyana-seguros-se-consolida-con-cifras-record\/","og_locale":"es_ES","og_type":"article","og_title":"Ultra Mediterr\u00e0nia Uni\u00f3n Alcoyana Seguros se consolida con cifras r\u00e9cord - COPE Alcoy","og_description":"Ayer domingo finaliz\u00f3 la edici\u00f3n 2024 de Ultra Mediterr\u00e0nia Uni\u00f3n Alcoyana Seguros, un evento que ha tenido una gran repercusi\u00f3n","og_url":"https:\/\/www.copealcoy.es\/es\/ultra-mediterrania-union-alcoyana-seguros-se-consolida-con-cifras-record\/","og_site_name":"COPE Alcoy","article_published_time":"2024-01-29T09:42:08+00:00","article_modified_time":"2024-01-29T09:59:20+00:00","og_image":[{"width":640,"height":427,"url":"https:\/\/www.copealcoy.es\/wp-content\/uploads\/2024\/01\/421598152_17943739826769552_835514341119994457_n-e1706521435198.jpg","type":"image\/jpeg"}],"author":"Cope Alcoy","twitter_misc":{"Escrito por":"Cope Alcoy","Tiempo de lectura":"5 minutos"},"schema":{"@context":"https:\/\/schema.org","@graph":[{"@type":"Article","@id":"https:\/\/www.copealcoy.es\/es\/ultra-mediterrania-union-alcoyana-seguros-se-consolida-con-cifras-record\/#article","isPartOf":{"@id":"https:\/\/www.copealcoy.es\/es\/ultra-mediterrania-union-alcoyana-seguros-se-consolida-con-cifras-record\/"},"author":{"name":"Cope Alcoy","@id":"https:\/\/www.copealcoy.es\/es\/#\/schema\/person\/e777c87fa024e57d40170af9df39882c"},"headline":"Ultra Mediterr\u00e0nia Uni\u00f3n Alcoyana Seguros se consolida con cifras r\u00e9cord","datePublished":"2024-01-29T09:42:08+00:00","dateModified":"2024-01-29T09:59:20+00:00","mainEntityOfPage":{"@id":"https:\/\/www.copealcoy.es\/es\/ultra-mediterrania-union-alcoyana-seguros-se-consolida-con-cifras-record\/"},"wordCount":917,"commentCount":0,"image":{"@id":"https:\/\/www.copealcoy.es\/es\/ultra-mediterrania-union-alcoyana-seguros-se-consolida-con-cifras-record\/#primaryimage"},"thumbnailUrl":"https:\/\/www.copealcoy.es\/wp-content\/uploads\/2024\/01\/421598152_17943739826769552_835514341119994457_n-e1706521435198.jpg","keywords":["Alcoy","Comarcas","Competici\u00f3n","Ultramediterr\u00e0nia","Uni\u00f3n Alcoyana Seguros"],"articleSection":["Actualidad","Alcoy","Deportes","Noticias"],"inLanguage":"es"},{"@type":"WebPage","@id":"https:\/\/www.copealcoy.es\/es\/ultra-mediterrania-union-alcoyana-seguros-se-consolida-con-cifras-record\/","url":"https:\/\/www.copealcoy.es\/es\/ultra-mediterrania-union-alcoyana-seguros-se-consolida-con-cifras-record\/","name":"Ultra Mediterr\u00e0nia Uni\u00f3n Alcoyana Seguros se consolida con cifras r\u00e9cord - COPE Alcoy","isPartOf":{"@id":"https:\/\/www.copealcoy.es\/es\/#website"},"primaryImageOfPage":{"@id":"https:\/\/www.copealcoy.es\/es\/ultra-mediterrania-union-alcoyana-seguros-se-consolida-con-cifras-record\/#primaryimage"},"image":{"@id":"https:\/\/www.copealcoy.es\/es\/ultra-mediterrania-union-alcoyana-seguros-se-consolida-con-cifras-record\/#primaryimage"},"thumbnailUrl":"https:\/\/www.copealcoy.es\/wp-content\/uploads\/2024\/01\/421598152_17943739826769552_835514341119994457_n-e1706521435198.jpg","datePublished":"2024-01-29T09:42:08+00:00","dateModified":"2024-01-29T09:59:20+00:00","author":{"@id":"https:\/\/www.copealcoy.es\/es\/#\/schema\/person\/e777c87fa024e57d40170af9df39882c"},"description":"Ayer domingo finaliz\u00f3 la edici\u00f3n 2024 de Ultra Mediterr\u00e0nia Uni\u00f3n Alcoyana Seguros, un evento que ha tenido una gran repercusi\u00f3n","breadcrumb":{"@id":"https:\/\/www.copealcoy.es\/es\/ultra-mediterrania-union-alcoyana-seguros-se-consolida-con-cifras-record\/#breadcrumb"},"inLanguage":"es","potentialAction":[{"@type":"ReadAction","target":["https:\/\/www.copealcoy.es\/es\/ultra-mediterrania-union-alcoyana-seguros-se-consolida-con-cifras-record\/"]}]},{"@type":"ImageObject","inLanguage":"es","@id":"https:\/\/www.copealcoy.es\/es\/ultra-mediterrania-union-alcoyana-seguros-se-consolida-con-cifras-record\/#primaryimage","url":"https:\/\/www.copealcoy.es\/wp-content\/uploads\/2024\/01\/421598152_17943739826769552_835514341119994457_n-e1706521435198.jpg","contentUrl":"https:\/\/www.copealcoy.es\/wp-content\/uploads\/2024\/01\/421598152_17943739826769552_835514341119994457_n-e1706521435198.jpg","width":640,"height":427},{"@type":"BreadcrumbList","@id":"https:\/\/www.copealcoy.es\/es\/ultra-mediterrania-union-alcoyana-seguros-se-consolida-con-cifras-record\/#breadcrumb","itemListElement":[{"@type":"ListItem","position":1,"name":"Portada","item":"https:\/\/www.copealcoy.es\/es\/"},{"@type":"ListItem","position":2,"name":"Ultra Mediterr\u00e0nia Uni\u00f3n Alcoyana Seguros se consolida con cifras r\u00e9cord"}]},{"@type":"WebSite","@id":"https:\/\/www.copealcoy.es\/es\/#website","url":"https:\/\/www.copealcoy.es\/es\/","name":"COPE Alcoy","description":"Emisora COPE de radio local con emisi\u00f3n online. Pont de Sant Jordi 8-10 03803 Alcoy","potentialAction":[{"@type":"SearchAction","target":{"@type":"EntryPoint","urlTemplate":"https:\/\/www.copealcoy.es\/es\/?s={search_term_string}"},"query-input":{"@type":"PropertyValueSpecification","valueRequired":true,"valueName":"search_term_string"}}],"inLanguage":"es"},{"@type":"Person","@id":"https:\/\/www.copealcoy.es\/es\/#\/schema\/person\/e777c87fa024e57d40170af9df39882c","name":"Cope Alcoy","image":{"@type":"ImageObject","inLanguage":"es","@id":"https:\/\/secure.gravatar.com\/avatar\/bb65d0283347e303893ba14f0692005417c1e0e690a325a4c5d8bb2b3943ee14?s=96&d=mm&r=g","url":"https:\/\/secure.gravatar.com\/avatar\/bb65d0283347e303893ba14f0692005417c1e0e690a325a4c5d8bb2b3943ee14?s=96&d=mm&r=g","contentUrl":"https:\/\/secure.gravatar.com\/avatar\/bb65d0283347e303893ba14f0692005417c1e0e690a325a4c5d8bb2b3943ee14?s=96&d=mm&r=g","caption":"Cope Alcoy"}}]}},"_links":{"self":[{"href":"https:\/\/www.copealcoy.es\/es\/wp-json\/wp\/v2\/posts\/128712","targetHints":{"allow":["GET"]}}],"collection":[{"href":"https:\/\/www.copealcoy.es\/es\/wp-json\/wp\/v2\/posts"}],"about":[{"href":"https:\/\/www.copealcoy.es\/es\/wp-json\/wp\/v2\/types\/post"}],"author":[{"embeddable":true,"href":"https:\/\/www.copealcoy.es\/es\/wp-json\/wp\/v2\/users\/1"}],"replies":[{"embeddable":true,"href":"https:\/\/www.copealcoy.es\/es\/wp-json\/wp\/v2\/comments?post=128712"}],"version-history":[{"count":0,"href":"https:\/\/www.copealcoy.es\/es\/wp-json\/wp\/v2\/posts\/128712\/revisions"}],"wp:featuredmedia":[{"embeddable":true,"href":"https:\/\/www.copealcoy.es\/es\/wp-json\/wp\/v2\/media\/128714"}],"wp:attachment":[{"href":"https:\/\/www.copealcoy.es\/es\/wp-json\/wp\/v2\/media?parent=128712"}],"wp:term":[{"taxonomy":"category","embeddable":true,"href":"https:\/\/www.copealcoy.es\/es\/wp-json\/wp\/v2\/categories?post=128712"},{"taxonomy":"post_tag","embeddable":true,"href":"https:\/\/www.copealcoy.es\/es\/wp-json\/wp\/v2\/tags?post=128712"}],"curies":[{"name":"wp","href":"https:\/\/api.w.org\/{rel}","templated":true}]}}