{"id":128517,"date":"2024-01-23T07:30:15","date_gmt":"2024-01-23T06:30:15","guid":{"rendered":"https:\/\/www.copealcoy.es\/?p=128517"},"modified":"2024-01-23T10:36:42","modified_gmt":"2024-01-23T09:36:42","slug":"informativo-matinal-martes-23-de-enero-2024-0750h","status":"publish","type":"post","link":"https:\/\/www.copealcoy.es\/es\/informativo-matinal-martes-23-de-enero-2024-0750h\/","title":{"rendered":"Informativo matinal martes 23 de enero 2024 (07:50h)"},"content":{"rendered":"<p><iframe loading=\"lazy\" title=\"Informatiu Matinal Dimarts 23 De Gener 2024 (07:50h)\" width=\"100%\" height=\"120\" src=\"https:\/\/www.mixcloud.com\/widget\/iframe\/?feed=https%3A%2F%2Fwww.mixcloud.com%2FCOPEAlcoy%2Finformatiu-matinal-dimarts-23-de-gener-2024-0750h%2F&amp;hide_cover=1\" frameborder=\"0\"><\/iframe><\/p>\n<p style=\"text-align: justify;\">Hoy martes te hemos contado que <strong>una empresa alcoyana dar\u00e1 un nuevo uso a los &#8216;pellets&#8217;<\/strong> que se est\u00e1n recogiendo estos d\u00edas en la costa gallega. Tambi\u00e9n hemos hablado de <strong>la p\u00e9rdida de empresas<\/strong> que sufre Alcoy.<\/p>\n<div class=\"entry-content-wrapper clearfix\">\n<div class=\"entry-content clearfix\">\n<p style=\"text-align: justify;\">Alcoy\u00a0<strong>cerr\u00f3 el a\u00f1o 2023<\/strong>\u00a0con\u00a0<strong>un total de 17.484 personas afiliadas a la Seguridad Social<\/strong>, un dato que es\u00a0<strong>el m\u00e1s alto de los \u00faltimos quince a\u00f1os<\/strong>\u00a0seg\u00fan insisten en se\u00f1alar desde el gobierno local. Pese a estas cifras han bajado las empresas y en concreto\u00a0<strong>la ciudad perdi\u00f3 239 en el a\u00f1o que acaba de terminar<\/strong>\u00a0tal y como han remarcado en los \u00faltimos d\u00edas desde el Partido Popular.<\/p>\n<p style=\"text-align: justify;\">Los datos del\u00a0<span style=\"color: #0000ff;\"><a style=\"color: #0000ff;\" href=\"https:\/\/www.inclusion.gob.es\/home\" target=\"_blank\" rel=\"noopener\"><strong>Ministerio de Inclusi\u00f3n, Seguridad Social y Migraciones\u00a0<\/strong><\/a><\/span>revelan que el n\u00famero total de personas trabajando en la ciudad ahora mismo es en mil personas m\u00e1s con respecto a\u00a0<strong>2018<\/strong>, fecha en la que hab\u00eda 16.435. Pero este dato todav\u00eda es superior si lo comparamos con\u00a0<strong>2015<\/strong>, 14.622, o con\u00a0<strong>2008<\/strong>\u00a0que hab\u00eda 16.871 antes del estallido de la crisis econ\u00f3mica. Desde el ejecutivo municipal v<strong>en como muy positivos los datos y ponen el acento en que Alcoy se ha convertido en una ciudad atractiva tanto para vivir en ella como para trabajar<\/strong>\u00a0\u00ab<em>la tendencia muestra una reconversi\u00f3n en el sistema econ\u00f3mico de la ciudad, reduci\u00e9ndose el n\u00famero de empresas, pero aumentando el n\u00famero de trabajadores de cada una de ellas, por este motivo, tal como se puede comprobar, Alcoy tiene el n\u00famero de trabajadores y trabajadoras m\u00e1s alto de los \u00faltimos a\u00f1os<\/em>\u00ab, afirma el alcalde;\u00a0<strong>Toni Franc\u00e9s<\/strong>.<\/p>\n<p><span style=\"color: #0000ff;\"><strong>El PP denuncia la p\u00e9rdida constante de empresas<\/strong><\/span><\/p>\n<p style=\"text-align: justify;\">Desde el\u00a0<strong>Partido Popular<\/strong>\u00a0han cuestionado estas cifras y recuerdan que Alcoy ten\u00eda a finales de 2023 un total de 3.665 empresas frente a las 3.904 de 2022. De las industrias perdidas durante el pasado a\u00f1o, 29 son del sector industrial tal y como remarcan desde la formaci\u00f3n pol\u00edtica. La cifra actual se queda en 318, m\u00e1s de un centenar menos que las 429 registradas hace 10 a\u00f1os \u00ab<em>esta gesti\u00f3n del propio gobierno municipal de PSOE y Comprom\u00eds, es el resultado de los titubeos dudas y de la poca transparencia en cuanto a la futura creaci\u00f3n de suelo industrial en nuestro entorno. No basta con crear espacios virtuales como el reciente portal web investinalcoi.com que pretende mostrar los atractivos de la ciudad para las empresas, los empresarios necesitan seguridad, claridad y garant\u00edas para establecer sus empresas en Alcoy<\/em>\u00ab. afirma la edil Lirios Silvestre.<\/p>\n<\/div>\n<\/div>\n<div class=\"entry-meta-footer\"><\/div>\n","protected":false},"excerpt":{"rendered":"<p>Hoy martes te hemos contado que una empresa alcoyana dar\u00e1 un nuevo uso a los &#8216;pellets&#8217; que se est\u00e1n recogiendo&#8230;<\/p>\n","protected":false},"author":1,"featured_media":110612,"comment_status":"open","ping_status":"open","sticky":false,"template":"","format":"standard","meta":{"footnotes":""},"categories":[6909,97,89,91,75],"tags":[],"class_list":["post-128517","post","type-post","status-publish","format-standard","has-post-thumbnail","hentry","category-actualidad","category-alcoy","category-audiosdelosprogramas","category-informativos","category-noticias"],"yoast_head":"<!-- This site is optimized with the Yoast SEO plugin v27.3 - https:\/\/yoast.com\/product\/yoast-seo-wordpress\/ -->\n<title>Informativo matinal martes 23 de enero 2024 (07:50h) - COPE Alcoy<\/title>\n<meta name=\"robots\" content=\"index, follow, max-snippet:-1, max-image-preview:large, max-video-preview:-1\" \/>\n<link rel=\"canonical\" href=\"https:\/\/www.copealcoy.es\/es\/informativo-matinal-martes-23-de-enero-2024-0750h\/\" \/>\n<meta property=\"og:locale\" content=\"es_ES\" \/>\n<meta property=\"og:type\" content=\"article\" \/>\n<meta property=\"og:title\" content=\"Informativo matinal martes 23 de enero 2024 (07:50h) - COPE Alcoy\" \/>\n<meta property=\"og:description\" content=\"Hoy martes te hemos contado que una empresa alcoyana dar\u00e1 un nuevo uso a los &#8216;pellets&#8217; que se est\u00e1n recogiendo...\" \/>\n<meta property=\"og:url\" content=\"https:\/\/www.copealcoy.es\/es\/informativo-matinal-martes-23-de-enero-2024-0750h\/\" \/>\n<meta property=\"og:site_name\" content=\"COPE Alcoy\" \/>\n<meta property=\"article:published_time\" content=\"2024-01-23T06:30:15+00:00\" \/>\n<meta property=\"article:modified_time\" content=\"2024-01-23T09:36:42+00:00\" \/>\n<meta property=\"og:image\" content=\"https:\/\/www.copealcoy.es\/wp-content\/uploads\/2023\/02\/Herrera-en-COPE-Alcoy-4.png\" \/>\n\t<meta property=\"og:image:width\" content=\"357\" \/>\n\t<meta property=\"og:image:height\" content=\"290\" \/>\n\t<meta property=\"og:image:type\" content=\"image\/png\" \/>\n<meta name=\"author\" content=\"Cope Alcoy\" \/>\n<meta name=\"twitter:label1\" content=\"Escrito por\" \/>\n\t<meta name=\"twitter:data1\" content=\"Cope Alcoy\" \/>\n\t<meta name=\"twitter:label2\" content=\"Tiempo de lectura\" \/>\n\t<meta name=\"twitter:data2\" content=\"3 minutos\" \/>\n<script type=\"application\/ld+json\" class=\"yoast-schema-graph\">{\"@context\":\"https:\\\/\\\/schema.org\",\"@graph\":[{\"@type\":\"Article\",\"@id\":\"https:\\\/\\\/www.copealcoy.es\\\/es\\\/informativo-matinal-martes-23-de-enero-2024-0750h\\\/#article\",\"isPartOf\":{\"@id\":\"https:\\\/\\\/www.copealcoy.es\\\/es\\\/informativo-matinal-martes-23-de-enero-2024-0750h\\\/\"},\"author\":{\"name\":\"Cope Alcoy\",\"@id\":\"https:\\\/\\\/www.copealcoy.es\\\/es\\\/#\\\/schema\\\/person\\\/e777c87fa024e57d40170af9df39882c\"},\"headline\":\"Informativo matinal martes 23 de enero 2024 (07:50h)\",\"datePublished\":\"2024-01-23T06:30:15+00:00\",\"dateModified\":\"2024-01-23T09:36:42+00:00\",\"mainEntityOfPage\":{\"@id\":\"https:\\\/\\\/www.copealcoy.es\\\/es\\\/informativo-matinal-martes-23-de-enero-2024-0750h\\\/\"},\"wordCount\":446,\"commentCount\":0,\"image\":{\"@id\":\"https:\\\/\\\/www.copealcoy.es\\\/es\\\/informativo-matinal-martes-23-de-enero-2024-0750h\\\/#primaryimage\"},\"thumbnailUrl\":\"https:\\\/\\\/www.copealcoy.es\\\/wp-content\\\/uploads\\\/2023\\\/02\\\/Herrera-en-COPE-Alcoy-4.png\",\"articleSection\":[\"Actualidad\",\"Alcoy\",\"Audios de los programas\",\"Informativos\",\"Noticias\"],\"inLanguage\":\"es\"},{\"@type\":\"WebPage\",\"@id\":\"https:\\\/\\\/www.copealcoy.es\\\/es\\\/informativo-matinal-martes-23-de-enero-2024-0750h\\\/\",\"url\":\"https:\\\/\\\/www.copealcoy.es\\\/es\\\/informativo-matinal-martes-23-de-enero-2024-0750h\\\/\",\"name\":\"Informativo matinal martes 23 de enero 2024 (07:50h) - COPE Alcoy\",\"isPartOf\":{\"@id\":\"https:\\\/\\\/www.copealcoy.es\\\/es\\\/#website\"},\"primaryImageOfPage\":{\"@id\":\"https:\\\/\\\/www.copealcoy.es\\\/es\\\/informativo-matinal-martes-23-de-enero-2024-0750h\\\/#primaryimage\"},\"image\":{\"@id\":\"https:\\\/\\\/www.copealcoy.es\\\/es\\\/informativo-matinal-martes-23-de-enero-2024-0750h\\\/#primaryimage\"},\"thumbnailUrl\":\"https:\\\/\\\/www.copealcoy.es\\\/wp-content\\\/uploads\\\/2023\\\/02\\\/Herrera-en-COPE-Alcoy-4.png\",\"datePublished\":\"2024-01-23T06:30:15+00:00\",\"dateModified\":\"2024-01-23T09:36:42+00:00\",\"author\":{\"@id\":\"https:\\\/\\\/www.copealcoy.es\\\/es\\\/#\\\/schema\\\/person\\\/e777c87fa024e57d40170af9df39882c\"},\"breadcrumb\":{\"@id\":\"https:\\\/\\\/www.copealcoy.es\\\/es\\\/informativo-matinal-martes-23-de-enero-2024-0750h\\\/#breadcrumb\"},\"inLanguage\":\"es\",\"potentialAction\":[{\"@type\":\"ReadAction\",\"target\":[\"https:\\\/\\\/www.copealcoy.es\\\/es\\\/informativo-matinal-martes-23-de-enero-2024-0750h\\\/\"]}]},{\"@type\":\"ImageObject\",\"inLanguage\":\"es\",\"@id\":\"https:\\\/\\\/www.copealcoy.es\\\/es\\\/informativo-matinal-martes-23-de-enero-2024-0750h\\\/#primaryimage\",\"url\":\"https:\\\/\\\/www.copealcoy.es\\\/wp-content\\\/uploads\\\/2023\\\/02\\\/Herrera-en-COPE-Alcoy-4.png\",\"contentUrl\":\"https:\\\/\\\/www.copealcoy.es\\\/wp-content\\\/uploads\\\/2023\\\/02\\\/Herrera-en-COPE-Alcoy-4.png\",\"width\":357,\"height\":290},{\"@type\":\"BreadcrumbList\",\"@id\":\"https:\\\/\\\/www.copealcoy.es\\\/es\\\/informativo-matinal-martes-23-de-enero-2024-0750h\\\/#breadcrumb\",\"itemListElement\":[{\"@type\":\"ListItem\",\"position\":1,\"name\":\"Portada\",\"item\":\"https:\\\/\\\/www.copealcoy.es\\\/es\\\/\"},{\"@type\":\"ListItem\",\"position\":2,\"name\":\"Informativo matinal martes 23 de enero 2024 (07:50h)\"}]},{\"@type\":\"WebSite\",\"@id\":\"https:\\\/\\\/www.copealcoy.es\\\/es\\\/#website\",\"url\":\"https:\\\/\\\/www.copealcoy.es\\\/es\\\/\",\"name\":\"COPE Alcoy\",\"description\":\"Emisora COPE de radio local con emisi\u00f3n online. Pont de Sant Jordi 8-10 03803 Alcoy\",\"potentialAction\":[{\"@type\":\"SearchAction\",\"target\":{\"@type\":\"EntryPoint\",\"urlTemplate\":\"https:\\\/\\\/www.copealcoy.es\\\/es\\\/?s={search_term_string}\"},\"query-input\":{\"@type\":\"PropertyValueSpecification\",\"valueRequired\":true,\"valueName\":\"search_term_string\"}}],\"inLanguage\":\"es\"},{\"@type\":\"Person\",\"@id\":\"https:\\\/\\\/www.copealcoy.es\\\/es\\\/#\\\/schema\\\/person\\\/e777c87fa024e57d40170af9df39882c\",\"name\":\"Cope Alcoy\",\"image\":{\"@type\":\"ImageObject\",\"inLanguage\":\"es\",\"@id\":\"https:\\\/\\\/secure.gravatar.com\\\/avatar\\\/bb65d0283347e303893ba14f0692005417c1e0e690a325a4c5d8bb2b3943ee14?s=96&d=mm&r=g\",\"url\":\"https:\\\/\\\/secure.gravatar.com\\\/avatar\\\/bb65d0283347e303893ba14f0692005417c1e0e690a325a4c5d8bb2b3943ee14?s=96&d=mm&r=g\",\"contentUrl\":\"https:\\\/\\\/secure.gravatar.com\\\/avatar\\\/bb65d0283347e303893ba14f0692005417c1e0e690a325a4c5d8bb2b3943ee14?s=96&d=mm&r=g\",\"caption\":\"Cope Alcoy\"}}]}<\/script>\n<!-- \/ Yoast SEO plugin. -->","yoast_head_json":{"title":"Informativo matinal martes 23 de enero 2024 (07:50h) - COPE Alcoy","robots":{"index":"index","follow":"follow","max-snippet":"max-snippet:-1","max-image-preview":"max-image-preview:large","max-video-preview":"max-video-preview:-1"},"canonical":"https:\/\/www.copealcoy.es\/es\/informativo-matinal-martes-23-de-enero-2024-0750h\/","og_locale":"es_ES","og_type":"article","og_title":"Informativo matinal martes 23 de enero 2024 (07:50h) - COPE Alcoy","og_description":"Hoy martes te hemos contado que una empresa alcoyana dar\u00e1 un nuevo uso a los &#8216;pellets&#8217; que se est\u00e1n recogiendo...","og_url":"https:\/\/www.copealcoy.es\/es\/informativo-matinal-martes-23-de-enero-2024-0750h\/","og_site_name":"COPE Alcoy","article_published_time":"2024-01-23T06:30:15+00:00","article_modified_time":"2024-01-23T09:36:42+00:00","og_image":[{"width":357,"height":290,"url":"https:\/\/www.copealcoy.es\/wp-content\/uploads\/2023\/02\/Herrera-en-COPE-Alcoy-4.png","type":"image\/png"}],"author":"Cope Alcoy","twitter_misc":{"Escrito por":"Cope Alcoy","Tiempo de lectura":"3 minutos"},"schema":{"@context":"https:\/\/schema.org","@graph":[{"@type":"Article","@id":"https:\/\/www.copealcoy.es\/es\/informativo-matinal-martes-23-de-enero-2024-0750h\/#article","isPartOf":{"@id":"https:\/\/www.copealcoy.es\/es\/informativo-matinal-martes-23-de-enero-2024-0750h\/"},"author":{"name":"Cope Alcoy","@id":"https:\/\/www.copealcoy.es\/es\/#\/schema\/person\/e777c87fa024e57d40170af9df39882c"},"headline":"Informativo matinal martes 23 de enero 2024 (07:50h)","datePublished":"2024-01-23T06:30:15+00:00","dateModified":"2024-01-23T09:36:42+00:00","mainEntityOfPage":{"@id":"https:\/\/www.copealcoy.es\/es\/informativo-matinal-martes-23-de-enero-2024-0750h\/"},"wordCount":446,"commentCount":0,"image":{"@id":"https:\/\/www.copealcoy.es\/es\/informativo-matinal-martes-23-de-enero-2024-0750h\/#primaryimage"},"thumbnailUrl":"https:\/\/www.copealcoy.es\/wp-content\/uploads\/2023\/02\/Herrera-en-COPE-Alcoy-4.png","articleSection":["Actualidad","Alcoy","Audios de los programas","Informativos","Noticias"],"inLanguage":"es"},{"@type":"WebPage","@id":"https:\/\/www.copealcoy.es\/es\/informativo-matinal-martes-23-de-enero-2024-0750h\/","url":"https:\/\/www.copealcoy.es\/es\/informativo-matinal-martes-23-de-enero-2024-0750h\/","name":"Informativo matinal martes 23 de enero 2024 (07:50h) - COPE Alcoy","isPartOf":{"@id":"https:\/\/www.copealcoy.es\/es\/#website"},"primaryImageOfPage":{"@id":"https:\/\/www.copealcoy.es\/es\/informativo-matinal-martes-23-de-enero-2024-0750h\/#primaryimage"},"image":{"@id":"https:\/\/www.copealcoy.es\/es\/informativo-matinal-martes-23-de-enero-2024-0750h\/#primaryimage"},"thumbnailUrl":"https:\/\/www.copealcoy.es\/wp-content\/uploads\/2023\/02\/Herrera-en-COPE-Alcoy-4.png","datePublished":"2024-01-23T06:30:15+00:00","dateModified":"2024-01-23T09:36:42+00:00","author":{"@id":"https:\/\/www.copealcoy.es\/es\/#\/schema\/person\/e777c87fa024e57d40170af9df39882c"},"breadcrumb":{"@id":"https:\/\/www.copealcoy.es\/es\/informativo-matinal-martes-23-de-enero-2024-0750h\/#breadcrumb"},"inLanguage":"es","potentialAction":[{"@type":"ReadAction","target":["https:\/\/www.copealcoy.es\/es\/informativo-matinal-martes-23-de-enero-2024-0750h\/"]}]},{"@type":"ImageObject","inLanguage":"es","@id":"https:\/\/www.copealcoy.es\/es\/informativo-matinal-martes-23-de-enero-2024-0750h\/#primaryimage","url":"https:\/\/www.copealcoy.es\/wp-content\/uploads\/2023\/02\/Herrera-en-COPE-Alcoy-4.png","contentUrl":"https:\/\/www.copealcoy.es\/wp-content\/uploads\/2023\/02\/Herrera-en-COPE-Alcoy-4.png","width":357,"height":290},{"@type":"BreadcrumbList","@id":"https:\/\/www.copealcoy.es\/es\/informativo-matinal-martes-23-de-enero-2024-0750h\/#breadcrumb","itemListElement":[{"@type":"ListItem","position":1,"name":"Portada","item":"https:\/\/www.copealcoy.es\/es\/"},{"@type":"ListItem","position":2,"name":"Informativo matinal martes 23 de enero 2024 (07:50h)"}]},{"@type":"WebSite","@id":"https:\/\/www.copealcoy.es\/es\/#website","url":"https:\/\/www.copealcoy.es\/es\/","name":"COPE Alcoy","description":"Emisora COPE de radio local con emisi\u00f3n online. Pont de Sant Jordi 8-10 03803 Alcoy","potentialAction":[{"@type":"SearchAction","target":{"@type":"EntryPoint","urlTemplate":"https:\/\/www.copealcoy.es\/es\/?s={search_term_string}"},"query-input":{"@type":"PropertyValueSpecification","valueRequired":true,"valueName":"search_term_string"}}],"inLanguage":"es"},{"@type":"Person","@id":"https:\/\/www.copealcoy.es\/es\/#\/schema\/person\/e777c87fa024e57d40170af9df39882c","name":"Cope Alcoy","image":{"@type":"ImageObject","inLanguage":"es","@id":"https:\/\/secure.gravatar.com\/avatar\/bb65d0283347e303893ba14f0692005417c1e0e690a325a4c5d8bb2b3943ee14?s=96&d=mm&r=g","url":"https:\/\/secure.gravatar.com\/avatar\/bb65d0283347e303893ba14f0692005417c1e0e690a325a4c5d8bb2b3943ee14?s=96&d=mm&r=g","contentUrl":"https:\/\/secure.gravatar.com\/avatar\/bb65d0283347e303893ba14f0692005417c1e0e690a325a4c5d8bb2b3943ee14?s=96&d=mm&r=g","caption":"Cope Alcoy"}}]}},"_links":{"self":[{"href":"https:\/\/www.copealcoy.es\/es\/wp-json\/wp\/v2\/posts\/128517","targetHints":{"allow":["GET"]}}],"collection":[{"href":"https:\/\/www.copealcoy.es\/es\/wp-json\/wp\/v2\/posts"}],"about":[{"href":"https:\/\/www.copealcoy.es\/es\/wp-json\/wp\/v2\/types\/post"}],"author":[{"embeddable":true,"href":"https:\/\/www.copealcoy.es\/es\/wp-json\/wp\/v2\/users\/1"}],"replies":[{"embeddable":true,"href":"https:\/\/www.copealcoy.es\/es\/wp-json\/wp\/v2\/comments?post=128517"}],"version-history":[{"count":0,"href":"https:\/\/www.copealcoy.es\/es\/wp-json\/wp\/v2\/posts\/128517\/revisions"}],"wp:featuredmedia":[{"embeddable":true,"href":"https:\/\/www.copealcoy.es\/es\/wp-json\/wp\/v2\/media\/110612"}],"wp:attachment":[{"href":"https:\/\/www.copealcoy.es\/es\/wp-json\/wp\/v2\/media?parent=128517"}],"wp:term":[{"taxonomy":"category","embeddable":true,"href":"https:\/\/www.copealcoy.es\/es\/wp-json\/wp\/v2\/categories?post=128517"},{"taxonomy":"post_tag","embeddable":true,"href":"https:\/\/www.copealcoy.es\/es\/wp-json\/wp\/v2\/tags?post=128517"}],"curies":[{"name":"wp","href":"https:\/\/api.w.org\/{rel}","templated":true}]}}