{"id":128486,"date":"2024-01-22T10:27:20","date_gmt":"2024-01-22T09:27:20","guid":{"rendered":"https:\/\/www.copealcoy.es\/?p=128486"},"modified":"2024-01-22T10:38:19","modified_gmt":"2024-01-22T09:38:19","slug":"la-rostida-volvio-a-celebrarse-en-alcoy-por-sant-antoni","status":"publish","type":"post","link":"https:\/\/www.copealcoy.es\/es\/la-rostida-volvio-a-celebrarse-en-alcoy-por-sant-antoni\/","title":{"rendered":"La &#8216;rostida&#8217; volvi\u00f3 a celebrarse en Alcoy por Sant Antoni"},"content":{"rendered":"<p style=\"text-align: justify;\">Alcoy conmemor\u00f3 ayer domingo<strong> la festividad de Sant Antoni del Porquet<\/strong> y este a\u00f1o la climatolog\u00eda ha permitido <strong>la celebraci\u00f3n de una tradici\u00f3n que est\u00e1 muy arraigada en la ciudad<\/strong>. Se trata de <strong>&#8216;La Rostida&#8217;<\/strong>, costumbre considerada como <strong>la se\u00f1a de identidad de esta fiesta<\/strong> que tiene lugar cada mes de enero y que en las \u00faltimas ediciones <strong>no se pudo llevar a cabo<\/strong> debido a las alertas por viento, los temporales de lluvia o nieve e incluso la pandemia de la COVID-19.<\/p>\n<p style=\"text-align: justify;\">La jornada arranc\u00f3 pasadas las nueve y media de la ma\u00f1ana con el i<strong>nicio de la romer\u00eda<\/strong> desde las inmediaciones del Polideportivo Municipal. Desde all\u00ed comenz\u00f3 <strong>el ascenso hasta la ermita<\/strong> acompa\u00f1ando a la imagen de San Antonio Abad, la cual iba en un carro tirado por animales. Fueron muchos los que apostaron por subir a pie pero tambi\u00e9n hay quienes emplearon caballos e incluso se opt\u00f3 por el autob\u00fas ya que el <a href=\"https:\/\/www.facebook.com\/ajuntamentalcoi\" target=\"_blank\" rel=\"noopener\"><strong><span style=\"color: #0000ff;\">Ayuntamiento<\/span><\/strong><\/a> volvi\u00f3 a habilitar un servicio desde la ciudad con direcci\u00f3n hasta el paraje. Una vez all\u00ed, <strong>lleg\u00f3 el momento de cumplir con la singularidad de &#8216;La Rostida&#8217;<\/strong> y los romeros <strong>aprovecharon las hogueras que se encendieron en este entorno natural<\/strong> para asar carne, embutidos e incluso verduras. La m\u00fasica tradicional y los bailes populares <strong>amenizaron el almuerzo<\/strong> mientras que a mediod\u00eda tuvo lugar <strong>una misa solemne<\/strong> en honor a San Antonio en el interior de la ermita donde se venera al santo durante todo el a\u00f1o.<\/p>\n<p style=\"text-align: justify;\">Estos actos llegaron despu\u00e9s de que el s\u00e1bado tuviera lugar <strong>una cabalgata de animales<\/strong> desde la Pla\u00e7a de Dins y hasta La Glorieta. All\u00ed, el padre Don Jes\u00fas Fuentes, como nuevo titular de las parroquias del Centro de la ciudad; <strong>efectu\u00f3 la bendici\u00f3n de mascotas<\/strong> y la tarde<strong> finaliz\u00f3 con una chocolatada e incluso un mercadillo<\/strong> organizado por la Sociedad Protectora de Animales y Plantas.<\/p>\n<p><a href=\"https:\/\/www.copealcoy.es\/wp-content\/uploads\/2024\/01\/421210479_764012492431737_8520381451697948843_n.jpg\"><img loading=\"lazy\" decoding=\"async\" class=\"wp-image-128491 aligncenter\" src=\"https:\/\/www.copealcoy.es\/wp-content\/uploads\/2024\/01\/421210479_764012492431737_8520381451697948843_n.jpg\" alt=\"\" width=\"588\" height=\"470\" data-wp-editing=\"1\" \/><\/a><\/p>\n","protected":false},"excerpt":{"rendered":"<p>Alcoy conmemor\u00f3 ayer domingo la festividad de Sant Antoni del Porquet y este a\u00f1o la climatolog\u00eda ha permitido la celebraci\u00f3n&#8230;<\/p>\n","protected":false},"author":1,"featured_media":128487,"comment_status":"open","ping_status":"open","sticky":false,"template":"","format":"standard","meta":{"footnotes":""},"categories":[6909,97,78,75],"tags":[1494,1738,566,545,542],"class_list":["post-128486","post","type-post","status-publish","format-standard","has-post-thumbnail","hentry","category-actualidad","category-alcoy","category-fiestaycultura","category-noticias","tag-alcoy","tag-bendicion-de-animales","tag-romeria","tag-rostida","tag-sant-antoni"],"yoast_head":"<!-- This site is optimized with the Yoast SEO plugin v27.3 - https:\/\/yoast.com\/product\/yoast-seo-wordpress\/ -->\n<title>La &#039;rostida&#039; volvi\u00f3 a celebrarse en Alcoy por Sant Antoni - COPE Alcoy<\/title>\n<meta name=\"description\" content=\"Alcoy conmemor\u00f3 ayer domingo la festividad de Sant Antoni del Porquet y este a\u00f1o la climatolog\u00eda ha permitido la celebraci\u00f3n\" \/>\n<meta name=\"robots\" content=\"index, follow, max-snippet:-1, max-image-preview:large, max-video-preview:-1\" \/>\n<link rel=\"canonical\" href=\"https:\/\/www.copealcoy.es\/es\/la-rostida-volvio-a-celebrarse-en-alcoy-por-sant-antoni\/\" \/>\n<meta property=\"og:locale\" content=\"es_ES\" \/>\n<meta property=\"og:type\" content=\"article\" \/>\n<meta property=\"og:title\" content=\"La &#039;rostida&#039; volvi\u00f3 a celebrarse en Alcoy por Sant Antoni - COPE Alcoy\" \/>\n<meta property=\"og:description\" content=\"Alcoy conmemor\u00f3 ayer domingo la festividad de Sant Antoni del Porquet y este a\u00f1o la climatolog\u00eda ha permitido la celebraci\u00f3n\" \/>\n<meta property=\"og:url\" content=\"https:\/\/www.copealcoy.es\/es\/la-rostida-volvio-a-celebrarse-en-alcoy-por-sant-antoni\/\" \/>\n<meta property=\"og:site_name\" content=\"COPE Alcoy\" \/>\n<meta property=\"article:published_time\" content=\"2024-01-22T09:27:20+00:00\" \/>\n<meta property=\"article:modified_time\" content=\"2024-01-22T09:38:19+00:00\" \/>\n<meta property=\"og:image\" content=\"https:\/\/www.copealcoy.es\/wp-content\/uploads\/2024\/01\/unnamed-1-17.jpg\" \/>\n\t<meta property=\"og:image:width\" content=\"768\" \/>\n\t<meta property=\"og:image:height\" content=\"544\" \/>\n\t<meta property=\"og:image:type\" content=\"image\/jpeg\" \/>\n<meta name=\"author\" content=\"Cope Alcoy\" \/>\n<meta name=\"twitter:label1\" content=\"Escrito por\" \/>\n\t<meta name=\"twitter:data1\" content=\"Cope Alcoy\" \/>\n\t<meta name=\"twitter:label2\" content=\"Tiempo de lectura\" \/>\n\t<meta name=\"twitter:data2\" content=\"2 minutos\" \/>\n<script type=\"application\/ld+json\" class=\"yoast-schema-graph\">{\"@context\":\"https:\\\/\\\/schema.org\",\"@graph\":[{\"@type\":\"Article\",\"@id\":\"https:\\\/\\\/www.copealcoy.es\\\/es\\\/la-rostida-volvio-a-celebrarse-en-alcoy-por-sant-antoni\\\/#article\",\"isPartOf\":{\"@id\":\"https:\\\/\\\/www.copealcoy.es\\\/es\\\/la-rostida-volvio-a-celebrarse-en-alcoy-por-sant-antoni\\\/\"},\"author\":{\"name\":\"Cope Alcoy\",\"@id\":\"https:\\\/\\\/www.copealcoy.es\\\/es\\\/#\\\/schema\\\/person\\\/e777c87fa024e57d40170af9df39882c\"},\"headline\":\"La &#8216;rostida&#8217; volvi\u00f3 a celebrarse en Alcoy por Sant Antoni\",\"datePublished\":\"2024-01-22T09:27:20+00:00\",\"dateModified\":\"2024-01-22T09:38:19+00:00\",\"mainEntityOfPage\":{\"@id\":\"https:\\\/\\\/www.copealcoy.es\\\/es\\\/la-rostida-volvio-a-celebrarse-en-alcoy-por-sant-antoni\\\/\"},\"wordCount\":337,\"commentCount\":0,\"image\":{\"@id\":\"https:\\\/\\\/www.copealcoy.es\\\/es\\\/la-rostida-volvio-a-celebrarse-en-alcoy-por-sant-antoni\\\/#primaryimage\"},\"thumbnailUrl\":\"https:\\\/\\\/www.copealcoy.es\\\/wp-content\\\/uploads\\\/2024\\\/01\\\/unnamed-1-17.jpg\",\"keywords\":[\"Alcoy\",\"Bendici\u00f3n de animales\",\"Romer\u00eda\",\"Rostida\",\"Sant Antoni\"],\"articleSection\":[\"Actualidad\",\"Alcoy\",\"Fiesta y Cultura\",\"Noticias\"],\"inLanguage\":\"es\"},{\"@type\":\"WebPage\",\"@id\":\"https:\\\/\\\/www.copealcoy.es\\\/es\\\/la-rostida-volvio-a-celebrarse-en-alcoy-por-sant-antoni\\\/\",\"url\":\"https:\\\/\\\/www.copealcoy.es\\\/es\\\/la-rostida-volvio-a-celebrarse-en-alcoy-por-sant-antoni\\\/\",\"name\":\"La 'rostida' volvi\u00f3 a celebrarse en Alcoy por Sant Antoni - COPE Alcoy\",\"isPartOf\":{\"@id\":\"https:\\\/\\\/www.copealcoy.es\\\/es\\\/#website\"},\"primaryImageOfPage\":{\"@id\":\"https:\\\/\\\/www.copealcoy.es\\\/es\\\/la-rostida-volvio-a-celebrarse-en-alcoy-por-sant-antoni\\\/#primaryimage\"},\"image\":{\"@id\":\"https:\\\/\\\/www.copealcoy.es\\\/es\\\/la-rostida-volvio-a-celebrarse-en-alcoy-por-sant-antoni\\\/#primaryimage\"},\"thumbnailUrl\":\"https:\\\/\\\/www.copealcoy.es\\\/wp-content\\\/uploads\\\/2024\\\/01\\\/unnamed-1-17.jpg\",\"datePublished\":\"2024-01-22T09:27:20+00:00\",\"dateModified\":\"2024-01-22T09:38:19+00:00\",\"author\":{\"@id\":\"https:\\\/\\\/www.copealcoy.es\\\/es\\\/#\\\/schema\\\/person\\\/e777c87fa024e57d40170af9df39882c\"},\"description\":\"Alcoy conmemor\u00f3 ayer domingo la festividad de Sant Antoni del Porquet y este a\u00f1o la climatolog\u00eda ha permitido la celebraci\u00f3n\",\"breadcrumb\":{\"@id\":\"https:\\\/\\\/www.copealcoy.es\\\/es\\\/la-rostida-volvio-a-celebrarse-en-alcoy-por-sant-antoni\\\/#breadcrumb\"},\"inLanguage\":\"es\",\"potentialAction\":[{\"@type\":\"ReadAction\",\"target\":[\"https:\\\/\\\/www.copealcoy.es\\\/es\\\/la-rostida-volvio-a-celebrarse-en-alcoy-por-sant-antoni\\\/\"]}]},{\"@type\":\"ImageObject\",\"inLanguage\":\"es\",\"@id\":\"https:\\\/\\\/www.copealcoy.es\\\/es\\\/la-rostida-volvio-a-celebrarse-en-alcoy-por-sant-antoni\\\/#primaryimage\",\"url\":\"https:\\\/\\\/www.copealcoy.es\\\/wp-content\\\/uploads\\\/2024\\\/01\\\/unnamed-1-17.jpg\",\"contentUrl\":\"https:\\\/\\\/www.copealcoy.es\\\/wp-content\\\/uploads\\\/2024\\\/01\\\/unnamed-1-17.jpg\",\"width\":768,\"height\":544},{\"@type\":\"BreadcrumbList\",\"@id\":\"https:\\\/\\\/www.copealcoy.es\\\/es\\\/la-rostida-volvio-a-celebrarse-en-alcoy-por-sant-antoni\\\/#breadcrumb\",\"itemListElement\":[{\"@type\":\"ListItem\",\"position\":1,\"name\":\"Portada\",\"item\":\"https:\\\/\\\/www.copealcoy.es\\\/es\\\/\"},{\"@type\":\"ListItem\",\"position\":2,\"name\":\"La &#8216;rostida&#8217; volvi\u00f3 a celebrarse en Alcoy por Sant Antoni\"}]},{\"@type\":\"WebSite\",\"@id\":\"https:\\\/\\\/www.copealcoy.es\\\/es\\\/#website\",\"url\":\"https:\\\/\\\/www.copealcoy.es\\\/es\\\/\",\"name\":\"COPE Alcoy\",\"description\":\"Emisora COPE de radio local con emisi\u00f3n online. Pont de Sant Jordi 8-10 03803 Alcoy\",\"potentialAction\":[{\"@type\":\"SearchAction\",\"target\":{\"@type\":\"EntryPoint\",\"urlTemplate\":\"https:\\\/\\\/www.copealcoy.es\\\/es\\\/?s={search_term_string}\"},\"query-input\":{\"@type\":\"PropertyValueSpecification\",\"valueRequired\":true,\"valueName\":\"search_term_string\"}}],\"inLanguage\":\"es\"},{\"@type\":\"Person\",\"@id\":\"https:\\\/\\\/www.copealcoy.es\\\/es\\\/#\\\/schema\\\/person\\\/e777c87fa024e57d40170af9df39882c\",\"name\":\"Cope Alcoy\",\"image\":{\"@type\":\"ImageObject\",\"inLanguage\":\"es\",\"@id\":\"https:\\\/\\\/secure.gravatar.com\\\/avatar\\\/bb65d0283347e303893ba14f0692005417c1e0e690a325a4c5d8bb2b3943ee14?s=96&d=mm&r=g\",\"url\":\"https:\\\/\\\/secure.gravatar.com\\\/avatar\\\/bb65d0283347e303893ba14f0692005417c1e0e690a325a4c5d8bb2b3943ee14?s=96&d=mm&r=g\",\"contentUrl\":\"https:\\\/\\\/secure.gravatar.com\\\/avatar\\\/bb65d0283347e303893ba14f0692005417c1e0e690a325a4c5d8bb2b3943ee14?s=96&d=mm&r=g\",\"caption\":\"Cope Alcoy\"}}]}<\/script>\n<!-- \/ Yoast SEO plugin. -->","yoast_head_json":{"title":"La 'rostida' volvi\u00f3 a celebrarse en Alcoy por Sant Antoni - COPE Alcoy","description":"Alcoy conmemor\u00f3 ayer domingo la festividad de Sant Antoni del Porquet y este a\u00f1o la climatolog\u00eda ha permitido la celebraci\u00f3n","robots":{"index":"index","follow":"follow","max-snippet":"max-snippet:-1","max-image-preview":"max-image-preview:large","max-video-preview":"max-video-preview:-1"},"canonical":"https:\/\/www.copealcoy.es\/es\/la-rostida-volvio-a-celebrarse-en-alcoy-por-sant-antoni\/","og_locale":"es_ES","og_type":"article","og_title":"La 'rostida' volvi\u00f3 a celebrarse en Alcoy por Sant Antoni - COPE Alcoy","og_description":"Alcoy conmemor\u00f3 ayer domingo la festividad de Sant Antoni del Porquet y este a\u00f1o la climatolog\u00eda ha permitido la celebraci\u00f3n","og_url":"https:\/\/www.copealcoy.es\/es\/la-rostida-volvio-a-celebrarse-en-alcoy-por-sant-antoni\/","og_site_name":"COPE Alcoy","article_published_time":"2024-01-22T09:27:20+00:00","article_modified_time":"2024-01-22T09:38:19+00:00","og_image":[{"width":768,"height":544,"url":"https:\/\/www.copealcoy.es\/wp-content\/uploads\/2024\/01\/unnamed-1-17.jpg","type":"image\/jpeg"}],"author":"Cope Alcoy","twitter_misc":{"Escrito por":"Cope Alcoy","Tiempo de lectura":"2 minutos"},"schema":{"@context":"https:\/\/schema.org","@graph":[{"@type":"Article","@id":"https:\/\/www.copealcoy.es\/es\/la-rostida-volvio-a-celebrarse-en-alcoy-por-sant-antoni\/#article","isPartOf":{"@id":"https:\/\/www.copealcoy.es\/es\/la-rostida-volvio-a-celebrarse-en-alcoy-por-sant-antoni\/"},"author":{"name":"Cope Alcoy","@id":"https:\/\/www.copealcoy.es\/es\/#\/schema\/person\/e777c87fa024e57d40170af9df39882c"},"headline":"La &#8216;rostida&#8217; volvi\u00f3 a celebrarse en Alcoy por Sant Antoni","datePublished":"2024-01-22T09:27:20+00:00","dateModified":"2024-01-22T09:38:19+00:00","mainEntityOfPage":{"@id":"https:\/\/www.copealcoy.es\/es\/la-rostida-volvio-a-celebrarse-en-alcoy-por-sant-antoni\/"},"wordCount":337,"commentCount":0,"image":{"@id":"https:\/\/www.copealcoy.es\/es\/la-rostida-volvio-a-celebrarse-en-alcoy-por-sant-antoni\/#primaryimage"},"thumbnailUrl":"https:\/\/www.copealcoy.es\/wp-content\/uploads\/2024\/01\/unnamed-1-17.jpg","keywords":["Alcoy","Bendici\u00f3n de animales","Romer\u00eda","Rostida","Sant Antoni"],"articleSection":["Actualidad","Alcoy","Fiesta y Cultura","Noticias"],"inLanguage":"es"},{"@type":"WebPage","@id":"https:\/\/www.copealcoy.es\/es\/la-rostida-volvio-a-celebrarse-en-alcoy-por-sant-antoni\/","url":"https:\/\/www.copealcoy.es\/es\/la-rostida-volvio-a-celebrarse-en-alcoy-por-sant-antoni\/","name":"La 'rostida' volvi\u00f3 a celebrarse en Alcoy por Sant Antoni - COPE Alcoy","isPartOf":{"@id":"https:\/\/www.copealcoy.es\/es\/#website"},"primaryImageOfPage":{"@id":"https:\/\/www.copealcoy.es\/es\/la-rostida-volvio-a-celebrarse-en-alcoy-por-sant-antoni\/#primaryimage"},"image":{"@id":"https:\/\/www.copealcoy.es\/es\/la-rostida-volvio-a-celebrarse-en-alcoy-por-sant-antoni\/#primaryimage"},"thumbnailUrl":"https:\/\/www.copealcoy.es\/wp-content\/uploads\/2024\/01\/unnamed-1-17.jpg","datePublished":"2024-01-22T09:27:20+00:00","dateModified":"2024-01-22T09:38:19+00:00","author":{"@id":"https:\/\/www.copealcoy.es\/es\/#\/schema\/person\/e777c87fa024e57d40170af9df39882c"},"description":"Alcoy conmemor\u00f3 ayer domingo la festividad de Sant Antoni del Porquet y este a\u00f1o la climatolog\u00eda ha permitido la celebraci\u00f3n","breadcrumb":{"@id":"https:\/\/www.copealcoy.es\/es\/la-rostida-volvio-a-celebrarse-en-alcoy-por-sant-antoni\/#breadcrumb"},"inLanguage":"es","potentialAction":[{"@type":"ReadAction","target":["https:\/\/www.copealcoy.es\/es\/la-rostida-volvio-a-celebrarse-en-alcoy-por-sant-antoni\/"]}]},{"@type":"ImageObject","inLanguage":"es","@id":"https:\/\/www.copealcoy.es\/es\/la-rostida-volvio-a-celebrarse-en-alcoy-por-sant-antoni\/#primaryimage","url":"https:\/\/www.copealcoy.es\/wp-content\/uploads\/2024\/01\/unnamed-1-17.jpg","contentUrl":"https:\/\/www.copealcoy.es\/wp-content\/uploads\/2024\/01\/unnamed-1-17.jpg","width":768,"height":544},{"@type":"BreadcrumbList","@id":"https:\/\/www.copealcoy.es\/es\/la-rostida-volvio-a-celebrarse-en-alcoy-por-sant-antoni\/#breadcrumb","itemListElement":[{"@type":"ListItem","position":1,"name":"Portada","item":"https:\/\/www.copealcoy.es\/es\/"},{"@type":"ListItem","position":2,"name":"La &#8216;rostida&#8217; volvi\u00f3 a celebrarse en Alcoy por Sant Antoni"}]},{"@type":"WebSite","@id":"https:\/\/www.copealcoy.es\/es\/#website","url":"https:\/\/www.copealcoy.es\/es\/","name":"COPE Alcoy","description":"Emisora COPE de radio local con emisi\u00f3n online. Pont de Sant Jordi 8-10 03803 Alcoy","potentialAction":[{"@type":"SearchAction","target":{"@type":"EntryPoint","urlTemplate":"https:\/\/www.copealcoy.es\/es\/?s={search_term_string}"},"query-input":{"@type":"PropertyValueSpecification","valueRequired":true,"valueName":"search_term_string"}}],"inLanguage":"es"},{"@type":"Person","@id":"https:\/\/www.copealcoy.es\/es\/#\/schema\/person\/e777c87fa024e57d40170af9df39882c","name":"Cope Alcoy","image":{"@type":"ImageObject","inLanguage":"es","@id":"https:\/\/secure.gravatar.com\/avatar\/bb65d0283347e303893ba14f0692005417c1e0e690a325a4c5d8bb2b3943ee14?s=96&d=mm&r=g","url":"https:\/\/secure.gravatar.com\/avatar\/bb65d0283347e303893ba14f0692005417c1e0e690a325a4c5d8bb2b3943ee14?s=96&d=mm&r=g","contentUrl":"https:\/\/secure.gravatar.com\/avatar\/bb65d0283347e303893ba14f0692005417c1e0e690a325a4c5d8bb2b3943ee14?s=96&d=mm&r=g","caption":"Cope Alcoy"}}]}},"_links":{"self":[{"href":"https:\/\/www.copealcoy.es\/es\/wp-json\/wp\/v2\/posts\/128486","targetHints":{"allow":["GET"]}}],"collection":[{"href":"https:\/\/www.copealcoy.es\/es\/wp-json\/wp\/v2\/posts"}],"about":[{"href":"https:\/\/www.copealcoy.es\/es\/wp-json\/wp\/v2\/types\/post"}],"author":[{"embeddable":true,"href":"https:\/\/www.copealcoy.es\/es\/wp-json\/wp\/v2\/users\/1"}],"replies":[{"embeddable":true,"href":"https:\/\/www.copealcoy.es\/es\/wp-json\/wp\/v2\/comments?post=128486"}],"version-history":[{"count":0,"href":"https:\/\/www.copealcoy.es\/es\/wp-json\/wp\/v2\/posts\/128486\/revisions"}],"wp:featuredmedia":[{"embeddable":true,"href":"https:\/\/www.copealcoy.es\/es\/wp-json\/wp\/v2\/media\/128487"}],"wp:attachment":[{"href":"https:\/\/www.copealcoy.es\/es\/wp-json\/wp\/v2\/media?parent=128486"}],"wp:term":[{"taxonomy":"category","embeddable":true,"href":"https:\/\/www.copealcoy.es\/es\/wp-json\/wp\/v2\/categories?post=128486"},{"taxonomy":"post_tag","embeddable":true,"href":"https:\/\/www.copealcoy.es\/es\/wp-json\/wp\/v2\/tags?post=128486"}],"curies":[{"name":"wp","href":"https:\/\/api.w.org\/{rel}","templated":true}]}}