{"id":128409,"date":"2024-01-19T10:56:18","date_gmt":"2024-01-19T09:56:18","guid":{"rendered":"https:\/\/www.copealcoy.es\/?p=128409"},"modified":"2024-01-19T11:04:11","modified_gmt":"2024-01-19T10:04:11","slug":"mas-de-15-empresas-han-mostrado-ya-su-intencion-de-instalarse-en-rodes","status":"publish","type":"post","link":"https:\/\/www.copealcoy.es\/es\/mas-de-15-empresas-han-mostrado-ya-su-intencion-de-instalarse-en-rodes\/","title":{"rendered":"M\u00e1s de 15 empresas han mostrado ya su intenci\u00f3n de instalarse en Rodes"},"content":{"rendered":"<p style=\"text-align: justify;\">Una <strong>quincena de empresas<\/strong> han manifestado su intenci\u00f3n de instalarse en el <strong><a href=\"https:\/\/fundiciorodes.alcoi.org\/ca\/portal\/index.html\" target=\"_blank\" rel=\"noopener\"><span style=\"color: #0000ff;\">Parque Tecnol\u00f3gico de Rodes<\/span><\/a><\/strong> de Alcoy. Las <strong>obras del complejo<\/strong> siguen avanzando a buen ritmo y las mismas <strong>podr\u00edan estar finalizadas el pr\u00f3ximo mes de mayo<\/strong> seg\u00fan han asegurado esta semana desde el Gobierno Local de la ciudad.<\/p>\n<p style=\"text-align: justify;\">D\u00edas atr\u00e1s <strong>se organiz\u00f3 una visita para mostrar el avance de los trabajos<\/strong> a medio centenar de personas pertenecientes a entidades econ\u00f3micas, comerciales y empresariales; universidades y centros de educaci\u00f3n secundaria y superior; asociaciones vecinales, sociales y culturales de la ciudad. Tambi\u00e9n se atendi\u00f3 a algunas de las firmas que ya han mostrado inter\u00e9s por ubicarse en Rodes &#8220;<em>la intenci\u00f3n de este Gobierno es hacer part\u00edcipe de este proyecto al tejido econ\u00f3mico y empresarial de la ciudad pero tambi\u00e9n a los colectivos socioculturales, al \u00e1mbito acad\u00e9mico y a las entidades vecinales&#8221;, <\/em>dijo al respecto el alcalde; <strong>Toni Franc\u00e9s<\/strong>. El primer edil tambi\u00e9n habl\u00f3 de plazos sobre el final de la actuaci\u00f3n &#8220;<em>despu\u00e9s del verano est\u00e1 previsto que entre en funcionamiento gran parte de este Parque Tecnol\u00f3gico Urbano, que tiene como objetivo erigirse como motor econ\u00f3mico, ser generador de riqueza para el territorio, as\u00ed como atraer y retener talento. El 1 de septiembre es la fecha para que las empresas puedan comenzar a operar aqu\u00ed&#8221;, <\/em>dijo.<\/p>\n<audio class=\"wp-audio-shortcode\" id=\"audio-128409-1\" preload=\"none\" style=\"width: 100%;\" controls=\"controls\"><source type=\"audio\/mpeg\" src=\"https:\/\/www.copealcoy.es\/wp-content\/uploads\/2024\/01\/2024.01.19-TONI-FRANCES-FECHA-OBRAS-RODES-MATINAL.mp3?_=1\" \/><a href=\"https:\/\/www.copealcoy.es\/wp-content\/uploads\/2024\/01\/2024.01.19-TONI-FRANCES-FECHA-OBRAS-RODES-MATINAL.mp3\">https:\/\/www.copealcoy.es\/wp-content\/uploads\/2024\/01\/2024.01.19-TONI-FRANCES-FECHA-OBRAS-RODES-MATINAL.mp3<\/a><\/audio>\n<p>&nbsp;<\/p>\n<p style=\"text-align: justify;\">Las obras de recuperaci\u00f3n del complejo de Rodes y su transformaci\u00f3n en Parque Tecnol\u00f3gico Urbano <strong>comenzaron a ser una realidad a finales de 2021<\/strong>.\u00a0 Este ambicioso proyecto <strong>ha supuesto una inversi\u00f3n de nueve millones de euros<\/strong>, cofinanciada al 50% por la Uni\u00f3n Europea a trav\u00e9s de los fondos FEDER; la Generalitat Valenciana, que aporta un 30\u201925%, y el Ayuntamiento de Alcoy, que se hace cargo del 19,75% restante aproximadamente. Ahora, reci\u00e9n estrenado 2024 y con la apertura en el horizonte de oto\u00f1o de 2024, <strong>se puede apreciar ya tanto en el exterior como en el interior el resultado de la intervenci\u00f3n<\/strong> que ha permitido recuperar este antiguo espacio fabril.<\/p>\n","protected":false},"excerpt":{"rendered":"<p>Una quincena de empresas han manifestado su intenci\u00f3n de instalarse en el Parque Tecnol\u00f3gico de Rodes de Alcoy. Las obras&#8230;<\/p>\n","protected":false},"author":1,"featured_media":128410,"comment_status":"open","ping_status":"open","sticky":false,"template":"","format":"standard","meta":{"footnotes":""},"categories":[6909,97,75,125],"tags":[8348,1494,145,803,681],"class_list":["post-128409","post","type-post","status-publish","format-standard","has-post-thumbnail","hentry","category-actualidad","category-alcoy","category-noticias","category-portada","tag-15-empresas","tag-alcoy","tag-obras","tag-rodes","tag-toni-frances"],"yoast_head":"<!-- This site is optimized with the Yoast SEO plugin v27.3 - https:\/\/yoast.com\/product\/yoast-seo-wordpress\/ -->\n<title>M\u00e1s de 15 empresas han mostrado ya su intenci\u00f3n de instalarse en Rodes - COPE Alcoy<\/title>\n<meta name=\"description\" content=\"Una quincena de empresas han manifestado su intenci\u00f3n de instalarse en el Parque Tecnol\u00f3gico de Rodes de Alcoy\" \/>\n<meta name=\"robots\" content=\"index, follow, max-snippet:-1, max-image-preview:large, max-video-preview:-1\" \/>\n<link rel=\"canonical\" href=\"https:\/\/www.copealcoy.es\/es\/mas-de-15-empresas-han-mostrado-ya-su-intencion-de-instalarse-en-rodes\/\" \/>\n<meta property=\"og:locale\" content=\"es_ES\" \/>\n<meta property=\"og:type\" content=\"article\" \/>\n<meta property=\"og:title\" content=\"M\u00e1s de 15 empresas han mostrado ya su intenci\u00f3n de instalarse en Rodes - COPE Alcoy\" \/>\n<meta property=\"og:description\" content=\"Una quincena de empresas han manifestado su intenci\u00f3n de instalarse en el Parque Tecnol\u00f3gico de Rodes de Alcoy\" \/>\n<meta property=\"og:url\" content=\"https:\/\/www.copealcoy.es\/es\/mas-de-15-empresas-han-mostrado-ya-su-intencion-de-instalarse-en-rodes\/\" \/>\n<meta property=\"og:site_name\" content=\"COPE Alcoy\" \/>\n<meta property=\"article:published_time\" content=\"2024-01-19T09:56:18+00:00\" \/>\n<meta property=\"article:modified_time\" content=\"2024-01-19T10:04:11+00:00\" \/>\n<meta property=\"og:image\" content=\"https:\/\/www.copealcoy.es\/wp-content\/uploads\/2024\/01\/Captura-de-Pantalla-2024-01-19-a-las-10.40.38.png\" \/>\n\t<meta property=\"og:image:width\" content=\"857\" \/>\n\t<meta property=\"og:image:height\" content=\"546\" \/>\n\t<meta property=\"og:image:type\" content=\"image\/png\" \/>\n<meta name=\"author\" content=\"Cope Alcoy\" \/>\n<meta name=\"twitter:label1\" content=\"Escrito por\" \/>\n\t<meta name=\"twitter:data1\" content=\"Cope Alcoy\" \/>\n\t<meta name=\"twitter:label2\" content=\"Tiempo de lectura\" \/>\n\t<meta name=\"twitter:data2\" content=\"2 minutos\" \/>\n<script type=\"application\/ld+json\" class=\"yoast-schema-graph\">{\"@context\":\"https:\\\/\\\/schema.org\",\"@graph\":[{\"@type\":\"Article\",\"@id\":\"https:\\\/\\\/www.copealcoy.es\\\/es\\\/mas-de-15-empresas-han-mostrado-ya-su-intencion-de-instalarse-en-rodes\\\/#article\",\"isPartOf\":{\"@id\":\"https:\\\/\\\/www.copealcoy.es\\\/es\\\/mas-de-15-empresas-han-mostrado-ya-su-intencion-de-instalarse-en-rodes\\\/\"},\"author\":{\"name\":\"Cope Alcoy\",\"@id\":\"https:\\\/\\\/www.copealcoy.es\\\/es\\\/#\\\/schema\\\/person\\\/e777c87fa024e57d40170af9df39882c\"},\"headline\":\"M\u00e1s de 15 empresas han mostrado ya su intenci\u00f3n de instalarse en Rodes\",\"datePublished\":\"2024-01-19T09:56:18+00:00\",\"dateModified\":\"2024-01-19T10:04:11+00:00\",\"mainEntityOfPage\":{\"@id\":\"https:\\\/\\\/www.copealcoy.es\\\/es\\\/mas-de-15-empresas-han-mostrado-ya-su-intencion-de-instalarse-en-rodes\\\/\"},\"wordCount\":374,\"commentCount\":0,\"image\":{\"@id\":\"https:\\\/\\\/www.copealcoy.es\\\/es\\\/mas-de-15-empresas-han-mostrado-ya-su-intencion-de-instalarse-en-rodes\\\/#primaryimage\"},\"thumbnailUrl\":\"https:\\\/\\\/www.copealcoy.es\\\/wp-content\\\/uploads\\\/2024\\\/01\\\/Captura-de-Pantalla-2024-01-19-a-las-10.40.38.png\",\"keywords\":[\"15 empresas\",\"Alcoy\",\"Obras\",\"Rodes\",\"Toni Franc\u00e9s\"],\"articleSection\":[\"Actualidad\",\"Alcoy\",\"Noticias\",\"Portada\"],\"inLanguage\":\"es\"},{\"@type\":\"WebPage\",\"@id\":\"https:\\\/\\\/www.copealcoy.es\\\/es\\\/mas-de-15-empresas-han-mostrado-ya-su-intencion-de-instalarse-en-rodes\\\/\",\"url\":\"https:\\\/\\\/www.copealcoy.es\\\/es\\\/mas-de-15-empresas-han-mostrado-ya-su-intencion-de-instalarse-en-rodes\\\/\",\"name\":\"M\u00e1s de 15 empresas han mostrado ya su intenci\u00f3n de instalarse en Rodes - COPE Alcoy\",\"isPartOf\":{\"@id\":\"https:\\\/\\\/www.copealcoy.es\\\/es\\\/#website\"},\"primaryImageOfPage\":{\"@id\":\"https:\\\/\\\/www.copealcoy.es\\\/es\\\/mas-de-15-empresas-han-mostrado-ya-su-intencion-de-instalarse-en-rodes\\\/#primaryimage\"},\"image\":{\"@id\":\"https:\\\/\\\/www.copealcoy.es\\\/es\\\/mas-de-15-empresas-han-mostrado-ya-su-intencion-de-instalarse-en-rodes\\\/#primaryimage\"},\"thumbnailUrl\":\"https:\\\/\\\/www.copealcoy.es\\\/wp-content\\\/uploads\\\/2024\\\/01\\\/Captura-de-Pantalla-2024-01-19-a-las-10.40.38.png\",\"datePublished\":\"2024-01-19T09:56:18+00:00\",\"dateModified\":\"2024-01-19T10:04:11+00:00\",\"author\":{\"@id\":\"https:\\\/\\\/www.copealcoy.es\\\/es\\\/#\\\/schema\\\/person\\\/e777c87fa024e57d40170af9df39882c\"},\"description\":\"Una quincena de empresas han manifestado su intenci\u00f3n de instalarse en el Parque Tecnol\u00f3gico de Rodes de Alcoy\",\"breadcrumb\":{\"@id\":\"https:\\\/\\\/www.copealcoy.es\\\/es\\\/mas-de-15-empresas-han-mostrado-ya-su-intencion-de-instalarse-en-rodes\\\/#breadcrumb\"},\"inLanguage\":\"es\",\"potentialAction\":[{\"@type\":\"ReadAction\",\"target\":[\"https:\\\/\\\/www.copealcoy.es\\\/es\\\/mas-de-15-empresas-han-mostrado-ya-su-intencion-de-instalarse-en-rodes\\\/\"]}]},{\"@type\":\"ImageObject\",\"inLanguage\":\"es\",\"@id\":\"https:\\\/\\\/www.copealcoy.es\\\/es\\\/mas-de-15-empresas-han-mostrado-ya-su-intencion-de-instalarse-en-rodes\\\/#primaryimage\",\"url\":\"https:\\\/\\\/www.copealcoy.es\\\/wp-content\\\/uploads\\\/2024\\\/01\\\/Captura-de-Pantalla-2024-01-19-a-las-10.40.38.png\",\"contentUrl\":\"https:\\\/\\\/www.copealcoy.es\\\/wp-content\\\/uploads\\\/2024\\\/01\\\/Captura-de-Pantalla-2024-01-19-a-las-10.40.38.png\",\"width\":857,\"height\":546},{\"@type\":\"BreadcrumbList\",\"@id\":\"https:\\\/\\\/www.copealcoy.es\\\/es\\\/mas-de-15-empresas-han-mostrado-ya-su-intencion-de-instalarse-en-rodes\\\/#breadcrumb\",\"itemListElement\":[{\"@type\":\"ListItem\",\"position\":1,\"name\":\"Portada\",\"item\":\"https:\\\/\\\/www.copealcoy.es\\\/es\\\/\"},{\"@type\":\"ListItem\",\"position\":2,\"name\":\"M\u00e1s de 15 empresas han mostrado ya su intenci\u00f3n de instalarse en Rodes\"}]},{\"@type\":\"WebSite\",\"@id\":\"https:\\\/\\\/www.copealcoy.es\\\/es\\\/#website\",\"url\":\"https:\\\/\\\/www.copealcoy.es\\\/es\\\/\",\"name\":\"COPE Alcoy\",\"description\":\"Emisora COPE de radio local con emisi\u00f3n online. Pont de Sant Jordi 8-10 03803 Alcoy\",\"potentialAction\":[{\"@type\":\"SearchAction\",\"target\":{\"@type\":\"EntryPoint\",\"urlTemplate\":\"https:\\\/\\\/www.copealcoy.es\\\/es\\\/?s={search_term_string}\"},\"query-input\":{\"@type\":\"PropertyValueSpecification\",\"valueRequired\":true,\"valueName\":\"search_term_string\"}}],\"inLanguage\":\"es\"},{\"@type\":\"Person\",\"@id\":\"https:\\\/\\\/www.copealcoy.es\\\/es\\\/#\\\/schema\\\/person\\\/e777c87fa024e57d40170af9df39882c\",\"name\":\"Cope Alcoy\",\"image\":{\"@type\":\"ImageObject\",\"inLanguage\":\"es\",\"@id\":\"https:\\\/\\\/secure.gravatar.com\\\/avatar\\\/bb65d0283347e303893ba14f0692005417c1e0e690a325a4c5d8bb2b3943ee14?s=96&d=mm&r=g\",\"url\":\"https:\\\/\\\/secure.gravatar.com\\\/avatar\\\/bb65d0283347e303893ba14f0692005417c1e0e690a325a4c5d8bb2b3943ee14?s=96&d=mm&r=g\",\"contentUrl\":\"https:\\\/\\\/secure.gravatar.com\\\/avatar\\\/bb65d0283347e303893ba14f0692005417c1e0e690a325a4c5d8bb2b3943ee14?s=96&d=mm&r=g\",\"caption\":\"Cope Alcoy\"}}]}<\/script>\n<!-- \/ Yoast SEO plugin. -->","yoast_head_json":{"title":"M\u00e1s de 15 empresas han mostrado ya su intenci\u00f3n de instalarse en Rodes - COPE Alcoy","description":"Una quincena de empresas han manifestado su intenci\u00f3n de instalarse en el Parque Tecnol\u00f3gico de Rodes de Alcoy","robots":{"index":"index","follow":"follow","max-snippet":"max-snippet:-1","max-image-preview":"max-image-preview:large","max-video-preview":"max-video-preview:-1"},"canonical":"https:\/\/www.copealcoy.es\/es\/mas-de-15-empresas-han-mostrado-ya-su-intencion-de-instalarse-en-rodes\/","og_locale":"es_ES","og_type":"article","og_title":"M\u00e1s de 15 empresas han mostrado ya su intenci\u00f3n de instalarse en Rodes - COPE Alcoy","og_description":"Una quincena de empresas han manifestado su intenci\u00f3n de instalarse en el Parque Tecnol\u00f3gico de Rodes de Alcoy","og_url":"https:\/\/www.copealcoy.es\/es\/mas-de-15-empresas-han-mostrado-ya-su-intencion-de-instalarse-en-rodes\/","og_site_name":"COPE Alcoy","article_published_time":"2024-01-19T09:56:18+00:00","article_modified_time":"2024-01-19T10:04:11+00:00","og_image":[{"width":857,"height":546,"url":"https:\/\/www.copealcoy.es\/wp-content\/uploads\/2024\/01\/Captura-de-Pantalla-2024-01-19-a-las-10.40.38.png","type":"image\/png"}],"author":"Cope Alcoy","twitter_misc":{"Escrito por":"Cope Alcoy","Tiempo de lectura":"2 minutos"},"schema":{"@context":"https:\/\/schema.org","@graph":[{"@type":"Article","@id":"https:\/\/www.copealcoy.es\/es\/mas-de-15-empresas-han-mostrado-ya-su-intencion-de-instalarse-en-rodes\/#article","isPartOf":{"@id":"https:\/\/www.copealcoy.es\/es\/mas-de-15-empresas-han-mostrado-ya-su-intencion-de-instalarse-en-rodes\/"},"author":{"name":"Cope Alcoy","@id":"https:\/\/www.copealcoy.es\/es\/#\/schema\/person\/e777c87fa024e57d40170af9df39882c"},"headline":"M\u00e1s de 15 empresas han mostrado ya su intenci\u00f3n de instalarse en Rodes","datePublished":"2024-01-19T09:56:18+00:00","dateModified":"2024-01-19T10:04:11+00:00","mainEntityOfPage":{"@id":"https:\/\/www.copealcoy.es\/es\/mas-de-15-empresas-han-mostrado-ya-su-intencion-de-instalarse-en-rodes\/"},"wordCount":374,"commentCount":0,"image":{"@id":"https:\/\/www.copealcoy.es\/es\/mas-de-15-empresas-han-mostrado-ya-su-intencion-de-instalarse-en-rodes\/#primaryimage"},"thumbnailUrl":"https:\/\/www.copealcoy.es\/wp-content\/uploads\/2024\/01\/Captura-de-Pantalla-2024-01-19-a-las-10.40.38.png","keywords":["15 empresas","Alcoy","Obras","Rodes","Toni Franc\u00e9s"],"articleSection":["Actualidad","Alcoy","Noticias","Portada"],"inLanguage":"es"},{"@type":"WebPage","@id":"https:\/\/www.copealcoy.es\/es\/mas-de-15-empresas-han-mostrado-ya-su-intencion-de-instalarse-en-rodes\/","url":"https:\/\/www.copealcoy.es\/es\/mas-de-15-empresas-han-mostrado-ya-su-intencion-de-instalarse-en-rodes\/","name":"M\u00e1s de 15 empresas han mostrado ya su intenci\u00f3n de instalarse en Rodes - COPE Alcoy","isPartOf":{"@id":"https:\/\/www.copealcoy.es\/es\/#website"},"primaryImageOfPage":{"@id":"https:\/\/www.copealcoy.es\/es\/mas-de-15-empresas-han-mostrado-ya-su-intencion-de-instalarse-en-rodes\/#primaryimage"},"image":{"@id":"https:\/\/www.copealcoy.es\/es\/mas-de-15-empresas-han-mostrado-ya-su-intencion-de-instalarse-en-rodes\/#primaryimage"},"thumbnailUrl":"https:\/\/www.copealcoy.es\/wp-content\/uploads\/2024\/01\/Captura-de-Pantalla-2024-01-19-a-las-10.40.38.png","datePublished":"2024-01-19T09:56:18+00:00","dateModified":"2024-01-19T10:04:11+00:00","author":{"@id":"https:\/\/www.copealcoy.es\/es\/#\/schema\/person\/e777c87fa024e57d40170af9df39882c"},"description":"Una quincena de empresas han manifestado su intenci\u00f3n de instalarse en el Parque Tecnol\u00f3gico de Rodes de Alcoy","breadcrumb":{"@id":"https:\/\/www.copealcoy.es\/es\/mas-de-15-empresas-han-mostrado-ya-su-intencion-de-instalarse-en-rodes\/#breadcrumb"},"inLanguage":"es","potentialAction":[{"@type":"ReadAction","target":["https:\/\/www.copealcoy.es\/es\/mas-de-15-empresas-han-mostrado-ya-su-intencion-de-instalarse-en-rodes\/"]}]},{"@type":"ImageObject","inLanguage":"es","@id":"https:\/\/www.copealcoy.es\/es\/mas-de-15-empresas-han-mostrado-ya-su-intencion-de-instalarse-en-rodes\/#primaryimage","url":"https:\/\/www.copealcoy.es\/wp-content\/uploads\/2024\/01\/Captura-de-Pantalla-2024-01-19-a-las-10.40.38.png","contentUrl":"https:\/\/www.copealcoy.es\/wp-content\/uploads\/2024\/01\/Captura-de-Pantalla-2024-01-19-a-las-10.40.38.png","width":857,"height":546},{"@type":"BreadcrumbList","@id":"https:\/\/www.copealcoy.es\/es\/mas-de-15-empresas-han-mostrado-ya-su-intencion-de-instalarse-en-rodes\/#breadcrumb","itemListElement":[{"@type":"ListItem","position":1,"name":"Portada","item":"https:\/\/www.copealcoy.es\/es\/"},{"@type":"ListItem","position":2,"name":"M\u00e1s de 15 empresas han mostrado ya su intenci\u00f3n de instalarse en Rodes"}]},{"@type":"WebSite","@id":"https:\/\/www.copealcoy.es\/es\/#website","url":"https:\/\/www.copealcoy.es\/es\/","name":"COPE Alcoy","description":"Emisora COPE de radio local con emisi\u00f3n online. Pont de Sant Jordi 8-10 03803 Alcoy","potentialAction":[{"@type":"SearchAction","target":{"@type":"EntryPoint","urlTemplate":"https:\/\/www.copealcoy.es\/es\/?s={search_term_string}"},"query-input":{"@type":"PropertyValueSpecification","valueRequired":true,"valueName":"search_term_string"}}],"inLanguage":"es"},{"@type":"Person","@id":"https:\/\/www.copealcoy.es\/es\/#\/schema\/person\/e777c87fa024e57d40170af9df39882c","name":"Cope Alcoy","image":{"@type":"ImageObject","inLanguage":"es","@id":"https:\/\/secure.gravatar.com\/avatar\/bb65d0283347e303893ba14f0692005417c1e0e690a325a4c5d8bb2b3943ee14?s=96&d=mm&r=g","url":"https:\/\/secure.gravatar.com\/avatar\/bb65d0283347e303893ba14f0692005417c1e0e690a325a4c5d8bb2b3943ee14?s=96&d=mm&r=g","contentUrl":"https:\/\/secure.gravatar.com\/avatar\/bb65d0283347e303893ba14f0692005417c1e0e690a325a4c5d8bb2b3943ee14?s=96&d=mm&r=g","caption":"Cope Alcoy"}}]}},"_links":{"self":[{"href":"https:\/\/www.copealcoy.es\/es\/wp-json\/wp\/v2\/posts\/128409","targetHints":{"allow":["GET"]}}],"collection":[{"href":"https:\/\/www.copealcoy.es\/es\/wp-json\/wp\/v2\/posts"}],"about":[{"href":"https:\/\/www.copealcoy.es\/es\/wp-json\/wp\/v2\/types\/post"}],"author":[{"embeddable":true,"href":"https:\/\/www.copealcoy.es\/es\/wp-json\/wp\/v2\/users\/1"}],"replies":[{"embeddable":true,"href":"https:\/\/www.copealcoy.es\/es\/wp-json\/wp\/v2\/comments?post=128409"}],"version-history":[{"count":0,"href":"https:\/\/www.copealcoy.es\/es\/wp-json\/wp\/v2\/posts\/128409\/revisions"}],"wp:featuredmedia":[{"embeddable":true,"href":"https:\/\/www.copealcoy.es\/es\/wp-json\/wp\/v2\/media\/128410"}],"wp:attachment":[{"href":"https:\/\/www.copealcoy.es\/es\/wp-json\/wp\/v2\/media?parent=128409"}],"wp:term":[{"taxonomy":"category","embeddable":true,"href":"https:\/\/www.copealcoy.es\/es\/wp-json\/wp\/v2\/categories?post=128409"},{"taxonomy":"post_tag","embeddable":true,"href":"https:\/\/www.copealcoy.es\/es\/wp-json\/wp\/v2\/tags?post=128409"}],"curies":[{"name":"wp","href":"https:\/\/api.w.org\/{rel}","templated":true}]}}