{"id":128398,"date":"2024-01-19T09:59:42","date_gmt":"2024-01-19T08:59:42","guid":{"rendered":"https:\/\/www.copealcoy.es\/?p=128398"},"modified":"2024-01-19T12:22:52","modified_gmt":"2024-01-19T11:22:52","slug":"alcoy-celebra-sant-antoni-este-domingo-pendiente-del-tiempo","status":"publish","type":"post","link":"https:\/\/www.copealcoy.es\/es\/alcoy-celebra-sant-antoni-este-domingo-pendiente-del-tiempo\/","title":{"rendered":"Alcoy celebra Sant Antoni este domingo pendiente del tiempo"},"content":{"rendered":"<p style=\"text-align: justify;\">Alcoy celebra este fin de semana <strong>la tradicional festividad de Sant Antoni del Porquet<\/strong> y lo har\u00e1 <strong>pendiente de la climatolog\u00eda<\/strong>, especialmente <strong>del viento<\/strong> que puede condicionar el domingo <strong>la cl\u00e1sica &#8216;rostida&#8217; en el paraje<\/strong>. Los actos <strong>mantendr\u00e1n el formato habitual y contar\u00e1n tambi\u00e9n con la implicaci\u00f3n de entidades de la ciudad<\/strong> como <a href=\"https:\/\/www.facebook.com\/protectoradealcoy\" target=\"_blank\" rel=\"noopener\"><strong><span style=\"color: #0000ff;\">la Sociedad Protectora de Animales y Plantas<\/span><\/strong><\/a>.<\/p>\n<p style=\"text-align: justify;\">Precisamente esta entidad <strong>ha organizado a partir de las cuatro de la tarde un mercado en La Glorieta<\/strong>, donde informar\u00e1 de su actividad, y media hora m\u00e1s tarde tendr\u00e1 lugar<strong> la concentraci\u00f3n en la Pla\u00e7a de Dins<\/strong> de todas aquellas personas que quieran llevar a bendecir sus mascotas. A las cinco <strong>comenzar\u00e1 el desfile desde el Pasaje de San Agust\u00edn<\/strong> y la cabalgata discurrir\u00e1 por la Pla\u00e7a d&#8217;Espanya y la calle San Nicolau hasta finalizar en La Glorieta. All\u00ed tendr\u00e1 lugar<strong> la cl\u00e1sica bendici\u00f3n de mascotas<\/strong> y se llevar\u00e1 a cabo <strong>una chocolatada<\/strong> estando amenizados todos los actos por el Grup de Xirimiters Barxell. Para estas actividades estar\u00e1 cerrada al tr\u00e1fico la calle Sant Nicolau.<\/p>\n<p style=\"text-align: justify;\">Ya el domingo el mismo Grup de Xirimiters Barxell har\u00e1 <strong>una &#8216;despert\u00e0&#8217;<\/strong> a partir de las 08:30h de la ma\u00f1ana y media hora m\u00e1s tarde tendr\u00e1 lugar <strong>una concentraci\u00f3n en el Polideportivo Municipal Francisco Laporta<\/strong>. Seguidamente comenzar\u00e1 <strong>la romer\u00eda a pie<\/strong> en la que se acompa\u00f1ar\u00e1 a la imagen de San Antonio Abad hasta su ermita arropada tambi\u00e9n por romeros a caballo. A la llegada al ermitorio <strong>ser\u00e1 momento de disfrutar de un buen almuerzo<\/strong> y en estos momentos <strong>es una inc\u00f3gnita la celebraci\u00f3n de la &#8216;rostida&#8217;<\/strong> en este entorno natural puesto que<strong> la misma depender\u00e1 de como sople el viento el domingo<\/strong> &#8220;<em>el Ayuntamiento de Alcoy pidi\u00f3 la correspondiente autorizaci\u00f3n a la Generalitat Valenciana y en la resoluci\u00f3n se explic\u00f3 que como norma general no se pueden hacer hogueras a una distancia inferior a 100 metros de terreno forestal, y que \u00fanicamente para la citada romer\u00eda autorizar\u00eda en caso de haber nivel de premeerg\u00e8ncia 1 como m\u00e1ximo y siempre que la velocidad del viento no supere los 10 Km\/h<\/em>&#8220;, indican desde el Consistorio.<\/p>\n<p style=\"text-align: justify;\">A lo largo del d\u00eda <strong>el Grup de Danses Sant Jordi realizar\u00e1 diversos bailes<\/strong>. El d\u00eda de la romer\u00eda, de 7:00h a 15:00h, <strong>estar\u00e1 prohibida la subida de veh\u00edculos y habr\u00e1 servicio de autob\u00fas<\/strong> desde el Polideportivo a las 9:15h y 10:15h.<\/p>\n","protected":false},"excerpt":{"rendered":"<p>Alcoy celebra este fin de semana la tradicional festividad de Sant Antoni del Porquet y lo har\u00e1 pendiente de la&#8230;<\/p>\n","protected":false},"author":1,"featured_media":96682,"comment_status":"open","ping_status":"open","sticky":false,"template":"","format":"standard","meta":{"footnotes":""},"categories":[6909,97,78,75],"tags":[6988,1494,566,545,542,644],"class_list":["post-128398","post","type-post","status-publish","format-standard","has-post-thumbnail","hentry","category-actualidad","category-alcoy","category-fiestaycultura","category-noticias","tag-adversa-climatologia","tag-alcoy","tag-romeria","tag-rostida","tag-sant-antoni","tag-viento"],"yoast_head":"<!-- This site is optimized with the Yoast SEO plugin v27.3 - https:\/\/yoast.com\/product\/yoast-seo-wordpress\/ -->\n<title>Alcoy celebra Sant Antoni este domingo pendiente del tiempo - COPE Alcoy<\/title>\n<meta name=\"description\" content=\"Alcoy celebra este fin de semana la tradicional festividad de Sant Antoni del Porquet y lo har\u00e1 pendiente de la climatolog\u00eda\" \/>\n<meta name=\"robots\" content=\"index, follow, max-snippet:-1, max-image-preview:large, max-video-preview:-1\" \/>\n<link rel=\"canonical\" href=\"https:\/\/www.copealcoy.es\/es\/alcoy-celebra-sant-antoni-este-domingo-pendiente-del-tiempo\/\" \/>\n<meta property=\"og:locale\" content=\"es_ES\" \/>\n<meta property=\"og:type\" content=\"article\" \/>\n<meta property=\"og:title\" content=\"Alcoy celebra Sant Antoni este domingo pendiente del tiempo - COPE Alcoy\" \/>\n<meta property=\"og:description\" content=\"Alcoy celebra este fin de semana la tradicional festividad de Sant Antoni del Porquet y lo har\u00e1 pendiente de la climatolog\u00eda\" \/>\n<meta property=\"og:url\" content=\"https:\/\/www.copealcoy.es\/es\/alcoy-celebra-sant-antoni-este-domingo-pendiente-del-tiempo\/\" \/>\n<meta property=\"og:site_name\" content=\"COPE Alcoy\" \/>\n<meta property=\"article:published_time\" content=\"2024-01-19T08:59:42+00:00\" \/>\n<meta property=\"article:modified_time\" content=\"2024-01-19T11:22:52+00:00\" \/>\n<meta property=\"og:image\" content=\"https:\/\/www.copealcoy.es\/wp-content\/uploads\/2023\/01\/326060964_3444623379153643_7041733409783527923_n-e1705653646278.jpg\" \/>\n\t<meta property=\"og:image:width\" content=\"640\" \/>\n\t<meta property=\"og:image:height\" content=\"480\" \/>\n\t<meta property=\"og:image:type\" content=\"image\/jpeg\" \/>\n<meta name=\"author\" content=\"Cope Alcoy\" \/>\n<meta name=\"twitter:label1\" content=\"Escrito por\" \/>\n\t<meta name=\"twitter:data1\" content=\"Cope Alcoy\" \/>\n\t<meta name=\"twitter:label2\" content=\"Tiempo de lectura\" \/>\n\t<meta name=\"twitter:data2\" content=\"2 minutos\" \/>\n<script type=\"application\/ld+json\" class=\"yoast-schema-graph\">{\"@context\":\"https:\\\/\\\/schema.org\",\"@graph\":[{\"@type\":\"Article\",\"@id\":\"https:\\\/\\\/www.copealcoy.es\\\/es\\\/alcoy-celebra-sant-antoni-este-domingo-pendiente-del-tiempo\\\/#article\",\"isPartOf\":{\"@id\":\"https:\\\/\\\/www.copealcoy.es\\\/es\\\/alcoy-celebra-sant-antoni-este-domingo-pendiente-del-tiempo\\\/\"},\"author\":{\"name\":\"Cope Alcoy\",\"@id\":\"https:\\\/\\\/www.copealcoy.es\\\/es\\\/#\\\/schema\\\/person\\\/e777c87fa024e57d40170af9df39882c\"},\"headline\":\"Alcoy celebra Sant Antoni este domingo pendiente del tiempo\",\"datePublished\":\"2024-01-19T08:59:42+00:00\",\"dateModified\":\"2024-01-19T11:22:52+00:00\",\"mainEntityOfPage\":{\"@id\":\"https:\\\/\\\/www.copealcoy.es\\\/es\\\/alcoy-celebra-sant-antoni-este-domingo-pendiente-del-tiempo\\\/\"},\"wordCount\":432,\"commentCount\":0,\"image\":{\"@id\":\"https:\\\/\\\/www.copealcoy.es\\\/es\\\/alcoy-celebra-sant-antoni-este-domingo-pendiente-del-tiempo\\\/#primaryimage\"},\"thumbnailUrl\":\"https:\\\/\\\/www.copealcoy.es\\\/wp-content\\\/uploads\\\/2023\\\/01\\\/326060964_3444623379153643_7041733409783527923_n-e1705653646278.jpg\",\"keywords\":[\"adversa climatolog\u00eda\",\"Alcoy\",\"Romer\u00eda\",\"Rostida\",\"Sant Antoni\",\"Viento\"],\"articleSection\":[\"Actualidad\",\"Alcoy\",\"Fiesta y Cultura\",\"Noticias\"],\"inLanguage\":\"es\"},{\"@type\":\"WebPage\",\"@id\":\"https:\\\/\\\/www.copealcoy.es\\\/es\\\/alcoy-celebra-sant-antoni-este-domingo-pendiente-del-tiempo\\\/\",\"url\":\"https:\\\/\\\/www.copealcoy.es\\\/es\\\/alcoy-celebra-sant-antoni-este-domingo-pendiente-del-tiempo\\\/\",\"name\":\"Alcoy celebra Sant Antoni este domingo pendiente del tiempo - COPE Alcoy\",\"isPartOf\":{\"@id\":\"https:\\\/\\\/www.copealcoy.es\\\/es\\\/#website\"},\"primaryImageOfPage\":{\"@id\":\"https:\\\/\\\/www.copealcoy.es\\\/es\\\/alcoy-celebra-sant-antoni-este-domingo-pendiente-del-tiempo\\\/#primaryimage\"},\"image\":{\"@id\":\"https:\\\/\\\/www.copealcoy.es\\\/es\\\/alcoy-celebra-sant-antoni-este-domingo-pendiente-del-tiempo\\\/#primaryimage\"},\"thumbnailUrl\":\"https:\\\/\\\/www.copealcoy.es\\\/wp-content\\\/uploads\\\/2023\\\/01\\\/326060964_3444623379153643_7041733409783527923_n-e1705653646278.jpg\",\"datePublished\":\"2024-01-19T08:59:42+00:00\",\"dateModified\":\"2024-01-19T11:22:52+00:00\",\"author\":{\"@id\":\"https:\\\/\\\/www.copealcoy.es\\\/es\\\/#\\\/schema\\\/person\\\/e777c87fa024e57d40170af9df39882c\"},\"description\":\"Alcoy celebra este fin de semana la tradicional festividad de Sant Antoni del Porquet y lo har\u00e1 pendiente de la climatolog\u00eda\",\"breadcrumb\":{\"@id\":\"https:\\\/\\\/www.copealcoy.es\\\/es\\\/alcoy-celebra-sant-antoni-este-domingo-pendiente-del-tiempo\\\/#breadcrumb\"},\"inLanguage\":\"es\",\"potentialAction\":[{\"@type\":\"ReadAction\",\"target\":[\"https:\\\/\\\/www.copealcoy.es\\\/es\\\/alcoy-celebra-sant-antoni-este-domingo-pendiente-del-tiempo\\\/\"]}]},{\"@type\":\"ImageObject\",\"inLanguage\":\"es\",\"@id\":\"https:\\\/\\\/www.copealcoy.es\\\/es\\\/alcoy-celebra-sant-antoni-este-domingo-pendiente-del-tiempo\\\/#primaryimage\",\"url\":\"https:\\\/\\\/www.copealcoy.es\\\/wp-content\\\/uploads\\\/2023\\\/01\\\/326060964_3444623379153643_7041733409783527923_n-e1705653646278.jpg\",\"contentUrl\":\"https:\\\/\\\/www.copealcoy.es\\\/wp-content\\\/uploads\\\/2023\\\/01\\\/326060964_3444623379153643_7041733409783527923_n-e1705653646278.jpg\",\"width\":640,\"height\":480,\"caption\":\"Romeria Sant Antoni Alcoi 2023\"},{\"@type\":\"BreadcrumbList\",\"@id\":\"https:\\\/\\\/www.copealcoy.es\\\/es\\\/alcoy-celebra-sant-antoni-este-domingo-pendiente-del-tiempo\\\/#breadcrumb\",\"itemListElement\":[{\"@type\":\"ListItem\",\"position\":1,\"name\":\"Portada\",\"item\":\"https:\\\/\\\/www.copealcoy.es\\\/es\\\/\"},{\"@type\":\"ListItem\",\"position\":2,\"name\":\"Alcoy celebra Sant Antoni este domingo pendiente del tiempo\"}]},{\"@type\":\"WebSite\",\"@id\":\"https:\\\/\\\/www.copealcoy.es\\\/es\\\/#website\",\"url\":\"https:\\\/\\\/www.copealcoy.es\\\/es\\\/\",\"name\":\"COPE Alcoy\",\"description\":\"Emisora COPE de radio local con emisi\u00f3n online. Pont de Sant Jordi 8-10 03803 Alcoy\",\"potentialAction\":[{\"@type\":\"SearchAction\",\"target\":{\"@type\":\"EntryPoint\",\"urlTemplate\":\"https:\\\/\\\/www.copealcoy.es\\\/es\\\/?s={search_term_string}\"},\"query-input\":{\"@type\":\"PropertyValueSpecification\",\"valueRequired\":true,\"valueName\":\"search_term_string\"}}],\"inLanguage\":\"es\"},{\"@type\":\"Person\",\"@id\":\"https:\\\/\\\/www.copealcoy.es\\\/es\\\/#\\\/schema\\\/person\\\/e777c87fa024e57d40170af9df39882c\",\"name\":\"Cope Alcoy\",\"image\":{\"@type\":\"ImageObject\",\"inLanguage\":\"es\",\"@id\":\"https:\\\/\\\/secure.gravatar.com\\\/avatar\\\/bb65d0283347e303893ba14f0692005417c1e0e690a325a4c5d8bb2b3943ee14?s=96&d=mm&r=g\",\"url\":\"https:\\\/\\\/secure.gravatar.com\\\/avatar\\\/bb65d0283347e303893ba14f0692005417c1e0e690a325a4c5d8bb2b3943ee14?s=96&d=mm&r=g\",\"contentUrl\":\"https:\\\/\\\/secure.gravatar.com\\\/avatar\\\/bb65d0283347e303893ba14f0692005417c1e0e690a325a4c5d8bb2b3943ee14?s=96&d=mm&r=g\",\"caption\":\"Cope Alcoy\"}}]}<\/script>\n<!-- \/ Yoast SEO plugin. -->","yoast_head_json":{"title":"Alcoy celebra Sant Antoni este domingo pendiente del tiempo - COPE Alcoy","description":"Alcoy celebra este fin de semana la tradicional festividad de Sant Antoni del Porquet y lo har\u00e1 pendiente de la climatolog\u00eda","robots":{"index":"index","follow":"follow","max-snippet":"max-snippet:-1","max-image-preview":"max-image-preview:large","max-video-preview":"max-video-preview:-1"},"canonical":"https:\/\/www.copealcoy.es\/es\/alcoy-celebra-sant-antoni-este-domingo-pendiente-del-tiempo\/","og_locale":"es_ES","og_type":"article","og_title":"Alcoy celebra Sant Antoni este domingo pendiente del tiempo - COPE Alcoy","og_description":"Alcoy celebra este fin de semana la tradicional festividad de Sant Antoni del Porquet y lo har\u00e1 pendiente de la climatolog\u00eda","og_url":"https:\/\/www.copealcoy.es\/es\/alcoy-celebra-sant-antoni-este-domingo-pendiente-del-tiempo\/","og_site_name":"COPE Alcoy","article_published_time":"2024-01-19T08:59:42+00:00","article_modified_time":"2024-01-19T11:22:52+00:00","og_image":[{"width":640,"height":480,"url":"https:\/\/www.copealcoy.es\/wp-content\/uploads\/2023\/01\/326060964_3444623379153643_7041733409783527923_n-e1705653646278.jpg","type":"image\/jpeg"}],"author":"Cope Alcoy","twitter_misc":{"Escrito por":"Cope Alcoy","Tiempo de lectura":"2 minutos"},"schema":{"@context":"https:\/\/schema.org","@graph":[{"@type":"Article","@id":"https:\/\/www.copealcoy.es\/es\/alcoy-celebra-sant-antoni-este-domingo-pendiente-del-tiempo\/#article","isPartOf":{"@id":"https:\/\/www.copealcoy.es\/es\/alcoy-celebra-sant-antoni-este-domingo-pendiente-del-tiempo\/"},"author":{"name":"Cope Alcoy","@id":"https:\/\/www.copealcoy.es\/es\/#\/schema\/person\/e777c87fa024e57d40170af9df39882c"},"headline":"Alcoy celebra Sant Antoni este domingo pendiente del tiempo","datePublished":"2024-01-19T08:59:42+00:00","dateModified":"2024-01-19T11:22:52+00:00","mainEntityOfPage":{"@id":"https:\/\/www.copealcoy.es\/es\/alcoy-celebra-sant-antoni-este-domingo-pendiente-del-tiempo\/"},"wordCount":432,"commentCount":0,"image":{"@id":"https:\/\/www.copealcoy.es\/es\/alcoy-celebra-sant-antoni-este-domingo-pendiente-del-tiempo\/#primaryimage"},"thumbnailUrl":"https:\/\/www.copealcoy.es\/wp-content\/uploads\/2023\/01\/326060964_3444623379153643_7041733409783527923_n-e1705653646278.jpg","keywords":["adversa climatolog\u00eda","Alcoy","Romer\u00eda","Rostida","Sant Antoni","Viento"],"articleSection":["Actualidad","Alcoy","Fiesta y Cultura","Noticias"],"inLanguage":"es"},{"@type":"WebPage","@id":"https:\/\/www.copealcoy.es\/es\/alcoy-celebra-sant-antoni-este-domingo-pendiente-del-tiempo\/","url":"https:\/\/www.copealcoy.es\/es\/alcoy-celebra-sant-antoni-este-domingo-pendiente-del-tiempo\/","name":"Alcoy celebra Sant Antoni este domingo pendiente del tiempo - COPE Alcoy","isPartOf":{"@id":"https:\/\/www.copealcoy.es\/es\/#website"},"primaryImageOfPage":{"@id":"https:\/\/www.copealcoy.es\/es\/alcoy-celebra-sant-antoni-este-domingo-pendiente-del-tiempo\/#primaryimage"},"image":{"@id":"https:\/\/www.copealcoy.es\/es\/alcoy-celebra-sant-antoni-este-domingo-pendiente-del-tiempo\/#primaryimage"},"thumbnailUrl":"https:\/\/www.copealcoy.es\/wp-content\/uploads\/2023\/01\/326060964_3444623379153643_7041733409783527923_n-e1705653646278.jpg","datePublished":"2024-01-19T08:59:42+00:00","dateModified":"2024-01-19T11:22:52+00:00","author":{"@id":"https:\/\/www.copealcoy.es\/es\/#\/schema\/person\/e777c87fa024e57d40170af9df39882c"},"description":"Alcoy celebra este fin de semana la tradicional festividad de Sant Antoni del Porquet y lo har\u00e1 pendiente de la climatolog\u00eda","breadcrumb":{"@id":"https:\/\/www.copealcoy.es\/es\/alcoy-celebra-sant-antoni-este-domingo-pendiente-del-tiempo\/#breadcrumb"},"inLanguage":"es","potentialAction":[{"@type":"ReadAction","target":["https:\/\/www.copealcoy.es\/es\/alcoy-celebra-sant-antoni-este-domingo-pendiente-del-tiempo\/"]}]},{"@type":"ImageObject","inLanguage":"es","@id":"https:\/\/www.copealcoy.es\/es\/alcoy-celebra-sant-antoni-este-domingo-pendiente-del-tiempo\/#primaryimage","url":"https:\/\/www.copealcoy.es\/wp-content\/uploads\/2023\/01\/326060964_3444623379153643_7041733409783527923_n-e1705653646278.jpg","contentUrl":"https:\/\/www.copealcoy.es\/wp-content\/uploads\/2023\/01\/326060964_3444623379153643_7041733409783527923_n-e1705653646278.jpg","width":640,"height":480,"caption":"Romeria Sant Antoni Alcoi 2023"},{"@type":"BreadcrumbList","@id":"https:\/\/www.copealcoy.es\/es\/alcoy-celebra-sant-antoni-este-domingo-pendiente-del-tiempo\/#breadcrumb","itemListElement":[{"@type":"ListItem","position":1,"name":"Portada","item":"https:\/\/www.copealcoy.es\/es\/"},{"@type":"ListItem","position":2,"name":"Alcoy celebra Sant Antoni este domingo pendiente del tiempo"}]},{"@type":"WebSite","@id":"https:\/\/www.copealcoy.es\/es\/#website","url":"https:\/\/www.copealcoy.es\/es\/","name":"COPE Alcoy","description":"Emisora COPE de radio local con emisi\u00f3n online. Pont de Sant Jordi 8-10 03803 Alcoy","potentialAction":[{"@type":"SearchAction","target":{"@type":"EntryPoint","urlTemplate":"https:\/\/www.copealcoy.es\/es\/?s={search_term_string}"},"query-input":{"@type":"PropertyValueSpecification","valueRequired":true,"valueName":"search_term_string"}}],"inLanguage":"es"},{"@type":"Person","@id":"https:\/\/www.copealcoy.es\/es\/#\/schema\/person\/e777c87fa024e57d40170af9df39882c","name":"Cope Alcoy","image":{"@type":"ImageObject","inLanguage":"es","@id":"https:\/\/secure.gravatar.com\/avatar\/bb65d0283347e303893ba14f0692005417c1e0e690a325a4c5d8bb2b3943ee14?s=96&d=mm&r=g","url":"https:\/\/secure.gravatar.com\/avatar\/bb65d0283347e303893ba14f0692005417c1e0e690a325a4c5d8bb2b3943ee14?s=96&d=mm&r=g","contentUrl":"https:\/\/secure.gravatar.com\/avatar\/bb65d0283347e303893ba14f0692005417c1e0e690a325a4c5d8bb2b3943ee14?s=96&d=mm&r=g","caption":"Cope Alcoy"}}]}},"_links":{"self":[{"href":"https:\/\/www.copealcoy.es\/es\/wp-json\/wp\/v2\/posts\/128398","targetHints":{"allow":["GET"]}}],"collection":[{"href":"https:\/\/www.copealcoy.es\/es\/wp-json\/wp\/v2\/posts"}],"about":[{"href":"https:\/\/www.copealcoy.es\/es\/wp-json\/wp\/v2\/types\/post"}],"author":[{"embeddable":true,"href":"https:\/\/www.copealcoy.es\/es\/wp-json\/wp\/v2\/users\/1"}],"replies":[{"embeddable":true,"href":"https:\/\/www.copealcoy.es\/es\/wp-json\/wp\/v2\/comments?post=128398"}],"version-history":[{"count":0,"href":"https:\/\/www.copealcoy.es\/es\/wp-json\/wp\/v2\/posts\/128398\/revisions"}],"wp:featuredmedia":[{"embeddable":true,"href":"https:\/\/www.copealcoy.es\/es\/wp-json\/wp\/v2\/media\/96682"}],"wp:attachment":[{"href":"https:\/\/www.copealcoy.es\/es\/wp-json\/wp\/v2\/media?parent=128398"}],"wp:term":[{"taxonomy":"category","embeddable":true,"href":"https:\/\/www.copealcoy.es\/es\/wp-json\/wp\/v2\/categories?post=128398"},{"taxonomy":"post_tag","embeddable":true,"href":"https:\/\/www.copealcoy.es\/es\/wp-json\/wp\/v2\/tags?post=128398"}],"curies":[{"name":"wp","href":"https:\/\/api.w.org\/{rel}","templated":true}]}}