{"id":127960,"date":"2024-01-11T09:00:03","date_gmt":"2024-01-11T08:00:03","guid":{"rendered":"https:\/\/www.copealcoy.es\/?p=127960"},"modified":"2024-01-11T12:09:58","modified_gmt":"2024-01-11T11:09:58","slug":"contagios-por-virus-respiratorios-las-medidas-a-tener-en-cuenta-tras-las-vuelta-a-las-aulas","status":"publish","type":"post","link":"https:\/\/www.copealcoy.es\/es\/contagios-por-virus-respiratorios-las-medidas-a-tener-en-cuenta-tras-las-vuelta-a-las-aulas\/","title":{"rendered":"Contagios por virus respiratorios: las medidas a tener en cuenta tras las vuelta a las aulas"},"content":{"rendered":"<p style=\"text-align: justify;\">Los contagios por virus respiratorios <strong>siguen al alza despu\u00e9s de las Fiestas Navide\u00f1as<\/strong> y los expertos apuntan a que <strong>el pico se dar\u00e1 en unas semanas<\/strong>. Es por ello que <strong>lanzan una serie de recomendaciones a tener en cuenta<\/strong>, especialmente en los centros educativos ya que es all\u00ed donde ahora se centra el foco de contagios.<\/p>\n<p style=\"text-align: justify;\">Entre las medidas propuestas, tras las vacaciones navide\u00f1as, se pide que <strong>se sigan algunas pautas de prevenci\u00f3n<\/strong> como <strong>la vacunaci\u00f3n<\/strong> frente a la gripe y SARS-Cov2 a todo el personal docente y auxiliar del entorno educativo y que mantenga contacto con el alumnado.<\/p>\n<p style=\"text-align: justify;\">Ante s\u00edntomas menores de enfermedad respiratoria aguda (tos, estornudos o mucosidad nasal) es recomendable <strong>la utilizaci\u00f3n de mascarilla<\/strong> en alumnos, profesores y personal auxiliar.<\/p>\n<p style=\"text-align: justify;\">Si se tienen otros s\u00edntomas como <strong>fiebre<\/strong> por encima de los 38 grados, malestar general y\/o dificultad respiratoria se recomienda no asistir al centro educativo, seg\u00fan un comunicado de Generalitat.<\/p>\n<p style=\"text-align: justify;\">Adem\u00e1s, en la circular reenviada en los colegios a instancias de la Conselleria de Sanidad se ha insistido en <strong>la importancia de la higiene de manos<\/strong> mediante un lavado de forma frecuente con agua y jab\u00f3n o con soluci\u00f3n hidroalcoh\u00f3lica, as\u00ed como evitar tocarse la nariz, los ojos, la boca o la mascarilla.<\/p>\n<p style=\"text-align: justify;\">Por \u00faltimo, se ha recomendado a los centros educativos que <strong>ventilen de forma natural<\/strong> las aulas y \u00e1reas de alta interacci\u00f3n social, manteniendo una temperatura adecuada.<\/p>\n<p style=\"text-align: justify;\">Apuntar que <strong>un total de 22.693 personas se han vacunado frente a la gripe o la covid en los centros de salud de la Comunitat Valenciana durante este pasado lunes<\/strong>, la primera jornada en que se pod\u00eda acceder a la vacunaci\u00f3n sin cita. Adem\u00e1s de esto <strong>sigue en vigor la medida puesta en marcha desde el pasado lunes<\/strong> y que consiste <a href=\"https:\/\/www.copealcoy.es\/la-mascarilla-vuelve-a-ser-obligatoria-desde-hoy-en-centros-sanitarios-de-la-comunitat\/\" target=\"_blank\" rel=\"noopener\"><strong><span style=\"color: #0000ff;\">en la obligatoriedad de usar las mascarillas<\/span> <\/strong><\/a>en centros sanitarios.<\/p>\n","protected":false},"excerpt":{"rendered":"<p>Los contagios por virus respiratorios siguen al alza despu\u00e9s de las Fiestas Navide\u00f1as y los expertos apuntan a que el&#8230;<\/p>\n","protected":false},"author":1,"featured_media":127842,"comment_status":"open","ping_status":"open","sticky":false,"template":"","format":"standard","meta":{"footnotes":""},"categories":[6909,75],"tags":[4374,7401,5114,2822,16191,14614,16182],"class_list":["post-127960","post","type-post","status-publish","format-standard","has-post-thumbnail","hentry","category-actualidad","category-noticias","tag-conselleria-de-sanidad","tag-contagios","tag-incremento","tag-medidas","tag-pico","tag-recomendaciones","tag-virus-respiratorios"],"yoast_head":"<!-- This site is optimized with the Yoast SEO plugin v27.3 - https:\/\/yoast.com\/product\/yoast-seo-wordpress\/ -->\n<title>Contagios por virus respiratorios: las medidas a tener en cuenta tras las vuelta a las aulas - COPE Alcoy<\/title>\n<meta name=\"description\" content=\"Los contagios por virus respiratorios siguen al alza despu\u00e9s de las Fiestas Navide\u00f1as y los expertos apuntan a que el pico se dar\u00e1 en unas semanas\" \/>\n<meta name=\"robots\" content=\"index, follow, max-snippet:-1, max-image-preview:large, max-video-preview:-1\" \/>\n<link rel=\"canonical\" href=\"https:\/\/www.copealcoy.es\/es\/contagios-por-virus-respiratorios-las-medidas-a-tener-en-cuenta-tras-las-vuelta-a-las-aulas\/\" \/>\n<meta property=\"og:locale\" content=\"es_ES\" \/>\n<meta property=\"og:type\" content=\"article\" \/>\n<meta property=\"og:title\" content=\"Contagios por virus respiratorios: las medidas a tener en cuenta tras las vuelta a las aulas - COPE Alcoy\" \/>\n<meta property=\"og:description\" content=\"Los contagios por virus respiratorios siguen al alza despu\u00e9s de las Fiestas Navide\u00f1as y los expertos apuntan a que el pico se dar\u00e1 en unas semanas\" \/>\n<meta property=\"og:url\" content=\"https:\/\/www.copealcoy.es\/es\/contagios-por-virus-respiratorios-las-medidas-a-tener-en-cuenta-tras-las-vuelta-a-las-aulas\/\" \/>\n<meta property=\"og:site_name\" content=\"COPE Alcoy\" \/>\n<meta property=\"article:published_time\" content=\"2024-01-11T08:00:03+00:00\" \/>\n<meta property=\"article:modified_time\" content=\"2024-01-11T11:09:58+00:00\" \/>\n<meta property=\"og:image\" content=\"https:\/\/www.copealcoy.es\/wp-content\/uploads\/2024\/01\/1613135206520.jpg\" \/>\n\t<meta property=\"og:image:width\" content=\"976\" \/>\n\t<meta property=\"og:image:height\" content=\"732\" \/>\n\t<meta property=\"og:image:type\" content=\"image\/jpeg\" \/>\n<meta name=\"author\" content=\"Cope Alcoy\" \/>\n<meta name=\"twitter:label1\" content=\"Escrito por\" \/>\n\t<meta name=\"twitter:data1\" content=\"Cope Alcoy\" \/>\n\t<meta name=\"twitter:label2\" content=\"Tiempo de lectura\" \/>\n\t<meta name=\"twitter:data2\" content=\"2 minutos\" \/>\n<script type=\"application\/ld+json\" class=\"yoast-schema-graph\">{\"@context\":\"https:\\\/\\\/schema.org\",\"@graph\":[{\"@type\":\"Article\",\"@id\":\"https:\\\/\\\/www.copealcoy.es\\\/es\\\/contagios-por-virus-respiratorios-las-medidas-a-tener-en-cuenta-tras-las-vuelta-a-las-aulas\\\/#article\",\"isPartOf\":{\"@id\":\"https:\\\/\\\/www.copealcoy.es\\\/es\\\/contagios-por-virus-respiratorios-las-medidas-a-tener-en-cuenta-tras-las-vuelta-a-las-aulas\\\/\"},\"author\":{\"name\":\"Cope Alcoy\",\"@id\":\"https:\\\/\\\/www.copealcoy.es\\\/es\\\/#\\\/schema\\\/person\\\/e777c87fa024e57d40170af9df39882c\"},\"headline\":\"Contagios por virus respiratorios: las medidas a tener en cuenta tras las vuelta a las aulas\",\"datePublished\":\"2024-01-11T08:00:03+00:00\",\"dateModified\":\"2024-01-11T11:09:58+00:00\",\"mainEntityOfPage\":{\"@id\":\"https:\\\/\\\/www.copealcoy.es\\\/es\\\/contagios-por-virus-respiratorios-las-medidas-a-tener-en-cuenta-tras-las-vuelta-a-las-aulas\\\/\"},\"wordCount\":335,\"commentCount\":0,\"image\":{\"@id\":\"https:\\\/\\\/www.copealcoy.es\\\/es\\\/contagios-por-virus-respiratorios-las-medidas-a-tener-en-cuenta-tras-las-vuelta-a-las-aulas\\\/#primaryimage\"},\"thumbnailUrl\":\"https:\\\/\\\/www.copealcoy.es\\\/wp-content\\\/uploads\\\/2024\\\/01\\\/1613135206520.jpg\",\"keywords\":[\"Conselleria de Sanidad\",\"contagios\",\"incremento\",\"medidas\",\"Pico\",\"recomendaciones\",\"virus respiratorios\"],\"articleSection\":[\"Actualidad\",\"Noticias\"],\"inLanguage\":\"es\"},{\"@type\":\"WebPage\",\"@id\":\"https:\\\/\\\/www.copealcoy.es\\\/es\\\/contagios-por-virus-respiratorios-las-medidas-a-tener-en-cuenta-tras-las-vuelta-a-las-aulas\\\/\",\"url\":\"https:\\\/\\\/www.copealcoy.es\\\/es\\\/contagios-por-virus-respiratorios-las-medidas-a-tener-en-cuenta-tras-las-vuelta-a-las-aulas\\\/\",\"name\":\"Contagios por virus respiratorios: las medidas a tener en cuenta tras las vuelta a las aulas - COPE Alcoy\",\"isPartOf\":{\"@id\":\"https:\\\/\\\/www.copealcoy.es\\\/es\\\/#website\"},\"primaryImageOfPage\":{\"@id\":\"https:\\\/\\\/www.copealcoy.es\\\/es\\\/contagios-por-virus-respiratorios-las-medidas-a-tener-en-cuenta-tras-las-vuelta-a-las-aulas\\\/#primaryimage\"},\"image\":{\"@id\":\"https:\\\/\\\/www.copealcoy.es\\\/es\\\/contagios-por-virus-respiratorios-las-medidas-a-tener-en-cuenta-tras-las-vuelta-a-las-aulas\\\/#primaryimage\"},\"thumbnailUrl\":\"https:\\\/\\\/www.copealcoy.es\\\/wp-content\\\/uploads\\\/2024\\\/01\\\/1613135206520.jpg\",\"datePublished\":\"2024-01-11T08:00:03+00:00\",\"dateModified\":\"2024-01-11T11:09:58+00:00\",\"author\":{\"@id\":\"https:\\\/\\\/www.copealcoy.es\\\/es\\\/#\\\/schema\\\/person\\\/e777c87fa024e57d40170af9df39882c\"},\"description\":\"Los contagios por virus respiratorios siguen al alza despu\u00e9s de las Fiestas Navide\u00f1as y los expertos apuntan a que el pico se dar\u00e1 en unas semanas\",\"breadcrumb\":{\"@id\":\"https:\\\/\\\/www.copealcoy.es\\\/es\\\/contagios-por-virus-respiratorios-las-medidas-a-tener-en-cuenta-tras-las-vuelta-a-las-aulas\\\/#breadcrumb\"},\"inLanguage\":\"es\",\"potentialAction\":[{\"@type\":\"ReadAction\",\"target\":[\"https:\\\/\\\/www.copealcoy.es\\\/es\\\/contagios-por-virus-respiratorios-las-medidas-a-tener-en-cuenta-tras-las-vuelta-a-las-aulas\\\/\"]}]},{\"@type\":\"ImageObject\",\"inLanguage\":\"es\",\"@id\":\"https:\\\/\\\/www.copealcoy.es\\\/es\\\/contagios-por-virus-respiratorios-las-medidas-a-tener-en-cuenta-tras-las-vuelta-a-las-aulas\\\/#primaryimage\",\"url\":\"https:\\\/\\\/www.copealcoy.es\\\/wp-content\\\/uploads\\\/2024\\\/01\\\/1613135206520.jpg\",\"contentUrl\":\"https:\\\/\\\/www.copealcoy.es\\\/wp-content\\\/uploads\\\/2024\\\/01\\\/1613135206520.jpg\",\"width\":976,\"height\":732},{\"@type\":\"BreadcrumbList\",\"@id\":\"https:\\\/\\\/www.copealcoy.es\\\/es\\\/contagios-por-virus-respiratorios-las-medidas-a-tener-en-cuenta-tras-las-vuelta-a-las-aulas\\\/#breadcrumb\",\"itemListElement\":[{\"@type\":\"ListItem\",\"position\":1,\"name\":\"Portada\",\"item\":\"https:\\\/\\\/www.copealcoy.es\\\/es\\\/\"},{\"@type\":\"ListItem\",\"position\":2,\"name\":\"Contagios por virus respiratorios: las medidas a tener en cuenta tras las vuelta a las aulas\"}]},{\"@type\":\"WebSite\",\"@id\":\"https:\\\/\\\/www.copealcoy.es\\\/es\\\/#website\",\"url\":\"https:\\\/\\\/www.copealcoy.es\\\/es\\\/\",\"name\":\"COPE Alcoy\",\"description\":\"Emisora COPE de radio local con emisi\u00f3n online. Pont de Sant Jordi 8-10 03803 Alcoy\",\"potentialAction\":[{\"@type\":\"SearchAction\",\"target\":{\"@type\":\"EntryPoint\",\"urlTemplate\":\"https:\\\/\\\/www.copealcoy.es\\\/es\\\/?s={search_term_string}\"},\"query-input\":{\"@type\":\"PropertyValueSpecification\",\"valueRequired\":true,\"valueName\":\"search_term_string\"}}],\"inLanguage\":\"es\"},{\"@type\":\"Person\",\"@id\":\"https:\\\/\\\/www.copealcoy.es\\\/es\\\/#\\\/schema\\\/person\\\/e777c87fa024e57d40170af9df39882c\",\"name\":\"Cope Alcoy\",\"image\":{\"@type\":\"ImageObject\",\"inLanguage\":\"es\",\"@id\":\"https:\\\/\\\/secure.gravatar.com\\\/avatar\\\/bb65d0283347e303893ba14f0692005417c1e0e690a325a4c5d8bb2b3943ee14?s=96&d=mm&r=g\",\"url\":\"https:\\\/\\\/secure.gravatar.com\\\/avatar\\\/bb65d0283347e303893ba14f0692005417c1e0e690a325a4c5d8bb2b3943ee14?s=96&d=mm&r=g\",\"contentUrl\":\"https:\\\/\\\/secure.gravatar.com\\\/avatar\\\/bb65d0283347e303893ba14f0692005417c1e0e690a325a4c5d8bb2b3943ee14?s=96&d=mm&r=g\",\"caption\":\"Cope Alcoy\"}}]}<\/script>\n<!-- \/ Yoast SEO plugin. -->","yoast_head_json":{"title":"Contagios por virus respiratorios: las medidas a tener en cuenta tras las vuelta a las aulas - COPE Alcoy","description":"Los contagios por virus respiratorios siguen al alza despu\u00e9s de las Fiestas Navide\u00f1as y los expertos apuntan a que el pico se dar\u00e1 en unas semanas","robots":{"index":"index","follow":"follow","max-snippet":"max-snippet:-1","max-image-preview":"max-image-preview:large","max-video-preview":"max-video-preview:-1"},"canonical":"https:\/\/www.copealcoy.es\/es\/contagios-por-virus-respiratorios-las-medidas-a-tener-en-cuenta-tras-las-vuelta-a-las-aulas\/","og_locale":"es_ES","og_type":"article","og_title":"Contagios por virus respiratorios: las medidas a tener en cuenta tras las vuelta a las aulas - COPE Alcoy","og_description":"Los contagios por virus respiratorios siguen al alza despu\u00e9s de las Fiestas Navide\u00f1as y los expertos apuntan a que el pico se dar\u00e1 en unas semanas","og_url":"https:\/\/www.copealcoy.es\/es\/contagios-por-virus-respiratorios-las-medidas-a-tener-en-cuenta-tras-las-vuelta-a-las-aulas\/","og_site_name":"COPE Alcoy","article_published_time":"2024-01-11T08:00:03+00:00","article_modified_time":"2024-01-11T11:09:58+00:00","og_image":[{"width":976,"height":732,"url":"https:\/\/www.copealcoy.es\/wp-content\/uploads\/2024\/01\/1613135206520.jpg","type":"image\/jpeg"}],"author":"Cope Alcoy","twitter_misc":{"Escrito por":"Cope Alcoy","Tiempo de lectura":"2 minutos"},"schema":{"@context":"https:\/\/schema.org","@graph":[{"@type":"Article","@id":"https:\/\/www.copealcoy.es\/es\/contagios-por-virus-respiratorios-las-medidas-a-tener-en-cuenta-tras-las-vuelta-a-las-aulas\/#article","isPartOf":{"@id":"https:\/\/www.copealcoy.es\/es\/contagios-por-virus-respiratorios-las-medidas-a-tener-en-cuenta-tras-las-vuelta-a-las-aulas\/"},"author":{"name":"Cope Alcoy","@id":"https:\/\/www.copealcoy.es\/es\/#\/schema\/person\/e777c87fa024e57d40170af9df39882c"},"headline":"Contagios por virus respiratorios: las medidas a tener en cuenta tras las vuelta a las aulas","datePublished":"2024-01-11T08:00:03+00:00","dateModified":"2024-01-11T11:09:58+00:00","mainEntityOfPage":{"@id":"https:\/\/www.copealcoy.es\/es\/contagios-por-virus-respiratorios-las-medidas-a-tener-en-cuenta-tras-las-vuelta-a-las-aulas\/"},"wordCount":335,"commentCount":0,"image":{"@id":"https:\/\/www.copealcoy.es\/es\/contagios-por-virus-respiratorios-las-medidas-a-tener-en-cuenta-tras-las-vuelta-a-las-aulas\/#primaryimage"},"thumbnailUrl":"https:\/\/www.copealcoy.es\/wp-content\/uploads\/2024\/01\/1613135206520.jpg","keywords":["Conselleria de Sanidad","contagios","incremento","medidas","Pico","recomendaciones","virus respiratorios"],"articleSection":["Actualidad","Noticias"],"inLanguage":"es"},{"@type":"WebPage","@id":"https:\/\/www.copealcoy.es\/es\/contagios-por-virus-respiratorios-las-medidas-a-tener-en-cuenta-tras-las-vuelta-a-las-aulas\/","url":"https:\/\/www.copealcoy.es\/es\/contagios-por-virus-respiratorios-las-medidas-a-tener-en-cuenta-tras-las-vuelta-a-las-aulas\/","name":"Contagios por virus respiratorios: las medidas a tener en cuenta tras las vuelta a las aulas - COPE Alcoy","isPartOf":{"@id":"https:\/\/www.copealcoy.es\/es\/#website"},"primaryImageOfPage":{"@id":"https:\/\/www.copealcoy.es\/es\/contagios-por-virus-respiratorios-las-medidas-a-tener-en-cuenta-tras-las-vuelta-a-las-aulas\/#primaryimage"},"image":{"@id":"https:\/\/www.copealcoy.es\/es\/contagios-por-virus-respiratorios-las-medidas-a-tener-en-cuenta-tras-las-vuelta-a-las-aulas\/#primaryimage"},"thumbnailUrl":"https:\/\/www.copealcoy.es\/wp-content\/uploads\/2024\/01\/1613135206520.jpg","datePublished":"2024-01-11T08:00:03+00:00","dateModified":"2024-01-11T11:09:58+00:00","author":{"@id":"https:\/\/www.copealcoy.es\/es\/#\/schema\/person\/e777c87fa024e57d40170af9df39882c"},"description":"Los contagios por virus respiratorios siguen al alza despu\u00e9s de las Fiestas Navide\u00f1as y los expertos apuntan a que el pico se dar\u00e1 en unas semanas","breadcrumb":{"@id":"https:\/\/www.copealcoy.es\/es\/contagios-por-virus-respiratorios-las-medidas-a-tener-en-cuenta-tras-las-vuelta-a-las-aulas\/#breadcrumb"},"inLanguage":"es","potentialAction":[{"@type":"ReadAction","target":["https:\/\/www.copealcoy.es\/es\/contagios-por-virus-respiratorios-las-medidas-a-tener-en-cuenta-tras-las-vuelta-a-las-aulas\/"]}]},{"@type":"ImageObject","inLanguage":"es","@id":"https:\/\/www.copealcoy.es\/es\/contagios-por-virus-respiratorios-las-medidas-a-tener-en-cuenta-tras-las-vuelta-a-las-aulas\/#primaryimage","url":"https:\/\/www.copealcoy.es\/wp-content\/uploads\/2024\/01\/1613135206520.jpg","contentUrl":"https:\/\/www.copealcoy.es\/wp-content\/uploads\/2024\/01\/1613135206520.jpg","width":976,"height":732},{"@type":"BreadcrumbList","@id":"https:\/\/www.copealcoy.es\/es\/contagios-por-virus-respiratorios-las-medidas-a-tener-en-cuenta-tras-las-vuelta-a-las-aulas\/#breadcrumb","itemListElement":[{"@type":"ListItem","position":1,"name":"Portada","item":"https:\/\/www.copealcoy.es\/es\/"},{"@type":"ListItem","position":2,"name":"Contagios por virus respiratorios: las medidas a tener en cuenta tras las vuelta a las aulas"}]},{"@type":"WebSite","@id":"https:\/\/www.copealcoy.es\/es\/#website","url":"https:\/\/www.copealcoy.es\/es\/","name":"COPE Alcoy","description":"Emisora COPE de radio local con emisi\u00f3n online. Pont de Sant Jordi 8-10 03803 Alcoy","potentialAction":[{"@type":"SearchAction","target":{"@type":"EntryPoint","urlTemplate":"https:\/\/www.copealcoy.es\/es\/?s={search_term_string}"},"query-input":{"@type":"PropertyValueSpecification","valueRequired":true,"valueName":"search_term_string"}}],"inLanguage":"es"},{"@type":"Person","@id":"https:\/\/www.copealcoy.es\/es\/#\/schema\/person\/e777c87fa024e57d40170af9df39882c","name":"Cope Alcoy","image":{"@type":"ImageObject","inLanguage":"es","@id":"https:\/\/secure.gravatar.com\/avatar\/bb65d0283347e303893ba14f0692005417c1e0e690a325a4c5d8bb2b3943ee14?s=96&d=mm&r=g","url":"https:\/\/secure.gravatar.com\/avatar\/bb65d0283347e303893ba14f0692005417c1e0e690a325a4c5d8bb2b3943ee14?s=96&d=mm&r=g","contentUrl":"https:\/\/secure.gravatar.com\/avatar\/bb65d0283347e303893ba14f0692005417c1e0e690a325a4c5d8bb2b3943ee14?s=96&d=mm&r=g","caption":"Cope Alcoy"}}]}},"_links":{"self":[{"href":"https:\/\/www.copealcoy.es\/es\/wp-json\/wp\/v2\/posts\/127960","targetHints":{"allow":["GET"]}}],"collection":[{"href":"https:\/\/www.copealcoy.es\/es\/wp-json\/wp\/v2\/posts"}],"about":[{"href":"https:\/\/www.copealcoy.es\/es\/wp-json\/wp\/v2\/types\/post"}],"author":[{"embeddable":true,"href":"https:\/\/www.copealcoy.es\/es\/wp-json\/wp\/v2\/users\/1"}],"replies":[{"embeddable":true,"href":"https:\/\/www.copealcoy.es\/es\/wp-json\/wp\/v2\/comments?post=127960"}],"version-history":[{"count":0,"href":"https:\/\/www.copealcoy.es\/es\/wp-json\/wp\/v2\/posts\/127960\/revisions"}],"wp:featuredmedia":[{"embeddable":true,"href":"https:\/\/www.copealcoy.es\/es\/wp-json\/wp\/v2\/media\/127842"}],"wp:attachment":[{"href":"https:\/\/www.copealcoy.es\/es\/wp-json\/wp\/v2\/media?parent=127960"}],"wp:term":[{"taxonomy":"category","embeddable":true,"href":"https:\/\/www.copealcoy.es\/es\/wp-json\/wp\/v2\/categories?post=127960"},{"taxonomy":"post_tag","embeddable":true,"href":"https:\/\/www.copealcoy.es\/es\/wp-json\/wp\/v2\/tags?post=127960"}],"curies":[{"name":"wp","href":"https:\/\/api.w.org\/{rel}","templated":true}]}}