{"id":127940,"date":"2024-01-09T08:00:41","date_gmt":"2024-01-09T07:00:41","guid":{"rendered":"https:\/\/www.copealcoy.es\/?p=127940"},"modified":"2024-01-09T15:45:38","modified_gmt":"2024-01-09T14:45:38","slug":"la-lluvia-podria-llegar-a-alcoy-en-esta-segunda-semana-de-enero","status":"publish","type":"post","link":"https:\/\/www.copealcoy.es\/es\/la-lluvia-podria-llegar-a-alcoy-en-esta-segunda-semana-de-enero\/","title":{"rendered":"La lluvia podr\u00eda llegar a Alcoy en esta segunda semana de enero"},"content":{"rendered":"<p style=\"text-align: justify;\">La\u00a0<strong>segunda semana del mes de enero de 2024<\/strong> trae importantes cambios en Alcoy en cuanto al tiempo se refiere. Desde el fin de las Fiestas navide\u00f1as hemos notado el fr\u00edo con fuerza y la que podr\u00eda aparecer durante este martes es la lluvia, algo que necesitan con urgencia nuestros campos.<\/p>\n<p style=\"text-align: justify;\">Desde\u00a0<a href=\"https:\/\/www.aemet.es\/es\/eltiempo\/prediccion\/municipios\/alcoy-alcoi-id03009\" target=\"_blank\" rel=\"noopener\"><strong><span style=\"color: #0000ff;\">la Agencia Estatal de Meteorolog\u00eda\u00a0<\/span><\/strong><\/a>se\u00f1alan que para este \u00a0<strong>martes<\/strong>\u00a09 de enero se esperan cielos cubiertos, con lluvias a partir de la tarde, y las temperaturas m\u00e1ximas se situar\u00e1n en torno a los 8 grados en las horas centrales del d\u00eda siendo las m\u00ednimas de 3 grados. La inestabilidad seguir\u00e1 el\u00a0<strong>mi\u00e9rcoles<\/strong>\u00a0con un 95% de probabilidad de chubascos durante toda la jornada situ\u00e1ndose la cota de nieve en los 1.500 metros de altura, hecho que puede traer las primeras nevadas del a\u00f1o a las cimas m\u00e1s altas de nuestras comarcas de l\u2019Alcoi\u00e0 y el Comtat. Para el 10 de enero las m\u00e1ximas llegar\u00e1n a los 13 grados y las m\u00ednimas ser\u00e1n de 3 en la madrugada. Esta inestabilidad seguir\u00eda el\u00a0<strong>jueves<\/strong>\u00a0con cielos cubiertos, que se despejar\u00edan de cara a la tarde, de nuevo lluvias y cota de nieve que seguir\u00eda bajando hasta los 800 metros llegando ese d\u00eda a los 7 grados de m\u00e1xima y a los 3 de m\u00ednima.<\/p>\n<p style=\"text-align: justify;\">Con fr\u00edo entraremos en el fin de semana y tanto\u00a0<strong>viernes<\/strong>\u00a0como<strong>\u00a0s\u00e1bado<\/strong>\u00a0tendremos alternancia de nubes y claros, dos jornadas con m\u00e1ximas de 10 grados y m\u00ednimas de 2. A partir del\u00a0<strong>domingo<\/strong> cambiar\u00eda la situaci\u00f3n y se recuperar\u00edan las m\u00e1ximas hasta llegar a los 18 grados, con alternancia de nubes y claros, y unas m\u00ednimas que estar\u00e1n en los 5 en la madrugada. Comenzar\u00eda as\u00ed <strong>una semana en la que las temperaturas ser\u00e1n pr\u00e1cticamente primaverales<\/strong> ya que <strong>las m\u00e1ximas<\/strong> superar\u00e1n los 20 grados entre el lunes y el jueves con cielos cubiertos; as\u00ed como ausencia total de precipitaciones. Las <strong>m\u00ednimas<\/strong> tambi\u00e9n estar\u00e1n por encima de los diez grados.<\/p>\n","protected":false},"excerpt":{"rendered":"<p>La\u00a0segunda semana del mes de enero de 2024 trae importantes cambios en Alcoy en cuanto al tiempo se refiere. Desde&#8230;<\/p>\n","protected":false},"author":1,"featured_media":85065,"comment_status":"open","ping_status":"open","sticky":false,"template":"","format":"standard","meta":{"footnotes":""},"categories":[6909,97,75],"tags":[14439,1494,573,534,16189],"class_list":["post-127940","post","type-post","status-publish","format-standard","has-post-thumbnail","hentry","category-actualidad","category-alcoy","category-noticias","tag-agencia-estatal-de-meteorologia","tag-alcoy","tag-frio","tag-lluvia","tag-segunda-semana-de-enero"],"yoast_head":"<!-- This site is optimized with the Yoast SEO plugin v27.3 - https:\/\/yoast.com\/product\/yoast-seo-wordpress\/ -->\n<title>La lluvia podr\u00eda llegar a Alcoy en esta segunda semana de enero - COPE Alcoy<\/title>\n<meta name=\"description\" content=\"La\u00a0segunda semana del mes de enero de 2024 trae importantes cambios en Alcoy en cuanto al tiempo se refiere\" \/>\n<meta name=\"robots\" content=\"index, follow, max-snippet:-1, max-image-preview:large, max-video-preview:-1\" \/>\n<link rel=\"canonical\" href=\"https:\/\/www.copealcoy.es\/es\/la-lluvia-podria-llegar-a-alcoy-en-esta-segunda-semana-de-enero\/\" \/>\n<meta property=\"og:locale\" content=\"es_ES\" \/>\n<meta property=\"og:type\" content=\"article\" \/>\n<meta property=\"og:title\" content=\"La lluvia podr\u00eda llegar a Alcoy en esta segunda semana de enero - COPE Alcoy\" \/>\n<meta property=\"og:description\" content=\"La\u00a0segunda semana del mes de enero de 2024 trae importantes cambios en Alcoy en cuanto al tiempo se refiere\" \/>\n<meta property=\"og:url\" content=\"https:\/\/www.copealcoy.es\/es\/la-lluvia-podria-llegar-a-alcoy-en-esta-segunda-semana-de-enero\/\" \/>\n<meta property=\"og:site_name\" content=\"COPE Alcoy\" \/>\n<meta property=\"article:published_time\" content=\"2024-01-09T07:00:41+00:00\" \/>\n<meta property=\"article:modified_time\" content=\"2024-01-09T14:45:38+00:00\" \/>\n<meta property=\"og:image\" content=\"https:\/\/www.copealcoy.es\/wp-content\/uploads\/2022\/03\/unnamed-16-scaled-e1647504594605.jpg\" \/>\n\t<meta property=\"og:image:width\" content=\"640\" \/>\n\t<meta property=\"og:image:height\" content=\"386\" \/>\n\t<meta property=\"og:image:type\" content=\"image\/jpeg\" \/>\n<meta name=\"author\" content=\"Cope Alcoy\" \/>\n<meta name=\"twitter:label1\" content=\"Escrito por\" \/>\n\t<meta name=\"twitter:data1\" content=\"Cope Alcoy\" \/>\n\t<meta name=\"twitter:label2\" content=\"Tiempo de lectura\" \/>\n\t<meta name=\"twitter:data2\" content=\"2 minutos\" \/>\n<script type=\"application\/ld+json\" class=\"yoast-schema-graph\">{\"@context\":\"https:\\\/\\\/schema.org\",\"@graph\":[{\"@type\":\"Article\",\"@id\":\"https:\\\/\\\/www.copealcoy.es\\\/es\\\/la-lluvia-podria-llegar-a-alcoy-en-esta-segunda-semana-de-enero\\\/#article\",\"isPartOf\":{\"@id\":\"https:\\\/\\\/www.copealcoy.es\\\/es\\\/la-lluvia-podria-llegar-a-alcoy-en-esta-segunda-semana-de-enero\\\/\"},\"author\":{\"name\":\"Cope Alcoy\",\"@id\":\"https:\\\/\\\/www.copealcoy.es\\\/es\\\/#\\\/schema\\\/person\\\/e777c87fa024e57d40170af9df39882c\"},\"headline\":\"La lluvia podr\u00eda llegar a Alcoy en esta segunda semana de enero\",\"datePublished\":\"2024-01-09T07:00:41+00:00\",\"dateModified\":\"2024-01-09T14:45:38+00:00\",\"mainEntityOfPage\":{\"@id\":\"https:\\\/\\\/www.copealcoy.es\\\/es\\\/la-lluvia-podria-llegar-a-alcoy-en-esta-segunda-semana-de-enero\\\/\"},\"wordCount\":363,\"commentCount\":0,\"image\":{\"@id\":\"https:\\\/\\\/www.copealcoy.es\\\/es\\\/la-lluvia-podria-llegar-a-alcoy-en-esta-segunda-semana-de-enero\\\/#primaryimage\"},\"thumbnailUrl\":\"https:\\\/\\\/www.copealcoy.es\\\/wp-content\\\/uploads\\\/2022\\\/03\\\/unnamed-16-scaled-e1647504594605.jpg\",\"keywords\":[\"Agencia Estatal de Meteorolog\u00eda\",\"Alcoy\",\"Fr\u00edo\",\"Lluvia\",\"segunda semana de enero\"],\"articleSection\":[\"Actualidad\",\"Alcoy\",\"Noticias\"],\"inLanguage\":\"es\"},{\"@type\":\"WebPage\",\"@id\":\"https:\\\/\\\/www.copealcoy.es\\\/es\\\/la-lluvia-podria-llegar-a-alcoy-en-esta-segunda-semana-de-enero\\\/\",\"url\":\"https:\\\/\\\/www.copealcoy.es\\\/es\\\/la-lluvia-podria-llegar-a-alcoy-en-esta-segunda-semana-de-enero\\\/\",\"name\":\"La lluvia podr\u00eda llegar a Alcoy en esta segunda semana de enero - COPE Alcoy\",\"isPartOf\":{\"@id\":\"https:\\\/\\\/www.copealcoy.es\\\/es\\\/#website\"},\"primaryImageOfPage\":{\"@id\":\"https:\\\/\\\/www.copealcoy.es\\\/es\\\/la-lluvia-podria-llegar-a-alcoy-en-esta-segunda-semana-de-enero\\\/#primaryimage\"},\"image\":{\"@id\":\"https:\\\/\\\/www.copealcoy.es\\\/es\\\/la-lluvia-podria-llegar-a-alcoy-en-esta-segunda-semana-de-enero\\\/#primaryimage\"},\"thumbnailUrl\":\"https:\\\/\\\/www.copealcoy.es\\\/wp-content\\\/uploads\\\/2022\\\/03\\\/unnamed-16-scaled-e1647504594605.jpg\",\"datePublished\":\"2024-01-09T07:00:41+00:00\",\"dateModified\":\"2024-01-09T14:45:38+00:00\",\"author\":{\"@id\":\"https:\\\/\\\/www.copealcoy.es\\\/es\\\/#\\\/schema\\\/person\\\/e777c87fa024e57d40170af9df39882c\"},\"description\":\"La\u00a0segunda semana del mes de enero de 2024 trae importantes cambios en Alcoy en cuanto al tiempo se refiere\",\"breadcrumb\":{\"@id\":\"https:\\\/\\\/www.copealcoy.es\\\/es\\\/la-lluvia-podria-llegar-a-alcoy-en-esta-segunda-semana-de-enero\\\/#breadcrumb\"},\"inLanguage\":\"es\",\"potentialAction\":[{\"@type\":\"ReadAction\",\"target\":[\"https:\\\/\\\/www.copealcoy.es\\\/es\\\/la-lluvia-podria-llegar-a-alcoy-en-esta-segunda-semana-de-enero\\\/\"]}]},{\"@type\":\"ImageObject\",\"inLanguage\":\"es\",\"@id\":\"https:\\\/\\\/www.copealcoy.es\\\/es\\\/la-lluvia-podria-llegar-a-alcoy-en-esta-segunda-semana-de-enero\\\/#primaryimage\",\"url\":\"https:\\\/\\\/www.copealcoy.es\\\/wp-content\\\/uploads\\\/2022\\\/03\\\/unnamed-16-scaled-e1647504594605.jpg\",\"contentUrl\":\"https:\\\/\\\/www.copealcoy.es\\\/wp-content\\\/uploads\\\/2022\\\/03\\\/unnamed-16-scaled-e1647504594605.jpg\",\"width\":640,\"height\":386},{\"@type\":\"BreadcrumbList\",\"@id\":\"https:\\\/\\\/www.copealcoy.es\\\/es\\\/la-lluvia-podria-llegar-a-alcoy-en-esta-segunda-semana-de-enero\\\/#breadcrumb\",\"itemListElement\":[{\"@type\":\"ListItem\",\"position\":1,\"name\":\"Portada\",\"item\":\"https:\\\/\\\/www.copealcoy.es\\\/es\\\/\"},{\"@type\":\"ListItem\",\"position\":2,\"name\":\"La lluvia podr\u00eda llegar a Alcoy en esta segunda semana de enero\"}]},{\"@type\":\"WebSite\",\"@id\":\"https:\\\/\\\/www.copealcoy.es\\\/es\\\/#website\",\"url\":\"https:\\\/\\\/www.copealcoy.es\\\/es\\\/\",\"name\":\"COPE Alcoy\",\"description\":\"Emisora COPE de radio local con emisi\u00f3n online. Pont de Sant Jordi 8-10 03803 Alcoy\",\"potentialAction\":[{\"@type\":\"SearchAction\",\"target\":{\"@type\":\"EntryPoint\",\"urlTemplate\":\"https:\\\/\\\/www.copealcoy.es\\\/es\\\/?s={search_term_string}\"},\"query-input\":{\"@type\":\"PropertyValueSpecification\",\"valueRequired\":true,\"valueName\":\"search_term_string\"}}],\"inLanguage\":\"es\"},{\"@type\":\"Person\",\"@id\":\"https:\\\/\\\/www.copealcoy.es\\\/es\\\/#\\\/schema\\\/person\\\/e777c87fa024e57d40170af9df39882c\",\"name\":\"Cope Alcoy\",\"image\":{\"@type\":\"ImageObject\",\"inLanguage\":\"es\",\"@id\":\"https:\\\/\\\/secure.gravatar.com\\\/avatar\\\/bb65d0283347e303893ba14f0692005417c1e0e690a325a4c5d8bb2b3943ee14?s=96&d=mm&r=g\",\"url\":\"https:\\\/\\\/secure.gravatar.com\\\/avatar\\\/bb65d0283347e303893ba14f0692005417c1e0e690a325a4c5d8bb2b3943ee14?s=96&d=mm&r=g\",\"contentUrl\":\"https:\\\/\\\/secure.gravatar.com\\\/avatar\\\/bb65d0283347e303893ba14f0692005417c1e0e690a325a4c5d8bb2b3943ee14?s=96&d=mm&r=g\",\"caption\":\"Cope Alcoy\"}}]}<\/script>\n<!-- \/ Yoast SEO plugin. -->","yoast_head_json":{"title":"La lluvia podr\u00eda llegar a Alcoy en esta segunda semana de enero - COPE Alcoy","description":"La\u00a0segunda semana del mes de enero de 2024 trae importantes cambios en Alcoy en cuanto al tiempo se refiere","robots":{"index":"index","follow":"follow","max-snippet":"max-snippet:-1","max-image-preview":"max-image-preview:large","max-video-preview":"max-video-preview:-1"},"canonical":"https:\/\/www.copealcoy.es\/es\/la-lluvia-podria-llegar-a-alcoy-en-esta-segunda-semana-de-enero\/","og_locale":"es_ES","og_type":"article","og_title":"La lluvia podr\u00eda llegar a Alcoy en esta segunda semana de enero - COPE Alcoy","og_description":"La\u00a0segunda semana del mes de enero de 2024 trae importantes cambios en Alcoy en cuanto al tiempo se refiere","og_url":"https:\/\/www.copealcoy.es\/es\/la-lluvia-podria-llegar-a-alcoy-en-esta-segunda-semana-de-enero\/","og_site_name":"COPE Alcoy","article_published_time":"2024-01-09T07:00:41+00:00","article_modified_time":"2024-01-09T14:45:38+00:00","og_image":[{"width":640,"height":386,"url":"https:\/\/www.copealcoy.es\/wp-content\/uploads\/2022\/03\/unnamed-16-scaled-e1647504594605.jpg","type":"image\/jpeg"}],"author":"Cope Alcoy","twitter_misc":{"Escrito por":"Cope Alcoy","Tiempo de lectura":"2 minutos"},"schema":{"@context":"https:\/\/schema.org","@graph":[{"@type":"Article","@id":"https:\/\/www.copealcoy.es\/es\/la-lluvia-podria-llegar-a-alcoy-en-esta-segunda-semana-de-enero\/#article","isPartOf":{"@id":"https:\/\/www.copealcoy.es\/es\/la-lluvia-podria-llegar-a-alcoy-en-esta-segunda-semana-de-enero\/"},"author":{"name":"Cope Alcoy","@id":"https:\/\/www.copealcoy.es\/es\/#\/schema\/person\/e777c87fa024e57d40170af9df39882c"},"headline":"La lluvia podr\u00eda llegar a Alcoy en esta segunda semana de enero","datePublished":"2024-01-09T07:00:41+00:00","dateModified":"2024-01-09T14:45:38+00:00","mainEntityOfPage":{"@id":"https:\/\/www.copealcoy.es\/es\/la-lluvia-podria-llegar-a-alcoy-en-esta-segunda-semana-de-enero\/"},"wordCount":363,"commentCount":0,"image":{"@id":"https:\/\/www.copealcoy.es\/es\/la-lluvia-podria-llegar-a-alcoy-en-esta-segunda-semana-de-enero\/#primaryimage"},"thumbnailUrl":"https:\/\/www.copealcoy.es\/wp-content\/uploads\/2022\/03\/unnamed-16-scaled-e1647504594605.jpg","keywords":["Agencia Estatal de Meteorolog\u00eda","Alcoy","Fr\u00edo","Lluvia","segunda semana de enero"],"articleSection":["Actualidad","Alcoy","Noticias"],"inLanguage":"es"},{"@type":"WebPage","@id":"https:\/\/www.copealcoy.es\/es\/la-lluvia-podria-llegar-a-alcoy-en-esta-segunda-semana-de-enero\/","url":"https:\/\/www.copealcoy.es\/es\/la-lluvia-podria-llegar-a-alcoy-en-esta-segunda-semana-de-enero\/","name":"La lluvia podr\u00eda llegar a Alcoy en esta segunda semana de enero - COPE Alcoy","isPartOf":{"@id":"https:\/\/www.copealcoy.es\/es\/#website"},"primaryImageOfPage":{"@id":"https:\/\/www.copealcoy.es\/es\/la-lluvia-podria-llegar-a-alcoy-en-esta-segunda-semana-de-enero\/#primaryimage"},"image":{"@id":"https:\/\/www.copealcoy.es\/es\/la-lluvia-podria-llegar-a-alcoy-en-esta-segunda-semana-de-enero\/#primaryimage"},"thumbnailUrl":"https:\/\/www.copealcoy.es\/wp-content\/uploads\/2022\/03\/unnamed-16-scaled-e1647504594605.jpg","datePublished":"2024-01-09T07:00:41+00:00","dateModified":"2024-01-09T14:45:38+00:00","author":{"@id":"https:\/\/www.copealcoy.es\/es\/#\/schema\/person\/e777c87fa024e57d40170af9df39882c"},"description":"La\u00a0segunda semana del mes de enero de 2024 trae importantes cambios en Alcoy en cuanto al tiempo se refiere","breadcrumb":{"@id":"https:\/\/www.copealcoy.es\/es\/la-lluvia-podria-llegar-a-alcoy-en-esta-segunda-semana-de-enero\/#breadcrumb"},"inLanguage":"es","potentialAction":[{"@type":"ReadAction","target":["https:\/\/www.copealcoy.es\/es\/la-lluvia-podria-llegar-a-alcoy-en-esta-segunda-semana-de-enero\/"]}]},{"@type":"ImageObject","inLanguage":"es","@id":"https:\/\/www.copealcoy.es\/es\/la-lluvia-podria-llegar-a-alcoy-en-esta-segunda-semana-de-enero\/#primaryimage","url":"https:\/\/www.copealcoy.es\/wp-content\/uploads\/2022\/03\/unnamed-16-scaled-e1647504594605.jpg","contentUrl":"https:\/\/www.copealcoy.es\/wp-content\/uploads\/2022\/03\/unnamed-16-scaled-e1647504594605.jpg","width":640,"height":386},{"@type":"BreadcrumbList","@id":"https:\/\/www.copealcoy.es\/es\/la-lluvia-podria-llegar-a-alcoy-en-esta-segunda-semana-de-enero\/#breadcrumb","itemListElement":[{"@type":"ListItem","position":1,"name":"Portada","item":"https:\/\/www.copealcoy.es\/es\/"},{"@type":"ListItem","position":2,"name":"La lluvia podr\u00eda llegar a Alcoy en esta segunda semana de enero"}]},{"@type":"WebSite","@id":"https:\/\/www.copealcoy.es\/es\/#website","url":"https:\/\/www.copealcoy.es\/es\/","name":"COPE Alcoy","description":"Emisora COPE de radio local con emisi\u00f3n online. Pont de Sant Jordi 8-10 03803 Alcoy","potentialAction":[{"@type":"SearchAction","target":{"@type":"EntryPoint","urlTemplate":"https:\/\/www.copealcoy.es\/es\/?s={search_term_string}"},"query-input":{"@type":"PropertyValueSpecification","valueRequired":true,"valueName":"search_term_string"}}],"inLanguage":"es"},{"@type":"Person","@id":"https:\/\/www.copealcoy.es\/es\/#\/schema\/person\/e777c87fa024e57d40170af9df39882c","name":"Cope Alcoy","image":{"@type":"ImageObject","inLanguage":"es","@id":"https:\/\/secure.gravatar.com\/avatar\/bb65d0283347e303893ba14f0692005417c1e0e690a325a4c5d8bb2b3943ee14?s=96&d=mm&r=g","url":"https:\/\/secure.gravatar.com\/avatar\/bb65d0283347e303893ba14f0692005417c1e0e690a325a4c5d8bb2b3943ee14?s=96&d=mm&r=g","contentUrl":"https:\/\/secure.gravatar.com\/avatar\/bb65d0283347e303893ba14f0692005417c1e0e690a325a4c5d8bb2b3943ee14?s=96&d=mm&r=g","caption":"Cope Alcoy"}}]}},"_links":{"self":[{"href":"https:\/\/www.copealcoy.es\/es\/wp-json\/wp\/v2\/posts\/127940","targetHints":{"allow":["GET"]}}],"collection":[{"href":"https:\/\/www.copealcoy.es\/es\/wp-json\/wp\/v2\/posts"}],"about":[{"href":"https:\/\/www.copealcoy.es\/es\/wp-json\/wp\/v2\/types\/post"}],"author":[{"embeddable":true,"href":"https:\/\/www.copealcoy.es\/es\/wp-json\/wp\/v2\/users\/1"}],"replies":[{"embeddable":true,"href":"https:\/\/www.copealcoy.es\/es\/wp-json\/wp\/v2\/comments?post=127940"}],"version-history":[{"count":0,"href":"https:\/\/www.copealcoy.es\/es\/wp-json\/wp\/v2\/posts\/127940\/revisions"}],"wp:featuredmedia":[{"embeddable":true,"href":"https:\/\/www.copealcoy.es\/es\/wp-json\/wp\/v2\/media\/85065"}],"wp:attachment":[{"href":"https:\/\/www.copealcoy.es\/es\/wp-json\/wp\/v2\/media?parent=127940"}],"wp:term":[{"taxonomy":"category","embeddable":true,"href":"https:\/\/www.copealcoy.es\/es\/wp-json\/wp\/v2\/categories?post=127940"},{"taxonomy":"post_tag","embeddable":true,"href":"https:\/\/www.copealcoy.es\/es\/wp-json\/wp\/v2\/tags?post=127940"}],"curies":[{"name":"wp","href":"https:\/\/api.w.org\/{rel}","templated":true}]}}