{"id":127844,"date":"2024-01-08T12:14:44","date_gmt":"2024-01-08T11:14:44","guid":{"rendered":"https:\/\/www.copealcoy.es\/?p=127844"},"modified":"2024-01-08T20:52:24","modified_gmt":"2024-01-08T19:52:24","slug":"duro-golpe-al-trafico-de-drogas-en-alcoy-y-cocentaina-detenida-una-banda-criminal","status":"publish","type":"post","link":"https:\/\/www.copealcoy.es\/es\/duro-golpe-al-trafico-de-drogas-en-alcoy-y-cocentaina-detenida-una-banda-criminal\/","title":{"rendered":"Duro golpe al tr\u00e1fico de drogas en Alcoy y Cocentaina: detenida una banda criminal"},"content":{"rendered":"<p style=\"text-align: justify;\">Ha sido desarticulada una banda criminal que se dedicaba al tr\u00e1fico de drogas. Agentes de la <strong>Polic\u00eda Nacional<\/strong> han <strong>detenido en las localidades de Alicante, Alcoy y Cocentaina a un grupo criminal compuesto por 8 personas<\/strong>.<\/p>\n<p style=\"text-align: justify;\">El grupo, que es una de las bandas de venta de droga a gran escala m\u00e1s relevante de la provincia de Alicante, contaba con armas de fuego para su autodefensa y para la protecci\u00f3n de las sustancias. Se trata de una organizaci\u00f3n fuertemente estructurada y jerarquizada.<\/p>\n<p style=\"text-align: justify;\">La operaci\u00f3n comenz\u00f3 en febrero de 2023, cuando el Grupo I de Crimen Organizado de la Brigada Provincial de la Polic\u00eda Judicial de la Comisaria de Alicante tuvo conocimiento de que <strong>varios ciudadanos marroqu\u00edes y espa\u00f1oles se estaban dedicando al tr\u00e1fico de marihuana y hach\u00eds<\/strong> en grandes cantidades.<\/p>\n<p style=\"text-align: justify;\">Durante las primeras diligencias realizadas por la Polic\u00eda Nacional sobre delitos ajenos al tr\u00e1fico de drogas -como robos con fuerza, robos con violencia y estafas-, los agentes pudieron descubrir que varios de los presuntos autores detenidos realizaban actos delictivos de gravedad moderada de manera individual, pero que pertenec\u00edan a un entramado il\u00edcito m\u00e1s complejo y relevante a nivel delincuencial.<\/p>\n<p style=\"text-align: justify;\">Se ha podido ver que los involucrados contaban con armas cortas con munici\u00f3n y listas para hacer fuego. Adem\u00e1s, la existencia de la infraestructura m\u00f3vil que contaba con gran cantidad de veh\u00edculos les dotaba de una capacidad operativa que les permit\u00eda realizar con seguridad todas las actividades necesarias para cometer el delito.<\/p>\n<p style=\"text-align: justify;\">Para la detenci\u00f3n se realizaron varias entradas y registros en las diferentes localidades de Alcoy, Cocentaina y Alicante. Se consigui\u00f3 la detenci\u00f3n de ocho de los investigados, entre ellos siete varones y una mujer. Cinco de los detenidos eran de origen marroqu\u00ed, y tres de ellos espa\u00f1oles. Sus edades estaban comprendidas <strong>entre los 26 y 36 a\u00f1os<\/strong>.<\/p>\n<p style=\"text-align: justify;\">Salvo uno de los detenidos, el resto ten\u00edan antecedentes por hechos similares o diferentes a los investigados. Adem\u00e1s, uno de ellos se encontraba en situaci\u00f3n irregular en Espa\u00f1a.<\/p>\n","protected":false},"excerpt":{"rendered":"<p>Ha sido desarticulada una banda criminal que se dedicaba al tr\u00e1fico de drogas. Agentes de la Polic\u00eda Nacional han detenido&#8230;<\/p>\n","protected":false},"author":1,"featured_media":127866,"comment_status":"open","ping_status":"open","sticky":false,"template":"","format":"standard","meta":{"footnotes":""},"categories":[6909,97,75,125,80],"tags":[1494,1393,10918,14680],"class_list":["post-127844","post","type-post","status-publish","format-standard","has-post-thumbnail","hentry","category-actualidad","category-alcoy","category-noticias","category-portada","category-sucesos","tag-alcoy","tag-detencion","tag-droga","tag-suceso"],"yoast_head":"<!-- This site is optimized with the Yoast SEO plugin v27.3 - https:\/\/yoast.com\/product\/yoast-seo-wordpress\/ -->\n<title>Duro golpe al tr\u00e1fico de drogas en Alcoy y Cocentaina: detenida una banda criminal - COPE Alcoy<\/title>\n<meta name=\"description\" content=\"Ha sido desarticulada una banda criminal que se dedicaba al tr\u00e1fico de drogas. Agentes de la Polic\u00eda Nacional han detenido en las localidades de Alicante, Alcoy y Cocentaina a un grupo criminal compuesto por 8 personas.\" \/>\n<meta name=\"robots\" content=\"index, follow, max-snippet:-1, max-image-preview:large, max-video-preview:-1\" \/>\n<link rel=\"canonical\" href=\"https:\/\/www.copealcoy.es\/es\/duro-golpe-al-trafico-de-drogas-en-alcoy-y-cocentaina-detenida-una-banda-criminal\/\" \/>\n<meta property=\"og:locale\" content=\"es_ES\" \/>\n<meta property=\"og:type\" content=\"article\" \/>\n<meta property=\"og:title\" content=\"Duro golpe al tr\u00e1fico de drogas en Alcoy y Cocentaina: detenida una banda criminal - COPE Alcoy\" \/>\n<meta property=\"og:description\" content=\"Ha sido desarticulada una banda criminal que se dedicaba al tr\u00e1fico de drogas. Agentes de la Polic\u00eda Nacional han detenido en las localidades de Alicante, Alcoy y Cocentaina a un grupo criminal compuesto por 8 personas.\" \/>\n<meta property=\"og:url\" content=\"https:\/\/www.copealcoy.es\/es\/duro-golpe-al-trafico-de-drogas-en-alcoy-y-cocentaina-detenida-una-banda-criminal\/\" \/>\n<meta property=\"og:site_name\" content=\"COPE Alcoy\" \/>\n<meta property=\"article:published_time\" content=\"2024-01-08T11:14:44+00:00\" \/>\n<meta property=\"article:modified_time\" content=\"2024-01-08T19:52:24+00:00\" \/>\n<meta property=\"og:image\" content=\"https:\/\/www.copealcoy.es\/wp-content\/uploads\/2024\/01\/Trafico-de-drogas2-scaled.jpg\" \/>\n\t<meta property=\"og:image:width\" content=\"1920\" \/>\n\t<meta property=\"og:image:height\" content=\"1080\" \/>\n\t<meta property=\"og:image:type\" content=\"image\/jpeg\" \/>\n<meta name=\"author\" content=\"Cope Alcoy\" \/>\n<meta name=\"twitter:label1\" content=\"Escrito por\" \/>\n\t<meta name=\"twitter:data1\" content=\"Cope Alcoy\" \/>\n\t<meta name=\"twitter:label2\" content=\"Tiempo de lectura\" \/>\n\t<meta name=\"twitter:data2\" content=\"2 minutos\" \/>\n<script type=\"application\/ld+json\" class=\"yoast-schema-graph\">{\"@context\":\"https:\\\/\\\/schema.org\",\"@graph\":[{\"@type\":\"Article\",\"@id\":\"https:\\\/\\\/www.copealcoy.es\\\/es\\\/duro-golpe-al-trafico-de-drogas-en-alcoy-y-cocentaina-detenida-una-banda-criminal\\\/#article\",\"isPartOf\":{\"@id\":\"https:\\\/\\\/www.copealcoy.es\\\/es\\\/duro-golpe-al-trafico-de-drogas-en-alcoy-y-cocentaina-detenida-una-banda-criminal\\\/\"},\"author\":{\"name\":\"Cope Alcoy\",\"@id\":\"https:\\\/\\\/www.copealcoy.es\\\/es\\\/#\\\/schema\\\/person\\\/e777c87fa024e57d40170af9df39882c\"},\"headline\":\"Duro golpe al tr\u00e1fico de drogas en Alcoy y Cocentaina: detenida una banda criminal\",\"datePublished\":\"2024-01-08T11:14:44+00:00\",\"dateModified\":\"2024-01-08T19:52:24+00:00\",\"mainEntityOfPage\":{\"@id\":\"https:\\\/\\\/www.copealcoy.es\\\/es\\\/duro-golpe-al-trafico-de-drogas-en-alcoy-y-cocentaina-detenida-una-banda-criminal\\\/\"},\"wordCount\":366,\"commentCount\":0,\"image\":{\"@id\":\"https:\\\/\\\/www.copealcoy.es\\\/es\\\/duro-golpe-al-trafico-de-drogas-en-alcoy-y-cocentaina-detenida-una-banda-criminal\\\/#primaryimage\"},\"thumbnailUrl\":\"https:\\\/\\\/www.copealcoy.es\\\/wp-content\\\/uploads\\\/2024\\\/01\\\/Trafico-de-drogas2-scaled.jpg\",\"keywords\":[\"Alcoy\",\"detenci\u00f3n\",\"droga\",\"suceso\"],\"articleSection\":[\"Actualidad\",\"Alcoy\",\"Noticias\",\"Portada\",\"Sucesos\"],\"inLanguage\":\"es\"},{\"@type\":\"WebPage\",\"@id\":\"https:\\\/\\\/www.copealcoy.es\\\/es\\\/duro-golpe-al-trafico-de-drogas-en-alcoy-y-cocentaina-detenida-una-banda-criminal\\\/\",\"url\":\"https:\\\/\\\/www.copealcoy.es\\\/es\\\/duro-golpe-al-trafico-de-drogas-en-alcoy-y-cocentaina-detenida-una-banda-criminal\\\/\",\"name\":\"Duro golpe al tr\u00e1fico de drogas en Alcoy y Cocentaina: detenida una banda criminal - COPE Alcoy\",\"isPartOf\":{\"@id\":\"https:\\\/\\\/www.copealcoy.es\\\/es\\\/#website\"},\"primaryImageOfPage\":{\"@id\":\"https:\\\/\\\/www.copealcoy.es\\\/es\\\/duro-golpe-al-trafico-de-drogas-en-alcoy-y-cocentaina-detenida-una-banda-criminal\\\/#primaryimage\"},\"image\":{\"@id\":\"https:\\\/\\\/www.copealcoy.es\\\/es\\\/duro-golpe-al-trafico-de-drogas-en-alcoy-y-cocentaina-detenida-una-banda-criminal\\\/#primaryimage\"},\"thumbnailUrl\":\"https:\\\/\\\/www.copealcoy.es\\\/wp-content\\\/uploads\\\/2024\\\/01\\\/Trafico-de-drogas2-scaled.jpg\",\"datePublished\":\"2024-01-08T11:14:44+00:00\",\"dateModified\":\"2024-01-08T19:52:24+00:00\",\"author\":{\"@id\":\"https:\\\/\\\/www.copealcoy.es\\\/es\\\/#\\\/schema\\\/person\\\/e777c87fa024e57d40170af9df39882c\"},\"description\":\"Ha sido desarticulada una banda criminal que se dedicaba al tr\u00e1fico de drogas. Agentes de la Polic\u00eda Nacional han detenido en las localidades de Alicante, Alcoy y Cocentaina a un grupo criminal compuesto por 8 personas.\",\"breadcrumb\":{\"@id\":\"https:\\\/\\\/www.copealcoy.es\\\/es\\\/duro-golpe-al-trafico-de-drogas-en-alcoy-y-cocentaina-detenida-una-banda-criminal\\\/#breadcrumb\"},\"inLanguage\":\"es\",\"potentialAction\":[{\"@type\":\"ReadAction\",\"target\":[\"https:\\\/\\\/www.copealcoy.es\\\/es\\\/duro-golpe-al-trafico-de-drogas-en-alcoy-y-cocentaina-detenida-una-banda-criminal\\\/\"]}]},{\"@type\":\"ImageObject\",\"inLanguage\":\"es\",\"@id\":\"https:\\\/\\\/www.copealcoy.es\\\/es\\\/duro-golpe-al-trafico-de-drogas-en-alcoy-y-cocentaina-detenida-una-banda-criminal\\\/#primaryimage\",\"url\":\"https:\\\/\\\/www.copealcoy.es\\\/wp-content\\\/uploads\\\/2024\\\/01\\\/Trafico-de-drogas2-scaled.jpg\",\"contentUrl\":\"https:\\\/\\\/www.copealcoy.es\\\/wp-content\\\/uploads\\\/2024\\\/01\\\/Trafico-de-drogas2-scaled.jpg\",\"width\":1920,\"height\":1080},{\"@type\":\"BreadcrumbList\",\"@id\":\"https:\\\/\\\/www.copealcoy.es\\\/es\\\/duro-golpe-al-trafico-de-drogas-en-alcoy-y-cocentaina-detenida-una-banda-criminal\\\/#breadcrumb\",\"itemListElement\":[{\"@type\":\"ListItem\",\"position\":1,\"name\":\"Portada\",\"item\":\"https:\\\/\\\/www.copealcoy.es\\\/es\\\/\"},{\"@type\":\"ListItem\",\"position\":2,\"name\":\"Duro golpe al tr\u00e1fico de drogas en Alcoy y Cocentaina: detenida una banda criminal\"}]},{\"@type\":\"WebSite\",\"@id\":\"https:\\\/\\\/www.copealcoy.es\\\/es\\\/#website\",\"url\":\"https:\\\/\\\/www.copealcoy.es\\\/es\\\/\",\"name\":\"COPE Alcoy\",\"description\":\"Emisora COPE de radio local con emisi\u00f3n online. Pont de Sant Jordi 8-10 03803 Alcoy\",\"potentialAction\":[{\"@type\":\"SearchAction\",\"target\":{\"@type\":\"EntryPoint\",\"urlTemplate\":\"https:\\\/\\\/www.copealcoy.es\\\/es\\\/?s={search_term_string}\"},\"query-input\":{\"@type\":\"PropertyValueSpecification\",\"valueRequired\":true,\"valueName\":\"search_term_string\"}}],\"inLanguage\":\"es\"},{\"@type\":\"Person\",\"@id\":\"https:\\\/\\\/www.copealcoy.es\\\/es\\\/#\\\/schema\\\/person\\\/e777c87fa024e57d40170af9df39882c\",\"name\":\"Cope Alcoy\",\"image\":{\"@type\":\"ImageObject\",\"inLanguage\":\"es\",\"@id\":\"https:\\\/\\\/secure.gravatar.com\\\/avatar\\\/bb65d0283347e303893ba14f0692005417c1e0e690a325a4c5d8bb2b3943ee14?s=96&d=mm&r=g\",\"url\":\"https:\\\/\\\/secure.gravatar.com\\\/avatar\\\/bb65d0283347e303893ba14f0692005417c1e0e690a325a4c5d8bb2b3943ee14?s=96&d=mm&r=g\",\"contentUrl\":\"https:\\\/\\\/secure.gravatar.com\\\/avatar\\\/bb65d0283347e303893ba14f0692005417c1e0e690a325a4c5d8bb2b3943ee14?s=96&d=mm&r=g\",\"caption\":\"Cope Alcoy\"}}]}<\/script>\n<!-- \/ Yoast SEO plugin. -->","yoast_head_json":{"title":"Duro golpe al tr\u00e1fico de drogas en Alcoy y Cocentaina: detenida una banda criminal - COPE Alcoy","description":"Ha sido desarticulada una banda criminal que se dedicaba al tr\u00e1fico de drogas. Agentes de la Polic\u00eda Nacional han detenido en las localidades de Alicante, Alcoy y Cocentaina a un grupo criminal compuesto por 8 personas.","robots":{"index":"index","follow":"follow","max-snippet":"max-snippet:-1","max-image-preview":"max-image-preview:large","max-video-preview":"max-video-preview:-1"},"canonical":"https:\/\/www.copealcoy.es\/es\/duro-golpe-al-trafico-de-drogas-en-alcoy-y-cocentaina-detenida-una-banda-criminal\/","og_locale":"es_ES","og_type":"article","og_title":"Duro golpe al tr\u00e1fico de drogas en Alcoy y Cocentaina: detenida una banda criminal - COPE Alcoy","og_description":"Ha sido desarticulada una banda criminal que se dedicaba al tr\u00e1fico de drogas. Agentes de la Polic\u00eda Nacional han detenido en las localidades de Alicante, Alcoy y Cocentaina a un grupo criminal compuesto por 8 personas.","og_url":"https:\/\/www.copealcoy.es\/es\/duro-golpe-al-trafico-de-drogas-en-alcoy-y-cocentaina-detenida-una-banda-criminal\/","og_site_name":"COPE Alcoy","article_published_time":"2024-01-08T11:14:44+00:00","article_modified_time":"2024-01-08T19:52:24+00:00","og_image":[{"width":1920,"height":1080,"url":"https:\/\/www.copealcoy.es\/wp-content\/uploads\/2024\/01\/Trafico-de-drogas2-scaled.jpg","type":"image\/jpeg"}],"author":"Cope Alcoy","twitter_misc":{"Escrito por":"Cope Alcoy","Tiempo de lectura":"2 minutos"},"schema":{"@context":"https:\/\/schema.org","@graph":[{"@type":"Article","@id":"https:\/\/www.copealcoy.es\/es\/duro-golpe-al-trafico-de-drogas-en-alcoy-y-cocentaina-detenida-una-banda-criminal\/#article","isPartOf":{"@id":"https:\/\/www.copealcoy.es\/es\/duro-golpe-al-trafico-de-drogas-en-alcoy-y-cocentaina-detenida-una-banda-criminal\/"},"author":{"name":"Cope Alcoy","@id":"https:\/\/www.copealcoy.es\/es\/#\/schema\/person\/e777c87fa024e57d40170af9df39882c"},"headline":"Duro golpe al tr\u00e1fico de drogas en Alcoy y Cocentaina: detenida una banda criminal","datePublished":"2024-01-08T11:14:44+00:00","dateModified":"2024-01-08T19:52:24+00:00","mainEntityOfPage":{"@id":"https:\/\/www.copealcoy.es\/es\/duro-golpe-al-trafico-de-drogas-en-alcoy-y-cocentaina-detenida-una-banda-criminal\/"},"wordCount":366,"commentCount":0,"image":{"@id":"https:\/\/www.copealcoy.es\/es\/duro-golpe-al-trafico-de-drogas-en-alcoy-y-cocentaina-detenida-una-banda-criminal\/#primaryimage"},"thumbnailUrl":"https:\/\/www.copealcoy.es\/wp-content\/uploads\/2024\/01\/Trafico-de-drogas2-scaled.jpg","keywords":["Alcoy","detenci\u00f3n","droga","suceso"],"articleSection":["Actualidad","Alcoy","Noticias","Portada","Sucesos"],"inLanguage":"es"},{"@type":"WebPage","@id":"https:\/\/www.copealcoy.es\/es\/duro-golpe-al-trafico-de-drogas-en-alcoy-y-cocentaina-detenida-una-banda-criminal\/","url":"https:\/\/www.copealcoy.es\/es\/duro-golpe-al-trafico-de-drogas-en-alcoy-y-cocentaina-detenida-una-banda-criminal\/","name":"Duro golpe al tr\u00e1fico de drogas en Alcoy y Cocentaina: detenida una banda criminal - COPE Alcoy","isPartOf":{"@id":"https:\/\/www.copealcoy.es\/es\/#website"},"primaryImageOfPage":{"@id":"https:\/\/www.copealcoy.es\/es\/duro-golpe-al-trafico-de-drogas-en-alcoy-y-cocentaina-detenida-una-banda-criminal\/#primaryimage"},"image":{"@id":"https:\/\/www.copealcoy.es\/es\/duro-golpe-al-trafico-de-drogas-en-alcoy-y-cocentaina-detenida-una-banda-criminal\/#primaryimage"},"thumbnailUrl":"https:\/\/www.copealcoy.es\/wp-content\/uploads\/2024\/01\/Trafico-de-drogas2-scaled.jpg","datePublished":"2024-01-08T11:14:44+00:00","dateModified":"2024-01-08T19:52:24+00:00","author":{"@id":"https:\/\/www.copealcoy.es\/es\/#\/schema\/person\/e777c87fa024e57d40170af9df39882c"},"description":"Ha sido desarticulada una banda criminal que se dedicaba al tr\u00e1fico de drogas. Agentes de la Polic\u00eda Nacional han detenido en las localidades de Alicante, Alcoy y Cocentaina a un grupo criminal compuesto por 8 personas.","breadcrumb":{"@id":"https:\/\/www.copealcoy.es\/es\/duro-golpe-al-trafico-de-drogas-en-alcoy-y-cocentaina-detenida-una-banda-criminal\/#breadcrumb"},"inLanguage":"es","potentialAction":[{"@type":"ReadAction","target":["https:\/\/www.copealcoy.es\/es\/duro-golpe-al-trafico-de-drogas-en-alcoy-y-cocentaina-detenida-una-banda-criminal\/"]}]},{"@type":"ImageObject","inLanguage":"es","@id":"https:\/\/www.copealcoy.es\/es\/duro-golpe-al-trafico-de-drogas-en-alcoy-y-cocentaina-detenida-una-banda-criminal\/#primaryimage","url":"https:\/\/www.copealcoy.es\/wp-content\/uploads\/2024\/01\/Trafico-de-drogas2-scaled.jpg","contentUrl":"https:\/\/www.copealcoy.es\/wp-content\/uploads\/2024\/01\/Trafico-de-drogas2-scaled.jpg","width":1920,"height":1080},{"@type":"BreadcrumbList","@id":"https:\/\/www.copealcoy.es\/es\/duro-golpe-al-trafico-de-drogas-en-alcoy-y-cocentaina-detenida-una-banda-criminal\/#breadcrumb","itemListElement":[{"@type":"ListItem","position":1,"name":"Portada","item":"https:\/\/www.copealcoy.es\/es\/"},{"@type":"ListItem","position":2,"name":"Duro golpe al tr\u00e1fico de drogas en Alcoy y Cocentaina: detenida una banda criminal"}]},{"@type":"WebSite","@id":"https:\/\/www.copealcoy.es\/es\/#website","url":"https:\/\/www.copealcoy.es\/es\/","name":"COPE Alcoy","description":"Emisora COPE de radio local con emisi\u00f3n online. Pont de Sant Jordi 8-10 03803 Alcoy","potentialAction":[{"@type":"SearchAction","target":{"@type":"EntryPoint","urlTemplate":"https:\/\/www.copealcoy.es\/es\/?s={search_term_string}"},"query-input":{"@type":"PropertyValueSpecification","valueRequired":true,"valueName":"search_term_string"}}],"inLanguage":"es"},{"@type":"Person","@id":"https:\/\/www.copealcoy.es\/es\/#\/schema\/person\/e777c87fa024e57d40170af9df39882c","name":"Cope Alcoy","image":{"@type":"ImageObject","inLanguage":"es","@id":"https:\/\/secure.gravatar.com\/avatar\/bb65d0283347e303893ba14f0692005417c1e0e690a325a4c5d8bb2b3943ee14?s=96&d=mm&r=g","url":"https:\/\/secure.gravatar.com\/avatar\/bb65d0283347e303893ba14f0692005417c1e0e690a325a4c5d8bb2b3943ee14?s=96&d=mm&r=g","contentUrl":"https:\/\/secure.gravatar.com\/avatar\/bb65d0283347e303893ba14f0692005417c1e0e690a325a4c5d8bb2b3943ee14?s=96&d=mm&r=g","caption":"Cope Alcoy"}}]}},"_links":{"self":[{"href":"https:\/\/www.copealcoy.es\/es\/wp-json\/wp\/v2\/posts\/127844","targetHints":{"allow":["GET"]}}],"collection":[{"href":"https:\/\/www.copealcoy.es\/es\/wp-json\/wp\/v2\/posts"}],"about":[{"href":"https:\/\/www.copealcoy.es\/es\/wp-json\/wp\/v2\/types\/post"}],"author":[{"embeddable":true,"href":"https:\/\/www.copealcoy.es\/es\/wp-json\/wp\/v2\/users\/1"}],"replies":[{"embeddable":true,"href":"https:\/\/www.copealcoy.es\/es\/wp-json\/wp\/v2\/comments?post=127844"}],"version-history":[{"count":0,"href":"https:\/\/www.copealcoy.es\/es\/wp-json\/wp\/v2\/posts\/127844\/revisions"}],"wp:featuredmedia":[{"embeddable":true,"href":"https:\/\/www.copealcoy.es\/es\/wp-json\/wp\/v2\/media\/127866"}],"wp:attachment":[{"href":"https:\/\/www.copealcoy.es\/es\/wp-json\/wp\/v2\/media?parent=127844"}],"wp:term":[{"taxonomy":"category","embeddable":true,"href":"https:\/\/www.copealcoy.es\/es\/wp-json\/wp\/v2\/categories?post=127844"},{"taxonomy":"post_tag","embeddable":true,"href":"https:\/\/www.copealcoy.es\/es\/wp-json\/wp\/v2\/tags?post=127844"}],"curies":[{"name":"wp","href":"https:\/\/api.w.org\/{rel}","templated":true}]}}