{"id":127840,"date":"2024-01-08T11:10:52","date_gmt":"2024-01-08T10:10:52","guid":{"rendered":"https:\/\/www.copealcoy.es\/?p=127840"},"modified":"2024-01-08T13:08:31","modified_gmt":"2024-01-08T12:08:31","slug":"la-mascarilla-vuelve-a-ser-obligatoria-desde-hoy-en-centros-sanitarios-de-la-comunitat","status":"publish","type":"post","link":"https:\/\/www.copealcoy.es\/es\/la-mascarilla-vuelve-a-ser-obligatoria-desde-hoy-en-centros-sanitarios-de-la-comunitat\/","title":{"rendered":"La mascarilla vuelve a ser obligatoria desde hoy en centros sanitarios de la Comunitat"},"content":{"rendered":"<p style=\"text-align: justify;\">Llegan<strong>\u00a0importantes cambios<\/strong> a los centros sanitarios de la Comunitat Valenciana desde este lunes 8 de enero. Y es que <a href=\"https:\/\/www.san.gva.es\/es\/web\/sanidad\" target=\"_blank\" rel=\"noopener\"><span style=\"color: #0000ff;\"><strong>la conselleria de Sanitat<\/strong> <\/span><\/a>de la Generalitat, tal y como anunci\u00f3 el pasado viernes desde Alcoy el Presidente Maz\u00f3n, <strong>ha restablecido la obligaci\u00f3n de usar la mascarilla en centros de salud o hospitales de la regi\u00f3n<\/strong> para tratar de frenar los efectos de la \u00faltima ola de infecciones de virus respiratorios.<\/p>\n<p style=\"text-align: justify;\">Maz\u00f3n record\u00f3 que <strong>desde finales de a\u00f1o ha habido un notable repunte de contagios de COVID-19<\/strong> <strong>y de gripe com\u00fan<\/strong>, que se han disparado, y que al inicio del fin de semana <strong>situaba la incidencia en 1.501 casos por cada 100.000 habitantes<\/strong>. Para ello, la Conselleria de Sanidad ha remitido a todos los departamentos de salud de la Comunidad Valenciana<strong> la instrucci\u00f3n<\/strong> para que lleven mascarilla aquellas personas sintom\u00e1ticas cuando est\u00e9n en espacios compartidos, los profesionales sanitarios que atienden casos sintom\u00e1tico o las personas que trabajan en Unidades de Cuidados Intensivos y Unidades con Pacientes Vulnerables. Tambi\u00e9n <strong>deben de hacer uso de estas medidas de protecci\u00f3n<\/strong> los profesionales de las urgencias hospitalarias o de atenci\u00f3n primaria, y todas las personas que se concentren en lugares de espera, tanto de atenci\u00f3n primaria como de consultas hospitalarias. La <strong>mencionada indicaci\u00f3n<\/strong> no apunta una fecha concreta para que vuelva a ser retirada la mascarilla, pero es de imaginar que no ser\u00e1 antes de febrero ya que se espera que el pico se alcance la tercera semana de enero &#8220;<em>a principios de semana habr\u00e1 una reuni\u00f3n con los gerentes de los departamentos de salud de la Comunitat Valenciana para analizar la puesta en marcha de estas medidas<\/em>&#8220;, indic\u00f3 Maz\u00f3n durante su recorrido por el Campamento Real de Alcoy.<\/p>\n<p style=\"text-align: justify;\">Indicar que los centros de salud administrar\u00e1n <strong>a partir de este lunes, 8 de enero<\/strong>, las dosis de las vacunas frente a gripe y COVID-19 sin necesidad de cita previa. Todo ello con la finalidad de promover la inmunizaci\u00f3n de la poblaci\u00f3n ante el repunte de infecciones respiratorias.<\/p>\n<p><strong>Imagen:<\/strong> COPE<\/p>\n","protected":false},"excerpt":{"rendered":"<p>Llegan\u00a0importantes cambios a los centros sanitarios de la Comunitat Valenciana desde este lunes 8 de enero. Y es que la&#8230;<\/p>\n","protected":false},"author":1,"featured_media":127842,"comment_status":"open","ping_status":"open","sticky":false,"template":"","format":"standard","meta":{"footnotes":""},"categories":[6909,97,75],"tags":[639,7341,11329,11347,16182],"class_list":["post-127840","post","type-post","status-publish","format-standard","has-post-thumbnail","hentry","category-actualidad","category-alcoy","category-noticias","tag-comunidad-valenciana","tag-mascarillas","tag-repunte","tag-uso-obligatorio","tag-virus-respiratorios"],"yoast_head":"<!-- This site is optimized with the Yoast SEO plugin v27.3 - https:\/\/yoast.com\/product\/yoast-seo-wordpress\/ -->\n<title>La mascarilla vuelve a ser obligatoria desde hoy en centros sanitarios de la Comunitat - COPE Alcoy<\/title>\n<meta name=\"description\" content=\"Desde hoy lunes llegan importantes cambios a los centros sanitarios de la Comunitat Valenciana desde este lunes 8 de enero\" \/>\n<meta name=\"robots\" content=\"index, follow, max-snippet:-1, max-image-preview:large, max-video-preview:-1\" \/>\n<link rel=\"canonical\" href=\"https:\/\/www.copealcoy.es\/es\/la-mascarilla-vuelve-a-ser-obligatoria-desde-hoy-en-centros-sanitarios-de-la-comunitat\/\" \/>\n<meta property=\"og:locale\" content=\"es_ES\" \/>\n<meta property=\"og:type\" content=\"article\" \/>\n<meta property=\"og:title\" content=\"La mascarilla vuelve a ser obligatoria desde hoy en centros sanitarios de la Comunitat - COPE Alcoy\" \/>\n<meta property=\"og:description\" content=\"Desde hoy lunes llegan importantes cambios a los centros sanitarios de la Comunitat Valenciana desde este lunes 8 de enero\" \/>\n<meta property=\"og:url\" content=\"https:\/\/www.copealcoy.es\/es\/la-mascarilla-vuelve-a-ser-obligatoria-desde-hoy-en-centros-sanitarios-de-la-comunitat\/\" \/>\n<meta property=\"og:site_name\" content=\"COPE Alcoy\" \/>\n<meta property=\"article:published_time\" content=\"2024-01-08T10:10:52+00:00\" \/>\n<meta property=\"article:modified_time\" content=\"2024-01-08T12:08:31+00:00\" \/>\n<meta property=\"og:image\" content=\"https:\/\/www.copealcoy.es\/wp-content\/uploads\/2024\/01\/1613135206520.jpg\" \/>\n\t<meta property=\"og:image:width\" content=\"976\" \/>\n\t<meta property=\"og:image:height\" content=\"732\" \/>\n\t<meta property=\"og:image:type\" content=\"image\/jpeg\" \/>\n<meta name=\"author\" content=\"Cope Alcoy\" \/>\n<meta name=\"twitter:label1\" content=\"Escrito por\" \/>\n\t<meta name=\"twitter:data1\" content=\"Cope Alcoy\" \/>\n\t<meta name=\"twitter:label2\" content=\"Tiempo de lectura\" \/>\n\t<meta name=\"twitter:data2\" content=\"2 minutos\" \/>\n<script type=\"application\/ld+json\" class=\"yoast-schema-graph\">{\"@context\":\"https:\\\/\\\/schema.org\",\"@graph\":[{\"@type\":\"Article\",\"@id\":\"https:\\\/\\\/www.copealcoy.es\\\/es\\\/la-mascarilla-vuelve-a-ser-obligatoria-desde-hoy-en-centros-sanitarios-de-la-comunitat\\\/#article\",\"isPartOf\":{\"@id\":\"https:\\\/\\\/www.copealcoy.es\\\/es\\\/la-mascarilla-vuelve-a-ser-obligatoria-desde-hoy-en-centros-sanitarios-de-la-comunitat\\\/\"},\"author\":{\"name\":\"Cope Alcoy\",\"@id\":\"https:\\\/\\\/www.copealcoy.es\\\/es\\\/#\\\/schema\\\/person\\\/e777c87fa024e57d40170af9df39882c\"},\"headline\":\"La mascarilla vuelve a ser obligatoria desde hoy en centros sanitarios de la Comunitat\",\"datePublished\":\"2024-01-08T10:10:52+00:00\",\"dateModified\":\"2024-01-08T12:08:31+00:00\",\"mainEntityOfPage\":{\"@id\":\"https:\\\/\\\/www.copealcoy.es\\\/es\\\/la-mascarilla-vuelve-a-ser-obligatoria-desde-hoy-en-centros-sanitarios-de-la-comunitat\\\/\"},\"wordCount\":365,\"commentCount\":0,\"image\":{\"@id\":\"https:\\\/\\\/www.copealcoy.es\\\/es\\\/la-mascarilla-vuelve-a-ser-obligatoria-desde-hoy-en-centros-sanitarios-de-la-comunitat\\\/#primaryimage\"},\"thumbnailUrl\":\"https:\\\/\\\/www.copealcoy.es\\\/wp-content\\\/uploads\\\/2024\\\/01\\\/1613135206520.jpg\",\"keywords\":[\"Comunidad Valenciana\",\"mascarillas\",\"repunte\",\"uso obligatorio\",\"virus respiratorios\"],\"articleSection\":[\"Actualidad\",\"Alcoy\",\"Noticias\"],\"inLanguage\":\"es\"},{\"@type\":\"WebPage\",\"@id\":\"https:\\\/\\\/www.copealcoy.es\\\/es\\\/la-mascarilla-vuelve-a-ser-obligatoria-desde-hoy-en-centros-sanitarios-de-la-comunitat\\\/\",\"url\":\"https:\\\/\\\/www.copealcoy.es\\\/es\\\/la-mascarilla-vuelve-a-ser-obligatoria-desde-hoy-en-centros-sanitarios-de-la-comunitat\\\/\",\"name\":\"La mascarilla vuelve a ser obligatoria desde hoy en centros sanitarios de la Comunitat - COPE Alcoy\",\"isPartOf\":{\"@id\":\"https:\\\/\\\/www.copealcoy.es\\\/es\\\/#website\"},\"primaryImageOfPage\":{\"@id\":\"https:\\\/\\\/www.copealcoy.es\\\/es\\\/la-mascarilla-vuelve-a-ser-obligatoria-desde-hoy-en-centros-sanitarios-de-la-comunitat\\\/#primaryimage\"},\"image\":{\"@id\":\"https:\\\/\\\/www.copealcoy.es\\\/es\\\/la-mascarilla-vuelve-a-ser-obligatoria-desde-hoy-en-centros-sanitarios-de-la-comunitat\\\/#primaryimage\"},\"thumbnailUrl\":\"https:\\\/\\\/www.copealcoy.es\\\/wp-content\\\/uploads\\\/2024\\\/01\\\/1613135206520.jpg\",\"datePublished\":\"2024-01-08T10:10:52+00:00\",\"dateModified\":\"2024-01-08T12:08:31+00:00\",\"author\":{\"@id\":\"https:\\\/\\\/www.copealcoy.es\\\/es\\\/#\\\/schema\\\/person\\\/e777c87fa024e57d40170af9df39882c\"},\"description\":\"Desde hoy lunes llegan importantes cambios a los centros sanitarios de la Comunitat Valenciana desde este lunes 8 de enero\",\"breadcrumb\":{\"@id\":\"https:\\\/\\\/www.copealcoy.es\\\/es\\\/la-mascarilla-vuelve-a-ser-obligatoria-desde-hoy-en-centros-sanitarios-de-la-comunitat\\\/#breadcrumb\"},\"inLanguage\":\"es\",\"potentialAction\":[{\"@type\":\"ReadAction\",\"target\":[\"https:\\\/\\\/www.copealcoy.es\\\/es\\\/la-mascarilla-vuelve-a-ser-obligatoria-desde-hoy-en-centros-sanitarios-de-la-comunitat\\\/\"]}]},{\"@type\":\"ImageObject\",\"inLanguage\":\"es\",\"@id\":\"https:\\\/\\\/www.copealcoy.es\\\/es\\\/la-mascarilla-vuelve-a-ser-obligatoria-desde-hoy-en-centros-sanitarios-de-la-comunitat\\\/#primaryimage\",\"url\":\"https:\\\/\\\/www.copealcoy.es\\\/wp-content\\\/uploads\\\/2024\\\/01\\\/1613135206520.jpg\",\"contentUrl\":\"https:\\\/\\\/www.copealcoy.es\\\/wp-content\\\/uploads\\\/2024\\\/01\\\/1613135206520.jpg\",\"width\":976,\"height\":732},{\"@type\":\"BreadcrumbList\",\"@id\":\"https:\\\/\\\/www.copealcoy.es\\\/es\\\/la-mascarilla-vuelve-a-ser-obligatoria-desde-hoy-en-centros-sanitarios-de-la-comunitat\\\/#breadcrumb\",\"itemListElement\":[{\"@type\":\"ListItem\",\"position\":1,\"name\":\"Portada\",\"item\":\"https:\\\/\\\/www.copealcoy.es\\\/es\\\/\"},{\"@type\":\"ListItem\",\"position\":2,\"name\":\"La mascarilla vuelve a ser obligatoria desde hoy en centros sanitarios de la Comunitat\"}]},{\"@type\":\"WebSite\",\"@id\":\"https:\\\/\\\/www.copealcoy.es\\\/es\\\/#website\",\"url\":\"https:\\\/\\\/www.copealcoy.es\\\/es\\\/\",\"name\":\"COPE Alcoy\",\"description\":\"Emisora COPE de radio local con emisi\u00f3n online. Pont de Sant Jordi 8-10 03803 Alcoy\",\"potentialAction\":[{\"@type\":\"SearchAction\",\"target\":{\"@type\":\"EntryPoint\",\"urlTemplate\":\"https:\\\/\\\/www.copealcoy.es\\\/es\\\/?s={search_term_string}\"},\"query-input\":{\"@type\":\"PropertyValueSpecification\",\"valueRequired\":true,\"valueName\":\"search_term_string\"}}],\"inLanguage\":\"es\"},{\"@type\":\"Person\",\"@id\":\"https:\\\/\\\/www.copealcoy.es\\\/es\\\/#\\\/schema\\\/person\\\/e777c87fa024e57d40170af9df39882c\",\"name\":\"Cope Alcoy\",\"image\":{\"@type\":\"ImageObject\",\"inLanguage\":\"es\",\"@id\":\"https:\\\/\\\/secure.gravatar.com\\\/avatar\\\/bb65d0283347e303893ba14f0692005417c1e0e690a325a4c5d8bb2b3943ee14?s=96&d=mm&r=g\",\"url\":\"https:\\\/\\\/secure.gravatar.com\\\/avatar\\\/bb65d0283347e303893ba14f0692005417c1e0e690a325a4c5d8bb2b3943ee14?s=96&d=mm&r=g\",\"contentUrl\":\"https:\\\/\\\/secure.gravatar.com\\\/avatar\\\/bb65d0283347e303893ba14f0692005417c1e0e690a325a4c5d8bb2b3943ee14?s=96&d=mm&r=g\",\"caption\":\"Cope Alcoy\"}}]}<\/script>\n<!-- \/ Yoast SEO plugin. -->","yoast_head_json":{"title":"La mascarilla vuelve a ser obligatoria desde hoy en centros sanitarios de la Comunitat - COPE Alcoy","description":"Desde hoy lunes llegan importantes cambios a los centros sanitarios de la Comunitat Valenciana desde este lunes 8 de enero","robots":{"index":"index","follow":"follow","max-snippet":"max-snippet:-1","max-image-preview":"max-image-preview:large","max-video-preview":"max-video-preview:-1"},"canonical":"https:\/\/www.copealcoy.es\/es\/la-mascarilla-vuelve-a-ser-obligatoria-desde-hoy-en-centros-sanitarios-de-la-comunitat\/","og_locale":"es_ES","og_type":"article","og_title":"La mascarilla vuelve a ser obligatoria desde hoy en centros sanitarios de la Comunitat - COPE Alcoy","og_description":"Desde hoy lunes llegan importantes cambios a los centros sanitarios de la Comunitat Valenciana desde este lunes 8 de enero","og_url":"https:\/\/www.copealcoy.es\/es\/la-mascarilla-vuelve-a-ser-obligatoria-desde-hoy-en-centros-sanitarios-de-la-comunitat\/","og_site_name":"COPE Alcoy","article_published_time":"2024-01-08T10:10:52+00:00","article_modified_time":"2024-01-08T12:08:31+00:00","og_image":[{"width":976,"height":732,"url":"https:\/\/www.copealcoy.es\/wp-content\/uploads\/2024\/01\/1613135206520.jpg","type":"image\/jpeg"}],"author":"Cope Alcoy","twitter_misc":{"Escrito por":"Cope Alcoy","Tiempo de lectura":"2 minutos"},"schema":{"@context":"https:\/\/schema.org","@graph":[{"@type":"Article","@id":"https:\/\/www.copealcoy.es\/es\/la-mascarilla-vuelve-a-ser-obligatoria-desde-hoy-en-centros-sanitarios-de-la-comunitat\/#article","isPartOf":{"@id":"https:\/\/www.copealcoy.es\/es\/la-mascarilla-vuelve-a-ser-obligatoria-desde-hoy-en-centros-sanitarios-de-la-comunitat\/"},"author":{"name":"Cope Alcoy","@id":"https:\/\/www.copealcoy.es\/es\/#\/schema\/person\/e777c87fa024e57d40170af9df39882c"},"headline":"La mascarilla vuelve a ser obligatoria desde hoy en centros sanitarios de la Comunitat","datePublished":"2024-01-08T10:10:52+00:00","dateModified":"2024-01-08T12:08:31+00:00","mainEntityOfPage":{"@id":"https:\/\/www.copealcoy.es\/es\/la-mascarilla-vuelve-a-ser-obligatoria-desde-hoy-en-centros-sanitarios-de-la-comunitat\/"},"wordCount":365,"commentCount":0,"image":{"@id":"https:\/\/www.copealcoy.es\/es\/la-mascarilla-vuelve-a-ser-obligatoria-desde-hoy-en-centros-sanitarios-de-la-comunitat\/#primaryimage"},"thumbnailUrl":"https:\/\/www.copealcoy.es\/wp-content\/uploads\/2024\/01\/1613135206520.jpg","keywords":["Comunidad Valenciana","mascarillas","repunte","uso obligatorio","virus respiratorios"],"articleSection":["Actualidad","Alcoy","Noticias"],"inLanguage":"es"},{"@type":"WebPage","@id":"https:\/\/www.copealcoy.es\/es\/la-mascarilla-vuelve-a-ser-obligatoria-desde-hoy-en-centros-sanitarios-de-la-comunitat\/","url":"https:\/\/www.copealcoy.es\/es\/la-mascarilla-vuelve-a-ser-obligatoria-desde-hoy-en-centros-sanitarios-de-la-comunitat\/","name":"La mascarilla vuelve a ser obligatoria desde hoy en centros sanitarios de la Comunitat - COPE Alcoy","isPartOf":{"@id":"https:\/\/www.copealcoy.es\/es\/#website"},"primaryImageOfPage":{"@id":"https:\/\/www.copealcoy.es\/es\/la-mascarilla-vuelve-a-ser-obligatoria-desde-hoy-en-centros-sanitarios-de-la-comunitat\/#primaryimage"},"image":{"@id":"https:\/\/www.copealcoy.es\/es\/la-mascarilla-vuelve-a-ser-obligatoria-desde-hoy-en-centros-sanitarios-de-la-comunitat\/#primaryimage"},"thumbnailUrl":"https:\/\/www.copealcoy.es\/wp-content\/uploads\/2024\/01\/1613135206520.jpg","datePublished":"2024-01-08T10:10:52+00:00","dateModified":"2024-01-08T12:08:31+00:00","author":{"@id":"https:\/\/www.copealcoy.es\/es\/#\/schema\/person\/e777c87fa024e57d40170af9df39882c"},"description":"Desde hoy lunes llegan importantes cambios a los centros sanitarios de la Comunitat Valenciana desde este lunes 8 de enero","breadcrumb":{"@id":"https:\/\/www.copealcoy.es\/es\/la-mascarilla-vuelve-a-ser-obligatoria-desde-hoy-en-centros-sanitarios-de-la-comunitat\/#breadcrumb"},"inLanguage":"es","potentialAction":[{"@type":"ReadAction","target":["https:\/\/www.copealcoy.es\/es\/la-mascarilla-vuelve-a-ser-obligatoria-desde-hoy-en-centros-sanitarios-de-la-comunitat\/"]}]},{"@type":"ImageObject","inLanguage":"es","@id":"https:\/\/www.copealcoy.es\/es\/la-mascarilla-vuelve-a-ser-obligatoria-desde-hoy-en-centros-sanitarios-de-la-comunitat\/#primaryimage","url":"https:\/\/www.copealcoy.es\/wp-content\/uploads\/2024\/01\/1613135206520.jpg","contentUrl":"https:\/\/www.copealcoy.es\/wp-content\/uploads\/2024\/01\/1613135206520.jpg","width":976,"height":732},{"@type":"BreadcrumbList","@id":"https:\/\/www.copealcoy.es\/es\/la-mascarilla-vuelve-a-ser-obligatoria-desde-hoy-en-centros-sanitarios-de-la-comunitat\/#breadcrumb","itemListElement":[{"@type":"ListItem","position":1,"name":"Portada","item":"https:\/\/www.copealcoy.es\/es\/"},{"@type":"ListItem","position":2,"name":"La mascarilla vuelve a ser obligatoria desde hoy en centros sanitarios de la Comunitat"}]},{"@type":"WebSite","@id":"https:\/\/www.copealcoy.es\/es\/#website","url":"https:\/\/www.copealcoy.es\/es\/","name":"COPE Alcoy","description":"Emisora COPE de radio local con emisi\u00f3n online. Pont de Sant Jordi 8-10 03803 Alcoy","potentialAction":[{"@type":"SearchAction","target":{"@type":"EntryPoint","urlTemplate":"https:\/\/www.copealcoy.es\/es\/?s={search_term_string}"},"query-input":{"@type":"PropertyValueSpecification","valueRequired":true,"valueName":"search_term_string"}}],"inLanguage":"es"},{"@type":"Person","@id":"https:\/\/www.copealcoy.es\/es\/#\/schema\/person\/e777c87fa024e57d40170af9df39882c","name":"Cope Alcoy","image":{"@type":"ImageObject","inLanguage":"es","@id":"https:\/\/secure.gravatar.com\/avatar\/bb65d0283347e303893ba14f0692005417c1e0e690a325a4c5d8bb2b3943ee14?s=96&d=mm&r=g","url":"https:\/\/secure.gravatar.com\/avatar\/bb65d0283347e303893ba14f0692005417c1e0e690a325a4c5d8bb2b3943ee14?s=96&d=mm&r=g","contentUrl":"https:\/\/secure.gravatar.com\/avatar\/bb65d0283347e303893ba14f0692005417c1e0e690a325a4c5d8bb2b3943ee14?s=96&d=mm&r=g","caption":"Cope Alcoy"}}]}},"_links":{"self":[{"href":"https:\/\/www.copealcoy.es\/es\/wp-json\/wp\/v2\/posts\/127840","targetHints":{"allow":["GET"]}}],"collection":[{"href":"https:\/\/www.copealcoy.es\/es\/wp-json\/wp\/v2\/posts"}],"about":[{"href":"https:\/\/www.copealcoy.es\/es\/wp-json\/wp\/v2\/types\/post"}],"author":[{"embeddable":true,"href":"https:\/\/www.copealcoy.es\/es\/wp-json\/wp\/v2\/users\/1"}],"replies":[{"embeddable":true,"href":"https:\/\/www.copealcoy.es\/es\/wp-json\/wp\/v2\/comments?post=127840"}],"version-history":[{"count":0,"href":"https:\/\/www.copealcoy.es\/es\/wp-json\/wp\/v2\/posts\/127840\/revisions"}],"wp:featuredmedia":[{"embeddable":true,"href":"https:\/\/www.copealcoy.es\/es\/wp-json\/wp\/v2\/media\/127842"}],"wp:attachment":[{"href":"https:\/\/www.copealcoy.es\/es\/wp-json\/wp\/v2\/media?parent=127840"}],"wp:term":[{"taxonomy":"category","embeddable":true,"href":"https:\/\/www.copealcoy.es\/es\/wp-json\/wp\/v2\/categories?post=127840"},{"taxonomy":"post_tag","embeddable":true,"href":"https:\/\/www.copealcoy.es\/es\/wp-json\/wp\/v2\/tags?post=127840"}],"curies":[{"name":"wp","href":"https:\/\/api.w.org\/{rel}","templated":true}]}}