{"id":127829,"date":"2024-01-08T10:29:07","date_gmt":"2024-01-08T09:29:07","guid":{"rendered":"https:\/\/www.copealcoy.es\/?p=127829"},"modified":"2024-01-08T10:31:47","modified_gmt":"2024-01-08T09:31:47","slug":"termina-la-navidad-y-llega-el-frio-a-alcoy-con-bajada-importante-de-las-temperaturas","status":"publish","type":"post","link":"https:\/\/www.copealcoy.es\/es\/termina-la-navidad-y-llega-el-frio-a-alcoy-con-bajada-importante-de-las-temperaturas\/","title":{"rendered":"Termina la Navidad y llega el fr\u00edo a Alcoy con bajada importante de las temperaturas"},"content":{"rendered":"<p style=\"text-align: justify;\">La <strong>segunda semana del mes de enero de 2024<\/strong> trae importantes cambios en Alcoy en cuanto al tiempo se refiere. Termina la Navidad y <strong>los Reyes Magos han dejado fr\u00edo de invierno<\/strong> e incluso <strong>una bajada notable de temperaturas<\/strong> que ya se ha notado esta madrugada con valores cercanos a los 0 grados en el casco urbano de la ciudad.<\/p>\n<p style=\"text-align: justify;\">Desde <a href=\"https:\/\/www.aemet.es\/es\/eltiempo\/prediccion\/municipios\/alcoy-alcoi-id03009\" target=\"_blank\" rel=\"noopener\"><strong><span style=\"color: #0000ff;\">la Agencia Estatal de Meteorolog\u00eda<\/span> <\/strong><\/a>se\u00f1alan que hoy <strong>lunes<\/strong> tendremos en la capital de l&#8217;Alcoi\u00e0 alternancia de nubes y claros con temperaturas m\u00e1ximas de 12 grados en las horas centrales del d\u00eda mientras que las m\u00ednimas ser\u00e1n de 0 en la madrugada. A partir de ma\u00f1ana llegan cambios significativos con aumento de la nubosidad, probabilidad de chubascos e incluso llegada de la nieve. Para el <strong>martes<\/strong> 9 de enero se esperan cielos cubiertos, con lluvias a partir de la tarde, y las temperaturas m\u00e1ximas se situar\u00e1n en torno a los 8 grados en las horas centrales del d\u00eda siendo las m\u00ednimas de 3 grados. La inestabilidad seguir\u00e1 el <strong>mi\u00e9rcoles<\/strong> con un 95% de probabilidad de chubascos durante toda la jornada situ\u00e1ndose la cota de nieve en los 1.500 metros de altura, hecho que puede traer las primeras nevadas del a\u00f1o a las cimas m\u00e1s altas de nuestras comarcas de l&#8217;Alcoi\u00e0 y el Comtat. Para el 10 de enero las m\u00e1ximas llegar\u00e1n a los 13 grados y las m\u00ednimas ser\u00e1n de 3 en la madrugada. Esta inestabilidad seguir\u00eda el <strong>jueves<\/strong> con cielos cubiertos, que se despejar\u00edan de cara a la tarde, de nuevo lluvias y cota de nieve que seguir\u00eda bajando hasta los 800 metros llegando ese d\u00eda a los 7 grados de m\u00e1xima y a los 3 de m\u00ednima.<\/p>\n<p style=\"text-align: justify;\">Con fr\u00edo entraremos en el fin de semana y tanto <strong>viernes<\/strong> como<strong> s\u00e1bado<\/strong> tendremos alternancia de nubes y claros, dos jornadas con m\u00e1ximas de 10 grados y m\u00ednimas de 2. A partir del <strong>domingo<\/strong> cambiar\u00eda la situaci\u00f3n y se recuperar\u00edan las m\u00e1ximas hasta llegar a los 18 grados, con alternancia de nubes y claros, y unas m\u00ednimas que estar\u00e1n en los 5 en la madrugada.<\/p>\n","protected":false},"excerpt":{"rendered":"<p>La segunda semana del mes de enero de 2024 trae importantes cambios en Alcoy en cuanto al tiempo se refiere&#8230;.<\/p>\n","protected":false},"author":1,"featured_media":115288,"comment_status":"open","ping_status":"open","sticky":false,"template":"","format":"standard","meta":{"footnotes":""},"categories":[6909,97,75],"tags":[14439,1494,14163,573,5064],"class_list":["post-127829","post","type-post","status-publish","format-standard","has-post-thumbnail","hentry","category-actualidad","category-alcoy","category-noticias","tag-agencia-estatal-de-meteorologia","tag-alcoy","tag-bajada-temperaturas","tag-frio","tag-invierno"],"yoast_head":"<!-- This site is optimized with the Yoast SEO plugin v27.3 - https:\/\/yoast.com\/product\/yoast-seo-wordpress\/ -->\n<title>Termina la Navidad y llega el fr\u00edo a Alcoy con bajada importante de las temperaturas - COPE Alcoy<\/title>\n<meta name=\"description\" content=\"La segunda semana del mes de enero de 2024 trae importantes cambios en Alcoy en cuanto al tiempo se refiere\" \/>\n<meta name=\"robots\" content=\"index, follow, max-snippet:-1, max-image-preview:large, max-video-preview:-1\" \/>\n<link rel=\"canonical\" href=\"https:\/\/www.copealcoy.es\/es\/termina-la-navidad-y-llega-el-frio-a-alcoy-con-bajada-importante-de-las-temperaturas\/\" \/>\n<meta property=\"og:locale\" content=\"es_ES\" \/>\n<meta property=\"og:type\" content=\"article\" \/>\n<meta property=\"og:title\" content=\"Termina la Navidad y llega el fr\u00edo a Alcoy con bajada importante de las temperaturas - COPE Alcoy\" \/>\n<meta property=\"og:description\" content=\"La segunda semana del mes de enero de 2024 trae importantes cambios en Alcoy en cuanto al tiempo se refiere\" \/>\n<meta property=\"og:url\" content=\"https:\/\/www.copealcoy.es\/es\/termina-la-navidad-y-llega-el-frio-a-alcoy-con-bajada-importante-de-las-temperaturas\/\" \/>\n<meta property=\"og:site_name\" content=\"COPE Alcoy\" \/>\n<meta property=\"article:published_time\" content=\"2024-01-08T09:29:07+00:00\" \/>\n<meta property=\"article:modified_time\" content=\"2024-01-08T09:31:47+00:00\" \/>\n<meta property=\"og:image\" content=\"https:\/\/www.copealcoy.es\/wp-content\/uploads\/2023\/05\/unnamed-1-2-scaled-e1683270007897.jpg\" \/>\n\t<meta property=\"og:image:width\" content=\"640\" \/>\n\t<meta property=\"og:image:height\" content=\"434\" \/>\n\t<meta property=\"og:image:type\" content=\"image\/jpeg\" \/>\n<meta name=\"author\" content=\"Cope Alcoy\" \/>\n<meta name=\"twitter:label1\" content=\"Escrito por\" \/>\n\t<meta name=\"twitter:data1\" content=\"Cope Alcoy\" \/>\n\t<meta name=\"twitter:label2\" content=\"Tiempo de lectura\" \/>\n\t<meta name=\"twitter:data2\" content=\"2 minutos\" \/>\n<script type=\"application\/ld+json\" class=\"yoast-schema-graph\">{\"@context\":\"https:\\\/\\\/schema.org\",\"@graph\":[{\"@type\":\"Article\",\"@id\":\"https:\\\/\\\/www.copealcoy.es\\\/es\\\/termina-la-navidad-y-llega-el-frio-a-alcoy-con-bajada-importante-de-las-temperaturas\\\/#article\",\"isPartOf\":{\"@id\":\"https:\\\/\\\/www.copealcoy.es\\\/es\\\/termina-la-navidad-y-llega-el-frio-a-alcoy-con-bajada-importante-de-las-temperaturas\\\/\"},\"author\":{\"name\":\"Cope Alcoy\",\"@id\":\"https:\\\/\\\/www.copealcoy.es\\\/es\\\/#\\\/schema\\\/person\\\/e777c87fa024e57d40170af9df39882c\"},\"headline\":\"Termina la Navidad y llega el fr\u00edo a Alcoy con bajada importante de las temperaturas\",\"datePublished\":\"2024-01-08T09:29:07+00:00\",\"dateModified\":\"2024-01-08T09:31:47+00:00\",\"mainEntityOfPage\":{\"@id\":\"https:\\\/\\\/www.copealcoy.es\\\/es\\\/termina-la-navidad-y-llega-el-frio-a-alcoy-con-bajada-importante-de-las-temperaturas\\\/\"},\"wordCount\":380,\"commentCount\":0,\"image\":{\"@id\":\"https:\\\/\\\/www.copealcoy.es\\\/es\\\/termina-la-navidad-y-llega-el-frio-a-alcoy-con-bajada-importante-de-las-temperaturas\\\/#primaryimage\"},\"thumbnailUrl\":\"https:\\\/\\\/www.copealcoy.es\\\/wp-content\\\/uploads\\\/2023\\\/05\\\/unnamed-1-2-scaled-e1683270007897.jpg\",\"keywords\":[\"Agencia Estatal de Meteorolog\u00eda\",\"Alcoy\",\"bajada temperaturas\",\"Fr\u00edo\",\"invierno\"],\"articleSection\":[\"Actualidad\",\"Alcoy\",\"Noticias\"],\"inLanguage\":\"es\"},{\"@type\":\"WebPage\",\"@id\":\"https:\\\/\\\/www.copealcoy.es\\\/es\\\/termina-la-navidad-y-llega-el-frio-a-alcoy-con-bajada-importante-de-las-temperaturas\\\/\",\"url\":\"https:\\\/\\\/www.copealcoy.es\\\/es\\\/termina-la-navidad-y-llega-el-frio-a-alcoy-con-bajada-importante-de-las-temperaturas\\\/\",\"name\":\"Termina la Navidad y llega el fr\u00edo a Alcoy con bajada importante de las temperaturas - COPE Alcoy\",\"isPartOf\":{\"@id\":\"https:\\\/\\\/www.copealcoy.es\\\/es\\\/#website\"},\"primaryImageOfPage\":{\"@id\":\"https:\\\/\\\/www.copealcoy.es\\\/es\\\/termina-la-navidad-y-llega-el-frio-a-alcoy-con-bajada-importante-de-las-temperaturas\\\/#primaryimage\"},\"image\":{\"@id\":\"https:\\\/\\\/www.copealcoy.es\\\/es\\\/termina-la-navidad-y-llega-el-frio-a-alcoy-con-bajada-importante-de-las-temperaturas\\\/#primaryimage\"},\"thumbnailUrl\":\"https:\\\/\\\/www.copealcoy.es\\\/wp-content\\\/uploads\\\/2023\\\/05\\\/unnamed-1-2-scaled-e1683270007897.jpg\",\"datePublished\":\"2024-01-08T09:29:07+00:00\",\"dateModified\":\"2024-01-08T09:31:47+00:00\",\"author\":{\"@id\":\"https:\\\/\\\/www.copealcoy.es\\\/es\\\/#\\\/schema\\\/person\\\/e777c87fa024e57d40170af9df39882c\"},\"description\":\"La segunda semana del mes de enero de 2024 trae importantes cambios en Alcoy en cuanto al tiempo se refiere\",\"breadcrumb\":{\"@id\":\"https:\\\/\\\/www.copealcoy.es\\\/es\\\/termina-la-navidad-y-llega-el-frio-a-alcoy-con-bajada-importante-de-las-temperaturas\\\/#breadcrumb\"},\"inLanguage\":\"es\",\"potentialAction\":[{\"@type\":\"ReadAction\",\"target\":[\"https:\\\/\\\/www.copealcoy.es\\\/es\\\/termina-la-navidad-y-llega-el-frio-a-alcoy-con-bajada-importante-de-las-temperaturas\\\/\"]}]},{\"@type\":\"ImageObject\",\"inLanguage\":\"es\",\"@id\":\"https:\\\/\\\/www.copealcoy.es\\\/es\\\/termina-la-navidad-y-llega-el-frio-a-alcoy-con-bajada-importante-de-las-temperaturas\\\/#primaryimage\",\"url\":\"https:\\\/\\\/www.copealcoy.es\\\/wp-content\\\/uploads\\\/2023\\\/05\\\/unnamed-1-2-scaled-e1683270007897.jpg\",\"contentUrl\":\"https:\\\/\\\/www.copealcoy.es\\\/wp-content\\\/uploads\\\/2023\\\/05\\\/unnamed-1-2-scaled-e1683270007897.jpg\",\"width\":640,\"height\":434},{\"@type\":\"BreadcrumbList\",\"@id\":\"https:\\\/\\\/www.copealcoy.es\\\/es\\\/termina-la-navidad-y-llega-el-frio-a-alcoy-con-bajada-importante-de-las-temperaturas\\\/#breadcrumb\",\"itemListElement\":[{\"@type\":\"ListItem\",\"position\":1,\"name\":\"Portada\",\"item\":\"https:\\\/\\\/www.copealcoy.es\\\/es\\\/\"},{\"@type\":\"ListItem\",\"position\":2,\"name\":\"Termina la Navidad y llega el fr\u00edo a Alcoy con bajada importante de las temperaturas\"}]},{\"@type\":\"WebSite\",\"@id\":\"https:\\\/\\\/www.copealcoy.es\\\/es\\\/#website\",\"url\":\"https:\\\/\\\/www.copealcoy.es\\\/es\\\/\",\"name\":\"COPE Alcoy\",\"description\":\"Emisora COPE de radio local con emisi\u00f3n online. Pont de Sant Jordi 8-10 03803 Alcoy\",\"potentialAction\":[{\"@type\":\"SearchAction\",\"target\":{\"@type\":\"EntryPoint\",\"urlTemplate\":\"https:\\\/\\\/www.copealcoy.es\\\/es\\\/?s={search_term_string}\"},\"query-input\":{\"@type\":\"PropertyValueSpecification\",\"valueRequired\":true,\"valueName\":\"search_term_string\"}}],\"inLanguage\":\"es\"},{\"@type\":\"Person\",\"@id\":\"https:\\\/\\\/www.copealcoy.es\\\/es\\\/#\\\/schema\\\/person\\\/e777c87fa024e57d40170af9df39882c\",\"name\":\"Cope Alcoy\",\"image\":{\"@type\":\"ImageObject\",\"inLanguage\":\"es\",\"@id\":\"https:\\\/\\\/secure.gravatar.com\\\/avatar\\\/bb65d0283347e303893ba14f0692005417c1e0e690a325a4c5d8bb2b3943ee14?s=96&d=mm&r=g\",\"url\":\"https:\\\/\\\/secure.gravatar.com\\\/avatar\\\/bb65d0283347e303893ba14f0692005417c1e0e690a325a4c5d8bb2b3943ee14?s=96&d=mm&r=g\",\"contentUrl\":\"https:\\\/\\\/secure.gravatar.com\\\/avatar\\\/bb65d0283347e303893ba14f0692005417c1e0e690a325a4c5d8bb2b3943ee14?s=96&d=mm&r=g\",\"caption\":\"Cope Alcoy\"}}]}<\/script>\n<!-- \/ Yoast SEO plugin. -->","yoast_head_json":{"title":"Termina la Navidad y llega el fr\u00edo a Alcoy con bajada importante de las temperaturas - COPE Alcoy","description":"La segunda semana del mes de enero de 2024 trae importantes cambios en Alcoy en cuanto al tiempo se refiere","robots":{"index":"index","follow":"follow","max-snippet":"max-snippet:-1","max-image-preview":"max-image-preview:large","max-video-preview":"max-video-preview:-1"},"canonical":"https:\/\/www.copealcoy.es\/es\/termina-la-navidad-y-llega-el-frio-a-alcoy-con-bajada-importante-de-las-temperaturas\/","og_locale":"es_ES","og_type":"article","og_title":"Termina la Navidad y llega el fr\u00edo a Alcoy con bajada importante de las temperaturas - COPE Alcoy","og_description":"La segunda semana del mes de enero de 2024 trae importantes cambios en Alcoy en cuanto al tiempo se refiere","og_url":"https:\/\/www.copealcoy.es\/es\/termina-la-navidad-y-llega-el-frio-a-alcoy-con-bajada-importante-de-las-temperaturas\/","og_site_name":"COPE Alcoy","article_published_time":"2024-01-08T09:29:07+00:00","article_modified_time":"2024-01-08T09:31:47+00:00","og_image":[{"width":640,"height":434,"url":"https:\/\/www.copealcoy.es\/wp-content\/uploads\/2023\/05\/unnamed-1-2-scaled-e1683270007897.jpg","type":"image\/jpeg"}],"author":"Cope Alcoy","twitter_misc":{"Escrito por":"Cope Alcoy","Tiempo de lectura":"2 minutos"},"schema":{"@context":"https:\/\/schema.org","@graph":[{"@type":"Article","@id":"https:\/\/www.copealcoy.es\/es\/termina-la-navidad-y-llega-el-frio-a-alcoy-con-bajada-importante-de-las-temperaturas\/#article","isPartOf":{"@id":"https:\/\/www.copealcoy.es\/es\/termina-la-navidad-y-llega-el-frio-a-alcoy-con-bajada-importante-de-las-temperaturas\/"},"author":{"name":"Cope Alcoy","@id":"https:\/\/www.copealcoy.es\/es\/#\/schema\/person\/e777c87fa024e57d40170af9df39882c"},"headline":"Termina la Navidad y llega el fr\u00edo a Alcoy con bajada importante de las temperaturas","datePublished":"2024-01-08T09:29:07+00:00","dateModified":"2024-01-08T09:31:47+00:00","mainEntityOfPage":{"@id":"https:\/\/www.copealcoy.es\/es\/termina-la-navidad-y-llega-el-frio-a-alcoy-con-bajada-importante-de-las-temperaturas\/"},"wordCount":380,"commentCount":0,"image":{"@id":"https:\/\/www.copealcoy.es\/es\/termina-la-navidad-y-llega-el-frio-a-alcoy-con-bajada-importante-de-las-temperaturas\/#primaryimage"},"thumbnailUrl":"https:\/\/www.copealcoy.es\/wp-content\/uploads\/2023\/05\/unnamed-1-2-scaled-e1683270007897.jpg","keywords":["Agencia Estatal de Meteorolog\u00eda","Alcoy","bajada temperaturas","Fr\u00edo","invierno"],"articleSection":["Actualidad","Alcoy","Noticias"],"inLanguage":"es"},{"@type":"WebPage","@id":"https:\/\/www.copealcoy.es\/es\/termina-la-navidad-y-llega-el-frio-a-alcoy-con-bajada-importante-de-las-temperaturas\/","url":"https:\/\/www.copealcoy.es\/es\/termina-la-navidad-y-llega-el-frio-a-alcoy-con-bajada-importante-de-las-temperaturas\/","name":"Termina la Navidad y llega el fr\u00edo a Alcoy con bajada importante de las temperaturas - COPE Alcoy","isPartOf":{"@id":"https:\/\/www.copealcoy.es\/es\/#website"},"primaryImageOfPage":{"@id":"https:\/\/www.copealcoy.es\/es\/termina-la-navidad-y-llega-el-frio-a-alcoy-con-bajada-importante-de-las-temperaturas\/#primaryimage"},"image":{"@id":"https:\/\/www.copealcoy.es\/es\/termina-la-navidad-y-llega-el-frio-a-alcoy-con-bajada-importante-de-las-temperaturas\/#primaryimage"},"thumbnailUrl":"https:\/\/www.copealcoy.es\/wp-content\/uploads\/2023\/05\/unnamed-1-2-scaled-e1683270007897.jpg","datePublished":"2024-01-08T09:29:07+00:00","dateModified":"2024-01-08T09:31:47+00:00","author":{"@id":"https:\/\/www.copealcoy.es\/es\/#\/schema\/person\/e777c87fa024e57d40170af9df39882c"},"description":"La segunda semana del mes de enero de 2024 trae importantes cambios en Alcoy en cuanto al tiempo se refiere","breadcrumb":{"@id":"https:\/\/www.copealcoy.es\/es\/termina-la-navidad-y-llega-el-frio-a-alcoy-con-bajada-importante-de-las-temperaturas\/#breadcrumb"},"inLanguage":"es","potentialAction":[{"@type":"ReadAction","target":["https:\/\/www.copealcoy.es\/es\/termina-la-navidad-y-llega-el-frio-a-alcoy-con-bajada-importante-de-las-temperaturas\/"]}]},{"@type":"ImageObject","inLanguage":"es","@id":"https:\/\/www.copealcoy.es\/es\/termina-la-navidad-y-llega-el-frio-a-alcoy-con-bajada-importante-de-las-temperaturas\/#primaryimage","url":"https:\/\/www.copealcoy.es\/wp-content\/uploads\/2023\/05\/unnamed-1-2-scaled-e1683270007897.jpg","contentUrl":"https:\/\/www.copealcoy.es\/wp-content\/uploads\/2023\/05\/unnamed-1-2-scaled-e1683270007897.jpg","width":640,"height":434},{"@type":"BreadcrumbList","@id":"https:\/\/www.copealcoy.es\/es\/termina-la-navidad-y-llega-el-frio-a-alcoy-con-bajada-importante-de-las-temperaturas\/#breadcrumb","itemListElement":[{"@type":"ListItem","position":1,"name":"Portada","item":"https:\/\/www.copealcoy.es\/es\/"},{"@type":"ListItem","position":2,"name":"Termina la Navidad y llega el fr\u00edo a Alcoy con bajada importante de las temperaturas"}]},{"@type":"WebSite","@id":"https:\/\/www.copealcoy.es\/es\/#website","url":"https:\/\/www.copealcoy.es\/es\/","name":"COPE Alcoy","description":"Emisora COPE de radio local con emisi\u00f3n online. Pont de Sant Jordi 8-10 03803 Alcoy","potentialAction":[{"@type":"SearchAction","target":{"@type":"EntryPoint","urlTemplate":"https:\/\/www.copealcoy.es\/es\/?s={search_term_string}"},"query-input":{"@type":"PropertyValueSpecification","valueRequired":true,"valueName":"search_term_string"}}],"inLanguage":"es"},{"@type":"Person","@id":"https:\/\/www.copealcoy.es\/es\/#\/schema\/person\/e777c87fa024e57d40170af9df39882c","name":"Cope Alcoy","image":{"@type":"ImageObject","inLanguage":"es","@id":"https:\/\/secure.gravatar.com\/avatar\/bb65d0283347e303893ba14f0692005417c1e0e690a325a4c5d8bb2b3943ee14?s=96&d=mm&r=g","url":"https:\/\/secure.gravatar.com\/avatar\/bb65d0283347e303893ba14f0692005417c1e0e690a325a4c5d8bb2b3943ee14?s=96&d=mm&r=g","contentUrl":"https:\/\/secure.gravatar.com\/avatar\/bb65d0283347e303893ba14f0692005417c1e0e690a325a4c5d8bb2b3943ee14?s=96&d=mm&r=g","caption":"Cope Alcoy"}}]}},"_links":{"self":[{"href":"https:\/\/www.copealcoy.es\/es\/wp-json\/wp\/v2\/posts\/127829","targetHints":{"allow":["GET"]}}],"collection":[{"href":"https:\/\/www.copealcoy.es\/es\/wp-json\/wp\/v2\/posts"}],"about":[{"href":"https:\/\/www.copealcoy.es\/es\/wp-json\/wp\/v2\/types\/post"}],"author":[{"embeddable":true,"href":"https:\/\/www.copealcoy.es\/es\/wp-json\/wp\/v2\/users\/1"}],"replies":[{"embeddable":true,"href":"https:\/\/www.copealcoy.es\/es\/wp-json\/wp\/v2\/comments?post=127829"}],"version-history":[{"count":0,"href":"https:\/\/www.copealcoy.es\/es\/wp-json\/wp\/v2\/posts\/127829\/revisions"}],"wp:featuredmedia":[{"embeddable":true,"href":"https:\/\/www.copealcoy.es\/es\/wp-json\/wp\/v2\/media\/115288"}],"wp:attachment":[{"href":"https:\/\/www.copealcoy.es\/es\/wp-json\/wp\/v2\/media?parent=127829"}],"wp:term":[{"taxonomy":"category","embeddable":true,"href":"https:\/\/www.copealcoy.es\/es\/wp-json\/wp\/v2\/categories?post=127829"},{"taxonomy":"post_tag","embeddable":true,"href":"https:\/\/www.copealcoy.es\/es\/wp-json\/wp\/v2\/tags?post=127829"}],"curies":[{"name":"wp","href":"https:\/\/api.w.org\/{rel}","templated":true}]}}