{"id":127781,"date":"2024-01-06T21:39:54","date_gmt":"2024-01-06T20:39:54","guid":{"rendered":"https:\/\/www.copealcoy.es\/?p=127781"},"modified":"2024-01-06T21:41:05","modified_gmt":"2024-01-06T20:41:05","slug":"los-reyes-magos-recibieron-una-calida-acogida-en-cocentaina","status":"publish","type":"post","link":"https:\/\/www.copealcoy.es\/es\/los-reyes-magos-recibieron-una-calida-acogida-en-cocentaina\/","title":{"rendered":"Los Reyes Magos recibieron una c\u00e1lida acogida en Cocentaina"},"content":{"rendered":"<p style=\"text-align: justify;\">Melchor, Gaspar y Baltasar <strong>tambi\u00e9n pasaron ayer por <a href=\"https:\/\/www.facebook.com\/aytococentaina\" target=\"_blank\" rel=\"noopener\"><span style=\"color: #0000ff;\">Cocentaina<\/span><\/a><\/strong> despu\u00e9s de que <strong>el 1 de enero el Paje Real anunciara por las calles contestanas la esperada visita de los Reyes Magos<\/strong>. Los m\u00e1s peque\u00f1os tambi\u00e9n tuvieron oportunidad en el primer d\u00eda del a\u00f1o de lanzar a los buzones de las burritas las cartas con las peticiones que hab\u00edan escrito dirigidas a los sabios Soberanos.<\/p>\n<p style=\"text-align: justify;\">Unos d\u00edas m\u00e1s tarde, <strong>el jueves 4 de enero<\/strong>, destac\u00f3 <strong>una multitudinaria acogida al recorrido por el Campamento Real<\/strong> que se mont\u00f3 en la Plaza del Pla; as\u00ed como en el entorno del Palau Comtal. All\u00ed los ayudantes de Sus Majestades se afanaban en preparar los regalos que repartir\u00edan por las casas contestanas al d\u00eda siguiente mientras que los peque\u00f1os recib\u00edan contestaci\u00f3n a las cartas que hab\u00edan escrito. Mientras tanto, en lo alto del Castell, brillaba con fuerza la estrella que anunciaba a todo el pueblo que ya estaban por la Serra de Mariola los Reyes Magos.<\/p>\n<p style=\"text-align: justify;\">La actividad del <strong>cinco de enero<\/strong> comenz\u00f3 a las tres de la tarde con <strong>una nueva visita del Paje Real<\/strong>, en este caso para repartir la cl\u00e1sica bandeja de dulces y golosinas en el momento en el que sonaron con fuerza las campanas de la iglesia de Santa Mar\u00eda. A esa misma hora <strong>los Reyes Magos se dejaban ver por la Placeta de Sant Miquel<\/strong> en una actividad que cada a\u00f1o preparan con gran ilusi\u00f3n los Juniors Sol Sortit de la Parroquia del Salvador. Despu\u00e9s los Monarcas <strong>visitaron a las Clarisas del Monasterio de la Mare de D\u00e9u del Miracle<\/strong> y antes de la Cabalgata <strong>pasaron por el Convento de los Padres Franciscanos<\/strong> siendo recibidos por el Guardi\u00e1n; Fray Fernando Fuertes.<\/p>\n<p style=\"text-align: justify;\">A las siete, desde la parte alta del Passeig del Comtat, <strong>comenz\u00f3 una Cabalgata que volvi\u00f3 a ser fiel a la tradici\u00f3n<\/strong> y en la que no faltaron escenas como la Sagrada Familia camino de Bel\u00e9n, bailes populares y la presencia de los tres Monarcas sobre majestuosos camellos. Melchor, Gaspar y Baltasar descendieron de sus monturas en El Pla para efectuar la Adoraci\u00f3n al Ni\u00f1o Jes\u00fas y <strong>as\u00ed culminaron unos actos<\/strong> en los que han estado implicadas las Filaes de cargo del 2023, con el apoyo del Ayuntamiento y otras entidades locales, y que a partir del a\u00f1o que viene ser\u00e1n coordinados por la Asociaci\u00f3n Tiror\u00ed Tiror\u00ed creada ya para trabajar en esta cuesti\u00f3n. Desde el mismo Consistorio el alcalde <strong>(Jordi Pla)<\/strong> y la edil de Tradiciones <strong>(Marcela Richart)<\/strong> hac\u00edan <strong>un balance muy positivo<\/strong> del transcurso de todas las actividades que han marcado el &#8216;Nadal Contest\u00e0&#8217; desde el pasado 7 de diciembre.<\/p>\n<div id='gallery-1' class='gallery galleryid-127781 gallery-columns-1 gallery-size-full'><figure class='gallery-item'>\n\t\t\t<div class='gallery-icon landscape'>\n\t\t\t\t<a href='https:\/\/www.copealcoy.es\/es\/los-reyes-magos-recibieron-una-calida-acogida-en-cocentaina\/414484092_10211583587300794_2408788011866968117_n\/'><img loading=\"lazy\" decoding=\"async\" width=\"1617\" height=\"1080\" src=\"https:\/\/www.copealcoy.es\/wp-content\/uploads\/2024\/01\/414484092_10211583587300794_2408788011866968117_n-scaled.jpg\" class=\"attachment-full size-full\" alt=\"\" srcset=\"https:\/\/www.copealcoy.es\/wp-content\/uploads\/2024\/01\/414484092_10211583587300794_2408788011866968117_n-scaled.jpg 1617w, https:\/\/www.copealcoy.es\/wp-content\/uploads\/2024\/01\/414484092_10211583587300794_2408788011866968117_n-768x513.jpg 768w, https:\/\/www.copealcoy.es\/wp-content\/uploads\/2024\/01\/414484092_10211583587300794_2408788011866968117_n-1536x1025.jpg 1536w, https:\/\/www.copealcoy.es\/wp-content\/uploads\/2024\/01\/414484092_10211583587300794_2408788011866968117_n-300x200.jpg 300w, https:\/\/www.copealcoy.es\/wp-content\/uploads\/2024\/01\/414484092_10211583587300794_2408788011866968117_n-600x400.jpg 600w, https:\/\/www.copealcoy.es\/wp-content\/uploads\/2024\/01\/414484092_10211583587300794_2408788011866968117_n-1200x800.jpg 1200w\" sizes=\"auto, (max-width: 1617px) 100vw, 1617px\" \/><\/a>\n\t\t\t<\/div><\/figure><figure class='gallery-item'>\n\t\t\t<div class='gallery-icon landscape'>\n\t\t\t\t<a href='https:\/\/www.copealcoy.es\/es\/los-reyes-magos-recibieron-una-calida-acogida-en-cocentaina\/416634225_10211589440767127_2504246585023362555_n\/'><img loading=\"lazy\" decoding=\"async\" width=\"1412\" height=\"783\" src=\"https:\/\/www.copealcoy.es\/wp-content\/uploads\/2024\/01\/416634225_10211589440767127_2504246585023362555_n.jpg\" class=\"attachment-full size-full\" alt=\"\" srcset=\"https:\/\/www.copealcoy.es\/wp-content\/uploads\/2024\/01\/416634225_10211589440767127_2504246585023362555_n.jpg 1412w, https:\/\/www.copealcoy.es\/wp-content\/uploads\/2024\/01\/416634225_10211589440767127_2504246585023362555_n-768x426.jpg 768w\" sizes=\"auto, (max-width: 1412px) 100vw, 1412px\" \/><\/a>\n\t\t\t<\/div><\/figure><figure class='gallery-item'>\n\t\t\t<div class='gallery-icon landscape'>\n\t\t\t\t<a href='https:\/\/www.copealcoy.es\/es\/los-reyes-magos-recibieron-una-calida-acogida-en-cocentaina\/416882704_10211593117059032_2117630244590021790_n\/'><img loading=\"lazy\" decoding=\"async\" width=\"974\" height=\"844\" src=\"https:\/\/www.copealcoy.es\/wp-content\/uploads\/2024\/01\/416882704_10211593117059032_2117630244590021790_n.jpg\" class=\"attachment-full size-full\" alt=\"\" srcset=\"https:\/\/www.copealcoy.es\/wp-content\/uploads\/2024\/01\/416882704_10211593117059032_2117630244590021790_n.jpg 974w, https:\/\/www.copealcoy.es\/wp-content\/uploads\/2024\/01\/416882704_10211593117059032_2117630244590021790_n-768x665.jpg 768w\" sizes=\"auto, (max-width: 974px) 100vw, 974px\" \/><\/a>\n\t\t\t<\/div><\/figure><figure class='gallery-item'>\n\t\t\t<div class='gallery-icon landscape'>\n\t\t\t\t<a href='https:\/\/www.copealcoy.es\/es\/los-reyes-magos-recibieron-una-calida-acogida-en-cocentaina\/416916165_10211593111098883_10652722665269221_n\/'><img loading=\"lazy\" decoding=\"async\" width=\"1604\" height=\"1071\" src=\"https:\/\/www.copealcoy.es\/wp-content\/uploads\/2024\/01\/416916165_10211593111098883_10652722665269221_n.jpg\" class=\"attachment-full size-full\" alt=\"\" srcset=\"https:\/\/www.copealcoy.es\/wp-content\/uploads\/2024\/01\/416916165_10211593111098883_10652722665269221_n.jpg 1604w, https:\/\/www.copealcoy.es\/wp-content\/uploads\/2024\/01\/416916165_10211593111098883_10652722665269221_n-768x513.jpg 768w, https:\/\/www.copealcoy.es\/wp-content\/uploads\/2024\/01\/416916165_10211593111098883_10652722665269221_n-1536x1026.jpg 1536w, https:\/\/www.copealcoy.es\/wp-content\/uploads\/2024\/01\/416916165_10211593111098883_10652722665269221_n-300x200.jpg 300w, https:\/\/www.copealcoy.es\/wp-content\/uploads\/2024\/01\/416916165_10211593111098883_10652722665269221_n-600x400.jpg 600w, https:\/\/www.copealcoy.es\/wp-content\/uploads\/2024\/01\/416916165_10211593111098883_10652722665269221_n-1200x800.jpg 1200w\" sizes=\"auto, (max-width: 1604px) 100vw, 1604px\" \/><\/a>\n\t\t\t<\/div><\/figure>\n\t\t<\/div>\n\n","protected":false},"excerpt":{"rendered":"<p>Melchor, Gaspar y Baltasar tambi\u00e9n pasaron ayer por Cocentaina despu\u00e9s de que el 1 de enero el Paje Real anunciara&#8230;<\/p>\n","protected":false},"author":1,"featured_media":127791,"comment_status":"open","ping_status":"open","sticky":false,"template":"","format":"standard","meta":{"footnotes":""},"categories":[6909],"tags":[368,132,488,16176],"class_list":["post-127781","post","type-post","status-publish","format-standard","has-post-thumbnail","hentry","category-actualidad","tag-cabalgata","tag-cocentaina","tag-reyes-magos","tag-visita-real"],"yoast_head":"<!-- This site is optimized with the Yoast SEO plugin v27.3 - https:\/\/yoast.com\/product\/yoast-seo-wordpress\/ -->\n<title>Los Reyes Magos recibieron una c\u00e1lida acogida en Cocentaina - COPE Alcoy<\/title>\n<meta name=\"description\" content=\"Melchor, Gaspar y Baltasar tambi\u00e9n pasaron ayer por Cocentaina para repartir regalos y enormes dosis de ilusi\u00f3n\" \/>\n<meta name=\"robots\" content=\"index, follow, max-snippet:-1, max-image-preview:large, max-video-preview:-1\" \/>\n<link rel=\"canonical\" href=\"https:\/\/www.copealcoy.es\/es\/los-reyes-magos-recibieron-una-calida-acogida-en-cocentaina\/\" \/>\n<meta property=\"og:locale\" content=\"es_ES\" \/>\n<meta property=\"og:type\" content=\"article\" \/>\n<meta property=\"og:title\" content=\"Los Reyes Magos recibieron una c\u00e1lida acogida en Cocentaina - COPE Alcoy\" \/>\n<meta property=\"og:description\" content=\"Melchor, Gaspar y Baltasar tambi\u00e9n pasaron ayer por Cocentaina para repartir regalos y enormes dosis de ilusi\u00f3n\" \/>\n<meta property=\"og:url\" content=\"https:\/\/www.copealcoy.es\/es\/los-reyes-magos-recibieron-una-calida-acogida-en-cocentaina\/\" \/>\n<meta property=\"og:site_name\" content=\"COPE Alcoy\" \/>\n<meta property=\"article:published_time\" content=\"2024-01-06T20:39:54+00:00\" \/>\n<meta property=\"article:modified_time\" content=\"2024-01-06T20:41:05+00:00\" \/>\n<meta property=\"og:image\" content=\"https:\/\/www.copealcoy.es\/wp-content\/uploads\/2024\/01\/unnamed-1-5-scaled.jpg\" \/>\n\t<meta property=\"og:image:width\" content=\"1680\" \/>\n\t<meta property=\"og:image:height\" content=\"1080\" \/>\n\t<meta property=\"og:image:type\" content=\"image\/jpeg\" \/>\n<meta name=\"author\" content=\"Cope Alcoy\" \/>\n<meta name=\"twitter:label1\" content=\"Escrito por\" \/>\n\t<meta name=\"twitter:data1\" content=\"Cope Alcoy\" \/>\n\t<meta name=\"twitter:label2\" content=\"Tiempo de lectura\" \/>\n\t<meta name=\"twitter:data2\" content=\"3 minutos\" \/>\n<script type=\"application\/ld+json\" class=\"yoast-schema-graph\">{\"@context\":\"https:\\\/\\\/schema.org\",\"@graph\":[{\"@type\":\"Article\",\"@id\":\"https:\\\/\\\/www.copealcoy.es\\\/es\\\/los-reyes-magos-recibieron-una-calida-acogida-en-cocentaina\\\/#article\",\"isPartOf\":{\"@id\":\"https:\\\/\\\/www.copealcoy.es\\\/es\\\/los-reyes-magos-recibieron-una-calida-acogida-en-cocentaina\\\/\"},\"author\":{\"name\":\"Cope Alcoy\",\"@id\":\"https:\\\/\\\/www.copealcoy.es\\\/es\\\/#\\\/schema\\\/person\\\/e777c87fa024e57d40170af9df39882c\"},\"headline\":\"Los Reyes Magos recibieron una c\u00e1lida acogida en Cocentaina\",\"datePublished\":\"2024-01-06T20:39:54+00:00\",\"dateModified\":\"2024-01-06T20:41:05+00:00\",\"mainEntityOfPage\":{\"@id\":\"https:\\\/\\\/www.copealcoy.es\\\/es\\\/los-reyes-magos-recibieron-una-calida-acogida-en-cocentaina\\\/\"},\"wordCount\":478,\"commentCount\":0,\"image\":{\"@id\":\"https:\\\/\\\/www.copealcoy.es\\\/es\\\/los-reyes-magos-recibieron-una-calida-acogida-en-cocentaina\\\/#primaryimage\"},\"thumbnailUrl\":\"https:\\\/\\\/www.copealcoy.es\\\/wp-content\\\/uploads\\\/2024\\\/01\\\/unnamed-1-5-scaled.jpg\",\"keywords\":[\"Cabalgata\",\"Cocentaina\",\"Reyes Magos\",\"visita real\"],\"articleSection\":[\"Actualidad\"],\"inLanguage\":\"es\"},{\"@type\":\"WebPage\",\"@id\":\"https:\\\/\\\/www.copealcoy.es\\\/es\\\/los-reyes-magos-recibieron-una-calida-acogida-en-cocentaina\\\/\",\"url\":\"https:\\\/\\\/www.copealcoy.es\\\/es\\\/los-reyes-magos-recibieron-una-calida-acogida-en-cocentaina\\\/\",\"name\":\"Los Reyes Magos recibieron una c\u00e1lida acogida en Cocentaina - COPE Alcoy\",\"isPartOf\":{\"@id\":\"https:\\\/\\\/www.copealcoy.es\\\/es\\\/#website\"},\"primaryImageOfPage\":{\"@id\":\"https:\\\/\\\/www.copealcoy.es\\\/es\\\/los-reyes-magos-recibieron-una-calida-acogida-en-cocentaina\\\/#primaryimage\"},\"image\":{\"@id\":\"https:\\\/\\\/www.copealcoy.es\\\/es\\\/los-reyes-magos-recibieron-una-calida-acogida-en-cocentaina\\\/#primaryimage\"},\"thumbnailUrl\":\"https:\\\/\\\/www.copealcoy.es\\\/wp-content\\\/uploads\\\/2024\\\/01\\\/unnamed-1-5-scaled.jpg\",\"datePublished\":\"2024-01-06T20:39:54+00:00\",\"dateModified\":\"2024-01-06T20:41:05+00:00\",\"author\":{\"@id\":\"https:\\\/\\\/www.copealcoy.es\\\/es\\\/#\\\/schema\\\/person\\\/e777c87fa024e57d40170af9df39882c\"},\"description\":\"Melchor, Gaspar y Baltasar tambi\u00e9n pasaron ayer por Cocentaina para repartir regalos y enormes dosis de ilusi\u00f3n\",\"breadcrumb\":{\"@id\":\"https:\\\/\\\/www.copealcoy.es\\\/es\\\/los-reyes-magos-recibieron-una-calida-acogida-en-cocentaina\\\/#breadcrumb\"},\"inLanguage\":\"es\",\"potentialAction\":[{\"@type\":\"ReadAction\",\"target\":[\"https:\\\/\\\/www.copealcoy.es\\\/es\\\/los-reyes-magos-recibieron-una-calida-acogida-en-cocentaina\\\/\"]}]},{\"@type\":\"ImageObject\",\"inLanguage\":\"es\",\"@id\":\"https:\\\/\\\/www.copealcoy.es\\\/es\\\/los-reyes-magos-recibieron-una-calida-acogida-en-cocentaina\\\/#primaryimage\",\"url\":\"https:\\\/\\\/www.copealcoy.es\\\/wp-content\\\/uploads\\\/2024\\\/01\\\/unnamed-1-5-scaled.jpg\",\"contentUrl\":\"https:\\\/\\\/www.copealcoy.es\\\/wp-content\\\/uploads\\\/2024\\\/01\\\/unnamed-1-5-scaled.jpg\",\"width\":1680,\"height\":1080},{\"@type\":\"BreadcrumbList\",\"@id\":\"https:\\\/\\\/www.copealcoy.es\\\/es\\\/los-reyes-magos-recibieron-una-calida-acogida-en-cocentaina\\\/#breadcrumb\",\"itemListElement\":[{\"@type\":\"ListItem\",\"position\":1,\"name\":\"Portada\",\"item\":\"https:\\\/\\\/www.copealcoy.es\\\/es\\\/\"},{\"@type\":\"ListItem\",\"position\":2,\"name\":\"Los Reyes Magos recibieron una c\u00e1lida acogida en Cocentaina\"}]},{\"@type\":\"WebSite\",\"@id\":\"https:\\\/\\\/www.copealcoy.es\\\/es\\\/#website\",\"url\":\"https:\\\/\\\/www.copealcoy.es\\\/es\\\/\",\"name\":\"COPE Alcoy\",\"description\":\"Emisora COPE de radio local con emisi\u00f3n online. Pont de Sant Jordi 8-10 03803 Alcoy\",\"potentialAction\":[{\"@type\":\"SearchAction\",\"target\":{\"@type\":\"EntryPoint\",\"urlTemplate\":\"https:\\\/\\\/www.copealcoy.es\\\/es\\\/?s={search_term_string}\"},\"query-input\":{\"@type\":\"PropertyValueSpecification\",\"valueRequired\":true,\"valueName\":\"search_term_string\"}}],\"inLanguage\":\"es\"},{\"@type\":\"Person\",\"@id\":\"https:\\\/\\\/www.copealcoy.es\\\/es\\\/#\\\/schema\\\/person\\\/e777c87fa024e57d40170af9df39882c\",\"name\":\"Cope Alcoy\",\"image\":{\"@type\":\"ImageObject\",\"inLanguage\":\"es\",\"@id\":\"https:\\\/\\\/secure.gravatar.com\\\/avatar\\\/bb65d0283347e303893ba14f0692005417c1e0e690a325a4c5d8bb2b3943ee14?s=96&d=mm&r=g\",\"url\":\"https:\\\/\\\/secure.gravatar.com\\\/avatar\\\/bb65d0283347e303893ba14f0692005417c1e0e690a325a4c5d8bb2b3943ee14?s=96&d=mm&r=g\",\"contentUrl\":\"https:\\\/\\\/secure.gravatar.com\\\/avatar\\\/bb65d0283347e303893ba14f0692005417c1e0e690a325a4c5d8bb2b3943ee14?s=96&d=mm&r=g\",\"caption\":\"Cope Alcoy\"}}]}<\/script>\n<!-- \/ Yoast SEO plugin. -->","yoast_head_json":{"title":"Los Reyes Magos recibieron una c\u00e1lida acogida en Cocentaina - COPE Alcoy","description":"Melchor, Gaspar y Baltasar tambi\u00e9n pasaron ayer por Cocentaina para repartir regalos y enormes dosis de ilusi\u00f3n","robots":{"index":"index","follow":"follow","max-snippet":"max-snippet:-1","max-image-preview":"max-image-preview:large","max-video-preview":"max-video-preview:-1"},"canonical":"https:\/\/www.copealcoy.es\/es\/los-reyes-magos-recibieron-una-calida-acogida-en-cocentaina\/","og_locale":"es_ES","og_type":"article","og_title":"Los Reyes Magos recibieron una c\u00e1lida acogida en Cocentaina - COPE Alcoy","og_description":"Melchor, Gaspar y Baltasar tambi\u00e9n pasaron ayer por Cocentaina para repartir regalos y enormes dosis de ilusi\u00f3n","og_url":"https:\/\/www.copealcoy.es\/es\/los-reyes-magos-recibieron-una-calida-acogida-en-cocentaina\/","og_site_name":"COPE Alcoy","article_published_time":"2024-01-06T20:39:54+00:00","article_modified_time":"2024-01-06T20:41:05+00:00","og_image":[{"width":1680,"height":1080,"url":"https:\/\/www.copealcoy.es\/wp-content\/uploads\/2024\/01\/unnamed-1-5-scaled.jpg","type":"image\/jpeg"}],"author":"Cope Alcoy","twitter_misc":{"Escrito por":"Cope Alcoy","Tiempo de lectura":"3 minutos"},"schema":{"@context":"https:\/\/schema.org","@graph":[{"@type":"Article","@id":"https:\/\/www.copealcoy.es\/es\/los-reyes-magos-recibieron-una-calida-acogida-en-cocentaina\/#article","isPartOf":{"@id":"https:\/\/www.copealcoy.es\/es\/los-reyes-magos-recibieron-una-calida-acogida-en-cocentaina\/"},"author":{"name":"Cope Alcoy","@id":"https:\/\/www.copealcoy.es\/es\/#\/schema\/person\/e777c87fa024e57d40170af9df39882c"},"headline":"Los Reyes Magos recibieron una c\u00e1lida acogida en Cocentaina","datePublished":"2024-01-06T20:39:54+00:00","dateModified":"2024-01-06T20:41:05+00:00","mainEntityOfPage":{"@id":"https:\/\/www.copealcoy.es\/es\/los-reyes-magos-recibieron-una-calida-acogida-en-cocentaina\/"},"wordCount":478,"commentCount":0,"image":{"@id":"https:\/\/www.copealcoy.es\/es\/los-reyes-magos-recibieron-una-calida-acogida-en-cocentaina\/#primaryimage"},"thumbnailUrl":"https:\/\/www.copealcoy.es\/wp-content\/uploads\/2024\/01\/unnamed-1-5-scaled.jpg","keywords":["Cabalgata","Cocentaina","Reyes Magos","visita real"],"articleSection":["Actualidad"],"inLanguage":"es"},{"@type":"WebPage","@id":"https:\/\/www.copealcoy.es\/es\/los-reyes-magos-recibieron-una-calida-acogida-en-cocentaina\/","url":"https:\/\/www.copealcoy.es\/es\/los-reyes-magos-recibieron-una-calida-acogida-en-cocentaina\/","name":"Los Reyes Magos recibieron una c\u00e1lida acogida en Cocentaina - COPE Alcoy","isPartOf":{"@id":"https:\/\/www.copealcoy.es\/es\/#website"},"primaryImageOfPage":{"@id":"https:\/\/www.copealcoy.es\/es\/los-reyes-magos-recibieron-una-calida-acogida-en-cocentaina\/#primaryimage"},"image":{"@id":"https:\/\/www.copealcoy.es\/es\/los-reyes-magos-recibieron-una-calida-acogida-en-cocentaina\/#primaryimage"},"thumbnailUrl":"https:\/\/www.copealcoy.es\/wp-content\/uploads\/2024\/01\/unnamed-1-5-scaled.jpg","datePublished":"2024-01-06T20:39:54+00:00","dateModified":"2024-01-06T20:41:05+00:00","author":{"@id":"https:\/\/www.copealcoy.es\/es\/#\/schema\/person\/e777c87fa024e57d40170af9df39882c"},"description":"Melchor, Gaspar y Baltasar tambi\u00e9n pasaron ayer por Cocentaina para repartir regalos y enormes dosis de ilusi\u00f3n","breadcrumb":{"@id":"https:\/\/www.copealcoy.es\/es\/los-reyes-magos-recibieron-una-calida-acogida-en-cocentaina\/#breadcrumb"},"inLanguage":"es","potentialAction":[{"@type":"ReadAction","target":["https:\/\/www.copealcoy.es\/es\/los-reyes-magos-recibieron-una-calida-acogida-en-cocentaina\/"]}]},{"@type":"ImageObject","inLanguage":"es","@id":"https:\/\/www.copealcoy.es\/es\/los-reyes-magos-recibieron-una-calida-acogida-en-cocentaina\/#primaryimage","url":"https:\/\/www.copealcoy.es\/wp-content\/uploads\/2024\/01\/unnamed-1-5-scaled.jpg","contentUrl":"https:\/\/www.copealcoy.es\/wp-content\/uploads\/2024\/01\/unnamed-1-5-scaled.jpg","width":1680,"height":1080},{"@type":"BreadcrumbList","@id":"https:\/\/www.copealcoy.es\/es\/los-reyes-magos-recibieron-una-calida-acogida-en-cocentaina\/#breadcrumb","itemListElement":[{"@type":"ListItem","position":1,"name":"Portada","item":"https:\/\/www.copealcoy.es\/es\/"},{"@type":"ListItem","position":2,"name":"Los Reyes Magos recibieron una c\u00e1lida acogida en Cocentaina"}]},{"@type":"WebSite","@id":"https:\/\/www.copealcoy.es\/es\/#website","url":"https:\/\/www.copealcoy.es\/es\/","name":"COPE Alcoy","description":"Emisora COPE de radio local con emisi\u00f3n online. Pont de Sant Jordi 8-10 03803 Alcoy","potentialAction":[{"@type":"SearchAction","target":{"@type":"EntryPoint","urlTemplate":"https:\/\/www.copealcoy.es\/es\/?s={search_term_string}"},"query-input":{"@type":"PropertyValueSpecification","valueRequired":true,"valueName":"search_term_string"}}],"inLanguage":"es"},{"@type":"Person","@id":"https:\/\/www.copealcoy.es\/es\/#\/schema\/person\/e777c87fa024e57d40170af9df39882c","name":"Cope Alcoy","image":{"@type":"ImageObject","inLanguage":"es","@id":"https:\/\/secure.gravatar.com\/avatar\/bb65d0283347e303893ba14f0692005417c1e0e690a325a4c5d8bb2b3943ee14?s=96&d=mm&r=g","url":"https:\/\/secure.gravatar.com\/avatar\/bb65d0283347e303893ba14f0692005417c1e0e690a325a4c5d8bb2b3943ee14?s=96&d=mm&r=g","contentUrl":"https:\/\/secure.gravatar.com\/avatar\/bb65d0283347e303893ba14f0692005417c1e0e690a325a4c5d8bb2b3943ee14?s=96&d=mm&r=g","caption":"Cope Alcoy"}}]}},"_links":{"self":[{"href":"https:\/\/www.copealcoy.es\/es\/wp-json\/wp\/v2\/posts\/127781","targetHints":{"allow":["GET"]}}],"collection":[{"href":"https:\/\/www.copealcoy.es\/es\/wp-json\/wp\/v2\/posts"}],"about":[{"href":"https:\/\/www.copealcoy.es\/es\/wp-json\/wp\/v2\/types\/post"}],"author":[{"embeddable":true,"href":"https:\/\/www.copealcoy.es\/es\/wp-json\/wp\/v2\/users\/1"}],"replies":[{"embeddable":true,"href":"https:\/\/www.copealcoy.es\/es\/wp-json\/wp\/v2\/comments?post=127781"}],"version-history":[{"count":0,"href":"https:\/\/www.copealcoy.es\/es\/wp-json\/wp\/v2\/posts\/127781\/revisions"}],"wp:featuredmedia":[{"embeddable":true,"href":"https:\/\/www.copealcoy.es\/es\/wp-json\/wp\/v2\/media\/127791"}],"wp:attachment":[{"href":"https:\/\/www.copealcoy.es\/es\/wp-json\/wp\/v2\/media?parent=127781"}],"wp:term":[{"taxonomy":"category","embeddable":true,"href":"https:\/\/www.copealcoy.es\/es\/wp-json\/wp\/v2\/categories?post=127781"},{"taxonomy":"post_tag","embeddable":true,"href":"https:\/\/www.copealcoy.es\/es\/wp-json\/wp\/v2\/tags?post=127781"}],"curies":[{"name":"wp","href":"https:\/\/api.w.org\/{rel}","templated":true}]}}