{"id":127764,"date":"2024-01-05T05:00:36","date_gmt":"2024-01-05T04:00:36","guid":{"rendered":"https:\/\/www.copealcoy.es\/?p=127764"},"modified":"2024-01-06T21:06:11","modified_gmt":"2024-01-06T20:06:11","slug":"el-convento-de-cocentaina-ha-rendido-homenaje-a-san-francisco-en-esta-navidad","status":"publish","type":"post","link":"https:\/\/www.copealcoy.es\/es\/el-convento-de-cocentaina-ha-rendido-homenaje-a-san-francisco-en-esta-navidad\/","title":{"rendered":"El Convento de Cocentaina ha rendido homenaje a San Francisco en esta Navidad"},"content":{"rendered":"<p style=\"text-align: justify;\">El <strong><span style=\"color: #0000ff;\">Convento de los Padres Franciscanos de Cocentaina<\/span><\/strong> ha rendido homenaje <strong>a San Francisco de As\u00eds<\/strong> durante las Fiestas de Navidad que est\u00e1n a punto de terminar. Los religiosos han recordado que <strong>se cumplen 800 a\u00f1os desde que el fundador de la orden representara el primera Bel\u00e9n de la historia<\/strong> y <strong>han hecho un gui\u00f1o a esta efem\u00e9ride<\/strong> en el altar mayor. All\u00ed se monta siempre durante el Adviento <strong>un original conjunto que representa a la Virgen Mar\u00eda sobre la mula, camino de Bel\u00e9n, y junto a San Jos\u00e9<\/strong>. Cuando llega el 24 de diciembre el mencionado conjunto <strong>se reorganiza<\/strong> con la Virgen Mar\u00eda y San Jos\u00e9, junto a la cuna del Ni\u00f1o Jes\u00fas, y de esta forma el singular Nacimiento<strong> preside todas las celebraciones religiosas de estos d\u00edas<\/strong>. Este a\u00f1o se le ha incorporado tambi\u00e9n<strong> la figura de San Francisco de As\u00eds<\/strong> en recuerdo de esos 800 a\u00f1os del primer Bel\u00e9n de la historia.<\/p>\n<p style=\"text-align: justify;\">Al margen de esto, los frailes; con el apoyo de la Orden Franciscana Seglar y los integrantes de las Cofrad\u00edas de Semana Santa que pertenecen al mismo Convento, <strong>han preparado un monumental Bel\u00e9n<\/strong>\u00a0en el que se recrean\u00a0<strong>las escenas b\u00edblicas m\u00e1s significativas<\/strong>\u00a0relacionadas con el Nacimiento de Jes\u00fas.<\/p>\n<p style=\"text-align: justify;\">De esta forma se puede ver\u00a0<strong>la anunciaci\u00f3n a la Virgen Mar\u00eda, el camino hacia Bel\u00e9n, el mismo Nacimiento, la adoraci\u00f3n de los pastores, la huida a Egipto o la visita de los Reyes Magos de Oriente<\/strong>. Todo ello sin dejar de lado\u00a0<strong>un amplio abanico de representaciones costumbristas<\/strong>\u00a0e incluso la presencia de una gran maqueta que\u00a0<strong>reproduce con todo detalle el edificio del mismo Convento<\/strong>\u00a0de la capital del Comtat \u201c<em>esto es lo que quiz\u00e1s m\u00e1s llama la atenci\u00f3n porque vemos el campanario de la iglesia o el huerto trasero con la cl\u00e1sica \u2018Fonteta dels Frares\u2019. Tambi\u00e9n aparecen frailes cultivando la tierra o haciendo diferentes quehaceres. Ha quedado muy bien y a la gente le est\u00e1 gustando mucho<\/em>\u201d, indica\u00a0<strong>Fray Fernando Fuertes<\/strong>; Guardi\u00e1n de la Comunidad Franciscana de Cocentaina. A lo comentado anteriormente, se le une<strong>\u00a0la recreaci\u00f3n de la gruta de Greccio<\/strong>\u00a0en la que San Francisco de As\u00eds represent\u00f3 el Nacimiento con car\u00e1cter ficticio el 24 de diciembre de 1.223. Finalmente,\u00a0<strong>en el altar mayor<\/strong>, han sido colocadas unas grandes figuras de San Jos\u00e9, la Virgen Mar\u00eda y el Ni\u00f1o junto a la imagen de San Francisco de As\u00eds.<\/p>\n<p style=\"text-align: justify;\">El citado Bel\u00e9n\u00a0<strong>se puede ver en la capilla de la comuni\u00f3n de la iglesia conventual<\/strong>\u00a0antes y despu\u00e9s de las misas diarias.<\/p>\n<div id='gallery-1' class='gallery galleryid-127764 gallery-columns-2 gallery-size-full'><figure class='gallery-item'>\n\t\t\t<div class='gallery-icon landscape'>\n\t\t\t\t<a href='https:\/\/www.copealcoy.es\/es\/el-convento-de-cocentaina-ha-rendido-homenaje-a-san-francisco-en-esta-navidad\/img_9913\/'><img loading=\"lazy\" decoding=\"async\" width=\"1440\" height=\"1080\" src=\"https:\/\/www.copealcoy.es\/wp-content\/uploads\/2024\/01\/IMG_9913-scaled.jpg\" class=\"attachment-full size-full\" alt=\"\" srcset=\"https:\/\/www.copealcoy.es\/wp-content\/uploads\/2024\/01\/IMG_9913-scaled.jpg 1440w, https:\/\/www.copealcoy.es\/wp-content\/uploads\/2024\/01\/IMG_9913-768x576.jpg 768w, https:\/\/www.copealcoy.es\/wp-content\/uploads\/2024\/01\/IMG_9913-1536x1152.jpg 1536w, https:\/\/www.copealcoy.es\/wp-content\/uploads\/2024\/01\/IMG_9913-2048x1536.jpg 2048w\" sizes=\"auto, (max-width: 1440px) 100vw, 1440px\" \/><\/a>\n\t\t\t<\/div><\/figure><figure class='gallery-item'>\n\t\t\t<div class='gallery-icon landscape'>\n\t\t\t\t<a href='https:\/\/www.copealcoy.es\/es\/el-convento-de-cocentaina-ha-rendido-homenaje-a-san-francisco-en-esta-navidad\/img_9912\/'><img loading=\"lazy\" decoding=\"async\" width=\"1440\" height=\"1080\" src=\"https:\/\/www.copealcoy.es\/wp-content\/uploads\/2024\/01\/IMG_9912-scaled.jpg\" class=\"attachment-full size-full\" alt=\"\" srcset=\"https:\/\/www.copealcoy.es\/wp-content\/uploads\/2024\/01\/IMG_9912-scaled.jpg 1440w, https:\/\/www.copealcoy.es\/wp-content\/uploads\/2024\/01\/IMG_9912-768x576.jpg 768w, https:\/\/www.copealcoy.es\/wp-content\/uploads\/2024\/01\/IMG_9912-1536x1152.jpg 1536w, https:\/\/www.copealcoy.es\/wp-content\/uploads\/2024\/01\/IMG_9912-2048x1536.jpg 2048w\" sizes=\"auto, (max-width: 1440px) 100vw, 1440px\" \/><\/a>\n\t\t\t<\/div><\/figure><figure class='gallery-item'>\n\t\t\t<div class='gallery-icon landscape'>\n\t\t\t\t<a href='https:\/\/www.copealcoy.es\/es\/el-convento-de-cocentaina-ha-rendido-homenaje-a-san-francisco-en-esta-navidad\/img_9915\/'><img loading=\"lazy\" decoding=\"async\" width=\"1440\" height=\"1080\" src=\"https:\/\/www.copealcoy.es\/wp-content\/uploads\/2024\/01\/IMG_9915-scaled.jpg\" class=\"attachment-full size-full\" alt=\"\" srcset=\"https:\/\/www.copealcoy.es\/wp-content\/uploads\/2024\/01\/IMG_9915-scaled.jpg 1440w, https:\/\/www.copealcoy.es\/wp-content\/uploads\/2024\/01\/IMG_9915-768x576.jpg 768w, https:\/\/www.copealcoy.es\/wp-content\/uploads\/2024\/01\/IMG_9915-1536x1152.jpg 1536w, https:\/\/www.copealcoy.es\/wp-content\/uploads\/2024\/01\/IMG_9915-2048x1536.jpg 2048w\" sizes=\"auto, (max-width: 1440px) 100vw, 1440px\" \/><\/a>\n\t\t\t<\/div><\/figure><figure class='gallery-item'>\n\t\t\t<div class='gallery-icon landscape'>\n\t\t\t\t<a href='https:\/\/www.copealcoy.es\/es\/el-convento-de-cocentaina-ha-rendido-homenaje-a-san-francisco-en-esta-navidad\/img_9911\/'><img loading=\"lazy\" decoding=\"async\" width=\"1440\" height=\"1080\" src=\"https:\/\/www.copealcoy.es\/wp-content\/uploads\/2024\/01\/IMG_9911-scaled.jpg\" class=\"attachment-full size-full\" alt=\"\" srcset=\"https:\/\/www.copealcoy.es\/wp-content\/uploads\/2024\/01\/IMG_9911-scaled.jpg 1440w, https:\/\/www.copealcoy.es\/wp-content\/uploads\/2024\/01\/IMG_9911-768x576.jpg 768w, https:\/\/www.copealcoy.es\/wp-content\/uploads\/2024\/01\/IMG_9911-1536x1152.jpg 1536w, https:\/\/www.copealcoy.es\/wp-content\/uploads\/2024\/01\/IMG_9911-2048x1536.jpg 2048w\" sizes=\"auto, (max-width: 1440px) 100vw, 1440px\" \/><\/a>\n\t\t\t<\/div><\/figure>\n\t\t<\/div>\n\n","protected":false},"excerpt":{"rendered":"<p>El Convento de los Padres Franciscanos de Cocentaina ha rendido homenaje a San Francisco de As\u00eds durante las Fiestas de&#8230;<\/p>\n","protected":false},"author":1,"featured_media":127771,"comment_status":"open","ping_status":"open","sticky":false,"template":"","format":"standard","meta":{"footnotes":""},"categories":[6909,98,75],"tags":[210,132,2391,1831],"class_list":["post-127764","post","type-post","status-publish","format-standard","has-post-thumbnail","hentry","category-actualidad","category-comarcas","category-noticias","tag-belen","tag-cocentaina","tag-convento-franciscanos","tag-san-francisco-de-asis"],"yoast_head":"<!-- This site is optimized with the Yoast SEO plugin v27.3 - https:\/\/yoast.com\/product\/yoast-seo-wordpress\/ -->\n<title>El Convento de Cocentaina ha rendido homenaje a San Francisco en esta Navidad - COPE Alcoy<\/title>\n<meta name=\"description\" content=\"El Convento de los Padres Franciscanos de Cocentaina ha rendido homenaje a San Francisco de As\u00eds durante las Fiestas de Navidad\" \/>\n<meta name=\"robots\" content=\"index, follow, max-snippet:-1, max-image-preview:large, max-video-preview:-1\" \/>\n<link rel=\"canonical\" href=\"https:\/\/www.copealcoy.es\/es\/el-convento-de-cocentaina-ha-rendido-homenaje-a-san-francisco-en-esta-navidad\/\" \/>\n<meta property=\"og:locale\" content=\"es_ES\" \/>\n<meta property=\"og:type\" content=\"article\" \/>\n<meta property=\"og:title\" content=\"El Convento de Cocentaina ha rendido homenaje a San Francisco en esta Navidad - COPE Alcoy\" \/>\n<meta property=\"og:description\" content=\"El Convento de los Padres Franciscanos de Cocentaina ha rendido homenaje a San Francisco de As\u00eds durante las Fiestas de Navidad\" \/>\n<meta property=\"og:url\" content=\"https:\/\/www.copealcoy.es\/es\/el-convento-de-cocentaina-ha-rendido-homenaje-a-san-francisco-en-esta-navidad\/\" \/>\n<meta property=\"og:site_name\" content=\"COPE Alcoy\" \/>\n<meta property=\"article:published_time\" content=\"2024-01-05T04:00:36+00:00\" \/>\n<meta property=\"article:modified_time\" content=\"2024-01-06T20:06:11+00:00\" \/>\n<meta property=\"og:image\" content=\"https:\/\/www.copealcoy.es\/wp-content\/uploads\/2024\/01\/IMG_9910-scaled.jpg\" \/>\n\t<meta property=\"og:image:width\" content=\"1440\" \/>\n\t<meta property=\"og:image:height\" content=\"1080\" \/>\n\t<meta property=\"og:image:type\" content=\"image\/jpeg\" \/>\n<meta name=\"author\" content=\"Cope Alcoy\" \/>\n<meta name=\"twitter:label1\" content=\"Escrito por\" \/>\n\t<meta name=\"twitter:data1\" content=\"Cope Alcoy\" \/>\n\t<meta name=\"twitter:label2\" content=\"Tiempo de lectura\" \/>\n\t<meta name=\"twitter:data2\" content=\"3 minutos\" \/>\n<script type=\"application\/ld+json\" class=\"yoast-schema-graph\">{\"@context\":\"https:\\\/\\\/schema.org\",\"@graph\":[{\"@type\":\"Article\",\"@id\":\"https:\\\/\\\/www.copealcoy.es\\\/es\\\/el-convento-de-cocentaina-ha-rendido-homenaje-a-san-francisco-en-esta-navidad\\\/#article\",\"isPartOf\":{\"@id\":\"https:\\\/\\\/www.copealcoy.es\\\/es\\\/el-convento-de-cocentaina-ha-rendido-homenaje-a-san-francisco-en-esta-navidad\\\/\"},\"author\":{\"name\":\"Cope Alcoy\",\"@id\":\"https:\\\/\\\/www.copealcoy.es\\\/es\\\/#\\\/schema\\\/person\\\/e777c87fa024e57d40170af9df39882c\"},\"headline\":\"El Convento de Cocentaina ha rendido homenaje a San Francisco en esta Navidad\",\"datePublished\":\"2024-01-05T04:00:36+00:00\",\"dateModified\":\"2024-01-06T20:06:11+00:00\",\"mainEntityOfPage\":{\"@id\":\"https:\\\/\\\/www.copealcoy.es\\\/es\\\/el-convento-de-cocentaina-ha-rendido-homenaje-a-san-francisco-en-esta-navidad\\\/\"},\"wordCount\":474,\"commentCount\":0,\"image\":{\"@id\":\"https:\\\/\\\/www.copealcoy.es\\\/es\\\/el-convento-de-cocentaina-ha-rendido-homenaje-a-san-francisco-en-esta-navidad\\\/#primaryimage\"},\"thumbnailUrl\":\"https:\\\/\\\/www.copealcoy.es\\\/wp-content\\\/uploads\\\/2024\\\/01\\\/IMG_9910-scaled.jpg\",\"keywords\":[\"Bel\u00e9n\",\"Cocentaina\",\"Convento Franciscanos\",\"San Francisco de As\u00eds\"],\"articleSection\":[\"Actualidad\",\"Comarcas\",\"Noticias\"],\"inLanguage\":\"es\"},{\"@type\":\"WebPage\",\"@id\":\"https:\\\/\\\/www.copealcoy.es\\\/es\\\/el-convento-de-cocentaina-ha-rendido-homenaje-a-san-francisco-en-esta-navidad\\\/\",\"url\":\"https:\\\/\\\/www.copealcoy.es\\\/es\\\/el-convento-de-cocentaina-ha-rendido-homenaje-a-san-francisco-en-esta-navidad\\\/\",\"name\":\"El Convento de Cocentaina ha rendido homenaje a San Francisco en esta Navidad - COPE Alcoy\",\"isPartOf\":{\"@id\":\"https:\\\/\\\/www.copealcoy.es\\\/es\\\/#website\"},\"primaryImageOfPage\":{\"@id\":\"https:\\\/\\\/www.copealcoy.es\\\/es\\\/el-convento-de-cocentaina-ha-rendido-homenaje-a-san-francisco-en-esta-navidad\\\/#primaryimage\"},\"image\":{\"@id\":\"https:\\\/\\\/www.copealcoy.es\\\/es\\\/el-convento-de-cocentaina-ha-rendido-homenaje-a-san-francisco-en-esta-navidad\\\/#primaryimage\"},\"thumbnailUrl\":\"https:\\\/\\\/www.copealcoy.es\\\/wp-content\\\/uploads\\\/2024\\\/01\\\/IMG_9910-scaled.jpg\",\"datePublished\":\"2024-01-05T04:00:36+00:00\",\"dateModified\":\"2024-01-06T20:06:11+00:00\",\"author\":{\"@id\":\"https:\\\/\\\/www.copealcoy.es\\\/es\\\/#\\\/schema\\\/person\\\/e777c87fa024e57d40170af9df39882c\"},\"description\":\"El Convento de los Padres Franciscanos de Cocentaina ha rendido homenaje a San Francisco de As\u00eds durante las Fiestas de Navidad\",\"breadcrumb\":{\"@id\":\"https:\\\/\\\/www.copealcoy.es\\\/es\\\/el-convento-de-cocentaina-ha-rendido-homenaje-a-san-francisco-en-esta-navidad\\\/#breadcrumb\"},\"inLanguage\":\"es\",\"potentialAction\":[{\"@type\":\"ReadAction\",\"target\":[\"https:\\\/\\\/www.copealcoy.es\\\/es\\\/el-convento-de-cocentaina-ha-rendido-homenaje-a-san-francisco-en-esta-navidad\\\/\"]}]},{\"@type\":\"ImageObject\",\"inLanguage\":\"es\",\"@id\":\"https:\\\/\\\/www.copealcoy.es\\\/es\\\/el-convento-de-cocentaina-ha-rendido-homenaje-a-san-francisco-en-esta-navidad\\\/#primaryimage\",\"url\":\"https:\\\/\\\/www.copealcoy.es\\\/wp-content\\\/uploads\\\/2024\\\/01\\\/IMG_9910-scaled.jpg\",\"contentUrl\":\"https:\\\/\\\/www.copealcoy.es\\\/wp-content\\\/uploads\\\/2024\\\/01\\\/IMG_9910-scaled.jpg\",\"width\":1440,\"height\":1080},{\"@type\":\"BreadcrumbList\",\"@id\":\"https:\\\/\\\/www.copealcoy.es\\\/es\\\/el-convento-de-cocentaina-ha-rendido-homenaje-a-san-francisco-en-esta-navidad\\\/#breadcrumb\",\"itemListElement\":[{\"@type\":\"ListItem\",\"position\":1,\"name\":\"Portada\",\"item\":\"https:\\\/\\\/www.copealcoy.es\\\/es\\\/\"},{\"@type\":\"ListItem\",\"position\":2,\"name\":\"El Convento de Cocentaina ha rendido homenaje a San Francisco en esta Navidad\"}]},{\"@type\":\"WebSite\",\"@id\":\"https:\\\/\\\/www.copealcoy.es\\\/es\\\/#website\",\"url\":\"https:\\\/\\\/www.copealcoy.es\\\/es\\\/\",\"name\":\"COPE Alcoy\",\"description\":\"Emisora COPE de radio local con emisi\u00f3n online. Pont de Sant Jordi 8-10 03803 Alcoy\",\"potentialAction\":[{\"@type\":\"SearchAction\",\"target\":{\"@type\":\"EntryPoint\",\"urlTemplate\":\"https:\\\/\\\/www.copealcoy.es\\\/es\\\/?s={search_term_string}\"},\"query-input\":{\"@type\":\"PropertyValueSpecification\",\"valueRequired\":true,\"valueName\":\"search_term_string\"}}],\"inLanguage\":\"es\"},{\"@type\":\"Person\",\"@id\":\"https:\\\/\\\/www.copealcoy.es\\\/es\\\/#\\\/schema\\\/person\\\/e777c87fa024e57d40170af9df39882c\",\"name\":\"Cope Alcoy\",\"image\":{\"@type\":\"ImageObject\",\"inLanguage\":\"es\",\"@id\":\"https:\\\/\\\/secure.gravatar.com\\\/avatar\\\/bb65d0283347e303893ba14f0692005417c1e0e690a325a4c5d8bb2b3943ee14?s=96&d=mm&r=g\",\"url\":\"https:\\\/\\\/secure.gravatar.com\\\/avatar\\\/bb65d0283347e303893ba14f0692005417c1e0e690a325a4c5d8bb2b3943ee14?s=96&d=mm&r=g\",\"contentUrl\":\"https:\\\/\\\/secure.gravatar.com\\\/avatar\\\/bb65d0283347e303893ba14f0692005417c1e0e690a325a4c5d8bb2b3943ee14?s=96&d=mm&r=g\",\"caption\":\"Cope Alcoy\"}}]}<\/script>\n<!-- \/ Yoast SEO plugin. -->","yoast_head_json":{"title":"El Convento de Cocentaina ha rendido homenaje a San Francisco en esta Navidad - COPE Alcoy","description":"El Convento de los Padres Franciscanos de Cocentaina ha rendido homenaje a San Francisco de As\u00eds durante las Fiestas de Navidad","robots":{"index":"index","follow":"follow","max-snippet":"max-snippet:-1","max-image-preview":"max-image-preview:large","max-video-preview":"max-video-preview:-1"},"canonical":"https:\/\/www.copealcoy.es\/es\/el-convento-de-cocentaina-ha-rendido-homenaje-a-san-francisco-en-esta-navidad\/","og_locale":"es_ES","og_type":"article","og_title":"El Convento de Cocentaina ha rendido homenaje a San Francisco en esta Navidad - COPE Alcoy","og_description":"El Convento de los Padres Franciscanos de Cocentaina ha rendido homenaje a San Francisco de As\u00eds durante las Fiestas de Navidad","og_url":"https:\/\/www.copealcoy.es\/es\/el-convento-de-cocentaina-ha-rendido-homenaje-a-san-francisco-en-esta-navidad\/","og_site_name":"COPE Alcoy","article_published_time":"2024-01-05T04:00:36+00:00","article_modified_time":"2024-01-06T20:06:11+00:00","og_image":[{"width":1440,"height":1080,"url":"https:\/\/www.copealcoy.es\/wp-content\/uploads\/2024\/01\/IMG_9910-scaled.jpg","type":"image\/jpeg"}],"author":"Cope Alcoy","twitter_misc":{"Escrito por":"Cope Alcoy","Tiempo de lectura":"3 minutos"},"schema":{"@context":"https:\/\/schema.org","@graph":[{"@type":"Article","@id":"https:\/\/www.copealcoy.es\/es\/el-convento-de-cocentaina-ha-rendido-homenaje-a-san-francisco-en-esta-navidad\/#article","isPartOf":{"@id":"https:\/\/www.copealcoy.es\/es\/el-convento-de-cocentaina-ha-rendido-homenaje-a-san-francisco-en-esta-navidad\/"},"author":{"name":"Cope Alcoy","@id":"https:\/\/www.copealcoy.es\/es\/#\/schema\/person\/e777c87fa024e57d40170af9df39882c"},"headline":"El Convento de Cocentaina ha rendido homenaje a San Francisco en esta Navidad","datePublished":"2024-01-05T04:00:36+00:00","dateModified":"2024-01-06T20:06:11+00:00","mainEntityOfPage":{"@id":"https:\/\/www.copealcoy.es\/es\/el-convento-de-cocentaina-ha-rendido-homenaje-a-san-francisco-en-esta-navidad\/"},"wordCount":474,"commentCount":0,"image":{"@id":"https:\/\/www.copealcoy.es\/es\/el-convento-de-cocentaina-ha-rendido-homenaje-a-san-francisco-en-esta-navidad\/#primaryimage"},"thumbnailUrl":"https:\/\/www.copealcoy.es\/wp-content\/uploads\/2024\/01\/IMG_9910-scaled.jpg","keywords":["Bel\u00e9n","Cocentaina","Convento Franciscanos","San Francisco de As\u00eds"],"articleSection":["Actualidad","Comarcas","Noticias"],"inLanguage":"es"},{"@type":"WebPage","@id":"https:\/\/www.copealcoy.es\/es\/el-convento-de-cocentaina-ha-rendido-homenaje-a-san-francisco-en-esta-navidad\/","url":"https:\/\/www.copealcoy.es\/es\/el-convento-de-cocentaina-ha-rendido-homenaje-a-san-francisco-en-esta-navidad\/","name":"El Convento de Cocentaina ha rendido homenaje a San Francisco en esta Navidad - COPE Alcoy","isPartOf":{"@id":"https:\/\/www.copealcoy.es\/es\/#website"},"primaryImageOfPage":{"@id":"https:\/\/www.copealcoy.es\/es\/el-convento-de-cocentaina-ha-rendido-homenaje-a-san-francisco-en-esta-navidad\/#primaryimage"},"image":{"@id":"https:\/\/www.copealcoy.es\/es\/el-convento-de-cocentaina-ha-rendido-homenaje-a-san-francisco-en-esta-navidad\/#primaryimage"},"thumbnailUrl":"https:\/\/www.copealcoy.es\/wp-content\/uploads\/2024\/01\/IMG_9910-scaled.jpg","datePublished":"2024-01-05T04:00:36+00:00","dateModified":"2024-01-06T20:06:11+00:00","author":{"@id":"https:\/\/www.copealcoy.es\/es\/#\/schema\/person\/e777c87fa024e57d40170af9df39882c"},"description":"El Convento de los Padres Franciscanos de Cocentaina ha rendido homenaje a San Francisco de As\u00eds durante las Fiestas de Navidad","breadcrumb":{"@id":"https:\/\/www.copealcoy.es\/es\/el-convento-de-cocentaina-ha-rendido-homenaje-a-san-francisco-en-esta-navidad\/#breadcrumb"},"inLanguage":"es","potentialAction":[{"@type":"ReadAction","target":["https:\/\/www.copealcoy.es\/es\/el-convento-de-cocentaina-ha-rendido-homenaje-a-san-francisco-en-esta-navidad\/"]}]},{"@type":"ImageObject","inLanguage":"es","@id":"https:\/\/www.copealcoy.es\/es\/el-convento-de-cocentaina-ha-rendido-homenaje-a-san-francisco-en-esta-navidad\/#primaryimage","url":"https:\/\/www.copealcoy.es\/wp-content\/uploads\/2024\/01\/IMG_9910-scaled.jpg","contentUrl":"https:\/\/www.copealcoy.es\/wp-content\/uploads\/2024\/01\/IMG_9910-scaled.jpg","width":1440,"height":1080},{"@type":"BreadcrumbList","@id":"https:\/\/www.copealcoy.es\/es\/el-convento-de-cocentaina-ha-rendido-homenaje-a-san-francisco-en-esta-navidad\/#breadcrumb","itemListElement":[{"@type":"ListItem","position":1,"name":"Portada","item":"https:\/\/www.copealcoy.es\/es\/"},{"@type":"ListItem","position":2,"name":"El Convento de Cocentaina ha rendido homenaje a San Francisco en esta Navidad"}]},{"@type":"WebSite","@id":"https:\/\/www.copealcoy.es\/es\/#website","url":"https:\/\/www.copealcoy.es\/es\/","name":"COPE Alcoy","description":"Emisora COPE de radio local con emisi\u00f3n online. Pont de Sant Jordi 8-10 03803 Alcoy","potentialAction":[{"@type":"SearchAction","target":{"@type":"EntryPoint","urlTemplate":"https:\/\/www.copealcoy.es\/es\/?s={search_term_string}"},"query-input":{"@type":"PropertyValueSpecification","valueRequired":true,"valueName":"search_term_string"}}],"inLanguage":"es"},{"@type":"Person","@id":"https:\/\/www.copealcoy.es\/es\/#\/schema\/person\/e777c87fa024e57d40170af9df39882c","name":"Cope Alcoy","image":{"@type":"ImageObject","inLanguage":"es","@id":"https:\/\/secure.gravatar.com\/avatar\/bb65d0283347e303893ba14f0692005417c1e0e690a325a4c5d8bb2b3943ee14?s=96&d=mm&r=g","url":"https:\/\/secure.gravatar.com\/avatar\/bb65d0283347e303893ba14f0692005417c1e0e690a325a4c5d8bb2b3943ee14?s=96&d=mm&r=g","contentUrl":"https:\/\/secure.gravatar.com\/avatar\/bb65d0283347e303893ba14f0692005417c1e0e690a325a4c5d8bb2b3943ee14?s=96&d=mm&r=g","caption":"Cope Alcoy"}}]}},"_links":{"self":[{"href":"https:\/\/www.copealcoy.es\/es\/wp-json\/wp\/v2\/posts\/127764","targetHints":{"allow":["GET"]}}],"collection":[{"href":"https:\/\/www.copealcoy.es\/es\/wp-json\/wp\/v2\/posts"}],"about":[{"href":"https:\/\/www.copealcoy.es\/es\/wp-json\/wp\/v2\/types\/post"}],"author":[{"embeddable":true,"href":"https:\/\/www.copealcoy.es\/es\/wp-json\/wp\/v2\/users\/1"}],"replies":[{"embeddable":true,"href":"https:\/\/www.copealcoy.es\/es\/wp-json\/wp\/v2\/comments?post=127764"}],"version-history":[{"count":0,"href":"https:\/\/www.copealcoy.es\/es\/wp-json\/wp\/v2\/posts\/127764\/revisions"}],"wp:featuredmedia":[{"embeddable":true,"href":"https:\/\/www.copealcoy.es\/es\/wp-json\/wp\/v2\/media\/127771"}],"wp:attachment":[{"href":"https:\/\/www.copealcoy.es\/es\/wp-json\/wp\/v2\/media?parent=127764"}],"wp:term":[{"taxonomy":"category","embeddable":true,"href":"https:\/\/www.copealcoy.es\/es\/wp-json\/wp\/v2\/categories?post=127764"},{"taxonomy":"post_tag","embeddable":true,"href":"https:\/\/www.copealcoy.es\/es\/wp-json\/wp\/v2\/tags?post=127764"}],"curies":[{"name":"wp","href":"https:\/\/api.w.org\/{rel}","templated":true}]}}