{"id":127556,"date":"2024-01-03T05:00:29","date_gmt":"2024-01-03T04:00:29","guid":{"rendered":"https:\/\/www.copealcoy.es\/?p=127556"},"modified":"2024-01-03T19:00:51","modified_gmt":"2024-01-03T18:00:51","slug":"lalqueria-dasnar-disfruta-de-este-original-belen-en-navidad","status":"publish","type":"post","link":"https:\/\/www.copealcoy.es\/es\/lalqueria-dasnar-disfruta-de-este-original-belen-en-navidad\/","title":{"rendered":"L&#8217;Alqueria d&#8217;Asnar disfruta de este original Bel\u00e9n en Navidad"},"content":{"rendered":"<p style=\"text-align: justify;\">Los <strong>municipios de las comarcas de l&#8217;Alcoi\u00e0 y el Comtat<\/strong> tambi\u00e9n viven con intensidad <strong>las Fiestas de Navidad<\/strong> con un amplio abanico de tradiciones y singularidades. En el caso de <strong>l&#8217;Alqueria d&#8217;Asnar<\/strong> destaca un singular Bel\u00e9n que se ubica en la plaza principal de la localidad, conjunto en el que <strong>encontramos<\/strong> a la Sagrada Familia o a los Reyes Magos acompa\u00f1ados de sus respectivos camellos. Junto a ellos un peque\u00f1o \u00e1rbol de Navidad que se ilumina por las noches junto a la ornamentaci\u00f3n de cada calle o de los \u00e1rboles de la misma Pla\u00e7a del Pa\u00eds Valenci\u00e0. En este punto tambi\u00e9n volvemos a ver una singular caja de regalo iluminada que hace las delicias de peque\u00f1os y adultos.<\/p>\n<p><strong><span style=\"color: #0000ff;\">M\u00e1s Belenes en Alcoy\u00a0<\/span><\/strong><\/p>\n<p style=\"text-align: justify;\">Esta representaci\u00f3n comarcal, que muchos visitan en Navidad, se une a las propuestas que ha preparado este a\u00f1o <a href=\"https:\/\/www.facebook.com\/BelenSantaRosaAlcoy\" target=\"_blank\" rel=\"noopener\"><strong><span style=\"color: #0000ff;\">la Asociaci\u00f3n Belenista de Santa Rosa<\/span> <\/strong><\/a>en la ciudad de Alcoy. El\u00a0<strong>primero de los conjuntos<\/strong>\u00a0fue bendecido el viernes 1 de diciembre en\u00a0<strong>la iglesia de Santa Mar\u00eda<\/strong>\u00a0por parte de Don Jes\u00fas Fuentes, el nuevo titular de las parroquias del Centro. Se trata de dos grandes Belenes en los que encontramos escenas habituales como la Anunciaci\u00f3n, la Hu\u00edda a Egipto, el Nacimiento de Jes\u00fas o la Venida de los Reyes Magos \u00ab<em>y en este \u00faltimo aspecto encontramos algo que nos hace mucha ilusi\u00f3n y que, por lo que nos dicen, est\u00e1 gustando mucho. Hemos representado la Adoraci\u00f3n de los Magos llevada al terreno de Alcoy con una recreaci\u00f3n fidedigna de la Plaza de Espa\u00f1a en el instante en el que se produce este momento durante la Cabalgata del cinco de enero<\/em>\u00ab, detallaban en COPE ALCOY\u00a0<strong>Jos\u00e9 Miguel Bou y Paco Guillem<\/strong>; representantes de la misma Asociaci\u00f3n Belenista de Santa Rosa. Esta \u00faltima representaci\u00f3n<strong>\u00a0ha despertado mucha admiraci\u00f3n entre todos los que visitan Alcoy<\/strong>\u00a0estos d\u00edas y se deciden a pasar por el templo.<\/p>\n<p style=\"text-align: justify;\">A ello se le suman\u00a0<strong>el Bel\u00e9n que han montado en las oficinas de Mutua de Levante de la Zona Norte<\/strong>\u00a0y que fue inaugurado antes del puente festivo de La Constituci\u00f3n. Adem\u00e1s, ha abierto sus puertas\u00a0<strong>el Bel\u00e9n del C\u00edrculo Industrial<\/strong>\u00a0y en el mediod\u00eda del D\u00eda de La Inmaculada Concepci\u00f3n se bendijo\u00a0<strong>el Bel\u00e9n de Santa Rosa<\/strong>\u00a0que se ubica en las vitrinas de la oficina que Caixa Ontinyent tiene en esta barriada.<\/p>\n<div id='gallery-1' class='gallery galleryid-127556 gallery-columns-2 gallery-size-full'><figure class='gallery-item'>\n\t\t\t<div class='gallery-icon landscape'>\n\t\t\t\t<a href='https:\/\/www.copealcoy.es\/es\/lalqueria-dasnar-disfruta-de-este-original-belen-en-navidad\/img_9716-1\/'><img loading=\"lazy\" decoding=\"async\" width=\"1440\" height=\"1080\" src=\"https:\/\/www.copealcoy.es\/wp-content\/uploads\/2024\/01\/IMG_9716-1-scaled.jpg\" class=\"attachment-full size-full\" alt=\"\" srcset=\"https:\/\/www.copealcoy.es\/wp-content\/uploads\/2024\/01\/IMG_9716-1-scaled.jpg 1440w, https:\/\/www.copealcoy.es\/wp-content\/uploads\/2024\/01\/IMG_9716-1-768x576.jpg 768w, https:\/\/www.copealcoy.es\/wp-content\/uploads\/2024\/01\/IMG_9716-1-1536x1152.jpg 1536w, https:\/\/www.copealcoy.es\/wp-content\/uploads\/2024\/01\/IMG_9716-1-2048x1536.jpg 2048w\" sizes=\"auto, (max-width: 1440px) 100vw, 1440px\" \/><\/a>\n\t\t\t<\/div><\/figure><figure class='gallery-item'>\n\t\t\t<div class='gallery-icon landscape'>\n\t\t\t\t<a href='https:\/\/www.copealcoy.es\/es\/lalqueria-dasnar-disfruta-de-este-original-belen-en-navidad\/img_9715\/'><img loading=\"lazy\" decoding=\"async\" width=\"1440\" height=\"1080\" src=\"https:\/\/www.copealcoy.es\/wp-content\/uploads\/2024\/01\/IMG_9715-scaled.jpg\" class=\"attachment-full size-full\" alt=\"\" srcset=\"https:\/\/www.copealcoy.es\/wp-content\/uploads\/2024\/01\/IMG_9715-scaled.jpg 1440w, https:\/\/www.copealcoy.es\/wp-content\/uploads\/2024\/01\/IMG_9715-768x576.jpg 768w, https:\/\/www.copealcoy.es\/wp-content\/uploads\/2024\/01\/IMG_9715-1536x1152.jpg 1536w, https:\/\/www.copealcoy.es\/wp-content\/uploads\/2024\/01\/IMG_9715-2048x1536.jpg 2048w\" sizes=\"auto, (max-width: 1440px) 100vw, 1440px\" \/><\/a>\n\t\t\t<\/div><\/figure><figure class='gallery-item'>\n\t\t\t<div class='gallery-icon landscape'>\n\t\t\t\t<a href='https:\/\/www.copealcoy.es\/es\/lalqueria-dasnar-disfruta-de-este-original-belen-en-navidad\/img_9718\/'><img loading=\"lazy\" decoding=\"async\" width=\"1440\" height=\"1080\" src=\"https:\/\/www.copealcoy.es\/wp-content\/uploads\/2024\/01\/IMG_9718-scaled.jpg\" class=\"attachment-full size-full\" alt=\"\" srcset=\"https:\/\/www.copealcoy.es\/wp-content\/uploads\/2024\/01\/IMG_9718-scaled.jpg 1440w, https:\/\/www.copealcoy.es\/wp-content\/uploads\/2024\/01\/IMG_9718-768x576.jpg 768w, https:\/\/www.copealcoy.es\/wp-content\/uploads\/2024\/01\/IMG_9718-1536x1152.jpg 1536w, https:\/\/www.copealcoy.es\/wp-content\/uploads\/2024\/01\/IMG_9718-2048x1536.jpg 2048w\" sizes=\"auto, (max-width: 1440px) 100vw, 1440px\" \/><\/a>\n\t\t\t<\/div><\/figure><figure class='gallery-item'>\n\t\t\t<div class='gallery-icon landscape'>\n\t\t\t\t<a href='https:\/\/www.copealcoy.es\/es\/lalqueria-dasnar-disfruta-de-este-original-belen-en-navidad\/img_9717\/'><img loading=\"lazy\" decoding=\"async\" width=\"1440\" height=\"1080\" src=\"https:\/\/www.copealcoy.es\/wp-content\/uploads\/2024\/01\/IMG_9717-scaled.jpg\" class=\"attachment-full size-full\" alt=\"\" srcset=\"https:\/\/www.copealcoy.es\/wp-content\/uploads\/2024\/01\/IMG_9717-scaled.jpg 1440w, https:\/\/www.copealcoy.es\/wp-content\/uploads\/2024\/01\/IMG_9717-768x576.jpg 768w, https:\/\/www.copealcoy.es\/wp-content\/uploads\/2024\/01\/IMG_9717-1536x1152.jpg 1536w, https:\/\/www.copealcoy.es\/wp-content\/uploads\/2024\/01\/IMG_9717-2048x1536.jpg 2048w\" sizes=\"auto, (max-width: 1440px) 100vw, 1440px\" \/><\/a>\n\t\t\t<\/div><\/figure>\n\t\t<\/div>\n\n","protected":false},"excerpt":{"rendered":"<p>Los municipios de las comarcas de l&#8217;Alcoi\u00e0 y el Comtat tambi\u00e9n viven con intensidad las Fiestas de Navidad con un&#8230;<\/p>\n","protected":false},"author":1,"featured_media":127563,"comment_status":"open","ping_status":"open","sticky":false,"template":"","format":"standard","meta":{"footnotes":""},"categories":[6909,98,75],"tags":[4681,210,174],"class_list":["post-127556","post","type-post","status-publish","format-standard","has-post-thumbnail","hentry","category-actualidad","category-comarcas","category-noticias","tag-alqueria-dasnar","tag-belen","tag-navidad"],"yoast_head":"<!-- This site is optimized with the Yoast SEO plugin v27.3 - https:\/\/yoast.com\/product\/yoast-seo-wordpress\/ -->\n<title>L&#039;Alqueria d&#039;Asnar disfruta de este original Bel\u00e9n en Navidad - COPE Alcoy<\/title>\n<meta name=\"description\" content=\"La Plaza principal de l&#039;Alqueria d&#039;Asnar luce un original Bel\u00e9n en estos d\u00edas de Navidad\" \/>\n<meta name=\"robots\" content=\"index, follow, max-snippet:-1, max-image-preview:large, max-video-preview:-1\" \/>\n<link rel=\"canonical\" href=\"https:\/\/www.copealcoy.es\/es\/lalqueria-dasnar-disfruta-de-este-original-belen-en-navidad\/\" \/>\n<meta property=\"og:locale\" content=\"es_ES\" \/>\n<meta property=\"og:type\" content=\"article\" \/>\n<meta property=\"og:title\" content=\"L&#039;Alqueria d&#039;Asnar disfruta de este original Bel\u00e9n en Navidad - COPE Alcoy\" \/>\n<meta property=\"og:description\" content=\"La Plaza principal de l&#039;Alqueria d&#039;Asnar luce un original Bel\u00e9n en estos d\u00edas de Navidad\" \/>\n<meta property=\"og:url\" content=\"https:\/\/www.copealcoy.es\/es\/lalqueria-dasnar-disfruta-de-este-original-belen-en-navidad\/\" \/>\n<meta property=\"og:site_name\" content=\"COPE Alcoy\" \/>\n<meta property=\"article:published_time\" content=\"2024-01-03T04:00:29+00:00\" \/>\n<meta property=\"article:modified_time\" content=\"2024-01-03T18:00:51+00:00\" \/>\n<meta property=\"og:image\" content=\"https:\/\/www.copealcoy.es\/wp-content\/uploads\/2024\/01\/IMG_9716-1-scaled.jpg\" \/>\n\t<meta property=\"og:image:width\" content=\"1440\" \/>\n\t<meta property=\"og:image:height\" content=\"1080\" \/>\n\t<meta property=\"og:image:type\" content=\"image\/jpeg\" \/>\n<meta name=\"author\" content=\"Cope Alcoy\" \/>\n<meta name=\"twitter:label1\" content=\"Escrito por\" \/>\n\t<meta name=\"twitter:data1\" content=\"Cope Alcoy\" \/>\n\t<meta name=\"twitter:label2\" content=\"Tiempo de lectura\" \/>\n\t<meta name=\"twitter:data2\" content=\"3 minutos\" \/>\n<script type=\"application\/ld+json\" class=\"yoast-schema-graph\">{\"@context\":\"https:\\\/\\\/schema.org\",\"@graph\":[{\"@type\":\"Article\",\"@id\":\"https:\\\/\\\/www.copealcoy.es\\\/es\\\/lalqueria-dasnar-disfruta-de-este-original-belen-en-navidad\\\/#article\",\"isPartOf\":{\"@id\":\"https:\\\/\\\/www.copealcoy.es\\\/es\\\/lalqueria-dasnar-disfruta-de-este-original-belen-en-navidad\\\/\"},\"author\":{\"name\":\"Cope Alcoy\",\"@id\":\"https:\\\/\\\/www.copealcoy.es\\\/es\\\/#\\\/schema\\\/person\\\/e777c87fa024e57d40170af9df39882c\"},\"headline\":\"L&#8217;Alqueria d&#8217;Asnar disfruta de este original Bel\u00e9n en Navidad\",\"datePublished\":\"2024-01-03T04:00:29+00:00\",\"dateModified\":\"2024-01-03T18:00:51+00:00\",\"mainEntityOfPage\":{\"@id\":\"https:\\\/\\\/www.copealcoy.es\\\/es\\\/lalqueria-dasnar-disfruta-de-este-original-belen-en-navidad\\\/\"},\"wordCount\":444,\"commentCount\":0,\"image\":{\"@id\":\"https:\\\/\\\/www.copealcoy.es\\\/es\\\/lalqueria-dasnar-disfruta-de-este-original-belen-en-navidad\\\/#primaryimage\"},\"thumbnailUrl\":\"https:\\\/\\\/www.copealcoy.es\\\/wp-content\\\/uploads\\\/2024\\\/01\\\/IMG_9716-1-scaled.jpg\",\"keywords\":[\"Alquer\u00eda d\u00b4Asnar\",\"Bel\u00e9n\",\"Navidad\"],\"articleSection\":[\"Actualidad\",\"Comarcas\",\"Noticias\"],\"inLanguage\":\"es\"},{\"@type\":\"WebPage\",\"@id\":\"https:\\\/\\\/www.copealcoy.es\\\/es\\\/lalqueria-dasnar-disfruta-de-este-original-belen-en-navidad\\\/\",\"url\":\"https:\\\/\\\/www.copealcoy.es\\\/es\\\/lalqueria-dasnar-disfruta-de-este-original-belen-en-navidad\\\/\",\"name\":\"L'Alqueria d'Asnar disfruta de este original Bel\u00e9n en Navidad - COPE Alcoy\",\"isPartOf\":{\"@id\":\"https:\\\/\\\/www.copealcoy.es\\\/es\\\/#website\"},\"primaryImageOfPage\":{\"@id\":\"https:\\\/\\\/www.copealcoy.es\\\/es\\\/lalqueria-dasnar-disfruta-de-este-original-belen-en-navidad\\\/#primaryimage\"},\"image\":{\"@id\":\"https:\\\/\\\/www.copealcoy.es\\\/es\\\/lalqueria-dasnar-disfruta-de-este-original-belen-en-navidad\\\/#primaryimage\"},\"thumbnailUrl\":\"https:\\\/\\\/www.copealcoy.es\\\/wp-content\\\/uploads\\\/2024\\\/01\\\/IMG_9716-1-scaled.jpg\",\"datePublished\":\"2024-01-03T04:00:29+00:00\",\"dateModified\":\"2024-01-03T18:00:51+00:00\",\"author\":{\"@id\":\"https:\\\/\\\/www.copealcoy.es\\\/es\\\/#\\\/schema\\\/person\\\/e777c87fa024e57d40170af9df39882c\"},\"description\":\"La Plaza principal de l'Alqueria d'Asnar luce un original Bel\u00e9n en estos d\u00edas de Navidad\",\"breadcrumb\":{\"@id\":\"https:\\\/\\\/www.copealcoy.es\\\/es\\\/lalqueria-dasnar-disfruta-de-este-original-belen-en-navidad\\\/#breadcrumb\"},\"inLanguage\":\"es\",\"potentialAction\":[{\"@type\":\"ReadAction\",\"target\":[\"https:\\\/\\\/www.copealcoy.es\\\/es\\\/lalqueria-dasnar-disfruta-de-este-original-belen-en-navidad\\\/\"]}]},{\"@type\":\"ImageObject\",\"inLanguage\":\"es\",\"@id\":\"https:\\\/\\\/www.copealcoy.es\\\/es\\\/lalqueria-dasnar-disfruta-de-este-original-belen-en-navidad\\\/#primaryimage\",\"url\":\"https:\\\/\\\/www.copealcoy.es\\\/wp-content\\\/uploads\\\/2024\\\/01\\\/IMG_9716-1-scaled.jpg\",\"contentUrl\":\"https:\\\/\\\/www.copealcoy.es\\\/wp-content\\\/uploads\\\/2024\\\/01\\\/IMG_9716-1-scaled.jpg\",\"width\":1440,\"height\":1080},{\"@type\":\"BreadcrumbList\",\"@id\":\"https:\\\/\\\/www.copealcoy.es\\\/es\\\/lalqueria-dasnar-disfruta-de-este-original-belen-en-navidad\\\/#breadcrumb\",\"itemListElement\":[{\"@type\":\"ListItem\",\"position\":1,\"name\":\"Portada\",\"item\":\"https:\\\/\\\/www.copealcoy.es\\\/es\\\/\"},{\"@type\":\"ListItem\",\"position\":2,\"name\":\"L&#8217;Alqueria d&#8217;Asnar disfruta de este original Bel\u00e9n en Navidad\"}]},{\"@type\":\"WebSite\",\"@id\":\"https:\\\/\\\/www.copealcoy.es\\\/es\\\/#website\",\"url\":\"https:\\\/\\\/www.copealcoy.es\\\/es\\\/\",\"name\":\"COPE Alcoy\",\"description\":\"Emisora COPE de radio local con emisi\u00f3n online. Pont de Sant Jordi 8-10 03803 Alcoy\",\"potentialAction\":[{\"@type\":\"SearchAction\",\"target\":{\"@type\":\"EntryPoint\",\"urlTemplate\":\"https:\\\/\\\/www.copealcoy.es\\\/es\\\/?s={search_term_string}\"},\"query-input\":{\"@type\":\"PropertyValueSpecification\",\"valueRequired\":true,\"valueName\":\"search_term_string\"}}],\"inLanguage\":\"es\"},{\"@type\":\"Person\",\"@id\":\"https:\\\/\\\/www.copealcoy.es\\\/es\\\/#\\\/schema\\\/person\\\/e777c87fa024e57d40170af9df39882c\",\"name\":\"Cope Alcoy\",\"image\":{\"@type\":\"ImageObject\",\"inLanguage\":\"es\",\"@id\":\"https:\\\/\\\/secure.gravatar.com\\\/avatar\\\/bb65d0283347e303893ba14f0692005417c1e0e690a325a4c5d8bb2b3943ee14?s=96&d=mm&r=g\",\"url\":\"https:\\\/\\\/secure.gravatar.com\\\/avatar\\\/bb65d0283347e303893ba14f0692005417c1e0e690a325a4c5d8bb2b3943ee14?s=96&d=mm&r=g\",\"contentUrl\":\"https:\\\/\\\/secure.gravatar.com\\\/avatar\\\/bb65d0283347e303893ba14f0692005417c1e0e690a325a4c5d8bb2b3943ee14?s=96&d=mm&r=g\",\"caption\":\"Cope Alcoy\"}}]}<\/script>\n<!-- \/ Yoast SEO plugin. -->","yoast_head_json":{"title":"L'Alqueria d'Asnar disfruta de este original Bel\u00e9n en Navidad - COPE Alcoy","description":"La Plaza principal de l'Alqueria d'Asnar luce un original Bel\u00e9n en estos d\u00edas de Navidad","robots":{"index":"index","follow":"follow","max-snippet":"max-snippet:-1","max-image-preview":"max-image-preview:large","max-video-preview":"max-video-preview:-1"},"canonical":"https:\/\/www.copealcoy.es\/es\/lalqueria-dasnar-disfruta-de-este-original-belen-en-navidad\/","og_locale":"es_ES","og_type":"article","og_title":"L'Alqueria d'Asnar disfruta de este original Bel\u00e9n en Navidad - COPE Alcoy","og_description":"La Plaza principal de l'Alqueria d'Asnar luce un original Bel\u00e9n en estos d\u00edas de Navidad","og_url":"https:\/\/www.copealcoy.es\/es\/lalqueria-dasnar-disfruta-de-este-original-belen-en-navidad\/","og_site_name":"COPE Alcoy","article_published_time":"2024-01-03T04:00:29+00:00","article_modified_time":"2024-01-03T18:00:51+00:00","og_image":[{"width":1440,"height":1080,"url":"https:\/\/www.copealcoy.es\/wp-content\/uploads\/2024\/01\/IMG_9716-1-scaled.jpg","type":"image\/jpeg"}],"author":"Cope Alcoy","twitter_misc":{"Escrito por":"Cope Alcoy","Tiempo de lectura":"3 minutos"},"schema":{"@context":"https:\/\/schema.org","@graph":[{"@type":"Article","@id":"https:\/\/www.copealcoy.es\/es\/lalqueria-dasnar-disfruta-de-este-original-belen-en-navidad\/#article","isPartOf":{"@id":"https:\/\/www.copealcoy.es\/es\/lalqueria-dasnar-disfruta-de-este-original-belen-en-navidad\/"},"author":{"name":"Cope Alcoy","@id":"https:\/\/www.copealcoy.es\/es\/#\/schema\/person\/e777c87fa024e57d40170af9df39882c"},"headline":"L&#8217;Alqueria d&#8217;Asnar disfruta de este original Bel\u00e9n en Navidad","datePublished":"2024-01-03T04:00:29+00:00","dateModified":"2024-01-03T18:00:51+00:00","mainEntityOfPage":{"@id":"https:\/\/www.copealcoy.es\/es\/lalqueria-dasnar-disfruta-de-este-original-belen-en-navidad\/"},"wordCount":444,"commentCount":0,"image":{"@id":"https:\/\/www.copealcoy.es\/es\/lalqueria-dasnar-disfruta-de-este-original-belen-en-navidad\/#primaryimage"},"thumbnailUrl":"https:\/\/www.copealcoy.es\/wp-content\/uploads\/2024\/01\/IMG_9716-1-scaled.jpg","keywords":["Alquer\u00eda d\u00b4Asnar","Bel\u00e9n","Navidad"],"articleSection":["Actualidad","Comarcas","Noticias"],"inLanguage":"es"},{"@type":"WebPage","@id":"https:\/\/www.copealcoy.es\/es\/lalqueria-dasnar-disfruta-de-este-original-belen-en-navidad\/","url":"https:\/\/www.copealcoy.es\/es\/lalqueria-dasnar-disfruta-de-este-original-belen-en-navidad\/","name":"L'Alqueria d'Asnar disfruta de este original Bel\u00e9n en Navidad - COPE Alcoy","isPartOf":{"@id":"https:\/\/www.copealcoy.es\/es\/#website"},"primaryImageOfPage":{"@id":"https:\/\/www.copealcoy.es\/es\/lalqueria-dasnar-disfruta-de-este-original-belen-en-navidad\/#primaryimage"},"image":{"@id":"https:\/\/www.copealcoy.es\/es\/lalqueria-dasnar-disfruta-de-este-original-belen-en-navidad\/#primaryimage"},"thumbnailUrl":"https:\/\/www.copealcoy.es\/wp-content\/uploads\/2024\/01\/IMG_9716-1-scaled.jpg","datePublished":"2024-01-03T04:00:29+00:00","dateModified":"2024-01-03T18:00:51+00:00","author":{"@id":"https:\/\/www.copealcoy.es\/es\/#\/schema\/person\/e777c87fa024e57d40170af9df39882c"},"description":"La Plaza principal de l'Alqueria d'Asnar luce un original Bel\u00e9n en estos d\u00edas de Navidad","breadcrumb":{"@id":"https:\/\/www.copealcoy.es\/es\/lalqueria-dasnar-disfruta-de-este-original-belen-en-navidad\/#breadcrumb"},"inLanguage":"es","potentialAction":[{"@type":"ReadAction","target":["https:\/\/www.copealcoy.es\/es\/lalqueria-dasnar-disfruta-de-este-original-belen-en-navidad\/"]}]},{"@type":"ImageObject","inLanguage":"es","@id":"https:\/\/www.copealcoy.es\/es\/lalqueria-dasnar-disfruta-de-este-original-belen-en-navidad\/#primaryimage","url":"https:\/\/www.copealcoy.es\/wp-content\/uploads\/2024\/01\/IMG_9716-1-scaled.jpg","contentUrl":"https:\/\/www.copealcoy.es\/wp-content\/uploads\/2024\/01\/IMG_9716-1-scaled.jpg","width":1440,"height":1080},{"@type":"BreadcrumbList","@id":"https:\/\/www.copealcoy.es\/es\/lalqueria-dasnar-disfruta-de-este-original-belen-en-navidad\/#breadcrumb","itemListElement":[{"@type":"ListItem","position":1,"name":"Portada","item":"https:\/\/www.copealcoy.es\/es\/"},{"@type":"ListItem","position":2,"name":"L&#8217;Alqueria d&#8217;Asnar disfruta de este original Bel\u00e9n en Navidad"}]},{"@type":"WebSite","@id":"https:\/\/www.copealcoy.es\/es\/#website","url":"https:\/\/www.copealcoy.es\/es\/","name":"COPE Alcoy","description":"Emisora COPE de radio local con emisi\u00f3n online. Pont de Sant Jordi 8-10 03803 Alcoy","potentialAction":[{"@type":"SearchAction","target":{"@type":"EntryPoint","urlTemplate":"https:\/\/www.copealcoy.es\/es\/?s={search_term_string}"},"query-input":{"@type":"PropertyValueSpecification","valueRequired":true,"valueName":"search_term_string"}}],"inLanguage":"es"},{"@type":"Person","@id":"https:\/\/www.copealcoy.es\/es\/#\/schema\/person\/e777c87fa024e57d40170af9df39882c","name":"Cope Alcoy","image":{"@type":"ImageObject","inLanguage":"es","@id":"https:\/\/secure.gravatar.com\/avatar\/bb65d0283347e303893ba14f0692005417c1e0e690a325a4c5d8bb2b3943ee14?s=96&d=mm&r=g","url":"https:\/\/secure.gravatar.com\/avatar\/bb65d0283347e303893ba14f0692005417c1e0e690a325a4c5d8bb2b3943ee14?s=96&d=mm&r=g","contentUrl":"https:\/\/secure.gravatar.com\/avatar\/bb65d0283347e303893ba14f0692005417c1e0e690a325a4c5d8bb2b3943ee14?s=96&d=mm&r=g","caption":"Cope Alcoy"}}]}},"_links":{"self":[{"href":"https:\/\/www.copealcoy.es\/es\/wp-json\/wp\/v2\/posts\/127556","targetHints":{"allow":["GET"]}}],"collection":[{"href":"https:\/\/www.copealcoy.es\/es\/wp-json\/wp\/v2\/posts"}],"about":[{"href":"https:\/\/www.copealcoy.es\/es\/wp-json\/wp\/v2\/types\/post"}],"author":[{"embeddable":true,"href":"https:\/\/www.copealcoy.es\/es\/wp-json\/wp\/v2\/users\/1"}],"replies":[{"embeddable":true,"href":"https:\/\/www.copealcoy.es\/es\/wp-json\/wp\/v2\/comments?post=127556"}],"version-history":[{"count":0,"href":"https:\/\/www.copealcoy.es\/es\/wp-json\/wp\/v2\/posts\/127556\/revisions"}],"wp:featuredmedia":[{"embeddable":true,"href":"https:\/\/www.copealcoy.es\/es\/wp-json\/wp\/v2\/media\/127563"}],"wp:attachment":[{"href":"https:\/\/www.copealcoy.es\/es\/wp-json\/wp\/v2\/media?parent=127556"}],"wp:term":[{"taxonomy":"category","embeddable":true,"href":"https:\/\/www.copealcoy.es\/es\/wp-json\/wp\/v2\/categories?post=127556"},{"taxonomy":"post_tag","embeddable":true,"href":"https:\/\/www.copealcoy.es\/es\/wp-json\/wp\/v2\/tags?post=127556"}],"curies":[{"name":"wp","href":"https:\/\/api.w.org\/{rel}","templated":true}]}}