{"id":127505,"date":"2024-01-03T10:23:28","date_gmt":"2024-01-03T09:23:28","guid":{"rendered":"https:\/\/www.copealcoy.es\/?p=127505"},"modified":"2024-01-03T20:01:57","modified_gmt":"2024-01-03T19:01:57","slug":"quatretondeta-no-quiere-quedarse-sin-su-farmacia","status":"publish","type":"post","link":"https:\/\/www.copealcoy.es\/es\/quatretondeta-no-quiere-quedarse-sin-su-farmacia\/","title":{"rendered":"Quatretondeta no quiere quedarse sin su Farmacia"},"content":{"rendered":"<p style=\"text-align: justify;\">Los municipios peque\u00f1os de nuestras comarcas t<strong>ienen por delante importantes retos<\/strong> y uno de ellos es <strong>mantener los servicios que todav\u00eda les quedan<\/strong>, algo imprescindible <strong>para evitar que siga avanzando la despoblaci\u00f3n<\/strong>. Una de las localidades del Comtat que busca urgentemente quedarse si Farmacia es <strong>Quatretondeta<\/strong>, poblaci\u00f3n en la que residen en estos momentos <strong>un total de 137 vecinos<\/strong> todo el a\u00f1o y que incrementa notablemente su censo en los meses de verano.<\/p>\n<p style=\"text-align: justify;\">El pr\u00f3ximo 7 de febrero puede ser la fecha en la que Quatretondeta se quede sin Farmacia debido a que <strong>la \u00fanica que existe ahora mismo en la localidad dejar\u00e1 de funcionar<\/strong> una vez su propietaria deje el negocio. Desde el <strong>Colegio de Farmac\u00e9uticos de la Provincia de Alicante<\/strong>, a trav\u00e9s de <a href=\"https:\/\/www.cofalicante.com\/bolsa\/ver-ofertas-empleo\/venta-farmacia-en-quatretondeta-154655422\/\" target=\"_blank\" rel=\"noopener\"><span style=\"color: #0000ff;\"><strong>su p\u00e1gina web, <\/strong><\/span><\/a>califican la oferta de &#8216;urgente&#8217; puesto que <strong>es necesario encontrar a una persona que se haga cargo del servicio<\/strong> ya que de lo contrario la instalaci\u00f3n tendr\u00e1 que cerrar. Tambi\u00e9n <strong>el alcalde de Quatretondeta<\/strong> explicaba en COPE ALCOY <strong>algunas de las caracter\u00edsticas que tiene la Farmacia<\/strong> y <strong>animaba a cualquier interesado a dar el paso<\/strong> de estar al frente del mencionado servicio &#8220;<em>venir aqu\u00ed puede ser una buena oportunidad para que los profesionales que comienzan en el sector puedan iniciar su trayectoria laboral. El precio es muy asequible y el negocio es f\u00e1cil de llevar porque estamos en un pueblo tranquilo que destaca por la cercan\u00eda de sus vecinos<\/em>&#8220;, detalla <strong>Alejandro Montava<\/strong>.<\/p>\n<audio class=\"wp-audio-shortcode\" id=\"audio-127505-1\" preload=\"none\" style=\"width: 100%;\" controls=\"controls\"><source type=\"audio\/mpeg\" src=\"https:\/\/www.copealcoy.es\/wp-content\/uploads\/2024\/01\/TALL-ALEJANDRO-MONTAVA-FARMACIA-QUATRETONDETA.mp3?_=1\" \/><a href=\"https:\/\/www.copealcoy.es\/wp-content\/uploads\/2024\/01\/TALL-ALEJANDRO-MONTAVA-FARMACIA-QUATRETONDETA.mp3\">https:\/\/www.copealcoy.es\/wp-content\/uploads\/2024\/01\/TALL-ALEJANDRO-MONTAVA-FARMACIA-QUATRETONDETA.mp3<\/a><\/audio>\n<p>&nbsp;<\/p>\n<p style=\"text-align: justify;\">La Farmacia de Quatretondeta, tal y como informa el Colegio de Farmac\u00e9uticos, <strong>tiene una facturaci\u00f3n de unos 100.000 euros anuales<\/strong>.\u00a0El <strong>horario de apertura y atenci\u00f3n al p\u00fablico<\/strong> hay que pactarlo con el Ayuntamiento, pero actualmente es de lunes a viernes de 9 a 15 h. Los <strong>interesados<\/strong> en quedarse con el negocio pueden tener m\u00e1s informaci\u00f3n en el<a href=\"https:\/\/www.instagram.com\/ajuntament_quatretondeta?igsh=czB1eG5uZWN5czZr\" target=\"_blank\" rel=\"noopener\"><strong><span style=\"color: #0000ff;\"> Consistorio<\/span><\/strong><\/a> o llamando al mismo alcalde a trav\u00e9s del tel\u00e9fono 653 39 40 71.<\/p>\n","protected":false},"excerpt":{"rendered":"<p>Los municipios peque\u00f1os de nuestras comarcas tienen por delante importantes retos y uno de ellos es mantener los servicios que&#8230;<\/p>\n","protected":false},"author":1,"featured_media":53512,"comment_status":"open","ping_status":"open","sticky":false,"template":"","format":"standard","meta":{"footnotes":""},"categories":[6909,98,75],"tags":[16156,14127,1204,9023,16155],"class_list":["post-127505","post","type-post","status-publish","format-standard","has-post-thumbnail","hentry","category-actualidad","category-comarcas","category-noticias","tag-alejandro-montava","tag-farmacia","tag-negocio","tag-quatretondeta","tag-traspaso"],"yoast_head":"<!-- This site is optimized with the Yoast SEO plugin v27.3 - https:\/\/yoast.com\/product\/yoast-seo-wordpress\/ -->\n<title>Quatretondeta no quiere quedarse sin su Farmacia - COPE Alcoy<\/title>\n<meta name=\"description\" content=\"Quatretondeta busca relevo en la Farmacia para evitar quedarse sin servicio a partir del pr\u00f3ximo mes de febrero\" \/>\n<meta name=\"robots\" content=\"index, follow, max-snippet:-1, max-image-preview:large, max-video-preview:-1\" \/>\n<link rel=\"canonical\" href=\"https:\/\/www.copealcoy.es\/es\/quatretondeta-no-quiere-quedarse-sin-su-farmacia\/\" \/>\n<meta property=\"og:locale\" content=\"es_ES\" \/>\n<meta property=\"og:type\" content=\"article\" \/>\n<meta property=\"og:title\" content=\"Quatretondeta no quiere quedarse sin su Farmacia - COPE Alcoy\" \/>\n<meta property=\"og:description\" content=\"Quatretondeta busca relevo en la Farmacia para evitar quedarse sin servicio a partir del pr\u00f3ximo mes de febrero\" \/>\n<meta property=\"og:url\" content=\"https:\/\/www.copealcoy.es\/es\/quatretondeta-no-quiere-quedarse-sin-su-farmacia\/\" \/>\n<meta property=\"og:site_name\" content=\"COPE Alcoy\" \/>\n<meta property=\"article:published_time\" content=\"2024-01-03T09:23:28+00:00\" \/>\n<meta property=\"article:modified_time\" content=\"2024-01-03T19:01:57+00:00\" \/>\n<meta property=\"og:image\" content=\"https:\/\/www.copealcoy.es\/wp-content\/uploads\/2019\/07\/Quatretondeta_el_Comtat-1-scaled-e1704273941160.jpg\" \/>\n\t<meta property=\"og:image:width\" content=\"640\" \/>\n\t<meta property=\"og:image:height\" content=\"416\" \/>\n\t<meta property=\"og:image:type\" content=\"image\/jpeg\" \/>\n<meta name=\"author\" content=\"Cope Alcoy\" \/>\n<meta name=\"twitter:label1\" content=\"Escrito por\" \/>\n\t<meta name=\"twitter:data1\" content=\"Cope Alcoy\" \/>\n\t<meta name=\"twitter:label2\" content=\"Tiempo de lectura\" \/>\n\t<meta name=\"twitter:data2\" content=\"2 minutos\" \/>\n<script type=\"application\/ld+json\" class=\"yoast-schema-graph\">{\"@context\":\"https:\\\/\\\/schema.org\",\"@graph\":[{\"@type\":\"Article\",\"@id\":\"https:\\\/\\\/www.copealcoy.es\\\/es\\\/quatretondeta-no-quiere-quedarse-sin-su-farmacia\\\/#article\",\"isPartOf\":{\"@id\":\"https:\\\/\\\/www.copealcoy.es\\\/es\\\/quatretondeta-no-quiere-quedarse-sin-su-farmacia\\\/\"},\"author\":{\"name\":\"Cope Alcoy\",\"@id\":\"https:\\\/\\\/www.copealcoy.es\\\/es\\\/#\\\/schema\\\/person\\\/e777c87fa024e57d40170af9df39882c\"},\"headline\":\"Quatretondeta no quiere quedarse sin su Farmacia\",\"datePublished\":\"2024-01-03T09:23:28+00:00\",\"dateModified\":\"2024-01-03T19:01:57+00:00\",\"mainEntityOfPage\":{\"@id\":\"https:\\\/\\\/www.copealcoy.es\\\/es\\\/quatretondeta-no-quiere-quedarse-sin-su-farmacia\\\/\"},\"wordCount\":345,\"commentCount\":0,\"image\":{\"@id\":\"https:\\\/\\\/www.copealcoy.es\\\/es\\\/quatretondeta-no-quiere-quedarse-sin-su-farmacia\\\/#primaryimage\"},\"thumbnailUrl\":\"https:\\\/\\\/www.copealcoy.es\\\/wp-content\\\/uploads\\\/2019\\\/07\\\/Quatretondeta_el_Comtat-1-scaled-e1704273941160.jpg\",\"keywords\":[\"Alejandro Montava\",\"farmacia\",\"negocio\",\"Quatretondeta\",\"traspaso\"],\"articleSection\":[\"Actualidad\",\"Comarcas\",\"Noticias\"],\"inLanguage\":\"es\"},{\"@type\":\"WebPage\",\"@id\":\"https:\\\/\\\/www.copealcoy.es\\\/es\\\/quatretondeta-no-quiere-quedarse-sin-su-farmacia\\\/\",\"url\":\"https:\\\/\\\/www.copealcoy.es\\\/es\\\/quatretondeta-no-quiere-quedarse-sin-su-farmacia\\\/\",\"name\":\"Quatretondeta no quiere quedarse sin su Farmacia - COPE Alcoy\",\"isPartOf\":{\"@id\":\"https:\\\/\\\/www.copealcoy.es\\\/es\\\/#website\"},\"primaryImageOfPage\":{\"@id\":\"https:\\\/\\\/www.copealcoy.es\\\/es\\\/quatretondeta-no-quiere-quedarse-sin-su-farmacia\\\/#primaryimage\"},\"image\":{\"@id\":\"https:\\\/\\\/www.copealcoy.es\\\/es\\\/quatretondeta-no-quiere-quedarse-sin-su-farmacia\\\/#primaryimage\"},\"thumbnailUrl\":\"https:\\\/\\\/www.copealcoy.es\\\/wp-content\\\/uploads\\\/2019\\\/07\\\/Quatretondeta_el_Comtat-1-scaled-e1704273941160.jpg\",\"datePublished\":\"2024-01-03T09:23:28+00:00\",\"dateModified\":\"2024-01-03T19:01:57+00:00\",\"author\":{\"@id\":\"https:\\\/\\\/www.copealcoy.es\\\/es\\\/#\\\/schema\\\/person\\\/e777c87fa024e57d40170af9df39882c\"},\"description\":\"Quatretondeta busca relevo en la Farmacia para evitar quedarse sin servicio a partir del pr\u00f3ximo mes de febrero\",\"breadcrumb\":{\"@id\":\"https:\\\/\\\/www.copealcoy.es\\\/es\\\/quatretondeta-no-quiere-quedarse-sin-su-farmacia\\\/#breadcrumb\"},\"inLanguage\":\"es\",\"potentialAction\":[{\"@type\":\"ReadAction\",\"target\":[\"https:\\\/\\\/www.copealcoy.es\\\/es\\\/quatretondeta-no-quiere-quedarse-sin-su-farmacia\\\/\"]}]},{\"@type\":\"ImageObject\",\"inLanguage\":\"es\",\"@id\":\"https:\\\/\\\/www.copealcoy.es\\\/es\\\/quatretondeta-no-quiere-quedarse-sin-su-farmacia\\\/#primaryimage\",\"url\":\"https:\\\/\\\/www.copealcoy.es\\\/wp-content\\\/uploads\\\/2019\\\/07\\\/Quatretondeta_el_Comtat-1-scaled-e1704273941160.jpg\",\"contentUrl\":\"https:\\\/\\\/www.copealcoy.es\\\/wp-content\\\/uploads\\\/2019\\\/07\\\/Quatretondeta_el_Comtat-1-scaled-e1704273941160.jpg\",\"width\":640,\"height\":416},{\"@type\":\"BreadcrumbList\",\"@id\":\"https:\\\/\\\/www.copealcoy.es\\\/es\\\/quatretondeta-no-quiere-quedarse-sin-su-farmacia\\\/#breadcrumb\",\"itemListElement\":[{\"@type\":\"ListItem\",\"position\":1,\"name\":\"Portada\",\"item\":\"https:\\\/\\\/www.copealcoy.es\\\/es\\\/\"},{\"@type\":\"ListItem\",\"position\":2,\"name\":\"Quatretondeta no quiere quedarse sin su Farmacia\"}]},{\"@type\":\"WebSite\",\"@id\":\"https:\\\/\\\/www.copealcoy.es\\\/es\\\/#website\",\"url\":\"https:\\\/\\\/www.copealcoy.es\\\/es\\\/\",\"name\":\"COPE Alcoy\",\"description\":\"Emisora COPE de radio local con emisi\u00f3n online. Pont de Sant Jordi 8-10 03803 Alcoy\",\"potentialAction\":[{\"@type\":\"SearchAction\",\"target\":{\"@type\":\"EntryPoint\",\"urlTemplate\":\"https:\\\/\\\/www.copealcoy.es\\\/es\\\/?s={search_term_string}\"},\"query-input\":{\"@type\":\"PropertyValueSpecification\",\"valueRequired\":true,\"valueName\":\"search_term_string\"}}],\"inLanguage\":\"es\"},{\"@type\":\"Person\",\"@id\":\"https:\\\/\\\/www.copealcoy.es\\\/es\\\/#\\\/schema\\\/person\\\/e777c87fa024e57d40170af9df39882c\",\"name\":\"Cope Alcoy\",\"image\":{\"@type\":\"ImageObject\",\"inLanguage\":\"es\",\"@id\":\"https:\\\/\\\/secure.gravatar.com\\\/avatar\\\/bb65d0283347e303893ba14f0692005417c1e0e690a325a4c5d8bb2b3943ee14?s=96&d=mm&r=g\",\"url\":\"https:\\\/\\\/secure.gravatar.com\\\/avatar\\\/bb65d0283347e303893ba14f0692005417c1e0e690a325a4c5d8bb2b3943ee14?s=96&d=mm&r=g\",\"contentUrl\":\"https:\\\/\\\/secure.gravatar.com\\\/avatar\\\/bb65d0283347e303893ba14f0692005417c1e0e690a325a4c5d8bb2b3943ee14?s=96&d=mm&r=g\",\"caption\":\"Cope Alcoy\"}}]}<\/script>\n<!-- \/ Yoast SEO plugin. -->","yoast_head_json":{"title":"Quatretondeta no quiere quedarse sin su Farmacia - COPE Alcoy","description":"Quatretondeta busca relevo en la Farmacia para evitar quedarse sin servicio a partir del pr\u00f3ximo mes de febrero","robots":{"index":"index","follow":"follow","max-snippet":"max-snippet:-1","max-image-preview":"max-image-preview:large","max-video-preview":"max-video-preview:-1"},"canonical":"https:\/\/www.copealcoy.es\/es\/quatretondeta-no-quiere-quedarse-sin-su-farmacia\/","og_locale":"es_ES","og_type":"article","og_title":"Quatretondeta no quiere quedarse sin su Farmacia - COPE Alcoy","og_description":"Quatretondeta busca relevo en la Farmacia para evitar quedarse sin servicio a partir del pr\u00f3ximo mes de febrero","og_url":"https:\/\/www.copealcoy.es\/es\/quatretondeta-no-quiere-quedarse-sin-su-farmacia\/","og_site_name":"COPE Alcoy","article_published_time":"2024-01-03T09:23:28+00:00","article_modified_time":"2024-01-03T19:01:57+00:00","og_image":[{"width":640,"height":416,"url":"https:\/\/www.copealcoy.es\/wp-content\/uploads\/2019\/07\/Quatretondeta_el_Comtat-1-scaled-e1704273941160.jpg","type":"image\/jpeg"}],"author":"Cope Alcoy","twitter_misc":{"Escrito por":"Cope Alcoy","Tiempo de lectura":"2 minutos"},"schema":{"@context":"https:\/\/schema.org","@graph":[{"@type":"Article","@id":"https:\/\/www.copealcoy.es\/es\/quatretondeta-no-quiere-quedarse-sin-su-farmacia\/#article","isPartOf":{"@id":"https:\/\/www.copealcoy.es\/es\/quatretondeta-no-quiere-quedarse-sin-su-farmacia\/"},"author":{"name":"Cope Alcoy","@id":"https:\/\/www.copealcoy.es\/es\/#\/schema\/person\/e777c87fa024e57d40170af9df39882c"},"headline":"Quatretondeta no quiere quedarse sin su Farmacia","datePublished":"2024-01-03T09:23:28+00:00","dateModified":"2024-01-03T19:01:57+00:00","mainEntityOfPage":{"@id":"https:\/\/www.copealcoy.es\/es\/quatretondeta-no-quiere-quedarse-sin-su-farmacia\/"},"wordCount":345,"commentCount":0,"image":{"@id":"https:\/\/www.copealcoy.es\/es\/quatretondeta-no-quiere-quedarse-sin-su-farmacia\/#primaryimage"},"thumbnailUrl":"https:\/\/www.copealcoy.es\/wp-content\/uploads\/2019\/07\/Quatretondeta_el_Comtat-1-scaled-e1704273941160.jpg","keywords":["Alejandro Montava","farmacia","negocio","Quatretondeta","traspaso"],"articleSection":["Actualidad","Comarcas","Noticias"],"inLanguage":"es"},{"@type":"WebPage","@id":"https:\/\/www.copealcoy.es\/es\/quatretondeta-no-quiere-quedarse-sin-su-farmacia\/","url":"https:\/\/www.copealcoy.es\/es\/quatretondeta-no-quiere-quedarse-sin-su-farmacia\/","name":"Quatretondeta no quiere quedarse sin su Farmacia - COPE Alcoy","isPartOf":{"@id":"https:\/\/www.copealcoy.es\/es\/#website"},"primaryImageOfPage":{"@id":"https:\/\/www.copealcoy.es\/es\/quatretondeta-no-quiere-quedarse-sin-su-farmacia\/#primaryimage"},"image":{"@id":"https:\/\/www.copealcoy.es\/es\/quatretondeta-no-quiere-quedarse-sin-su-farmacia\/#primaryimage"},"thumbnailUrl":"https:\/\/www.copealcoy.es\/wp-content\/uploads\/2019\/07\/Quatretondeta_el_Comtat-1-scaled-e1704273941160.jpg","datePublished":"2024-01-03T09:23:28+00:00","dateModified":"2024-01-03T19:01:57+00:00","author":{"@id":"https:\/\/www.copealcoy.es\/es\/#\/schema\/person\/e777c87fa024e57d40170af9df39882c"},"description":"Quatretondeta busca relevo en la Farmacia para evitar quedarse sin servicio a partir del pr\u00f3ximo mes de febrero","breadcrumb":{"@id":"https:\/\/www.copealcoy.es\/es\/quatretondeta-no-quiere-quedarse-sin-su-farmacia\/#breadcrumb"},"inLanguage":"es","potentialAction":[{"@type":"ReadAction","target":["https:\/\/www.copealcoy.es\/es\/quatretondeta-no-quiere-quedarse-sin-su-farmacia\/"]}]},{"@type":"ImageObject","inLanguage":"es","@id":"https:\/\/www.copealcoy.es\/es\/quatretondeta-no-quiere-quedarse-sin-su-farmacia\/#primaryimage","url":"https:\/\/www.copealcoy.es\/wp-content\/uploads\/2019\/07\/Quatretondeta_el_Comtat-1-scaled-e1704273941160.jpg","contentUrl":"https:\/\/www.copealcoy.es\/wp-content\/uploads\/2019\/07\/Quatretondeta_el_Comtat-1-scaled-e1704273941160.jpg","width":640,"height":416},{"@type":"BreadcrumbList","@id":"https:\/\/www.copealcoy.es\/es\/quatretondeta-no-quiere-quedarse-sin-su-farmacia\/#breadcrumb","itemListElement":[{"@type":"ListItem","position":1,"name":"Portada","item":"https:\/\/www.copealcoy.es\/es\/"},{"@type":"ListItem","position":2,"name":"Quatretondeta no quiere quedarse sin su Farmacia"}]},{"@type":"WebSite","@id":"https:\/\/www.copealcoy.es\/es\/#website","url":"https:\/\/www.copealcoy.es\/es\/","name":"COPE Alcoy","description":"Emisora COPE de radio local con emisi\u00f3n online. Pont de Sant Jordi 8-10 03803 Alcoy","potentialAction":[{"@type":"SearchAction","target":{"@type":"EntryPoint","urlTemplate":"https:\/\/www.copealcoy.es\/es\/?s={search_term_string}"},"query-input":{"@type":"PropertyValueSpecification","valueRequired":true,"valueName":"search_term_string"}}],"inLanguage":"es"},{"@type":"Person","@id":"https:\/\/www.copealcoy.es\/es\/#\/schema\/person\/e777c87fa024e57d40170af9df39882c","name":"Cope Alcoy","image":{"@type":"ImageObject","inLanguage":"es","@id":"https:\/\/secure.gravatar.com\/avatar\/bb65d0283347e303893ba14f0692005417c1e0e690a325a4c5d8bb2b3943ee14?s=96&d=mm&r=g","url":"https:\/\/secure.gravatar.com\/avatar\/bb65d0283347e303893ba14f0692005417c1e0e690a325a4c5d8bb2b3943ee14?s=96&d=mm&r=g","contentUrl":"https:\/\/secure.gravatar.com\/avatar\/bb65d0283347e303893ba14f0692005417c1e0e690a325a4c5d8bb2b3943ee14?s=96&d=mm&r=g","caption":"Cope Alcoy"}}]}},"_links":{"self":[{"href":"https:\/\/www.copealcoy.es\/es\/wp-json\/wp\/v2\/posts\/127505","targetHints":{"allow":["GET"]}}],"collection":[{"href":"https:\/\/www.copealcoy.es\/es\/wp-json\/wp\/v2\/posts"}],"about":[{"href":"https:\/\/www.copealcoy.es\/es\/wp-json\/wp\/v2\/types\/post"}],"author":[{"embeddable":true,"href":"https:\/\/www.copealcoy.es\/es\/wp-json\/wp\/v2\/users\/1"}],"replies":[{"embeddable":true,"href":"https:\/\/www.copealcoy.es\/es\/wp-json\/wp\/v2\/comments?post=127505"}],"version-history":[{"count":0,"href":"https:\/\/www.copealcoy.es\/es\/wp-json\/wp\/v2\/posts\/127505\/revisions"}],"wp:featuredmedia":[{"embeddable":true,"href":"https:\/\/www.copealcoy.es\/es\/wp-json\/wp\/v2\/media\/53512"}],"wp:attachment":[{"href":"https:\/\/www.copealcoy.es\/es\/wp-json\/wp\/v2\/media?parent=127505"}],"wp:term":[{"taxonomy":"category","embeddable":true,"href":"https:\/\/www.copealcoy.es\/es\/wp-json\/wp\/v2\/categories?post=127505"},{"taxonomy":"post_tag","embeddable":true,"href":"https:\/\/www.copealcoy.es\/es\/wp-json\/wp\/v2\/tags?post=127505"}],"curies":[{"name":"wp","href":"https:\/\/api.w.org\/{rel}","templated":true}]}}