{"id":127481,"date":"2024-01-03T07:30:14","date_gmt":"2024-01-03T06:30:14","guid":{"rendered":"https:\/\/www.copealcoy.es\/?p=127481"},"modified":"2024-01-03T08:51:04","modified_gmt":"2024-01-03T07:51:04","slug":"informativo-matinal-miercoles-3-de-enero-2024-0720h","status":"publish","type":"post","link":"https:\/\/www.copealcoy.es\/es\/informativo-matinal-miercoles-3-de-enero-2024-0720h\/","title":{"rendered":"Informativo matinal mi\u00e9rcoles 3 de enero 2024 (07:20h)"},"content":{"rendered":"<p><iframe loading=\"lazy\" title=\"Informatiu Matinal Dimecres 3 De Gener 2024 (07:20h)\" width=\"100%\" height=\"120\" src=\"https:\/\/www.mixcloud.com\/widget\/iframe\/?feed=https%3A%2F%2Fwww.mixcloud.com%2FCOPEAlcoy%2Finformatiu-matinal-dimecres-3-de-gener-2024-0720h%2F&amp;hide_cover=1\" frameborder=\"0\"><\/iframe><\/p>\n<p style=\"text-align: justify;\">El <strong>rescate de dos j\u00f3venes que cayeron por un barranco<\/strong> de camino a Alcoy y los <strong>retos a los que se enfrenta la ciudad este 2024<\/strong> son algunas de las noticias destacadas de este 3 de enero de 2024. Tambi\u00e9n hemos hablado sobre la <strong>visita de Sus Majestades los Reyes Magos de Oriente a Cope Alcoy<\/strong> el pr\u00f3ximo 5 de enero.<\/p>\n<p style=\"text-align: justify;\">Alcoy se prepara para recibir a\u00a0<strong>Sus Majestades los Reyes Magos de Oriente<\/strong>\u00a0el pr\u00f3ximo 5 de enero de 2024. Los monarcas desfilar\u00e1n por la ciudad para repartir ilusi\u00f3n y cumplir los deseos de j\u00f3venes y mayores en la que es la noche m\u00e1s m\u00e1gica y especial del a\u00f1o.<\/p>\n<p style=\"text-align: justify;\">Pero antes de la centenaria cabalgata, la misma ma\u00f1ana del 5 de enero,\u00a0<strong>los Reyes Magos pasar\u00e1n por los micr\u00f3fonos de Cope Alcoy<\/strong>\u00a0para hablar con los ni\u00f1os y ni\u00f1as que lo deseen, despu\u00e9s de bajar del Campamento Real en el que pasan la noche.<\/p>\n<p style=\"text-align: justify;\"><span style=\"color: #0000ff;\"><strong>Participa en el programa<\/strong><\/span><\/p>\n<p style=\"text-align: justify;\">Para que tus ni\u00f1os y ni\u00f1as participen en este programa especial, hay que\u00a0<strong>llamar al 96 533 27 35 antes del 3 de enero a las dos del mediod\u00eda<\/strong>. Nosotros<strong>\u00a0tomaremos buena nota de los datos personales<\/strong>\u00a0y el d\u00eda 5 de enero solo tendr\u00e9is que estar pendientes del tel\u00e9fono para recibir la esperada llamada de los Monarcas.<\/p>\n<p style=\"text-align: justify;\"><span style=\"color: #0000ff;\"><strong>Las entidades que acompa\u00f1an este a\u00f1o a los Reyes<\/strong><\/span><\/p>\n<p style=\"text-align: justify;\">Ya se conocen los nombres de\u00a0<strong>las tres entidades que trabajar\u00e1n codo con codo con Sus Majestades los Reyes Magos de Oriente<\/strong>\u00a0para hacer posible nuestra centenaria Cabalgata. Esta tarea recaer\u00e1 en 2024 en el\u00a0<strong>Club Atletisme Alcoi, SOLC (Asociaci\u00f3n Comarcal de Ayuda en el Tratamiento del C\u00e1ncer) y la Fil\u00e0 Verdes<\/strong>. Est\u00e1 previsto que en el desfile tomen parte\u00a0<strong>m\u00e1s de mil personas<\/strong>\u00a0en una comitiva en la que destacan los heraldos, el portador de la estrella, pajes, antorcheros, servidores o escoltas. Tambi\u00e9n destacan carros engalanados, carrozas, las cuatro bandas de m\u00fasica locales, los grupos de m\u00fasica tradicional, bailes populares y la gente del pueblo.<\/p>\n<p style=\"text-align: justify;\">Antes de ello, como suele ser habitual,\u00a0<strong>el Embajador Real advertir\u00e1<\/strong>\u00a0<strong>de la llegada de los tres monarcas<\/strong>\u00a0en el gran acto del Bando que tendr\u00e1 lugar el 4 de enero a partir de las 18:30h.\u00a0<strong>Tono Belda y Pilar Almer\u00eda<\/strong>, como ya inform\u00f3 COPE ALCOY esta semana, ser\u00e1n quienes ayuden al regio emisario\u00a0<span style=\"color: #0000ff;\"><a style=\"color: #0000ff;\" href=\"https:\/\/www.copealcoy.es\/tono-belda-y-pilar-almeria-dos-de-los-protagonistas-del-bando-real-2024\/\" target=\"_blank\" rel=\"noopener\"><strong>en las tareas de escribir y declamar el texto<\/strong><\/a><\/span>\u00a0que nos animar\u00e1 a acoger con los brazos abiertos a Melchor, Gaspar y Baltasar.<\/p>\n","protected":false},"excerpt":{"rendered":"<p>El rescate de dos j\u00f3venes que cayeron por un barranco de camino a Alcoy y los retos a los que&#8230;<\/p>\n","protected":false},"author":1,"featured_media":110612,"comment_status":"open","ping_status":"open","sticky":false,"template":"","format":"standard","meta":{"footnotes":""},"categories":[6909,89,91],"tags":[],"class_list":["post-127481","post","type-post","status-publish","format-standard","has-post-thumbnail","hentry","category-actualidad","category-audiosdelosprogramas","category-informativos"],"yoast_head":"<!-- This site is optimized with the Yoast SEO plugin v27.3 - https:\/\/yoast.com\/product\/yoast-seo-wordpress\/ -->\n<title>Informativo matinal mi\u00e9rcoles 3 de enero 2024 (07:20h) - COPE Alcoy<\/title>\n<meta name=\"description\" content=\"El rescate de dos j\u00f3venes que cayeron por un barranco de camino a Alcoy y los retos a los que se enfrenta la ciudad este 2024 son algunas de las noticias destacadas de este 3 de enero de 2024.\" \/>\n<meta name=\"robots\" content=\"index, follow, max-snippet:-1, max-image-preview:large, max-video-preview:-1\" \/>\n<link rel=\"canonical\" href=\"https:\/\/www.copealcoy.es\/es\/informativo-matinal-miercoles-3-de-enero-2024-0720h\/\" \/>\n<meta property=\"og:locale\" content=\"es_ES\" \/>\n<meta property=\"og:type\" content=\"article\" \/>\n<meta property=\"og:title\" content=\"Informativo matinal mi\u00e9rcoles 3 de enero 2024 (07:20h) - COPE Alcoy\" \/>\n<meta property=\"og:description\" content=\"El rescate de dos j\u00f3venes que cayeron por un barranco de camino a Alcoy y los retos a los que se enfrenta la ciudad este 2024 son algunas de las noticias destacadas de este 3 de enero de 2024.\" \/>\n<meta property=\"og:url\" content=\"https:\/\/www.copealcoy.es\/es\/informativo-matinal-miercoles-3-de-enero-2024-0720h\/\" \/>\n<meta property=\"og:site_name\" content=\"COPE Alcoy\" \/>\n<meta property=\"article:published_time\" content=\"2024-01-03T06:30:14+00:00\" \/>\n<meta property=\"article:modified_time\" content=\"2024-01-03T07:51:04+00:00\" \/>\n<meta property=\"og:image\" content=\"https:\/\/www.copealcoy.es\/wp-content\/uploads\/2023\/02\/Herrera-en-COPE-Alcoy-4.png\" \/>\n\t<meta property=\"og:image:width\" content=\"357\" \/>\n\t<meta property=\"og:image:height\" content=\"290\" \/>\n\t<meta property=\"og:image:type\" content=\"image\/png\" \/>\n<meta name=\"author\" content=\"Cope Alcoy\" \/>\n<meta name=\"twitter:label1\" content=\"Escrito por\" \/>\n\t<meta name=\"twitter:data1\" content=\"Cope Alcoy\" \/>\n\t<meta name=\"twitter:label2\" content=\"Tiempo de lectura\" \/>\n\t<meta name=\"twitter:data2\" content=\"3 minutos\" \/>\n<script type=\"application\/ld+json\" class=\"yoast-schema-graph\">{\"@context\":\"https:\\\/\\\/schema.org\",\"@graph\":[{\"@type\":\"Article\",\"@id\":\"https:\\\/\\\/www.copealcoy.es\\\/es\\\/informativo-matinal-miercoles-3-de-enero-2024-0720h\\\/#article\",\"isPartOf\":{\"@id\":\"https:\\\/\\\/www.copealcoy.es\\\/es\\\/informativo-matinal-miercoles-3-de-enero-2024-0720h\\\/\"},\"author\":{\"name\":\"Cope Alcoy\",\"@id\":\"https:\\\/\\\/www.copealcoy.es\\\/es\\\/#\\\/schema\\\/person\\\/e777c87fa024e57d40170af9df39882c\"},\"headline\":\"Informativo matinal mi\u00e9rcoles 3 de enero 2024 (07:20h)\",\"datePublished\":\"2024-01-03T06:30:14+00:00\",\"dateModified\":\"2024-01-03T07:51:04+00:00\",\"mainEntityOfPage\":{\"@id\":\"https:\\\/\\\/www.copealcoy.es\\\/es\\\/informativo-matinal-miercoles-3-de-enero-2024-0720h\\\/\"},\"wordCount\":443,\"commentCount\":0,\"image\":{\"@id\":\"https:\\\/\\\/www.copealcoy.es\\\/es\\\/informativo-matinal-miercoles-3-de-enero-2024-0720h\\\/#primaryimage\"},\"thumbnailUrl\":\"https:\\\/\\\/www.copealcoy.es\\\/wp-content\\\/uploads\\\/2023\\\/02\\\/Herrera-en-COPE-Alcoy-4.png\",\"articleSection\":[\"Actualidad\",\"Audios de los programas\",\"Informativos\"],\"inLanguage\":\"es\"},{\"@type\":\"WebPage\",\"@id\":\"https:\\\/\\\/www.copealcoy.es\\\/es\\\/informativo-matinal-miercoles-3-de-enero-2024-0720h\\\/\",\"url\":\"https:\\\/\\\/www.copealcoy.es\\\/es\\\/informativo-matinal-miercoles-3-de-enero-2024-0720h\\\/\",\"name\":\"Informativo matinal mi\u00e9rcoles 3 de enero 2024 (07:20h) - COPE Alcoy\",\"isPartOf\":{\"@id\":\"https:\\\/\\\/www.copealcoy.es\\\/es\\\/#website\"},\"primaryImageOfPage\":{\"@id\":\"https:\\\/\\\/www.copealcoy.es\\\/es\\\/informativo-matinal-miercoles-3-de-enero-2024-0720h\\\/#primaryimage\"},\"image\":{\"@id\":\"https:\\\/\\\/www.copealcoy.es\\\/es\\\/informativo-matinal-miercoles-3-de-enero-2024-0720h\\\/#primaryimage\"},\"thumbnailUrl\":\"https:\\\/\\\/www.copealcoy.es\\\/wp-content\\\/uploads\\\/2023\\\/02\\\/Herrera-en-COPE-Alcoy-4.png\",\"datePublished\":\"2024-01-03T06:30:14+00:00\",\"dateModified\":\"2024-01-03T07:51:04+00:00\",\"author\":{\"@id\":\"https:\\\/\\\/www.copealcoy.es\\\/es\\\/#\\\/schema\\\/person\\\/e777c87fa024e57d40170af9df39882c\"},\"description\":\"El rescate de dos j\u00f3venes que cayeron por un barranco de camino a Alcoy y los retos a los que se enfrenta la ciudad este 2024 son algunas de las noticias destacadas de este 3 de enero de 2024.\",\"breadcrumb\":{\"@id\":\"https:\\\/\\\/www.copealcoy.es\\\/es\\\/informativo-matinal-miercoles-3-de-enero-2024-0720h\\\/#breadcrumb\"},\"inLanguage\":\"es\",\"potentialAction\":[{\"@type\":\"ReadAction\",\"target\":[\"https:\\\/\\\/www.copealcoy.es\\\/es\\\/informativo-matinal-miercoles-3-de-enero-2024-0720h\\\/\"]}]},{\"@type\":\"ImageObject\",\"inLanguage\":\"es\",\"@id\":\"https:\\\/\\\/www.copealcoy.es\\\/es\\\/informativo-matinal-miercoles-3-de-enero-2024-0720h\\\/#primaryimage\",\"url\":\"https:\\\/\\\/www.copealcoy.es\\\/wp-content\\\/uploads\\\/2023\\\/02\\\/Herrera-en-COPE-Alcoy-4.png\",\"contentUrl\":\"https:\\\/\\\/www.copealcoy.es\\\/wp-content\\\/uploads\\\/2023\\\/02\\\/Herrera-en-COPE-Alcoy-4.png\",\"width\":357,\"height\":290},{\"@type\":\"BreadcrumbList\",\"@id\":\"https:\\\/\\\/www.copealcoy.es\\\/es\\\/informativo-matinal-miercoles-3-de-enero-2024-0720h\\\/#breadcrumb\",\"itemListElement\":[{\"@type\":\"ListItem\",\"position\":1,\"name\":\"Portada\",\"item\":\"https:\\\/\\\/www.copealcoy.es\\\/es\\\/\"},{\"@type\":\"ListItem\",\"position\":2,\"name\":\"Informativo matinal mi\u00e9rcoles 3 de enero 2024 (07:20h)\"}]},{\"@type\":\"WebSite\",\"@id\":\"https:\\\/\\\/www.copealcoy.es\\\/es\\\/#website\",\"url\":\"https:\\\/\\\/www.copealcoy.es\\\/es\\\/\",\"name\":\"COPE Alcoy\",\"description\":\"Emisora COPE de radio local con emisi\u00f3n online. Pont de Sant Jordi 8-10 03803 Alcoy\",\"potentialAction\":[{\"@type\":\"SearchAction\",\"target\":{\"@type\":\"EntryPoint\",\"urlTemplate\":\"https:\\\/\\\/www.copealcoy.es\\\/es\\\/?s={search_term_string}\"},\"query-input\":{\"@type\":\"PropertyValueSpecification\",\"valueRequired\":true,\"valueName\":\"search_term_string\"}}],\"inLanguage\":\"es\"},{\"@type\":\"Person\",\"@id\":\"https:\\\/\\\/www.copealcoy.es\\\/es\\\/#\\\/schema\\\/person\\\/e777c87fa024e57d40170af9df39882c\",\"name\":\"Cope Alcoy\",\"image\":{\"@type\":\"ImageObject\",\"inLanguage\":\"es\",\"@id\":\"https:\\\/\\\/secure.gravatar.com\\\/avatar\\\/bb65d0283347e303893ba14f0692005417c1e0e690a325a4c5d8bb2b3943ee14?s=96&d=mm&r=g\",\"url\":\"https:\\\/\\\/secure.gravatar.com\\\/avatar\\\/bb65d0283347e303893ba14f0692005417c1e0e690a325a4c5d8bb2b3943ee14?s=96&d=mm&r=g\",\"contentUrl\":\"https:\\\/\\\/secure.gravatar.com\\\/avatar\\\/bb65d0283347e303893ba14f0692005417c1e0e690a325a4c5d8bb2b3943ee14?s=96&d=mm&r=g\",\"caption\":\"Cope Alcoy\"}}]}<\/script>\n<!-- \/ Yoast SEO plugin. -->","yoast_head_json":{"title":"Informativo matinal mi\u00e9rcoles 3 de enero 2024 (07:20h) - COPE Alcoy","description":"El rescate de dos j\u00f3venes que cayeron por un barranco de camino a Alcoy y los retos a los que se enfrenta la ciudad este 2024 son algunas de las noticias destacadas de este 3 de enero de 2024.","robots":{"index":"index","follow":"follow","max-snippet":"max-snippet:-1","max-image-preview":"max-image-preview:large","max-video-preview":"max-video-preview:-1"},"canonical":"https:\/\/www.copealcoy.es\/es\/informativo-matinal-miercoles-3-de-enero-2024-0720h\/","og_locale":"es_ES","og_type":"article","og_title":"Informativo matinal mi\u00e9rcoles 3 de enero 2024 (07:20h) - COPE Alcoy","og_description":"El rescate de dos j\u00f3venes que cayeron por un barranco de camino a Alcoy y los retos a los que se enfrenta la ciudad este 2024 son algunas de las noticias destacadas de este 3 de enero de 2024.","og_url":"https:\/\/www.copealcoy.es\/es\/informativo-matinal-miercoles-3-de-enero-2024-0720h\/","og_site_name":"COPE Alcoy","article_published_time":"2024-01-03T06:30:14+00:00","article_modified_time":"2024-01-03T07:51:04+00:00","og_image":[{"width":357,"height":290,"url":"https:\/\/www.copealcoy.es\/wp-content\/uploads\/2023\/02\/Herrera-en-COPE-Alcoy-4.png","type":"image\/png"}],"author":"Cope Alcoy","twitter_misc":{"Escrito por":"Cope Alcoy","Tiempo de lectura":"3 minutos"},"schema":{"@context":"https:\/\/schema.org","@graph":[{"@type":"Article","@id":"https:\/\/www.copealcoy.es\/es\/informativo-matinal-miercoles-3-de-enero-2024-0720h\/#article","isPartOf":{"@id":"https:\/\/www.copealcoy.es\/es\/informativo-matinal-miercoles-3-de-enero-2024-0720h\/"},"author":{"name":"Cope Alcoy","@id":"https:\/\/www.copealcoy.es\/es\/#\/schema\/person\/e777c87fa024e57d40170af9df39882c"},"headline":"Informativo matinal mi\u00e9rcoles 3 de enero 2024 (07:20h)","datePublished":"2024-01-03T06:30:14+00:00","dateModified":"2024-01-03T07:51:04+00:00","mainEntityOfPage":{"@id":"https:\/\/www.copealcoy.es\/es\/informativo-matinal-miercoles-3-de-enero-2024-0720h\/"},"wordCount":443,"commentCount":0,"image":{"@id":"https:\/\/www.copealcoy.es\/es\/informativo-matinal-miercoles-3-de-enero-2024-0720h\/#primaryimage"},"thumbnailUrl":"https:\/\/www.copealcoy.es\/wp-content\/uploads\/2023\/02\/Herrera-en-COPE-Alcoy-4.png","articleSection":["Actualidad","Audios de los programas","Informativos"],"inLanguage":"es"},{"@type":"WebPage","@id":"https:\/\/www.copealcoy.es\/es\/informativo-matinal-miercoles-3-de-enero-2024-0720h\/","url":"https:\/\/www.copealcoy.es\/es\/informativo-matinal-miercoles-3-de-enero-2024-0720h\/","name":"Informativo matinal mi\u00e9rcoles 3 de enero 2024 (07:20h) - COPE Alcoy","isPartOf":{"@id":"https:\/\/www.copealcoy.es\/es\/#website"},"primaryImageOfPage":{"@id":"https:\/\/www.copealcoy.es\/es\/informativo-matinal-miercoles-3-de-enero-2024-0720h\/#primaryimage"},"image":{"@id":"https:\/\/www.copealcoy.es\/es\/informativo-matinal-miercoles-3-de-enero-2024-0720h\/#primaryimage"},"thumbnailUrl":"https:\/\/www.copealcoy.es\/wp-content\/uploads\/2023\/02\/Herrera-en-COPE-Alcoy-4.png","datePublished":"2024-01-03T06:30:14+00:00","dateModified":"2024-01-03T07:51:04+00:00","author":{"@id":"https:\/\/www.copealcoy.es\/es\/#\/schema\/person\/e777c87fa024e57d40170af9df39882c"},"description":"El rescate de dos j\u00f3venes que cayeron por un barranco de camino a Alcoy y los retos a los que se enfrenta la ciudad este 2024 son algunas de las noticias destacadas de este 3 de enero de 2024.","breadcrumb":{"@id":"https:\/\/www.copealcoy.es\/es\/informativo-matinal-miercoles-3-de-enero-2024-0720h\/#breadcrumb"},"inLanguage":"es","potentialAction":[{"@type":"ReadAction","target":["https:\/\/www.copealcoy.es\/es\/informativo-matinal-miercoles-3-de-enero-2024-0720h\/"]}]},{"@type":"ImageObject","inLanguage":"es","@id":"https:\/\/www.copealcoy.es\/es\/informativo-matinal-miercoles-3-de-enero-2024-0720h\/#primaryimage","url":"https:\/\/www.copealcoy.es\/wp-content\/uploads\/2023\/02\/Herrera-en-COPE-Alcoy-4.png","contentUrl":"https:\/\/www.copealcoy.es\/wp-content\/uploads\/2023\/02\/Herrera-en-COPE-Alcoy-4.png","width":357,"height":290},{"@type":"BreadcrumbList","@id":"https:\/\/www.copealcoy.es\/es\/informativo-matinal-miercoles-3-de-enero-2024-0720h\/#breadcrumb","itemListElement":[{"@type":"ListItem","position":1,"name":"Portada","item":"https:\/\/www.copealcoy.es\/es\/"},{"@type":"ListItem","position":2,"name":"Informativo matinal mi\u00e9rcoles 3 de enero 2024 (07:20h)"}]},{"@type":"WebSite","@id":"https:\/\/www.copealcoy.es\/es\/#website","url":"https:\/\/www.copealcoy.es\/es\/","name":"COPE Alcoy","description":"Emisora COPE de radio local con emisi\u00f3n online. Pont de Sant Jordi 8-10 03803 Alcoy","potentialAction":[{"@type":"SearchAction","target":{"@type":"EntryPoint","urlTemplate":"https:\/\/www.copealcoy.es\/es\/?s={search_term_string}"},"query-input":{"@type":"PropertyValueSpecification","valueRequired":true,"valueName":"search_term_string"}}],"inLanguage":"es"},{"@type":"Person","@id":"https:\/\/www.copealcoy.es\/es\/#\/schema\/person\/e777c87fa024e57d40170af9df39882c","name":"Cope Alcoy","image":{"@type":"ImageObject","inLanguage":"es","@id":"https:\/\/secure.gravatar.com\/avatar\/bb65d0283347e303893ba14f0692005417c1e0e690a325a4c5d8bb2b3943ee14?s=96&d=mm&r=g","url":"https:\/\/secure.gravatar.com\/avatar\/bb65d0283347e303893ba14f0692005417c1e0e690a325a4c5d8bb2b3943ee14?s=96&d=mm&r=g","contentUrl":"https:\/\/secure.gravatar.com\/avatar\/bb65d0283347e303893ba14f0692005417c1e0e690a325a4c5d8bb2b3943ee14?s=96&d=mm&r=g","caption":"Cope Alcoy"}}]}},"_links":{"self":[{"href":"https:\/\/www.copealcoy.es\/es\/wp-json\/wp\/v2\/posts\/127481","targetHints":{"allow":["GET"]}}],"collection":[{"href":"https:\/\/www.copealcoy.es\/es\/wp-json\/wp\/v2\/posts"}],"about":[{"href":"https:\/\/www.copealcoy.es\/es\/wp-json\/wp\/v2\/types\/post"}],"author":[{"embeddable":true,"href":"https:\/\/www.copealcoy.es\/es\/wp-json\/wp\/v2\/users\/1"}],"replies":[{"embeddable":true,"href":"https:\/\/www.copealcoy.es\/es\/wp-json\/wp\/v2\/comments?post=127481"}],"version-history":[{"count":0,"href":"https:\/\/www.copealcoy.es\/es\/wp-json\/wp\/v2\/posts\/127481\/revisions"}],"wp:featuredmedia":[{"embeddable":true,"href":"https:\/\/www.copealcoy.es\/es\/wp-json\/wp\/v2\/media\/110612"}],"wp:attachment":[{"href":"https:\/\/www.copealcoy.es\/es\/wp-json\/wp\/v2\/media?parent=127481"}],"wp:term":[{"taxonomy":"category","embeddable":true,"href":"https:\/\/www.copealcoy.es\/es\/wp-json\/wp\/v2\/categories?post=127481"},{"taxonomy":"post_tag","embeddable":true,"href":"https:\/\/www.copealcoy.es\/es\/wp-json\/wp\/v2\/tags?post=127481"}],"curies":[{"name":"wp","href":"https:\/\/api.w.org\/{rel}","templated":true}]}}