{"id":127455,"date":"2023-12-31T12:51:36","date_gmt":"2023-12-31T11:51:36","guid":{"rendered":"https:\/\/www.copealcoy.es\/?p=127455"},"modified":"2024-01-02T13:08:24","modified_gmt":"2024-01-02T12:08:24","slug":"el-belen-de-san-mauro-es-otro-de-los-atractivos-de-la-navidad-en-alcoy","status":"publish","type":"post","link":"https:\/\/www.copealcoy.es\/es\/el-belen-de-san-mauro-es-otro-de-los-atractivos-de-la-navidad-en-alcoy\/","title":{"rendered":"El Bel\u00e9n de San Mauro es otro de los atractivos de la Navidad en Alcoy"},"content":{"rendered":"<p style=\"text-align: justify;\">La <strong>Parroquia de San Mauro y San Francisco de Alcoy<\/strong> tambi\u00e9n ha montado su particular Bel\u00e9n en esta Navidad. En el conjunto encontramos <strong>escenas habituales<\/strong> relacionadas con el Nacimiento de Jes\u00fas e incluso vemos la representaci\u00f3n de la Adoraci\u00f3n de los Reyes Magos, la Anunciaci\u00f3n a los pastores o la recreaci\u00f3n de escenas costumbristas del pueblo que presenci\u00f3 el alumbramiento del Salvador.<\/p>\n<p style=\"text-align: justify;\">Esta representaci\u00f3n, que muchos visitan en Navidad, se une a las propuestas que ha preparado este a\u00f1o <a href=\"https:\/\/www.facebook.com\/BelenSantaRosaAlcoy\" target=\"_blank\" rel=\"noopener\"><strong><span style=\"color: #0000ff;\">la Asociaci\u00f3n Belenista de Santa Rosa<\/span><\/strong><\/a>. El\u00a0<strong>primero de los conjuntos<\/strong>\u00a0fue bendecido el viernes 1 de diciembre en\u00a0<strong>la iglesia de Santa Mar\u00eda<\/strong>\u00a0por parte de Don Jes\u00fas Fuentes, el nuevo titular de las parroquias del Centro. Se trata de dos grandes Belenes en los que encontramos escenas habituales como la Anunciaci\u00f3n, la Hu\u00edda a Egipto, el Nacimiento de Jes\u00fas o la Venida de los Reyes Magos \u00ab<em>y en este \u00faltimo aspecto encontramos algo que nos hace mucha ilusi\u00f3n y que, por lo que nos dicen, est\u00e1 gustando mucho. Hemos representado la Adoraci\u00f3n de los Magos llevada al terreno de Alcoy con una recreaci\u00f3n fidedigna de la Plaza de Espa\u00f1a en el instante en el que se produce este momento durante la Cabalgata del cinco de enero<\/em>\u00ab, detallaban en COPE ALCOY\u00a0<strong>Jos\u00e9 Miguel Bou y Paco Guillem<\/strong>; representantes de la misma Asociaci\u00f3n Belenista de Santa Rosa. Esta \u00faltima representaci\u00f3n<strong>\u00a0ha despertado mucha admiraci\u00f3n entre todos los que visitan Alcoy<\/strong>\u00a0estos d\u00edas y se deciden a pasar por el templo.<\/p>\n<p style=\"text-align: justify;\">A ello se le suman\u00a0<strong>el Bel\u00e9n que han montado en las oficinas de Mutua de Levante de la Zona Norte<\/strong>\u00a0y que fue inaugurado antes del puente festivo de La Constituci\u00f3n. Adem\u00e1s, ha abierto sus puertas\u00a0<strong>el Bel\u00e9n del C\u00edrculo Industrial<\/strong>\u00a0y en el mediod\u00eda del D\u00eda de La Inmaculada Concepci\u00f3n se bendijo\u00a0<strong>el Bel\u00e9n de Santa Rosa<\/strong>\u00a0que se ubica en las vitrinas de la oficina que Caixa Ontinyent tiene en esta barriada.<\/p>\n<p>&nbsp;<\/p>\n","protected":false},"excerpt":{"rendered":"<p>La Parroquia de San Mauro y San Francisco de Alcoy tambi\u00e9n ha montado su particular Bel\u00e9n en esta Navidad. En&#8230;<\/p>\n","protected":false},"author":1,"featured_media":127456,"comment_status":"open","ping_status":"open","sticky":false,"template":"","format":"standard","meta":{"footnotes":""},"categories":[6909,97,78,75],"tags":[1494,210,174,10639],"class_list":["post-127455","post","type-post","status-publish","format-standard","has-post-thumbnail","hentry","category-actualidad","category-alcoy","category-fiestaycultura","category-noticias","tag-alcoy","tag-belen","tag-navidad","tag-parroquia-de-san-mauro-y-san-francisco"],"yoast_head":"<!-- This site is optimized with the Yoast SEO plugin v27.3 - https:\/\/yoast.com\/product\/yoast-seo-wordpress\/ -->\n<title>El Bel\u00e9n de San Mauro es otro de los atractivos de la Navidad en Alcoy - COPE Alcoy<\/title>\n<meta name=\"description\" content=\"La Parroquia de San Mauro y San Francisco de Alcoy tambi\u00e9n ha montado su particular Bel\u00e9n en esta Navidad\" \/>\n<meta name=\"robots\" content=\"index, follow, max-snippet:-1, max-image-preview:large, max-video-preview:-1\" \/>\n<link rel=\"canonical\" href=\"https:\/\/www.copealcoy.es\/es\/el-belen-de-san-mauro-es-otro-de-los-atractivos-de-la-navidad-en-alcoy\/\" \/>\n<meta property=\"og:locale\" content=\"es_ES\" \/>\n<meta property=\"og:type\" content=\"article\" \/>\n<meta property=\"og:title\" content=\"El Bel\u00e9n de San Mauro es otro de los atractivos de la Navidad en Alcoy - COPE Alcoy\" \/>\n<meta property=\"og:description\" content=\"La Parroquia de San Mauro y San Francisco de Alcoy tambi\u00e9n ha montado su particular Bel\u00e9n en esta Navidad\" \/>\n<meta property=\"og:url\" content=\"https:\/\/www.copealcoy.es\/es\/el-belen-de-san-mauro-es-otro-de-los-atractivos-de-la-navidad-en-alcoy\/\" \/>\n<meta property=\"og:site_name\" content=\"COPE Alcoy\" \/>\n<meta property=\"article:published_time\" content=\"2023-12-31T11:51:36+00:00\" \/>\n<meta property=\"article:modified_time\" content=\"2024-01-02T12:08:24+00:00\" \/>\n<meta property=\"og:image\" content=\"https:\/\/www.copealcoy.es\/wp-content\/uploads\/2024\/01\/32be837d-fb90-46da-8caa-d2a2c197e9b1-scaled.jpg\" \/>\n\t<meta property=\"og:image:width\" content=\"1440\" \/>\n\t<meta property=\"og:image:height\" content=\"1080\" \/>\n\t<meta property=\"og:image:type\" content=\"image\/jpeg\" \/>\n<meta name=\"author\" content=\"Cope Alcoy\" \/>\n<meta name=\"twitter:label1\" content=\"Escrito por\" \/>\n\t<meta name=\"twitter:data1\" content=\"Cope Alcoy\" \/>\n\t<meta name=\"twitter:label2\" content=\"Tiempo de lectura\" \/>\n\t<meta name=\"twitter:data2\" content=\"2 minutos\" \/>\n<script type=\"application\/ld+json\" class=\"yoast-schema-graph\">{\"@context\":\"https:\\\/\\\/schema.org\",\"@graph\":[{\"@type\":\"Article\",\"@id\":\"https:\\\/\\\/www.copealcoy.es\\\/es\\\/el-belen-de-san-mauro-es-otro-de-los-atractivos-de-la-navidad-en-alcoy\\\/#article\",\"isPartOf\":{\"@id\":\"https:\\\/\\\/www.copealcoy.es\\\/es\\\/el-belen-de-san-mauro-es-otro-de-los-atractivos-de-la-navidad-en-alcoy\\\/\"},\"author\":{\"name\":\"Cope Alcoy\",\"@id\":\"https:\\\/\\\/www.copealcoy.es\\\/es\\\/#\\\/schema\\\/person\\\/e777c87fa024e57d40170af9df39882c\"},\"headline\":\"El Bel\u00e9n de San Mauro es otro de los atractivos de la Navidad en Alcoy\",\"datePublished\":\"2023-12-31T11:51:36+00:00\",\"dateModified\":\"2024-01-02T12:08:24+00:00\",\"mainEntityOfPage\":{\"@id\":\"https:\\\/\\\/www.copealcoy.es\\\/es\\\/el-belen-de-san-mauro-es-otro-de-los-atractivos-de-la-navidad-en-alcoy\\\/\"},\"wordCount\":372,\"commentCount\":0,\"image\":{\"@id\":\"https:\\\/\\\/www.copealcoy.es\\\/es\\\/el-belen-de-san-mauro-es-otro-de-los-atractivos-de-la-navidad-en-alcoy\\\/#primaryimage\"},\"thumbnailUrl\":\"https:\\\/\\\/www.copealcoy.es\\\/wp-content\\\/uploads\\\/2024\\\/01\\\/32be837d-fb90-46da-8caa-d2a2c197e9b1-scaled.jpg\",\"keywords\":[\"Alcoy\",\"Bel\u00e9n\",\"Navidad\",\"Parroquia de San Mauro y San Francisco\"],\"articleSection\":[\"Actualidad\",\"Alcoy\",\"Fiesta y Cultura\",\"Noticias\"],\"inLanguage\":\"es\"},{\"@type\":\"WebPage\",\"@id\":\"https:\\\/\\\/www.copealcoy.es\\\/es\\\/el-belen-de-san-mauro-es-otro-de-los-atractivos-de-la-navidad-en-alcoy\\\/\",\"url\":\"https:\\\/\\\/www.copealcoy.es\\\/es\\\/el-belen-de-san-mauro-es-otro-de-los-atractivos-de-la-navidad-en-alcoy\\\/\",\"name\":\"El Bel\u00e9n de San Mauro es otro de los atractivos de la Navidad en Alcoy - COPE Alcoy\",\"isPartOf\":{\"@id\":\"https:\\\/\\\/www.copealcoy.es\\\/es\\\/#website\"},\"primaryImageOfPage\":{\"@id\":\"https:\\\/\\\/www.copealcoy.es\\\/es\\\/el-belen-de-san-mauro-es-otro-de-los-atractivos-de-la-navidad-en-alcoy\\\/#primaryimage\"},\"image\":{\"@id\":\"https:\\\/\\\/www.copealcoy.es\\\/es\\\/el-belen-de-san-mauro-es-otro-de-los-atractivos-de-la-navidad-en-alcoy\\\/#primaryimage\"},\"thumbnailUrl\":\"https:\\\/\\\/www.copealcoy.es\\\/wp-content\\\/uploads\\\/2024\\\/01\\\/32be837d-fb90-46da-8caa-d2a2c197e9b1-scaled.jpg\",\"datePublished\":\"2023-12-31T11:51:36+00:00\",\"dateModified\":\"2024-01-02T12:08:24+00:00\",\"author\":{\"@id\":\"https:\\\/\\\/www.copealcoy.es\\\/es\\\/#\\\/schema\\\/person\\\/e777c87fa024e57d40170af9df39882c\"},\"description\":\"La Parroquia de San Mauro y San Francisco de Alcoy tambi\u00e9n ha montado su particular Bel\u00e9n en esta Navidad\",\"breadcrumb\":{\"@id\":\"https:\\\/\\\/www.copealcoy.es\\\/es\\\/el-belen-de-san-mauro-es-otro-de-los-atractivos-de-la-navidad-en-alcoy\\\/#breadcrumb\"},\"inLanguage\":\"es\",\"potentialAction\":[{\"@type\":\"ReadAction\",\"target\":[\"https:\\\/\\\/www.copealcoy.es\\\/es\\\/el-belen-de-san-mauro-es-otro-de-los-atractivos-de-la-navidad-en-alcoy\\\/\"]}]},{\"@type\":\"ImageObject\",\"inLanguage\":\"es\",\"@id\":\"https:\\\/\\\/www.copealcoy.es\\\/es\\\/el-belen-de-san-mauro-es-otro-de-los-atractivos-de-la-navidad-en-alcoy\\\/#primaryimage\",\"url\":\"https:\\\/\\\/www.copealcoy.es\\\/wp-content\\\/uploads\\\/2024\\\/01\\\/32be837d-fb90-46da-8caa-d2a2c197e9b1-scaled.jpg\",\"contentUrl\":\"https:\\\/\\\/www.copealcoy.es\\\/wp-content\\\/uploads\\\/2024\\\/01\\\/32be837d-fb90-46da-8caa-d2a2c197e9b1-scaled.jpg\",\"width\":1440,\"height\":1080},{\"@type\":\"BreadcrumbList\",\"@id\":\"https:\\\/\\\/www.copealcoy.es\\\/es\\\/el-belen-de-san-mauro-es-otro-de-los-atractivos-de-la-navidad-en-alcoy\\\/#breadcrumb\",\"itemListElement\":[{\"@type\":\"ListItem\",\"position\":1,\"name\":\"Portada\",\"item\":\"https:\\\/\\\/www.copealcoy.es\\\/es\\\/\"},{\"@type\":\"ListItem\",\"position\":2,\"name\":\"El Bel\u00e9n de San Mauro es otro de los atractivos de la Navidad en Alcoy\"}]},{\"@type\":\"WebSite\",\"@id\":\"https:\\\/\\\/www.copealcoy.es\\\/es\\\/#website\",\"url\":\"https:\\\/\\\/www.copealcoy.es\\\/es\\\/\",\"name\":\"COPE Alcoy\",\"description\":\"Emisora COPE de radio local con emisi\u00f3n online. Pont de Sant Jordi 8-10 03803 Alcoy\",\"potentialAction\":[{\"@type\":\"SearchAction\",\"target\":{\"@type\":\"EntryPoint\",\"urlTemplate\":\"https:\\\/\\\/www.copealcoy.es\\\/es\\\/?s={search_term_string}\"},\"query-input\":{\"@type\":\"PropertyValueSpecification\",\"valueRequired\":true,\"valueName\":\"search_term_string\"}}],\"inLanguage\":\"es\"},{\"@type\":\"Person\",\"@id\":\"https:\\\/\\\/www.copealcoy.es\\\/es\\\/#\\\/schema\\\/person\\\/e777c87fa024e57d40170af9df39882c\",\"name\":\"Cope Alcoy\",\"image\":{\"@type\":\"ImageObject\",\"inLanguage\":\"es\",\"@id\":\"https:\\\/\\\/secure.gravatar.com\\\/avatar\\\/bb65d0283347e303893ba14f0692005417c1e0e690a325a4c5d8bb2b3943ee14?s=96&d=mm&r=g\",\"url\":\"https:\\\/\\\/secure.gravatar.com\\\/avatar\\\/bb65d0283347e303893ba14f0692005417c1e0e690a325a4c5d8bb2b3943ee14?s=96&d=mm&r=g\",\"contentUrl\":\"https:\\\/\\\/secure.gravatar.com\\\/avatar\\\/bb65d0283347e303893ba14f0692005417c1e0e690a325a4c5d8bb2b3943ee14?s=96&d=mm&r=g\",\"caption\":\"Cope Alcoy\"}}]}<\/script>\n<!-- \/ Yoast SEO plugin. -->","yoast_head_json":{"title":"El Bel\u00e9n de San Mauro es otro de los atractivos de la Navidad en Alcoy - COPE Alcoy","description":"La Parroquia de San Mauro y San Francisco de Alcoy tambi\u00e9n ha montado su particular Bel\u00e9n en esta Navidad","robots":{"index":"index","follow":"follow","max-snippet":"max-snippet:-1","max-image-preview":"max-image-preview:large","max-video-preview":"max-video-preview:-1"},"canonical":"https:\/\/www.copealcoy.es\/es\/el-belen-de-san-mauro-es-otro-de-los-atractivos-de-la-navidad-en-alcoy\/","og_locale":"es_ES","og_type":"article","og_title":"El Bel\u00e9n de San Mauro es otro de los atractivos de la Navidad en Alcoy - COPE Alcoy","og_description":"La Parroquia de San Mauro y San Francisco de Alcoy tambi\u00e9n ha montado su particular Bel\u00e9n en esta Navidad","og_url":"https:\/\/www.copealcoy.es\/es\/el-belen-de-san-mauro-es-otro-de-los-atractivos-de-la-navidad-en-alcoy\/","og_site_name":"COPE Alcoy","article_published_time":"2023-12-31T11:51:36+00:00","article_modified_time":"2024-01-02T12:08:24+00:00","og_image":[{"width":1440,"height":1080,"url":"https:\/\/www.copealcoy.es\/wp-content\/uploads\/2024\/01\/32be837d-fb90-46da-8caa-d2a2c197e9b1-scaled.jpg","type":"image\/jpeg"}],"author":"Cope Alcoy","twitter_misc":{"Escrito por":"Cope Alcoy","Tiempo de lectura":"2 minutos"},"schema":{"@context":"https:\/\/schema.org","@graph":[{"@type":"Article","@id":"https:\/\/www.copealcoy.es\/es\/el-belen-de-san-mauro-es-otro-de-los-atractivos-de-la-navidad-en-alcoy\/#article","isPartOf":{"@id":"https:\/\/www.copealcoy.es\/es\/el-belen-de-san-mauro-es-otro-de-los-atractivos-de-la-navidad-en-alcoy\/"},"author":{"name":"Cope Alcoy","@id":"https:\/\/www.copealcoy.es\/es\/#\/schema\/person\/e777c87fa024e57d40170af9df39882c"},"headline":"El Bel\u00e9n de San Mauro es otro de los atractivos de la Navidad en Alcoy","datePublished":"2023-12-31T11:51:36+00:00","dateModified":"2024-01-02T12:08:24+00:00","mainEntityOfPage":{"@id":"https:\/\/www.copealcoy.es\/es\/el-belen-de-san-mauro-es-otro-de-los-atractivos-de-la-navidad-en-alcoy\/"},"wordCount":372,"commentCount":0,"image":{"@id":"https:\/\/www.copealcoy.es\/es\/el-belen-de-san-mauro-es-otro-de-los-atractivos-de-la-navidad-en-alcoy\/#primaryimage"},"thumbnailUrl":"https:\/\/www.copealcoy.es\/wp-content\/uploads\/2024\/01\/32be837d-fb90-46da-8caa-d2a2c197e9b1-scaled.jpg","keywords":["Alcoy","Bel\u00e9n","Navidad","Parroquia de San Mauro y San Francisco"],"articleSection":["Actualidad","Alcoy","Fiesta y Cultura","Noticias"],"inLanguage":"es"},{"@type":"WebPage","@id":"https:\/\/www.copealcoy.es\/es\/el-belen-de-san-mauro-es-otro-de-los-atractivos-de-la-navidad-en-alcoy\/","url":"https:\/\/www.copealcoy.es\/es\/el-belen-de-san-mauro-es-otro-de-los-atractivos-de-la-navidad-en-alcoy\/","name":"El Bel\u00e9n de San Mauro es otro de los atractivos de la Navidad en Alcoy - COPE Alcoy","isPartOf":{"@id":"https:\/\/www.copealcoy.es\/es\/#website"},"primaryImageOfPage":{"@id":"https:\/\/www.copealcoy.es\/es\/el-belen-de-san-mauro-es-otro-de-los-atractivos-de-la-navidad-en-alcoy\/#primaryimage"},"image":{"@id":"https:\/\/www.copealcoy.es\/es\/el-belen-de-san-mauro-es-otro-de-los-atractivos-de-la-navidad-en-alcoy\/#primaryimage"},"thumbnailUrl":"https:\/\/www.copealcoy.es\/wp-content\/uploads\/2024\/01\/32be837d-fb90-46da-8caa-d2a2c197e9b1-scaled.jpg","datePublished":"2023-12-31T11:51:36+00:00","dateModified":"2024-01-02T12:08:24+00:00","author":{"@id":"https:\/\/www.copealcoy.es\/es\/#\/schema\/person\/e777c87fa024e57d40170af9df39882c"},"description":"La Parroquia de San Mauro y San Francisco de Alcoy tambi\u00e9n ha montado su particular Bel\u00e9n en esta Navidad","breadcrumb":{"@id":"https:\/\/www.copealcoy.es\/es\/el-belen-de-san-mauro-es-otro-de-los-atractivos-de-la-navidad-en-alcoy\/#breadcrumb"},"inLanguage":"es","potentialAction":[{"@type":"ReadAction","target":["https:\/\/www.copealcoy.es\/es\/el-belen-de-san-mauro-es-otro-de-los-atractivos-de-la-navidad-en-alcoy\/"]}]},{"@type":"ImageObject","inLanguage":"es","@id":"https:\/\/www.copealcoy.es\/es\/el-belen-de-san-mauro-es-otro-de-los-atractivos-de-la-navidad-en-alcoy\/#primaryimage","url":"https:\/\/www.copealcoy.es\/wp-content\/uploads\/2024\/01\/32be837d-fb90-46da-8caa-d2a2c197e9b1-scaled.jpg","contentUrl":"https:\/\/www.copealcoy.es\/wp-content\/uploads\/2024\/01\/32be837d-fb90-46da-8caa-d2a2c197e9b1-scaled.jpg","width":1440,"height":1080},{"@type":"BreadcrumbList","@id":"https:\/\/www.copealcoy.es\/es\/el-belen-de-san-mauro-es-otro-de-los-atractivos-de-la-navidad-en-alcoy\/#breadcrumb","itemListElement":[{"@type":"ListItem","position":1,"name":"Portada","item":"https:\/\/www.copealcoy.es\/es\/"},{"@type":"ListItem","position":2,"name":"El Bel\u00e9n de San Mauro es otro de los atractivos de la Navidad en Alcoy"}]},{"@type":"WebSite","@id":"https:\/\/www.copealcoy.es\/es\/#website","url":"https:\/\/www.copealcoy.es\/es\/","name":"COPE Alcoy","description":"Emisora COPE de radio local con emisi\u00f3n online. Pont de Sant Jordi 8-10 03803 Alcoy","potentialAction":[{"@type":"SearchAction","target":{"@type":"EntryPoint","urlTemplate":"https:\/\/www.copealcoy.es\/es\/?s={search_term_string}"},"query-input":{"@type":"PropertyValueSpecification","valueRequired":true,"valueName":"search_term_string"}}],"inLanguage":"es"},{"@type":"Person","@id":"https:\/\/www.copealcoy.es\/es\/#\/schema\/person\/e777c87fa024e57d40170af9df39882c","name":"Cope Alcoy","image":{"@type":"ImageObject","inLanguage":"es","@id":"https:\/\/secure.gravatar.com\/avatar\/bb65d0283347e303893ba14f0692005417c1e0e690a325a4c5d8bb2b3943ee14?s=96&d=mm&r=g","url":"https:\/\/secure.gravatar.com\/avatar\/bb65d0283347e303893ba14f0692005417c1e0e690a325a4c5d8bb2b3943ee14?s=96&d=mm&r=g","contentUrl":"https:\/\/secure.gravatar.com\/avatar\/bb65d0283347e303893ba14f0692005417c1e0e690a325a4c5d8bb2b3943ee14?s=96&d=mm&r=g","caption":"Cope Alcoy"}}]}},"_links":{"self":[{"href":"https:\/\/www.copealcoy.es\/es\/wp-json\/wp\/v2\/posts\/127455","targetHints":{"allow":["GET"]}}],"collection":[{"href":"https:\/\/www.copealcoy.es\/es\/wp-json\/wp\/v2\/posts"}],"about":[{"href":"https:\/\/www.copealcoy.es\/es\/wp-json\/wp\/v2\/types\/post"}],"author":[{"embeddable":true,"href":"https:\/\/www.copealcoy.es\/es\/wp-json\/wp\/v2\/users\/1"}],"replies":[{"embeddable":true,"href":"https:\/\/www.copealcoy.es\/es\/wp-json\/wp\/v2\/comments?post=127455"}],"version-history":[{"count":0,"href":"https:\/\/www.copealcoy.es\/es\/wp-json\/wp\/v2\/posts\/127455\/revisions"}],"wp:featuredmedia":[{"embeddable":true,"href":"https:\/\/www.copealcoy.es\/es\/wp-json\/wp\/v2\/media\/127456"}],"wp:attachment":[{"href":"https:\/\/www.copealcoy.es\/es\/wp-json\/wp\/v2\/media?parent=127455"}],"wp:term":[{"taxonomy":"category","embeddable":true,"href":"https:\/\/www.copealcoy.es\/es\/wp-json\/wp\/v2\/categories?post=127455"},{"taxonomy":"post_tag","embeddable":true,"href":"https:\/\/www.copealcoy.es\/es\/wp-json\/wp\/v2\/tags?post=127455"}],"curies":[{"name":"wp","href":"https:\/\/api.w.org\/{rel}","templated":true}]}}