{"id":12744,"date":"2015-05-05T10:26:53","date_gmt":"2015-05-05T10:26:53","guid":{"rendered":"http:\/\/copealcoi.es\/new\/?p=12744"},"modified":"2015-05-05T14:35:10","modified_gmt":"2015-05-05T14:35:10","slug":"cotes-baixes-aumenta-su-oferta-en-ciclos-de-grado-medio","status":"publish","type":"post","link":"https:\/\/www.copealcoy.es\/es\/cotes-baixes-aumenta-su-oferta-en-ciclos-de-grado-medio\/","title":{"rendered":"Cotes Baixes aumenta su oferta en Ciclos de grado medio"},"content":{"rendered":"<p style=\"text-align: justify;\">El instituto Cotes Baixes de Alcoy en colaboraci\u00f3n con ASOTRAC (Associaci\u00f3 del Transport Alcoi\u00e0-Comtat) ha presentado el nuevo ciclo formativo de grado medio de T\u00e9cnico en conducci\u00f3n de veh\u00edculos de transporte por carretera. El instituto Cotes Baixes ser\u00e1 el primer centro educativo de la Comunidad Valenciana que impartir\u00e1 este grado medio, hasta el momento tan solo exist\u00eda en las comunidades de Arag\u00f3n, P\u00e1is Vasco y Cantabria.<\/p>\n<p style=\"text-align: justify;\">El ciclo medio tendr\u00e1 una duraci\u00f3n de 2.000 horas de las cuales 380 son en formaci\u00f3n de centros de trabajo FCT. Este m\u00f3dulo que se engloba dentro de la familia de mantenimiento de veh\u00edculos permitir\u00e1 a todos aquellos que dispongan de \u00e9l conducir desde camiones de transporte internacional, hormigoneras, autobuses, taxis e incluso camiones cisternas.<\/p>\n<p style=\"text-align: justify;\">El grado medio empezar\u00e1 a impartirse a partir del pr\u00f3ximo curso y cuenta con la colaboraci\u00f3n de Autoescuela Jord\u00e1 la cual facilitar\u00e1 sus infraestructuras para que se realicen las pr\u00e1cticas.<\/p>\n","protected":false},"excerpt":{"rendered":"<p>El instituto Cotes Baixes de Alcoy en colaboraci\u00f3n con ASOTRAC (Associaci\u00f3 del Transport Alcoi\u00e0-Comtat) ha presentado el nuevo ciclo formativo&#8230;<\/p>\n","protected":false},"author":1,"featured_media":12746,"comment_status":"open","ping_status":"open","sticky":false,"template":"","format":"standard","meta":{"footnotes":""},"categories":[97,900,75],"tags":[1494,559,423,510],"class_list":["post-12744","post","type-post","status-publish","format-standard","has-post-thumbnail","hentry","category-alcoy","category-educacion","category-noticias","tag-alcoy","tag-cotes-baixes","tag-educacion","tag-formacion"],"yoast_head":"<!-- This site is optimized with the Yoast SEO plugin v27.3 - https:\/\/yoast.com\/product\/yoast-seo-wordpress\/ -->\n<title>Cotes Baixes aumenta su oferta en Ciclos de grado medio - COPE Alcoy<\/title>\n<meta name=\"robots\" content=\"index, follow, max-snippet:-1, max-image-preview:large, max-video-preview:-1\" \/>\n<link rel=\"canonical\" href=\"https:\/\/www.copealcoy.es\/es\/cotes-baixes-aumenta-su-oferta-en-ciclos-de-grado-medio\/\" \/>\n<meta property=\"og:locale\" content=\"es_ES\" \/>\n<meta property=\"og:type\" content=\"article\" \/>\n<meta property=\"og:title\" content=\"Cotes Baixes aumenta su oferta en Ciclos de grado medio - COPE Alcoy\" \/>\n<meta property=\"og:description\" content=\"El instituto Cotes Baixes de Alcoy en colaboraci\u00f3n con ASOTRAC (Associaci\u00f3 del Transport Alcoi\u00e0-Comtat) ha presentado el nuevo ciclo formativo...\" \/>\n<meta property=\"og:url\" content=\"https:\/\/www.copealcoy.es\/es\/cotes-baixes-aumenta-su-oferta-en-ciclos-de-grado-medio\/\" \/>\n<meta property=\"og:site_name\" content=\"COPE Alcoy\" \/>\n<meta property=\"article:published_time\" content=\"2015-05-05T10:26:53+00:00\" \/>\n<meta property=\"article:modified_time\" content=\"2015-05-05T14:35:10+00:00\" \/>\n<meta property=\"og:image\" content=\"https:\/\/www.copealcoy.es\/wp-content\/uploads\/2015\/05\/IMG_20150505_094910148.jpg\" \/>\n\t<meta property=\"og:image:width\" content=\"2592\" \/>\n\t<meta property=\"og:image:height\" content=\"1456\" \/>\n\t<meta property=\"og:image:type\" content=\"image\/jpeg\" \/>\n<meta name=\"author\" content=\"Cope Alcoy\" \/>\n<meta name=\"twitter:label1\" content=\"Escrito por\" \/>\n\t<meta name=\"twitter:data1\" content=\"Cope Alcoy\" \/>\n\t<meta name=\"twitter:label2\" content=\"Tiempo de lectura\" \/>\n\t<meta name=\"twitter:data2\" content=\"1 minuto\" \/>\n<script type=\"application\/ld+json\" class=\"yoast-schema-graph\">{\"@context\":\"https:\\\/\\\/schema.org\",\"@graph\":[{\"@type\":\"Article\",\"@id\":\"https:\\\/\\\/www.copealcoy.es\\\/es\\\/cotes-baixes-aumenta-su-oferta-en-ciclos-de-grado-medio\\\/#article\",\"isPartOf\":{\"@id\":\"https:\\\/\\\/www.copealcoy.es\\\/es\\\/cotes-baixes-aumenta-su-oferta-en-ciclos-de-grado-medio\\\/\"},\"author\":{\"name\":\"Cope Alcoy\",\"@id\":\"https:\\\/\\\/www.copealcoy.es\\\/es\\\/#\\\/schema\\\/person\\\/e777c87fa024e57d40170af9df39882c\"},\"headline\":\"Cotes Baixes aumenta su oferta en Ciclos de grado medio\",\"datePublished\":\"2015-05-05T10:26:53+00:00\",\"dateModified\":\"2015-05-05T14:35:10+00:00\",\"mainEntityOfPage\":{\"@id\":\"https:\\\/\\\/www.copealcoy.es\\\/es\\\/cotes-baixes-aumenta-su-oferta-en-ciclos-de-grado-medio\\\/\"},\"wordCount\":174,\"commentCount\":0,\"image\":{\"@id\":\"https:\\\/\\\/www.copealcoy.es\\\/es\\\/cotes-baixes-aumenta-su-oferta-en-ciclos-de-grado-medio\\\/#primaryimage\"},\"thumbnailUrl\":\"https:\\\/\\\/www.copealcoy.es\\\/wp-content\\\/uploads\\\/2015\\\/05\\\/IMG_20150505_094910148.jpg\",\"keywords\":[\"Alcoy\",\"Cotes Baixes\",\"Educaci\u00f3n\",\"Formaci\u00f3n\"],\"articleSection\":[\"Alcoy\",\"Educaci\u00f3n\",\"Noticias\"],\"inLanguage\":\"es\"},{\"@type\":\"WebPage\",\"@id\":\"https:\\\/\\\/www.copealcoy.es\\\/es\\\/cotes-baixes-aumenta-su-oferta-en-ciclos-de-grado-medio\\\/\",\"url\":\"https:\\\/\\\/www.copealcoy.es\\\/es\\\/cotes-baixes-aumenta-su-oferta-en-ciclos-de-grado-medio\\\/\",\"name\":\"Cotes Baixes aumenta su oferta en Ciclos de grado medio - COPE Alcoy\",\"isPartOf\":{\"@id\":\"https:\\\/\\\/www.copealcoy.es\\\/es\\\/#website\"},\"primaryImageOfPage\":{\"@id\":\"https:\\\/\\\/www.copealcoy.es\\\/es\\\/cotes-baixes-aumenta-su-oferta-en-ciclos-de-grado-medio\\\/#primaryimage\"},\"image\":{\"@id\":\"https:\\\/\\\/www.copealcoy.es\\\/es\\\/cotes-baixes-aumenta-su-oferta-en-ciclos-de-grado-medio\\\/#primaryimage\"},\"thumbnailUrl\":\"https:\\\/\\\/www.copealcoy.es\\\/wp-content\\\/uploads\\\/2015\\\/05\\\/IMG_20150505_094910148.jpg\",\"datePublished\":\"2015-05-05T10:26:53+00:00\",\"dateModified\":\"2015-05-05T14:35:10+00:00\",\"author\":{\"@id\":\"https:\\\/\\\/www.copealcoy.es\\\/es\\\/#\\\/schema\\\/person\\\/e777c87fa024e57d40170af9df39882c\"},\"breadcrumb\":{\"@id\":\"https:\\\/\\\/www.copealcoy.es\\\/es\\\/cotes-baixes-aumenta-su-oferta-en-ciclos-de-grado-medio\\\/#breadcrumb\"},\"inLanguage\":\"es\",\"potentialAction\":[{\"@type\":\"ReadAction\",\"target\":[\"https:\\\/\\\/www.copealcoy.es\\\/es\\\/cotes-baixes-aumenta-su-oferta-en-ciclos-de-grado-medio\\\/\"]}]},{\"@type\":\"ImageObject\",\"inLanguage\":\"es\",\"@id\":\"https:\\\/\\\/www.copealcoy.es\\\/es\\\/cotes-baixes-aumenta-su-oferta-en-ciclos-de-grado-medio\\\/#primaryimage\",\"url\":\"https:\\\/\\\/www.copealcoy.es\\\/wp-content\\\/uploads\\\/2015\\\/05\\\/IMG_20150505_094910148.jpg\",\"contentUrl\":\"https:\\\/\\\/www.copealcoy.es\\\/wp-content\\\/uploads\\\/2015\\\/05\\\/IMG_20150505_094910148.jpg\",\"width\":1920,\"height\":1080,\"caption\":\"Fernando Sansaloni director de Cotes Baixes durante la rueda de prensa\"},{\"@type\":\"BreadcrumbList\",\"@id\":\"https:\\\/\\\/www.copealcoy.es\\\/es\\\/cotes-baixes-aumenta-su-oferta-en-ciclos-de-grado-medio\\\/#breadcrumb\",\"itemListElement\":[{\"@type\":\"ListItem\",\"position\":1,\"name\":\"Portada\",\"item\":\"https:\\\/\\\/www.copealcoy.es\\\/es\\\/\"},{\"@type\":\"ListItem\",\"position\":2,\"name\":\"Cotes Baixes aumenta su oferta en Ciclos de grado medio\"}]},{\"@type\":\"WebSite\",\"@id\":\"https:\\\/\\\/www.copealcoy.es\\\/es\\\/#website\",\"url\":\"https:\\\/\\\/www.copealcoy.es\\\/es\\\/\",\"name\":\"COPE Alcoy\",\"description\":\"Emisora COPE de radio local con emisi\u00f3n online. Pont de Sant Jordi 8-10 03803 Alcoy\",\"potentialAction\":[{\"@type\":\"SearchAction\",\"target\":{\"@type\":\"EntryPoint\",\"urlTemplate\":\"https:\\\/\\\/www.copealcoy.es\\\/es\\\/?s={search_term_string}\"},\"query-input\":{\"@type\":\"PropertyValueSpecification\",\"valueRequired\":true,\"valueName\":\"search_term_string\"}}],\"inLanguage\":\"es\"},{\"@type\":\"Person\",\"@id\":\"https:\\\/\\\/www.copealcoy.es\\\/es\\\/#\\\/schema\\\/person\\\/e777c87fa024e57d40170af9df39882c\",\"name\":\"Cope Alcoy\",\"image\":{\"@type\":\"ImageObject\",\"inLanguage\":\"es\",\"@id\":\"https:\\\/\\\/secure.gravatar.com\\\/avatar\\\/bb65d0283347e303893ba14f0692005417c1e0e690a325a4c5d8bb2b3943ee14?s=96&d=mm&r=g\",\"url\":\"https:\\\/\\\/secure.gravatar.com\\\/avatar\\\/bb65d0283347e303893ba14f0692005417c1e0e690a325a4c5d8bb2b3943ee14?s=96&d=mm&r=g\",\"contentUrl\":\"https:\\\/\\\/secure.gravatar.com\\\/avatar\\\/bb65d0283347e303893ba14f0692005417c1e0e690a325a4c5d8bb2b3943ee14?s=96&d=mm&r=g\",\"caption\":\"Cope Alcoy\"}}]}<\/script>\n<!-- \/ Yoast SEO plugin. -->","yoast_head_json":{"title":"Cotes Baixes aumenta su oferta en Ciclos de grado medio - COPE Alcoy","robots":{"index":"index","follow":"follow","max-snippet":"max-snippet:-1","max-image-preview":"max-image-preview:large","max-video-preview":"max-video-preview:-1"},"canonical":"https:\/\/www.copealcoy.es\/es\/cotes-baixes-aumenta-su-oferta-en-ciclos-de-grado-medio\/","og_locale":"es_ES","og_type":"article","og_title":"Cotes Baixes aumenta su oferta en Ciclos de grado medio - COPE Alcoy","og_description":"El instituto Cotes Baixes de Alcoy en colaboraci\u00f3n con ASOTRAC (Associaci\u00f3 del Transport Alcoi\u00e0-Comtat) ha presentado el nuevo ciclo formativo...","og_url":"https:\/\/www.copealcoy.es\/es\/cotes-baixes-aumenta-su-oferta-en-ciclos-de-grado-medio\/","og_site_name":"COPE Alcoy","article_published_time":"2015-05-05T10:26:53+00:00","article_modified_time":"2015-05-05T14:35:10+00:00","og_image":[{"width":2592,"height":1456,"url":"https:\/\/www.copealcoy.es\/wp-content\/uploads\/2015\/05\/IMG_20150505_094910148.jpg","type":"image\/jpeg"}],"author":"Cope Alcoy","twitter_misc":{"Escrito por":"Cope Alcoy","Tiempo de lectura":"1 minuto"},"schema":{"@context":"https:\/\/schema.org","@graph":[{"@type":"Article","@id":"https:\/\/www.copealcoy.es\/es\/cotes-baixes-aumenta-su-oferta-en-ciclos-de-grado-medio\/#article","isPartOf":{"@id":"https:\/\/www.copealcoy.es\/es\/cotes-baixes-aumenta-su-oferta-en-ciclos-de-grado-medio\/"},"author":{"name":"Cope Alcoy","@id":"https:\/\/www.copealcoy.es\/es\/#\/schema\/person\/e777c87fa024e57d40170af9df39882c"},"headline":"Cotes Baixes aumenta su oferta en Ciclos de grado medio","datePublished":"2015-05-05T10:26:53+00:00","dateModified":"2015-05-05T14:35:10+00:00","mainEntityOfPage":{"@id":"https:\/\/www.copealcoy.es\/es\/cotes-baixes-aumenta-su-oferta-en-ciclos-de-grado-medio\/"},"wordCount":174,"commentCount":0,"image":{"@id":"https:\/\/www.copealcoy.es\/es\/cotes-baixes-aumenta-su-oferta-en-ciclos-de-grado-medio\/#primaryimage"},"thumbnailUrl":"https:\/\/www.copealcoy.es\/wp-content\/uploads\/2015\/05\/IMG_20150505_094910148.jpg","keywords":["Alcoy","Cotes Baixes","Educaci\u00f3n","Formaci\u00f3n"],"articleSection":["Alcoy","Educaci\u00f3n","Noticias"],"inLanguage":"es"},{"@type":"WebPage","@id":"https:\/\/www.copealcoy.es\/es\/cotes-baixes-aumenta-su-oferta-en-ciclos-de-grado-medio\/","url":"https:\/\/www.copealcoy.es\/es\/cotes-baixes-aumenta-su-oferta-en-ciclos-de-grado-medio\/","name":"Cotes Baixes aumenta su oferta en Ciclos de grado medio - COPE Alcoy","isPartOf":{"@id":"https:\/\/www.copealcoy.es\/es\/#website"},"primaryImageOfPage":{"@id":"https:\/\/www.copealcoy.es\/es\/cotes-baixes-aumenta-su-oferta-en-ciclos-de-grado-medio\/#primaryimage"},"image":{"@id":"https:\/\/www.copealcoy.es\/es\/cotes-baixes-aumenta-su-oferta-en-ciclos-de-grado-medio\/#primaryimage"},"thumbnailUrl":"https:\/\/www.copealcoy.es\/wp-content\/uploads\/2015\/05\/IMG_20150505_094910148.jpg","datePublished":"2015-05-05T10:26:53+00:00","dateModified":"2015-05-05T14:35:10+00:00","author":{"@id":"https:\/\/www.copealcoy.es\/es\/#\/schema\/person\/e777c87fa024e57d40170af9df39882c"},"breadcrumb":{"@id":"https:\/\/www.copealcoy.es\/es\/cotes-baixes-aumenta-su-oferta-en-ciclos-de-grado-medio\/#breadcrumb"},"inLanguage":"es","potentialAction":[{"@type":"ReadAction","target":["https:\/\/www.copealcoy.es\/es\/cotes-baixes-aumenta-su-oferta-en-ciclos-de-grado-medio\/"]}]},{"@type":"ImageObject","inLanguage":"es","@id":"https:\/\/www.copealcoy.es\/es\/cotes-baixes-aumenta-su-oferta-en-ciclos-de-grado-medio\/#primaryimage","url":"https:\/\/www.copealcoy.es\/wp-content\/uploads\/2015\/05\/IMG_20150505_094910148.jpg","contentUrl":"https:\/\/www.copealcoy.es\/wp-content\/uploads\/2015\/05\/IMG_20150505_094910148.jpg","width":1920,"height":1080,"caption":"Fernando Sansaloni director de Cotes Baixes durante la rueda de prensa"},{"@type":"BreadcrumbList","@id":"https:\/\/www.copealcoy.es\/es\/cotes-baixes-aumenta-su-oferta-en-ciclos-de-grado-medio\/#breadcrumb","itemListElement":[{"@type":"ListItem","position":1,"name":"Portada","item":"https:\/\/www.copealcoy.es\/es\/"},{"@type":"ListItem","position":2,"name":"Cotes Baixes aumenta su oferta en Ciclos de grado medio"}]},{"@type":"WebSite","@id":"https:\/\/www.copealcoy.es\/es\/#website","url":"https:\/\/www.copealcoy.es\/es\/","name":"COPE Alcoy","description":"Emisora COPE de radio local con emisi\u00f3n online. Pont de Sant Jordi 8-10 03803 Alcoy","potentialAction":[{"@type":"SearchAction","target":{"@type":"EntryPoint","urlTemplate":"https:\/\/www.copealcoy.es\/es\/?s={search_term_string}"},"query-input":{"@type":"PropertyValueSpecification","valueRequired":true,"valueName":"search_term_string"}}],"inLanguage":"es"},{"@type":"Person","@id":"https:\/\/www.copealcoy.es\/es\/#\/schema\/person\/e777c87fa024e57d40170af9df39882c","name":"Cope Alcoy","image":{"@type":"ImageObject","inLanguage":"es","@id":"https:\/\/secure.gravatar.com\/avatar\/bb65d0283347e303893ba14f0692005417c1e0e690a325a4c5d8bb2b3943ee14?s=96&d=mm&r=g","url":"https:\/\/secure.gravatar.com\/avatar\/bb65d0283347e303893ba14f0692005417c1e0e690a325a4c5d8bb2b3943ee14?s=96&d=mm&r=g","contentUrl":"https:\/\/secure.gravatar.com\/avatar\/bb65d0283347e303893ba14f0692005417c1e0e690a325a4c5d8bb2b3943ee14?s=96&d=mm&r=g","caption":"Cope Alcoy"}}]}},"_links":{"self":[{"href":"https:\/\/www.copealcoy.es\/es\/wp-json\/wp\/v2\/posts\/12744","targetHints":{"allow":["GET"]}}],"collection":[{"href":"https:\/\/www.copealcoy.es\/es\/wp-json\/wp\/v2\/posts"}],"about":[{"href":"https:\/\/www.copealcoy.es\/es\/wp-json\/wp\/v2\/types\/post"}],"author":[{"embeddable":true,"href":"https:\/\/www.copealcoy.es\/es\/wp-json\/wp\/v2\/users\/1"}],"replies":[{"embeddable":true,"href":"https:\/\/www.copealcoy.es\/es\/wp-json\/wp\/v2\/comments?post=12744"}],"version-history":[{"count":0,"href":"https:\/\/www.copealcoy.es\/es\/wp-json\/wp\/v2\/posts\/12744\/revisions"}],"wp:featuredmedia":[{"embeddable":true,"href":"https:\/\/www.copealcoy.es\/es\/wp-json\/wp\/v2\/media\/12746"}],"wp:attachment":[{"href":"https:\/\/www.copealcoy.es\/es\/wp-json\/wp\/v2\/media?parent=12744"}],"wp:term":[{"taxonomy":"category","embeddable":true,"href":"https:\/\/www.copealcoy.es\/es\/wp-json\/wp\/v2\/categories?post=12744"},{"taxonomy":"post_tag","embeddable":true,"href":"https:\/\/www.copealcoy.es\/es\/wp-json\/wp\/v2\/tags?post=12744"}],"curies":[{"name":"wp","href":"https:\/\/api.w.org\/{rel}","templated":true}]}}