{"id":127399,"date":"2024-01-02T07:30:04","date_gmt":"2024-01-02T06:30:04","guid":{"rendered":"https:\/\/www.copealcoy.es\/?p=127399"},"modified":"2024-01-02T16:31:16","modified_gmt":"2024-01-02T15:31:16","slug":"informativo-matinal-martes-2-de-enero-2024-0720h","status":"publish","type":"post","link":"https:\/\/www.copealcoy.es\/es\/informativo-matinal-martes-2-de-enero-2024-0720h\/","title":{"rendered":"Informativo matinal martes 2 de enero 2024 (07:20h)"},"content":{"rendered":"<p><iframe loading=\"lazy\" title=\"Informatiu Matinal Dimarts 2 De Gener 2024 (07:20h)\" width=\"100%\" height=\"120\" src=\"https:\/\/www.mixcloud.com\/widget\/iframe\/?feed=https%3A%2F%2Fwww.mixcloud.com%2FCOPEAlcoy%2Finformatiu-matinal-dimarts-2-de-gener-2024-0720h%2F&amp;hide_cover=1\" frameborder=\"0\"><\/iframe><\/p>\n<p style=\"text-align: justify;\">La <strong>rebaja en los precios del autob\u00fas urbano de Alcoy<\/strong> y la <strong>ocupaci\u00f3n tur\u00edstica de cara a Fin de A\u00f1o<\/strong> son algunas de las noticias destacadas de este 2 de enero de 2023.<\/p>\n<p style=\"text-align: justify;\">Los\u00a0<strong>profesionales del sector tur\u00edstico<\/strong> de nuestras comarcas han afrontado con gran optimismo <strong>el puente festivo de Fin de A\u00f1o<\/strong>. El calendario\u00a0<strong>hace coincidir este a\u00f1o el 1 de Enero en lunes<\/strong>\u00a0y esto lleva a que\u00a0<strong>muchos se decidan a viajar o a hacer una peque\u00f1a escapada<\/strong>\u00a0para despedir como se merece al 2023 y dar una buena bienvenida al 2024.<\/p>\n<p style=\"text-align: justify;\">A d\u00eda de hoy\u00a0<strong>la ocupaci\u00f3n tur\u00edstica supera el 80%<\/strong>\u00a0en la zona, especialmente en las\u00a0<strong>casas rurales<\/strong>\u00a0existentes en el conjunto de las comarcas del Comtat y de l\u2019Alcoi\u00e0.\u00a0Respecto a la restauraci\u00f3n, la mayor parte de los\u00a0<strong>grandes restaurantes<\/strong>\u00a0cuelgan el cartel de completo tanto para la Nochevieja como tambi\u00e9n para comer a mediod\u00eda del 31 de diciembre \u00ab<em>desde la pandemia se ha implantado mucho la costumbre de despedir el a\u00f1o con la Tardevieja y eso hace que cada vez haya m\u00e1s reservas para la comida. A ello se le une este a\u00f1o que aqu\u00ed en Alcoy habr\u00e1 fiesta en La Bandeja desde media ma\u00f1ana y eso tambi\u00e9n favorece que todos los establecimientos hosteleros est\u00e9n con buen\u00edsmos datos<\/em>\u00ab, contaba en COPE ALCOY\u00a0<strong>Ram\u00f3n Reche<\/strong>; vicepresidente de<span style=\"color: #0000ff;\"><a style=\"color: #0000ff;\" href=\"https:\/\/www.turismoalicanteinterior.com\/\" target=\"_blank\" rel=\"noopener\"><strong>\u00a0la Asociaci\u00f3n de Turismo Alicante Interior<\/strong><\/a><\/span>.<\/p>\n<p style=\"text-align: justify;\">Desde la instituci\u00f3n se\u00f1alan tambi\u00e9n que parejas, grupos de amigos formados por gente joven o familias\u00a0<strong>son los que m\u00e1s optan por venir hasta una Casa Rural de Alcoy o de la comarca<\/strong>\u00a0en Fin de A\u00f1o. Lo hacen\u00a0<strong>motivados por el entorno medioambiental de los Parques Naturales de Font Roja o Mariola<\/strong>,\u00a0<strong>la gastronom\u00eda<\/strong>\u00a0de nuestros pueblos y\u00a0<strong>la posibilidad que ofrece la zona para descansar<\/strong>\u00a0entre tanto ajetreo por las Fiestas Navide\u00f1as. En cambio,\u00a0<strong>al casco urbano<\/strong>, vienen muchos de fuera para conocer la oferta de \u2018Alcoi Ciutat del Nadal\u2019 o disfrutar de actos como la Fiesta de Fin de A\u00f1o e incluso el desfile de Les Pastoretes que tendr\u00e1 lugar este a\u00f1o el s\u00e1bado 30 de diciembre por la tarde. Con estos buenos \u00edndices para A\u00f1o Nuevo,\u00a0<strong>el sector tur\u00edstico de Alcoy y comarca culmina un a\u00f1o de plena recuperaci\u00f3n tras la pandemia<\/strong>\u00a0que ha dejado espectaculares resultados en \u00e9pocas como la Semana Santa, puentes festivos, Fiestas de Moros y Cristianos, Navidad e incluso verano.<\/p>\n","protected":false},"excerpt":{"rendered":"<p>La rebaja en los precios del autob\u00fas urbano de Alcoy y la ocupaci\u00f3n tur\u00edstica de cara a Fin de A\u00f1o&#8230;<\/p>\n","protected":false},"author":1,"featured_media":110612,"comment_status":"open","ping_status":"open","sticky":false,"template":"","format":"standard","meta":{"footnotes":""},"categories":[6909,89,91],"tags":[],"class_list":["post-127399","post","type-post","status-publish","format-standard","has-post-thumbnail","hentry","category-actualidad","category-audiosdelosprogramas","category-informativos"],"yoast_head":"<!-- This site is optimized with the Yoast SEO plugin v27.3 - https:\/\/yoast.com\/product\/yoast-seo-wordpress\/ -->\n<title>Informativo matinal martes 2 de enero 2024 (07:20h) - COPE Alcoy<\/title>\n<meta name=\"description\" content=\"La rebaja en los precios del autob\u00fas urbano de Alcoy y la ocupaci\u00f3n tur\u00edstica de cara a Fin de A\u00f1o son algunas de las noticias destacadas de este 2 de enero de 2023.\" \/>\n<meta name=\"robots\" content=\"index, follow, max-snippet:-1, max-image-preview:large, max-video-preview:-1\" \/>\n<link rel=\"canonical\" href=\"https:\/\/www.copealcoy.es\/es\/informativo-matinal-martes-2-de-enero-2024-0720h\/\" \/>\n<meta property=\"og:locale\" content=\"es_ES\" \/>\n<meta property=\"og:type\" content=\"article\" \/>\n<meta property=\"og:title\" content=\"Informativo matinal martes 2 de enero 2024 (07:20h) - COPE Alcoy\" \/>\n<meta property=\"og:description\" content=\"La rebaja en los precios del autob\u00fas urbano de Alcoy y la ocupaci\u00f3n tur\u00edstica de cara a Fin de A\u00f1o son algunas de las noticias destacadas de este 2 de enero de 2023.\" \/>\n<meta property=\"og:url\" content=\"https:\/\/www.copealcoy.es\/es\/informativo-matinal-martes-2-de-enero-2024-0720h\/\" \/>\n<meta property=\"og:site_name\" content=\"COPE Alcoy\" \/>\n<meta property=\"article:published_time\" content=\"2024-01-02T06:30:04+00:00\" \/>\n<meta property=\"article:modified_time\" content=\"2024-01-02T15:31:16+00:00\" \/>\n<meta property=\"og:image\" content=\"https:\/\/www.copealcoy.es\/wp-content\/uploads\/2023\/02\/Herrera-en-COPE-Alcoy-4.png\" \/>\n\t<meta property=\"og:image:width\" content=\"357\" \/>\n\t<meta property=\"og:image:height\" content=\"290\" \/>\n\t<meta property=\"og:image:type\" content=\"image\/png\" \/>\n<meta name=\"author\" content=\"Cope Alcoy\" \/>\n<meta name=\"twitter:label1\" content=\"Escrito por\" \/>\n\t<meta name=\"twitter:data1\" content=\"Cope Alcoy\" \/>\n\t<meta name=\"twitter:label2\" content=\"Tiempo de lectura\" \/>\n\t<meta name=\"twitter:data2\" content=\"3 minutos\" \/>\n<script type=\"application\/ld+json\" class=\"yoast-schema-graph\">{\"@context\":\"https:\\\/\\\/schema.org\",\"@graph\":[{\"@type\":\"Article\",\"@id\":\"https:\\\/\\\/www.copealcoy.es\\\/es\\\/informativo-matinal-martes-2-de-enero-2024-0720h\\\/#article\",\"isPartOf\":{\"@id\":\"https:\\\/\\\/www.copealcoy.es\\\/es\\\/informativo-matinal-martes-2-de-enero-2024-0720h\\\/\"},\"author\":{\"name\":\"Cope Alcoy\",\"@id\":\"https:\\\/\\\/www.copealcoy.es\\\/es\\\/#\\\/schema\\\/person\\\/e777c87fa024e57d40170af9df39882c\"},\"headline\":\"Informativo matinal martes 2 de enero 2024 (07:20h)\",\"datePublished\":\"2024-01-02T06:30:04+00:00\",\"dateModified\":\"2024-01-02T15:31:16+00:00\",\"mainEntityOfPage\":{\"@id\":\"https:\\\/\\\/www.copealcoy.es\\\/es\\\/informativo-matinal-martes-2-de-enero-2024-0720h\\\/\"},\"wordCount\":442,\"commentCount\":0,\"image\":{\"@id\":\"https:\\\/\\\/www.copealcoy.es\\\/es\\\/informativo-matinal-martes-2-de-enero-2024-0720h\\\/#primaryimage\"},\"thumbnailUrl\":\"https:\\\/\\\/www.copealcoy.es\\\/wp-content\\\/uploads\\\/2023\\\/02\\\/Herrera-en-COPE-Alcoy-4.png\",\"articleSection\":[\"Actualidad\",\"Audios de los programas\",\"Informativos\"],\"inLanguage\":\"es\"},{\"@type\":\"WebPage\",\"@id\":\"https:\\\/\\\/www.copealcoy.es\\\/es\\\/informativo-matinal-martes-2-de-enero-2024-0720h\\\/\",\"url\":\"https:\\\/\\\/www.copealcoy.es\\\/es\\\/informativo-matinal-martes-2-de-enero-2024-0720h\\\/\",\"name\":\"Informativo matinal martes 2 de enero 2024 (07:20h) - COPE Alcoy\",\"isPartOf\":{\"@id\":\"https:\\\/\\\/www.copealcoy.es\\\/es\\\/#website\"},\"primaryImageOfPage\":{\"@id\":\"https:\\\/\\\/www.copealcoy.es\\\/es\\\/informativo-matinal-martes-2-de-enero-2024-0720h\\\/#primaryimage\"},\"image\":{\"@id\":\"https:\\\/\\\/www.copealcoy.es\\\/es\\\/informativo-matinal-martes-2-de-enero-2024-0720h\\\/#primaryimage\"},\"thumbnailUrl\":\"https:\\\/\\\/www.copealcoy.es\\\/wp-content\\\/uploads\\\/2023\\\/02\\\/Herrera-en-COPE-Alcoy-4.png\",\"datePublished\":\"2024-01-02T06:30:04+00:00\",\"dateModified\":\"2024-01-02T15:31:16+00:00\",\"author\":{\"@id\":\"https:\\\/\\\/www.copealcoy.es\\\/es\\\/#\\\/schema\\\/person\\\/e777c87fa024e57d40170af9df39882c\"},\"description\":\"La rebaja en los precios del autob\u00fas urbano de Alcoy y la ocupaci\u00f3n tur\u00edstica de cara a Fin de A\u00f1o son algunas de las noticias destacadas de este 2 de enero de 2023.\",\"breadcrumb\":{\"@id\":\"https:\\\/\\\/www.copealcoy.es\\\/es\\\/informativo-matinal-martes-2-de-enero-2024-0720h\\\/#breadcrumb\"},\"inLanguage\":\"es\",\"potentialAction\":[{\"@type\":\"ReadAction\",\"target\":[\"https:\\\/\\\/www.copealcoy.es\\\/es\\\/informativo-matinal-martes-2-de-enero-2024-0720h\\\/\"]}]},{\"@type\":\"ImageObject\",\"inLanguage\":\"es\",\"@id\":\"https:\\\/\\\/www.copealcoy.es\\\/es\\\/informativo-matinal-martes-2-de-enero-2024-0720h\\\/#primaryimage\",\"url\":\"https:\\\/\\\/www.copealcoy.es\\\/wp-content\\\/uploads\\\/2023\\\/02\\\/Herrera-en-COPE-Alcoy-4.png\",\"contentUrl\":\"https:\\\/\\\/www.copealcoy.es\\\/wp-content\\\/uploads\\\/2023\\\/02\\\/Herrera-en-COPE-Alcoy-4.png\",\"width\":357,\"height\":290},{\"@type\":\"BreadcrumbList\",\"@id\":\"https:\\\/\\\/www.copealcoy.es\\\/es\\\/informativo-matinal-martes-2-de-enero-2024-0720h\\\/#breadcrumb\",\"itemListElement\":[{\"@type\":\"ListItem\",\"position\":1,\"name\":\"Portada\",\"item\":\"https:\\\/\\\/www.copealcoy.es\\\/es\\\/\"},{\"@type\":\"ListItem\",\"position\":2,\"name\":\"Informativo matinal martes 2 de enero 2024 (07:20h)\"}]},{\"@type\":\"WebSite\",\"@id\":\"https:\\\/\\\/www.copealcoy.es\\\/es\\\/#website\",\"url\":\"https:\\\/\\\/www.copealcoy.es\\\/es\\\/\",\"name\":\"COPE Alcoy\",\"description\":\"Emisora COPE de radio local con emisi\u00f3n online. Pont de Sant Jordi 8-10 03803 Alcoy\",\"potentialAction\":[{\"@type\":\"SearchAction\",\"target\":{\"@type\":\"EntryPoint\",\"urlTemplate\":\"https:\\\/\\\/www.copealcoy.es\\\/es\\\/?s={search_term_string}\"},\"query-input\":{\"@type\":\"PropertyValueSpecification\",\"valueRequired\":true,\"valueName\":\"search_term_string\"}}],\"inLanguage\":\"es\"},{\"@type\":\"Person\",\"@id\":\"https:\\\/\\\/www.copealcoy.es\\\/es\\\/#\\\/schema\\\/person\\\/e777c87fa024e57d40170af9df39882c\",\"name\":\"Cope Alcoy\",\"image\":{\"@type\":\"ImageObject\",\"inLanguage\":\"es\",\"@id\":\"https:\\\/\\\/secure.gravatar.com\\\/avatar\\\/bb65d0283347e303893ba14f0692005417c1e0e690a325a4c5d8bb2b3943ee14?s=96&d=mm&r=g\",\"url\":\"https:\\\/\\\/secure.gravatar.com\\\/avatar\\\/bb65d0283347e303893ba14f0692005417c1e0e690a325a4c5d8bb2b3943ee14?s=96&d=mm&r=g\",\"contentUrl\":\"https:\\\/\\\/secure.gravatar.com\\\/avatar\\\/bb65d0283347e303893ba14f0692005417c1e0e690a325a4c5d8bb2b3943ee14?s=96&d=mm&r=g\",\"caption\":\"Cope Alcoy\"}}]}<\/script>\n<!-- \/ Yoast SEO plugin. -->","yoast_head_json":{"title":"Informativo matinal martes 2 de enero 2024 (07:20h) - COPE Alcoy","description":"La rebaja en los precios del autob\u00fas urbano de Alcoy y la ocupaci\u00f3n tur\u00edstica de cara a Fin de A\u00f1o son algunas de las noticias destacadas de este 2 de enero de 2023.","robots":{"index":"index","follow":"follow","max-snippet":"max-snippet:-1","max-image-preview":"max-image-preview:large","max-video-preview":"max-video-preview:-1"},"canonical":"https:\/\/www.copealcoy.es\/es\/informativo-matinal-martes-2-de-enero-2024-0720h\/","og_locale":"es_ES","og_type":"article","og_title":"Informativo matinal martes 2 de enero 2024 (07:20h) - COPE Alcoy","og_description":"La rebaja en los precios del autob\u00fas urbano de Alcoy y la ocupaci\u00f3n tur\u00edstica de cara a Fin de A\u00f1o son algunas de las noticias destacadas de este 2 de enero de 2023.","og_url":"https:\/\/www.copealcoy.es\/es\/informativo-matinal-martes-2-de-enero-2024-0720h\/","og_site_name":"COPE Alcoy","article_published_time":"2024-01-02T06:30:04+00:00","article_modified_time":"2024-01-02T15:31:16+00:00","og_image":[{"width":357,"height":290,"url":"https:\/\/www.copealcoy.es\/wp-content\/uploads\/2023\/02\/Herrera-en-COPE-Alcoy-4.png","type":"image\/png"}],"author":"Cope Alcoy","twitter_misc":{"Escrito por":"Cope Alcoy","Tiempo de lectura":"3 minutos"},"schema":{"@context":"https:\/\/schema.org","@graph":[{"@type":"Article","@id":"https:\/\/www.copealcoy.es\/es\/informativo-matinal-martes-2-de-enero-2024-0720h\/#article","isPartOf":{"@id":"https:\/\/www.copealcoy.es\/es\/informativo-matinal-martes-2-de-enero-2024-0720h\/"},"author":{"name":"Cope Alcoy","@id":"https:\/\/www.copealcoy.es\/es\/#\/schema\/person\/e777c87fa024e57d40170af9df39882c"},"headline":"Informativo matinal martes 2 de enero 2024 (07:20h)","datePublished":"2024-01-02T06:30:04+00:00","dateModified":"2024-01-02T15:31:16+00:00","mainEntityOfPage":{"@id":"https:\/\/www.copealcoy.es\/es\/informativo-matinal-martes-2-de-enero-2024-0720h\/"},"wordCount":442,"commentCount":0,"image":{"@id":"https:\/\/www.copealcoy.es\/es\/informativo-matinal-martes-2-de-enero-2024-0720h\/#primaryimage"},"thumbnailUrl":"https:\/\/www.copealcoy.es\/wp-content\/uploads\/2023\/02\/Herrera-en-COPE-Alcoy-4.png","articleSection":["Actualidad","Audios de los programas","Informativos"],"inLanguage":"es"},{"@type":"WebPage","@id":"https:\/\/www.copealcoy.es\/es\/informativo-matinal-martes-2-de-enero-2024-0720h\/","url":"https:\/\/www.copealcoy.es\/es\/informativo-matinal-martes-2-de-enero-2024-0720h\/","name":"Informativo matinal martes 2 de enero 2024 (07:20h) - COPE Alcoy","isPartOf":{"@id":"https:\/\/www.copealcoy.es\/es\/#website"},"primaryImageOfPage":{"@id":"https:\/\/www.copealcoy.es\/es\/informativo-matinal-martes-2-de-enero-2024-0720h\/#primaryimage"},"image":{"@id":"https:\/\/www.copealcoy.es\/es\/informativo-matinal-martes-2-de-enero-2024-0720h\/#primaryimage"},"thumbnailUrl":"https:\/\/www.copealcoy.es\/wp-content\/uploads\/2023\/02\/Herrera-en-COPE-Alcoy-4.png","datePublished":"2024-01-02T06:30:04+00:00","dateModified":"2024-01-02T15:31:16+00:00","author":{"@id":"https:\/\/www.copealcoy.es\/es\/#\/schema\/person\/e777c87fa024e57d40170af9df39882c"},"description":"La rebaja en los precios del autob\u00fas urbano de Alcoy y la ocupaci\u00f3n tur\u00edstica de cara a Fin de A\u00f1o son algunas de las noticias destacadas de este 2 de enero de 2023.","breadcrumb":{"@id":"https:\/\/www.copealcoy.es\/es\/informativo-matinal-martes-2-de-enero-2024-0720h\/#breadcrumb"},"inLanguage":"es","potentialAction":[{"@type":"ReadAction","target":["https:\/\/www.copealcoy.es\/es\/informativo-matinal-martes-2-de-enero-2024-0720h\/"]}]},{"@type":"ImageObject","inLanguage":"es","@id":"https:\/\/www.copealcoy.es\/es\/informativo-matinal-martes-2-de-enero-2024-0720h\/#primaryimage","url":"https:\/\/www.copealcoy.es\/wp-content\/uploads\/2023\/02\/Herrera-en-COPE-Alcoy-4.png","contentUrl":"https:\/\/www.copealcoy.es\/wp-content\/uploads\/2023\/02\/Herrera-en-COPE-Alcoy-4.png","width":357,"height":290},{"@type":"BreadcrumbList","@id":"https:\/\/www.copealcoy.es\/es\/informativo-matinal-martes-2-de-enero-2024-0720h\/#breadcrumb","itemListElement":[{"@type":"ListItem","position":1,"name":"Portada","item":"https:\/\/www.copealcoy.es\/es\/"},{"@type":"ListItem","position":2,"name":"Informativo matinal martes 2 de enero 2024 (07:20h)"}]},{"@type":"WebSite","@id":"https:\/\/www.copealcoy.es\/es\/#website","url":"https:\/\/www.copealcoy.es\/es\/","name":"COPE Alcoy","description":"Emisora COPE de radio local con emisi\u00f3n online. Pont de Sant Jordi 8-10 03803 Alcoy","potentialAction":[{"@type":"SearchAction","target":{"@type":"EntryPoint","urlTemplate":"https:\/\/www.copealcoy.es\/es\/?s={search_term_string}"},"query-input":{"@type":"PropertyValueSpecification","valueRequired":true,"valueName":"search_term_string"}}],"inLanguage":"es"},{"@type":"Person","@id":"https:\/\/www.copealcoy.es\/es\/#\/schema\/person\/e777c87fa024e57d40170af9df39882c","name":"Cope Alcoy","image":{"@type":"ImageObject","inLanguage":"es","@id":"https:\/\/secure.gravatar.com\/avatar\/bb65d0283347e303893ba14f0692005417c1e0e690a325a4c5d8bb2b3943ee14?s=96&d=mm&r=g","url":"https:\/\/secure.gravatar.com\/avatar\/bb65d0283347e303893ba14f0692005417c1e0e690a325a4c5d8bb2b3943ee14?s=96&d=mm&r=g","contentUrl":"https:\/\/secure.gravatar.com\/avatar\/bb65d0283347e303893ba14f0692005417c1e0e690a325a4c5d8bb2b3943ee14?s=96&d=mm&r=g","caption":"Cope Alcoy"}}]}},"_links":{"self":[{"href":"https:\/\/www.copealcoy.es\/es\/wp-json\/wp\/v2\/posts\/127399","targetHints":{"allow":["GET"]}}],"collection":[{"href":"https:\/\/www.copealcoy.es\/es\/wp-json\/wp\/v2\/posts"}],"about":[{"href":"https:\/\/www.copealcoy.es\/es\/wp-json\/wp\/v2\/types\/post"}],"author":[{"embeddable":true,"href":"https:\/\/www.copealcoy.es\/es\/wp-json\/wp\/v2\/users\/1"}],"replies":[{"embeddable":true,"href":"https:\/\/www.copealcoy.es\/es\/wp-json\/wp\/v2\/comments?post=127399"}],"version-history":[{"count":0,"href":"https:\/\/www.copealcoy.es\/es\/wp-json\/wp\/v2\/posts\/127399\/revisions"}],"wp:featuredmedia":[{"embeddable":true,"href":"https:\/\/www.copealcoy.es\/es\/wp-json\/wp\/v2\/media\/110612"}],"wp:attachment":[{"href":"https:\/\/www.copealcoy.es\/es\/wp-json\/wp\/v2\/media?parent=127399"}],"wp:term":[{"taxonomy":"category","embeddable":true,"href":"https:\/\/www.copealcoy.es\/es\/wp-json\/wp\/v2\/categories?post=127399"},{"taxonomy":"post_tag","embeddable":true,"href":"https:\/\/www.copealcoy.es\/es\/wp-json\/wp\/v2\/tags?post=127399"}],"curies":[{"name":"wp","href":"https:\/\/api.w.org\/{rel}","templated":true}]}}