{"id":12735,"date":"2015-05-05T05:03:48","date_gmt":"2015-05-05T05:03:48","guid":{"rendered":"http:\/\/copealcoi.es\/new\/?p=12735"},"modified":"2015-05-04T22:16:11","modified_gmt":"2015-05-04T22:16:11","slug":"conselleria-asumira-el-final-de-las-obras-del-grupo-sant-jordi","status":"publish","type":"post","link":"https:\/\/www.copealcoy.es\/es\/conselleria-asumira-el-final-de-las-obras-del-grupo-sant-jordi\/","title":{"rendered":"Conseller\u00eda asumir\u00e1 el final de las obras del Grupo Sant Jordi"},"content":{"rendered":"<p style=\"text-align: justify;\">La Conseller\u00eda de Infraestructuras asumir\u00e1 la finalizaci\u00f3n de las obras del Grupo de Viviendas Sant Jordi y destinar\u00e1 para ello una consignaci\u00f3n presupuestaria de 600.000 euros. Ese fue el compromiso que adquiri\u00f3 el alcalde, Antonio Franc\u00e9s, en una reuni\u00f3n mantenida con este organismo del Gobierno Valenciano ayer lunes para tratar de desbloquear la situaci\u00f3n.<\/p>\n<p style=\"text-align: justify;\">El primer edil ha explicado al respecto que la Conseller\u00eda est\u00e1 preparando una modificaci\u00f3n del convenio suscrito con el Consistorio en su momento para reanudar las obras que se iniciaron en 2011 y que quedaron paralizadas a principios del 2012 ante los impagos de la Generalitat cuando solo quedaban una veintena de pisos por reformar de un total de 88 &#8220;lamentamos que se haya tardado tanto en buscar una soluci\u00f3n y los inconvenientes que han sufrido los vecinos&#8221;, ha manifestado Franc\u00e9s. Adem\u00e1s a\u00f1ade que las obras pasan del antiguo IVVSA a ser responsabilidad directa de infraestructuras.<\/p>\n<p style=\"text-align: justify;\">En el encuentro tambi\u00e9n se ha abordado la cuesti\u00f3n de las naves de la Beniata cuya demolici\u00f3n y adecuaci\u00f3n asumir\u00e1 tambi\u00e9n la propia Conseller\u00eda de manera urgente &#8220;est\u00e1n en muy mal estado y es de su competencia evitar que haya un derrumbe y que provoque da\u00f1os a los ciudadanos&#8221;, concluye el alcalde.<\/p>\n<p>&nbsp;<\/p>\n","protected":false},"excerpt":{"rendered":"<p>La Conseller\u00eda de Infraestructuras asumir\u00e1 la finalizaci\u00f3n de las obras del Grupo de Viviendas Sant Jordi y destinar\u00e1 para ello&#8230;<\/p>\n","protected":false},"author":1,"featured_media":12736,"comment_status":"open","ping_status":"open","sticky":false,"template":"","format":"standard","meta":{"footnotes":""},"categories":[97,75,125],"tags":[1494,229,561,145,750],"class_list":["post-12735","post","type-post","status-publish","format-standard","has-post-thumbnail","hentry","category-alcoy","category-noticias","category-portada","tag-alcoy","tag-ayuntamiento","tag-conselleria","tag-obras","tag-vivienda"],"yoast_head":"<!-- This site is optimized with the Yoast SEO plugin v27.3 - https:\/\/yoast.com\/product\/yoast-seo-wordpress\/ -->\n<title>Conseller\u00eda asumir\u00e1 el final de las obras del Grupo Sant Jordi - COPE Alcoy<\/title>\n<meta name=\"robots\" content=\"index, follow, max-snippet:-1, max-image-preview:large, max-video-preview:-1\" \/>\n<link rel=\"canonical\" href=\"https:\/\/www.copealcoy.es\/es\/conselleria-asumira-el-final-de-las-obras-del-grupo-sant-jordi\/\" \/>\n<meta property=\"og:locale\" content=\"es_ES\" \/>\n<meta property=\"og:type\" content=\"article\" \/>\n<meta property=\"og:title\" content=\"Conseller\u00eda asumir\u00e1 el final de las obras del Grupo Sant Jordi - COPE Alcoy\" \/>\n<meta property=\"og:description\" content=\"La Conseller\u00eda de Infraestructuras asumir\u00e1 la finalizaci\u00f3n de las obras del Grupo de Viviendas Sant Jordi y destinar\u00e1 para ello...\" \/>\n<meta property=\"og:url\" content=\"https:\/\/www.copealcoy.es\/es\/conselleria-asumira-el-final-de-las-obras-del-grupo-sant-jordi\/\" \/>\n<meta property=\"og:site_name\" content=\"COPE Alcoy\" \/>\n<meta property=\"article:published_time\" content=\"2015-05-05T05:03:48+00:00\" \/>\n<meta property=\"og:image\" content=\"https:\/\/www.copealcoy.es\/wp-content\/uploads\/2015\/05\/img_16497.jpg\" \/>\n\t<meta property=\"og:image:width\" content=\"670\" \/>\n\t<meta property=\"og:image:height\" content=\"377\" \/>\n\t<meta property=\"og:image:type\" content=\"image\/jpeg\" \/>\n<meta name=\"author\" content=\"Cope Alcoy\" \/>\n<meta name=\"twitter:label1\" content=\"Escrito por\" \/>\n\t<meta name=\"twitter:data1\" content=\"Cope Alcoy\" \/>\n\t<meta name=\"twitter:label2\" content=\"Tiempo de lectura\" \/>\n\t<meta name=\"twitter:data2\" content=\"1 minuto\" \/>\n<script type=\"application\/ld+json\" class=\"yoast-schema-graph\">{\"@context\":\"https:\\\/\\\/schema.org\",\"@graph\":[{\"@type\":\"Article\",\"@id\":\"https:\\\/\\\/www.copealcoy.es\\\/es\\\/conselleria-asumira-el-final-de-las-obras-del-grupo-sant-jordi\\\/#article\",\"isPartOf\":{\"@id\":\"https:\\\/\\\/www.copealcoy.es\\\/es\\\/conselleria-asumira-el-final-de-las-obras-del-grupo-sant-jordi\\\/\"},\"author\":{\"name\":\"Cope Alcoy\",\"@id\":\"https:\\\/\\\/www.copealcoy.es\\\/es\\\/#\\\/schema\\\/person\\\/e777c87fa024e57d40170af9df39882c\"},\"headline\":\"Conseller\u00eda asumir\u00e1 el final de las obras del Grupo Sant Jordi\",\"datePublished\":\"2015-05-05T05:03:48+00:00\",\"mainEntityOfPage\":{\"@id\":\"https:\\\/\\\/www.copealcoy.es\\\/es\\\/conselleria-asumira-el-final-de-las-obras-del-grupo-sant-jordi\\\/\"},\"wordCount\":231,\"commentCount\":0,\"image\":{\"@id\":\"https:\\\/\\\/www.copealcoy.es\\\/es\\\/conselleria-asumira-el-final-de-las-obras-del-grupo-sant-jordi\\\/#primaryimage\"},\"thumbnailUrl\":\"https:\\\/\\\/www.copealcoy.es\\\/wp-content\\\/uploads\\\/2015\\\/05\\\/img_16497.jpg\",\"keywords\":[\"Alcoy\",\"Ayuntamiento\",\"Conseller\u00eda\",\"Obras\",\"Vivienda\"],\"articleSection\":[\"Alcoy\",\"Noticias\",\"Portada\"],\"inLanguage\":\"es\"},{\"@type\":\"WebPage\",\"@id\":\"https:\\\/\\\/www.copealcoy.es\\\/es\\\/conselleria-asumira-el-final-de-las-obras-del-grupo-sant-jordi\\\/\",\"url\":\"https:\\\/\\\/www.copealcoy.es\\\/es\\\/conselleria-asumira-el-final-de-las-obras-del-grupo-sant-jordi\\\/\",\"name\":\"Conseller\u00eda asumir\u00e1 el final de las obras del Grupo Sant Jordi - COPE Alcoy\",\"isPartOf\":{\"@id\":\"https:\\\/\\\/www.copealcoy.es\\\/es\\\/#website\"},\"primaryImageOfPage\":{\"@id\":\"https:\\\/\\\/www.copealcoy.es\\\/es\\\/conselleria-asumira-el-final-de-las-obras-del-grupo-sant-jordi\\\/#primaryimage\"},\"image\":{\"@id\":\"https:\\\/\\\/www.copealcoy.es\\\/es\\\/conselleria-asumira-el-final-de-las-obras-del-grupo-sant-jordi\\\/#primaryimage\"},\"thumbnailUrl\":\"https:\\\/\\\/www.copealcoy.es\\\/wp-content\\\/uploads\\\/2015\\\/05\\\/img_16497.jpg\",\"datePublished\":\"2015-05-05T05:03:48+00:00\",\"author\":{\"@id\":\"https:\\\/\\\/www.copealcoy.es\\\/es\\\/#\\\/schema\\\/person\\\/e777c87fa024e57d40170af9df39882c\"},\"breadcrumb\":{\"@id\":\"https:\\\/\\\/www.copealcoy.es\\\/es\\\/conselleria-asumira-el-final-de-las-obras-del-grupo-sant-jordi\\\/#breadcrumb\"},\"inLanguage\":\"es\",\"potentialAction\":[{\"@type\":\"ReadAction\",\"target\":[\"https:\\\/\\\/www.copealcoy.es\\\/es\\\/conselleria-asumira-el-final-de-las-obras-del-grupo-sant-jordi\\\/\"]}]},{\"@type\":\"ImageObject\",\"inLanguage\":\"es\",\"@id\":\"https:\\\/\\\/www.copealcoy.es\\\/es\\\/conselleria-asumira-el-final-de-las-obras-del-grupo-sant-jordi\\\/#primaryimage\",\"url\":\"https:\\\/\\\/www.copealcoy.es\\\/wp-content\\\/uploads\\\/2015\\\/05\\\/img_16497.jpg\",\"contentUrl\":\"https:\\\/\\\/www.copealcoy.es\\\/wp-content\\\/uploads\\\/2015\\\/05\\\/img_16497.jpg\",\"width\":670,\"height\":377,\"caption\":\"Una de las reuniones mantenidas en 2015 con los vecinos del Grupo de Viviendas\"},{\"@type\":\"BreadcrumbList\",\"@id\":\"https:\\\/\\\/www.copealcoy.es\\\/es\\\/conselleria-asumira-el-final-de-las-obras-del-grupo-sant-jordi\\\/#breadcrumb\",\"itemListElement\":[{\"@type\":\"ListItem\",\"position\":1,\"name\":\"Portada\",\"item\":\"https:\\\/\\\/www.copealcoy.es\\\/es\\\/\"},{\"@type\":\"ListItem\",\"position\":2,\"name\":\"Conseller\u00eda asumir\u00e1 el final de las obras del Grupo Sant Jordi\"}]},{\"@type\":\"WebSite\",\"@id\":\"https:\\\/\\\/www.copealcoy.es\\\/es\\\/#website\",\"url\":\"https:\\\/\\\/www.copealcoy.es\\\/es\\\/\",\"name\":\"COPE Alcoy\",\"description\":\"Emisora COPE de radio local con emisi\u00f3n online. Pont de Sant Jordi 8-10 03803 Alcoy\",\"potentialAction\":[{\"@type\":\"SearchAction\",\"target\":{\"@type\":\"EntryPoint\",\"urlTemplate\":\"https:\\\/\\\/www.copealcoy.es\\\/es\\\/?s={search_term_string}\"},\"query-input\":{\"@type\":\"PropertyValueSpecification\",\"valueRequired\":true,\"valueName\":\"search_term_string\"}}],\"inLanguage\":\"es\"},{\"@type\":\"Person\",\"@id\":\"https:\\\/\\\/www.copealcoy.es\\\/es\\\/#\\\/schema\\\/person\\\/e777c87fa024e57d40170af9df39882c\",\"name\":\"Cope Alcoy\",\"image\":{\"@type\":\"ImageObject\",\"inLanguage\":\"es\",\"@id\":\"https:\\\/\\\/secure.gravatar.com\\\/avatar\\\/bb65d0283347e303893ba14f0692005417c1e0e690a325a4c5d8bb2b3943ee14?s=96&d=mm&r=g\",\"url\":\"https:\\\/\\\/secure.gravatar.com\\\/avatar\\\/bb65d0283347e303893ba14f0692005417c1e0e690a325a4c5d8bb2b3943ee14?s=96&d=mm&r=g\",\"contentUrl\":\"https:\\\/\\\/secure.gravatar.com\\\/avatar\\\/bb65d0283347e303893ba14f0692005417c1e0e690a325a4c5d8bb2b3943ee14?s=96&d=mm&r=g\",\"caption\":\"Cope Alcoy\"}}]}<\/script>\n<!-- \/ Yoast SEO plugin. -->","yoast_head_json":{"title":"Conseller\u00eda asumir\u00e1 el final de las obras del Grupo Sant Jordi - COPE Alcoy","robots":{"index":"index","follow":"follow","max-snippet":"max-snippet:-1","max-image-preview":"max-image-preview:large","max-video-preview":"max-video-preview:-1"},"canonical":"https:\/\/www.copealcoy.es\/es\/conselleria-asumira-el-final-de-las-obras-del-grupo-sant-jordi\/","og_locale":"es_ES","og_type":"article","og_title":"Conseller\u00eda asumir\u00e1 el final de las obras del Grupo Sant Jordi - COPE Alcoy","og_description":"La Conseller\u00eda de Infraestructuras asumir\u00e1 la finalizaci\u00f3n de las obras del Grupo de Viviendas Sant Jordi y destinar\u00e1 para ello...","og_url":"https:\/\/www.copealcoy.es\/es\/conselleria-asumira-el-final-de-las-obras-del-grupo-sant-jordi\/","og_site_name":"COPE Alcoy","article_published_time":"2015-05-05T05:03:48+00:00","og_image":[{"width":670,"height":377,"url":"https:\/\/www.copealcoy.es\/wp-content\/uploads\/2015\/05\/img_16497.jpg","type":"image\/jpeg"}],"author":"Cope Alcoy","twitter_misc":{"Escrito por":"Cope Alcoy","Tiempo de lectura":"1 minuto"},"schema":{"@context":"https:\/\/schema.org","@graph":[{"@type":"Article","@id":"https:\/\/www.copealcoy.es\/es\/conselleria-asumira-el-final-de-las-obras-del-grupo-sant-jordi\/#article","isPartOf":{"@id":"https:\/\/www.copealcoy.es\/es\/conselleria-asumira-el-final-de-las-obras-del-grupo-sant-jordi\/"},"author":{"name":"Cope Alcoy","@id":"https:\/\/www.copealcoy.es\/es\/#\/schema\/person\/e777c87fa024e57d40170af9df39882c"},"headline":"Conseller\u00eda asumir\u00e1 el final de las obras del Grupo Sant Jordi","datePublished":"2015-05-05T05:03:48+00:00","mainEntityOfPage":{"@id":"https:\/\/www.copealcoy.es\/es\/conselleria-asumira-el-final-de-las-obras-del-grupo-sant-jordi\/"},"wordCount":231,"commentCount":0,"image":{"@id":"https:\/\/www.copealcoy.es\/es\/conselleria-asumira-el-final-de-las-obras-del-grupo-sant-jordi\/#primaryimage"},"thumbnailUrl":"https:\/\/www.copealcoy.es\/wp-content\/uploads\/2015\/05\/img_16497.jpg","keywords":["Alcoy","Ayuntamiento","Conseller\u00eda","Obras","Vivienda"],"articleSection":["Alcoy","Noticias","Portada"],"inLanguage":"es"},{"@type":"WebPage","@id":"https:\/\/www.copealcoy.es\/es\/conselleria-asumira-el-final-de-las-obras-del-grupo-sant-jordi\/","url":"https:\/\/www.copealcoy.es\/es\/conselleria-asumira-el-final-de-las-obras-del-grupo-sant-jordi\/","name":"Conseller\u00eda asumir\u00e1 el final de las obras del Grupo Sant Jordi - COPE Alcoy","isPartOf":{"@id":"https:\/\/www.copealcoy.es\/es\/#website"},"primaryImageOfPage":{"@id":"https:\/\/www.copealcoy.es\/es\/conselleria-asumira-el-final-de-las-obras-del-grupo-sant-jordi\/#primaryimage"},"image":{"@id":"https:\/\/www.copealcoy.es\/es\/conselleria-asumira-el-final-de-las-obras-del-grupo-sant-jordi\/#primaryimage"},"thumbnailUrl":"https:\/\/www.copealcoy.es\/wp-content\/uploads\/2015\/05\/img_16497.jpg","datePublished":"2015-05-05T05:03:48+00:00","author":{"@id":"https:\/\/www.copealcoy.es\/es\/#\/schema\/person\/e777c87fa024e57d40170af9df39882c"},"breadcrumb":{"@id":"https:\/\/www.copealcoy.es\/es\/conselleria-asumira-el-final-de-las-obras-del-grupo-sant-jordi\/#breadcrumb"},"inLanguage":"es","potentialAction":[{"@type":"ReadAction","target":["https:\/\/www.copealcoy.es\/es\/conselleria-asumira-el-final-de-las-obras-del-grupo-sant-jordi\/"]}]},{"@type":"ImageObject","inLanguage":"es","@id":"https:\/\/www.copealcoy.es\/es\/conselleria-asumira-el-final-de-las-obras-del-grupo-sant-jordi\/#primaryimage","url":"https:\/\/www.copealcoy.es\/wp-content\/uploads\/2015\/05\/img_16497.jpg","contentUrl":"https:\/\/www.copealcoy.es\/wp-content\/uploads\/2015\/05\/img_16497.jpg","width":670,"height":377,"caption":"Una de las reuniones mantenidas en 2015 con los vecinos del Grupo de Viviendas"},{"@type":"BreadcrumbList","@id":"https:\/\/www.copealcoy.es\/es\/conselleria-asumira-el-final-de-las-obras-del-grupo-sant-jordi\/#breadcrumb","itemListElement":[{"@type":"ListItem","position":1,"name":"Portada","item":"https:\/\/www.copealcoy.es\/es\/"},{"@type":"ListItem","position":2,"name":"Conseller\u00eda asumir\u00e1 el final de las obras del Grupo Sant Jordi"}]},{"@type":"WebSite","@id":"https:\/\/www.copealcoy.es\/es\/#website","url":"https:\/\/www.copealcoy.es\/es\/","name":"COPE Alcoy","description":"Emisora COPE de radio local con emisi\u00f3n online. Pont de Sant Jordi 8-10 03803 Alcoy","potentialAction":[{"@type":"SearchAction","target":{"@type":"EntryPoint","urlTemplate":"https:\/\/www.copealcoy.es\/es\/?s={search_term_string}"},"query-input":{"@type":"PropertyValueSpecification","valueRequired":true,"valueName":"search_term_string"}}],"inLanguage":"es"},{"@type":"Person","@id":"https:\/\/www.copealcoy.es\/es\/#\/schema\/person\/e777c87fa024e57d40170af9df39882c","name":"Cope Alcoy","image":{"@type":"ImageObject","inLanguage":"es","@id":"https:\/\/secure.gravatar.com\/avatar\/bb65d0283347e303893ba14f0692005417c1e0e690a325a4c5d8bb2b3943ee14?s=96&d=mm&r=g","url":"https:\/\/secure.gravatar.com\/avatar\/bb65d0283347e303893ba14f0692005417c1e0e690a325a4c5d8bb2b3943ee14?s=96&d=mm&r=g","contentUrl":"https:\/\/secure.gravatar.com\/avatar\/bb65d0283347e303893ba14f0692005417c1e0e690a325a4c5d8bb2b3943ee14?s=96&d=mm&r=g","caption":"Cope Alcoy"}}]}},"_links":{"self":[{"href":"https:\/\/www.copealcoy.es\/es\/wp-json\/wp\/v2\/posts\/12735","targetHints":{"allow":["GET"]}}],"collection":[{"href":"https:\/\/www.copealcoy.es\/es\/wp-json\/wp\/v2\/posts"}],"about":[{"href":"https:\/\/www.copealcoy.es\/es\/wp-json\/wp\/v2\/types\/post"}],"author":[{"embeddable":true,"href":"https:\/\/www.copealcoy.es\/es\/wp-json\/wp\/v2\/users\/1"}],"replies":[{"embeddable":true,"href":"https:\/\/www.copealcoy.es\/es\/wp-json\/wp\/v2\/comments?post=12735"}],"version-history":[{"count":0,"href":"https:\/\/www.copealcoy.es\/es\/wp-json\/wp\/v2\/posts\/12735\/revisions"}],"wp:featuredmedia":[{"embeddable":true,"href":"https:\/\/www.copealcoy.es\/es\/wp-json\/wp\/v2\/media\/12736"}],"wp:attachment":[{"href":"https:\/\/www.copealcoy.es\/es\/wp-json\/wp\/v2\/media?parent=12735"}],"wp:term":[{"taxonomy":"category","embeddable":true,"href":"https:\/\/www.copealcoy.es\/es\/wp-json\/wp\/v2\/categories?post=12735"},{"taxonomy":"post_tag","embeddable":true,"href":"https:\/\/www.copealcoy.es\/es\/wp-json\/wp\/v2\/tags?post=12735"}],"curies":[{"name":"wp","href":"https:\/\/api.w.org\/{rel}","templated":true}]}}