{"id":127339,"date":"2023-12-29T08:02:17","date_gmt":"2023-12-29T07:02:17","guid":{"rendered":"https:\/\/www.copealcoy.es\/?p=127339"},"modified":"2023-12-29T08:47:00","modified_gmt":"2023-12-29T07:47:00","slug":"la-ocupacion-en-alcoy-y-comarca-supera-el-80-de-cara-al-puente-de-fin-de-ano","status":"publish","type":"post","link":"https:\/\/www.copealcoy.es\/es\/la-ocupacion-en-alcoy-y-comarca-supera-el-80-de-cara-al-puente-de-fin-de-ano\/","title":{"rendered":"La ocupaci\u00f3n en Alcoy y comarca supera el 80% de cara al puente de Fin de A\u00f1o"},"content":{"rendered":"<p style=\"text-align: justify;\">Los <strong>profesionales del sector tur\u00edstico<\/strong> de nuestras comarcas afrontan con gran optimismo <strong>el puente festivo de Fin de A\u00f1o<\/strong> que arranca este mismo viernes. El calendario <strong>hace coincidir este a\u00f1o el 1 de Enero en lunes<\/strong> y esto lleva a que <strong>muchos se decidan a viajar o a hacer una peque\u00f1a escapada<\/strong> para despedir como se merece al 2023 y dar una buena bienvenida al 2024.<\/p>\n<p style=\"text-align: justify;\">A d\u00eda de hoy <strong>la ocupaci\u00f3n tur\u00edstica supera el 80%<\/strong>\u00a0en la zona, especialmente en las\u00a0<strong>casas rurales<\/strong>\u00a0existentes en el conjunto de las comarcas del Comtat y de l\u2019Alcoi\u00e0.\u00a0Respecto a la restauraci\u00f3n, la mayor parte de los\u00a0<strong>grandes restaurantes<\/strong> cuelgan el cartel de completo tanto para la Nochevieja como tambi\u00e9n para comer a mediod\u00eda del 31 de diciembre &#8220;<em>desde la pandemia se ha implantado mucho la costumbre de despedir el a\u00f1o con la Tardevieja y eso hace que cada vez haya m\u00e1s reservas para la comida. A ello se le une este a\u00f1o que aqu\u00ed en Alcoy habr\u00e1 fiesta en La Bandeja desde media ma\u00f1ana y eso tambi\u00e9n favorece que todos los establecimientos hosteleros est\u00e9n con buen\u00edsmos datos<\/em>&#8220;, contaba en COPE ALCOY <strong>Ram\u00f3n Reche<\/strong>; vicepresidente de<a href=\"https:\/\/www.turismoalicanteinterior.com\/\" target=\"_blank\" rel=\"noopener\"><strong><span style=\"color: #0000ff;\"> la Asociaci\u00f3n de Turismo Alicante Interior<\/span><\/strong><\/a>.<\/p>\n<p style=\"text-align: justify;\">Desde la instituci\u00f3n se\u00f1alan tambi\u00e9n que parejas, grupos de amigos formados por gente joven o familias <strong>son los que m\u00e1s optan por venir hasta una Casa Rural de Alcoy o de la comarca<\/strong> en Fin de A\u00f1o. Lo hacen <strong>motivados por el entorno medioambiental de los Parques Naturales de Font Roja o Mariola<\/strong>, <strong>la gastronom\u00eda<\/strong> de nuestros pueblos y <strong>la posibilidad que ofrece la zona para descansar<\/strong> entre tanto ajetreo por las Fiestas Navide\u00f1as. En cambio, <strong>al casco urbano<\/strong>, vienen muchos de fuera para conocer la oferta de &#8216;Alcoi Ciutat del Nadal&#8217; o disfrutar de actos como la Fiesta de Fin de A\u00f1o e incluso el desfile de Les Pastoretes que tendr\u00e1 lugar este a\u00f1o el s\u00e1bado 30 de diciembre por la tarde. Con estos buenos \u00edndices para A\u00f1o Nuevo, <strong>el sector tur\u00edstico de Alcoy y comarca culmina un a\u00f1o de plena recuperaci\u00f3n tras la pandemia<\/strong> que ha dejado espectaculares resultados en \u00e9pocas como la Semana Santa, puentes festivos, Fiestas de Moros y Cristianos, Navidad e incluso verano.<\/p>\n","protected":false},"excerpt":{"rendered":"<p>Los profesionales del sector tur\u00edstico de nuestras comarcas afrontan con gran optimismo el puente festivo de Fin de A\u00f1o que&#8230;<\/p>\n","protected":false},"author":1,"featured_media":8938,"comment_status":"open","ping_status":"open","sticky":false,"template":"","format":"standard","meta":{"footnotes":""},"categories":[6909,98,75],"tags":[482,3474,237,1701,728,514],"class_list":["post-127339","post","type-post","status-publish","format-standard","has-post-thumbnail","hentry","category-actualidad","category-comarcas","category-noticias","tag-alcoia","tag-alicante-interior","tag-comtat","tag-fin-de-ano","tag-ocupacion","tag-turismo"],"yoast_head":"<!-- This site is optimized with the Yoast SEO plugin v27.3 - https:\/\/yoast.com\/product\/yoast-seo-wordpress\/ -->\n<title>La ocupaci\u00f3n en Alcoy y comarca supera el 80% de cara al puente de Fin de A\u00f1o - COPE Alcoy<\/title>\n<meta name=\"description\" content=\"Los profesionales del sector tur\u00edstico de nuestras comarcas afrontan con gran optimismo el puente festivo de Fin de A\u00f1o que arranca este mismo viernes\" \/>\n<meta name=\"robots\" content=\"index, follow, max-snippet:-1, max-image-preview:large, max-video-preview:-1\" \/>\n<link rel=\"canonical\" href=\"https:\/\/www.copealcoy.es\/es\/la-ocupacion-en-alcoy-y-comarca-supera-el-80-de-cara-al-puente-de-fin-de-ano\/\" \/>\n<meta property=\"og:locale\" content=\"es_ES\" \/>\n<meta property=\"og:type\" content=\"article\" \/>\n<meta property=\"og:title\" content=\"La ocupaci\u00f3n en Alcoy y comarca supera el 80% de cara al puente de Fin de A\u00f1o - COPE Alcoy\" \/>\n<meta property=\"og:description\" content=\"Los profesionales del sector tur\u00edstico de nuestras comarcas afrontan con gran optimismo el puente festivo de Fin de A\u00f1o que arranca este mismo viernes\" \/>\n<meta property=\"og:url\" content=\"https:\/\/www.copealcoy.es\/es\/la-ocupacion-en-alcoy-y-comarca-supera-el-80-de-cara-al-puente-de-fin-de-ano\/\" \/>\n<meta property=\"og:site_name\" content=\"COPE Alcoy\" \/>\n<meta property=\"article:published_time\" content=\"2023-12-29T07:02:17+00:00\" \/>\n<meta property=\"article:modified_time\" content=\"2023-12-29T07:47:00+00:00\" \/>\n<meta property=\"og:image\" content=\"https:\/\/www.copealcoy.es\/wp-content\/uploads\/2014\/12\/image50.jpg\" \/>\n\t<meta property=\"og:image:width\" content=\"1437\" \/>\n\t<meta property=\"og:image:height\" content=\"1080\" \/>\n\t<meta property=\"og:image:type\" content=\"image\/jpeg\" \/>\n<meta name=\"author\" content=\"Cope Alcoy\" \/>\n<meta name=\"twitter:label1\" content=\"Escrito por\" \/>\n\t<meta name=\"twitter:data1\" content=\"Cope Alcoy\" \/>\n\t<meta name=\"twitter:label2\" content=\"Tiempo de lectura\" \/>\n\t<meta name=\"twitter:data2\" content=\"2 minutos\" \/>\n<script type=\"application\/ld+json\" class=\"yoast-schema-graph\">{\"@context\":\"https:\\\/\\\/schema.org\",\"@graph\":[{\"@type\":\"Article\",\"@id\":\"https:\\\/\\\/www.copealcoy.es\\\/es\\\/la-ocupacion-en-alcoy-y-comarca-supera-el-80-de-cara-al-puente-de-fin-de-ano\\\/#article\",\"isPartOf\":{\"@id\":\"https:\\\/\\\/www.copealcoy.es\\\/es\\\/la-ocupacion-en-alcoy-y-comarca-supera-el-80-de-cara-al-puente-de-fin-de-ano\\\/\"},\"author\":{\"name\":\"Cope Alcoy\",\"@id\":\"https:\\\/\\\/www.copealcoy.es\\\/es\\\/#\\\/schema\\\/person\\\/e777c87fa024e57d40170af9df39882c\"},\"headline\":\"La ocupaci\u00f3n en Alcoy y comarca supera el 80% de cara al puente de Fin de A\u00f1o\",\"datePublished\":\"2023-12-29T07:02:17+00:00\",\"dateModified\":\"2023-12-29T07:47:00+00:00\",\"mainEntityOfPage\":{\"@id\":\"https:\\\/\\\/www.copealcoy.es\\\/es\\\/la-ocupacion-en-alcoy-y-comarca-supera-el-80-de-cara-al-puente-de-fin-de-ano\\\/\"},\"wordCount\":414,\"commentCount\":0,\"image\":{\"@id\":\"https:\\\/\\\/www.copealcoy.es\\\/es\\\/la-ocupacion-en-alcoy-y-comarca-supera-el-80-de-cara-al-puente-de-fin-de-ano\\\/#primaryimage\"},\"thumbnailUrl\":\"https:\\\/\\\/www.copealcoy.es\\\/wp-content\\\/uploads\\\/2014\\\/12\\\/image50.jpg\",\"keywords\":[\"Alcoi\u00e0\",\"Alicante Interior\",\"Comtat\",\"Fin de A\u00f1o\",\"Ocupaci\u00f3n\",\"Turismo\"],\"articleSection\":[\"Actualidad\",\"Comarcas\",\"Noticias\"],\"inLanguage\":\"es\"},{\"@type\":\"WebPage\",\"@id\":\"https:\\\/\\\/www.copealcoy.es\\\/es\\\/la-ocupacion-en-alcoy-y-comarca-supera-el-80-de-cara-al-puente-de-fin-de-ano\\\/\",\"url\":\"https:\\\/\\\/www.copealcoy.es\\\/es\\\/la-ocupacion-en-alcoy-y-comarca-supera-el-80-de-cara-al-puente-de-fin-de-ano\\\/\",\"name\":\"La ocupaci\u00f3n en Alcoy y comarca supera el 80% de cara al puente de Fin de A\u00f1o - COPE Alcoy\",\"isPartOf\":{\"@id\":\"https:\\\/\\\/www.copealcoy.es\\\/es\\\/#website\"},\"primaryImageOfPage\":{\"@id\":\"https:\\\/\\\/www.copealcoy.es\\\/es\\\/la-ocupacion-en-alcoy-y-comarca-supera-el-80-de-cara-al-puente-de-fin-de-ano\\\/#primaryimage\"},\"image\":{\"@id\":\"https:\\\/\\\/www.copealcoy.es\\\/es\\\/la-ocupacion-en-alcoy-y-comarca-supera-el-80-de-cara-al-puente-de-fin-de-ano\\\/#primaryimage\"},\"thumbnailUrl\":\"https:\\\/\\\/www.copealcoy.es\\\/wp-content\\\/uploads\\\/2014\\\/12\\\/image50.jpg\",\"datePublished\":\"2023-12-29T07:02:17+00:00\",\"dateModified\":\"2023-12-29T07:47:00+00:00\",\"author\":{\"@id\":\"https:\\\/\\\/www.copealcoy.es\\\/es\\\/#\\\/schema\\\/person\\\/e777c87fa024e57d40170af9df39882c\"},\"description\":\"Los profesionales del sector tur\u00edstico de nuestras comarcas afrontan con gran optimismo el puente festivo de Fin de A\u00f1o que arranca este mismo viernes\",\"breadcrumb\":{\"@id\":\"https:\\\/\\\/www.copealcoy.es\\\/es\\\/la-ocupacion-en-alcoy-y-comarca-supera-el-80-de-cara-al-puente-de-fin-de-ano\\\/#breadcrumb\"},\"inLanguage\":\"es\",\"potentialAction\":[{\"@type\":\"ReadAction\",\"target\":[\"https:\\\/\\\/www.copealcoy.es\\\/es\\\/la-ocupacion-en-alcoy-y-comarca-supera-el-80-de-cara-al-puente-de-fin-de-ano\\\/\"]}]},{\"@type\":\"ImageObject\",\"inLanguage\":\"es\",\"@id\":\"https:\\\/\\\/www.copealcoy.es\\\/es\\\/la-ocupacion-en-alcoy-y-comarca-supera-el-80-de-cara-al-puente-de-fin-de-ano\\\/#primaryimage\",\"url\":\"https:\\\/\\\/www.copealcoy.es\\\/wp-content\\\/uploads\\\/2014\\\/12\\\/image50.jpg\",\"contentUrl\":\"https:\\\/\\\/www.copealcoy.es\\\/wp-content\\\/uploads\\\/2014\\\/12\\\/image50.jpg\",\"width\":1437,\"height\":1080},{\"@type\":\"BreadcrumbList\",\"@id\":\"https:\\\/\\\/www.copealcoy.es\\\/es\\\/la-ocupacion-en-alcoy-y-comarca-supera-el-80-de-cara-al-puente-de-fin-de-ano\\\/#breadcrumb\",\"itemListElement\":[{\"@type\":\"ListItem\",\"position\":1,\"name\":\"Portada\",\"item\":\"https:\\\/\\\/www.copealcoy.es\\\/es\\\/\"},{\"@type\":\"ListItem\",\"position\":2,\"name\":\"La ocupaci\u00f3n en Alcoy y comarca supera el 80% de cara al puente de Fin de A\u00f1o\"}]},{\"@type\":\"WebSite\",\"@id\":\"https:\\\/\\\/www.copealcoy.es\\\/es\\\/#website\",\"url\":\"https:\\\/\\\/www.copealcoy.es\\\/es\\\/\",\"name\":\"COPE Alcoy\",\"description\":\"Emisora COPE de radio local con emisi\u00f3n online. Pont de Sant Jordi 8-10 03803 Alcoy\",\"potentialAction\":[{\"@type\":\"SearchAction\",\"target\":{\"@type\":\"EntryPoint\",\"urlTemplate\":\"https:\\\/\\\/www.copealcoy.es\\\/es\\\/?s={search_term_string}\"},\"query-input\":{\"@type\":\"PropertyValueSpecification\",\"valueRequired\":true,\"valueName\":\"search_term_string\"}}],\"inLanguage\":\"es\"},{\"@type\":\"Person\",\"@id\":\"https:\\\/\\\/www.copealcoy.es\\\/es\\\/#\\\/schema\\\/person\\\/e777c87fa024e57d40170af9df39882c\",\"name\":\"Cope Alcoy\",\"image\":{\"@type\":\"ImageObject\",\"inLanguage\":\"es\",\"@id\":\"https:\\\/\\\/secure.gravatar.com\\\/avatar\\\/bb65d0283347e303893ba14f0692005417c1e0e690a325a4c5d8bb2b3943ee14?s=96&d=mm&r=g\",\"url\":\"https:\\\/\\\/secure.gravatar.com\\\/avatar\\\/bb65d0283347e303893ba14f0692005417c1e0e690a325a4c5d8bb2b3943ee14?s=96&d=mm&r=g\",\"contentUrl\":\"https:\\\/\\\/secure.gravatar.com\\\/avatar\\\/bb65d0283347e303893ba14f0692005417c1e0e690a325a4c5d8bb2b3943ee14?s=96&d=mm&r=g\",\"caption\":\"Cope Alcoy\"}}]}<\/script>\n<!-- \/ Yoast SEO plugin. -->","yoast_head_json":{"title":"La ocupaci\u00f3n en Alcoy y comarca supera el 80% de cara al puente de Fin de A\u00f1o - COPE Alcoy","description":"Los profesionales del sector tur\u00edstico de nuestras comarcas afrontan con gran optimismo el puente festivo de Fin de A\u00f1o que arranca este mismo viernes","robots":{"index":"index","follow":"follow","max-snippet":"max-snippet:-1","max-image-preview":"max-image-preview:large","max-video-preview":"max-video-preview:-1"},"canonical":"https:\/\/www.copealcoy.es\/es\/la-ocupacion-en-alcoy-y-comarca-supera-el-80-de-cara-al-puente-de-fin-de-ano\/","og_locale":"es_ES","og_type":"article","og_title":"La ocupaci\u00f3n en Alcoy y comarca supera el 80% de cara al puente de Fin de A\u00f1o - COPE Alcoy","og_description":"Los profesionales del sector tur\u00edstico de nuestras comarcas afrontan con gran optimismo el puente festivo de Fin de A\u00f1o que arranca este mismo viernes","og_url":"https:\/\/www.copealcoy.es\/es\/la-ocupacion-en-alcoy-y-comarca-supera-el-80-de-cara-al-puente-de-fin-de-ano\/","og_site_name":"COPE Alcoy","article_published_time":"2023-12-29T07:02:17+00:00","article_modified_time":"2023-12-29T07:47:00+00:00","og_image":[{"width":1437,"height":1080,"url":"https:\/\/www.copealcoy.es\/wp-content\/uploads\/2014\/12\/image50.jpg","type":"image\/jpeg"}],"author":"Cope Alcoy","twitter_misc":{"Escrito por":"Cope Alcoy","Tiempo de lectura":"2 minutos"},"schema":{"@context":"https:\/\/schema.org","@graph":[{"@type":"Article","@id":"https:\/\/www.copealcoy.es\/es\/la-ocupacion-en-alcoy-y-comarca-supera-el-80-de-cara-al-puente-de-fin-de-ano\/#article","isPartOf":{"@id":"https:\/\/www.copealcoy.es\/es\/la-ocupacion-en-alcoy-y-comarca-supera-el-80-de-cara-al-puente-de-fin-de-ano\/"},"author":{"name":"Cope Alcoy","@id":"https:\/\/www.copealcoy.es\/es\/#\/schema\/person\/e777c87fa024e57d40170af9df39882c"},"headline":"La ocupaci\u00f3n en Alcoy y comarca supera el 80% de cara al puente de Fin de A\u00f1o","datePublished":"2023-12-29T07:02:17+00:00","dateModified":"2023-12-29T07:47:00+00:00","mainEntityOfPage":{"@id":"https:\/\/www.copealcoy.es\/es\/la-ocupacion-en-alcoy-y-comarca-supera-el-80-de-cara-al-puente-de-fin-de-ano\/"},"wordCount":414,"commentCount":0,"image":{"@id":"https:\/\/www.copealcoy.es\/es\/la-ocupacion-en-alcoy-y-comarca-supera-el-80-de-cara-al-puente-de-fin-de-ano\/#primaryimage"},"thumbnailUrl":"https:\/\/www.copealcoy.es\/wp-content\/uploads\/2014\/12\/image50.jpg","keywords":["Alcoi\u00e0","Alicante Interior","Comtat","Fin de A\u00f1o","Ocupaci\u00f3n","Turismo"],"articleSection":["Actualidad","Comarcas","Noticias"],"inLanguage":"es"},{"@type":"WebPage","@id":"https:\/\/www.copealcoy.es\/es\/la-ocupacion-en-alcoy-y-comarca-supera-el-80-de-cara-al-puente-de-fin-de-ano\/","url":"https:\/\/www.copealcoy.es\/es\/la-ocupacion-en-alcoy-y-comarca-supera-el-80-de-cara-al-puente-de-fin-de-ano\/","name":"La ocupaci\u00f3n en Alcoy y comarca supera el 80% de cara al puente de Fin de A\u00f1o - COPE Alcoy","isPartOf":{"@id":"https:\/\/www.copealcoy.es\/es\/#website"},"primaryImageOfPage":{"@id":"https:\/\/www.copealcoy.es\/es\/la-ocupacion-en-alcoy-y-comarca-supera-el-80-de-cara-al-puente-de-fin-de-ano\/#primaryimage"},"image":{"@id":"https:\/\/www.copealcoy.es\/es\/la-ocupacion-en-alcoy-y-comarca-supera-el-80-de-cara-al-puente-de-fin-de-ano\/#primaryimage"},"thumbnailUrl":"https:\/\/www.copealcoy.es\/wp-content\/uploads\/2014\/12\/image50.jpg","datePublished":"2023-12-29T07:02:17+00:00","dateModified":"2023-12-29T07:47:00+00:00","author":{"@id":"https:\/\/www.copealcoy.es\/es\/#\/schema\/person\/e777c87fa024e57d40170af9df39882c"},"description":"Los profesionales del sector tur\u00edstico de nuestras comarcas afrontan con gran optimismo el puente festivo de Fin de A\u00f1o que arranca este mismo viernes","breadcrumb":{"@id":"https:\/\/www.copealcoy.es\/es\/la-ocupacion-en-alcoy-y-comarca-supera-el-80-de-cara-al-puente-de-fin-de-ano\/#breadcrumb"},"inLanguage":"es","potentialAction":[{"@type":"ReadAction","target":["https:\/\/www.copealcoy.es\/es\/la-ocupacion-en-alcoy-y-comarca-supera-el-80-de-cara-al-puente-de-fin-de-ano\/"]}]},{"@type":"ImageObject","inLanguage":"es","@id":"https:\/\/www.copealcoy.es\/es\/la-ocupacion-en-alcoy-y-comarca-supera-el-80-de-cara-al-puente-de-fin-de-ano\/#primaryimage","url":"https:\/\/www.copealcoy.es\/wp-content\/uploads\/2014\/12\/image50.jpg","contentUrl":"https:\/\/www.copealcoy.es\/wp-content\/uploads\/2014\/12\/image50.jpg","width":1437,"height":1080},{"@type":"BreadcrumbList","@id":"https:\/\/www.copealcoy.es\/es\/la-ocupacion-en-alcoy-y-comarca-supera-el-80-de-cara-al-puente-de-fin-de-ano\/#breadcrumb","itemListElement":[{"@type":"ListItem","position":1,"name":"Portada","item":"https:\/\/www.copealcoy.es\/es\/"},{"@type":"ListItem","position":2,"name":"La ocupaci\u00f3n en Alcoy y comarca supera el 80% de cara al puente de Fin de A\u00f1o"}]},{"@type":"WebSite","@id":"https:\/\/www.copealcoy.es\/es\/#website","url":"https:\/\/www.copealcoy.es\/es\/","name":"COPE Alcoy","description":"Emisora COPE de radio local con emisi\u00f3n online. Pont de Sant Jordi 8-10 03803 Alcoy","potentialAction":[{"@type":"SearchAction","target":{"@type":"EntryPoint","urlTemplate":"https:\/\/www.copealcoy.es\/es\/?s={search_term_string}"},"query-input":{"@type":"PropertyValueSpecification","valueRequired":true,"valueName":"search_term_string"}}],"inLanguage":"es"},{"@type":"Person","@id":"https:\/\/www.copealcoy.es\/es\/#\/schema\/person\/e777c87fa024e57d40170af9df39882c","name":"Cope Alcoy","image":{"@type":"ImageObject","inLanguage":"es","@id":"https:\/\/secure.gravatar.com\/avatar\/bb65d0283347e303893ba14f0692005417c1e0e690a325a4c5d8bb2b3943ee14?s=96&d=mm&r=g","url":"https:\/\/secure.gravatar.com\/avatar\/bb65d0283347e303893ba14f0692005417c1e0e690a325a4c5d8bb2b3943ee14?s=96&d=mm&r=g","contentUrl":"https:\/\/secure.gravatar.com\/avatar\/bb65d0283347e303893ba14f0692005417c1e0e690a325a4c5d8bb2b3943ee14?s=96&d=mm&r=g","caption":"Cope Alcoy"}}]}},"_links":{"self":[{"href":"https:\/\/www.copealcoy.es\/es\/wp-json\/wp\/v2\/posts\/127339","targetHints":{"allow":["GET"]}}],"collection":[{"href":"https:\/\/www.copealcoy.es\/es\/wp-json\/wp\/v2\/posts"}],"about":[{"href":"https:\/\/www.copealcoy.es\/es\/wp-json\/wp\/v2\/types\/post"}],"author":[{"embeddable":true,"href":"https:\/\/www.copealcoy.es\/es\/wp-json\/wp\/v2\/users\/1"}],"replies":[{"embeddable":true,"href":"https:\/\/www.copealcoy.es\/es\/wp-json\/wp\/v2\/comments?post=127339"}],"version-history":[{"count":0,"href":"https:\/\/www.copealcoy.es\/es\/wp-json\/wp\/v2\/posts\/127339\/revisions"}],"wp:featuredmedia":[{"embeddable":true,"href":"https:\/\/www.copealcoy.es\/es\/wp-json\/wp\/v2\/media\/8938"}],"wp:attachment":[{"href":"https:\/\/www.copealcoy.es\/es\/wp-json\/wp\/v2\/media?parent=127339"}],"wp:term":[{"taxonomy":"category","embeddable":true,"href":"https:\/\/www.copealcoy.es\/es\/wp-json\/wp\/v2\/categories?post=127339"},{"taxonomy":"post_tag","embeddable":true,"href":"https:\/\/www.copealcoy.es\/es\/wp-json\/wp\/v2\/tags?post=127339"}],"curies":[{"name":"wp","href":"https:\/\/api.w.org\/{rel}","templated":true}]}}