{"id":127137,"date":"2025-12-29T08:30:42","date_gmt":"2025-12-29T07:30:42","guid":{"rendered":"https:\/\/www.copealcoy.es\/?p=127137"},"modified":"2026-01-04T14:16:44","modified_gmt":"2026-01-04T13:16:44","slug":"los-reyes-volveran-a-hablar-con-los-ninos-en-cope-alcoy","status":"publish","type":"post","link":"https:\/\/www.copealcoy.es\/es\/los-reyes-volveran-a-hablar-con-los-ninos-en-cope-alcoy\/","title":{"rendered":"Los Reyes volver\u00e1n a hablar con los ni\u00f1os en COPE ALCOY"},"content":{"rendered":"<p style=\"text-align: justify;\">Alcoy se prepara para recibir a <strong>Sus Majestades los Reyes Magos de Oriente<\/strong> el pr\u00f3ximo 5 de enero de 2026. Los monarcas desfilar\u00e1n por la ciudad para repartir ilusi\u00f3n y cumplir los deseos de j\u00f3venes y mayores en la que es la noche m\u00e1s m\u00e1gica y especial del a\u00f1o.<\/p>\n<p style=\"text-align: justify;\">Pero antes de la centenaria cabalgata, la misma ma\u00f1ana del 5 de enero, <strong>los Reyes Magos pasar\u00e1n por los micr\u00f3fonos de COPE ALCOY<\/strong> para hablar con los ni\u00f1os y ni\u00f1as que lo deseen, despu\u00e9s de bajar del Campamento Real en el que pasan la noche.<\/p>\n<p style=\"text-align: justify;\"><span style=\"color: #0000ff;\"><strong>Participa en el programa<\/strong><\/span><\/p>\n<p style=\"text-align: justify;\">Para que tus ni\u00f1os y ni\u00f1as participen en este programa especial, hay que <span style=\"color: #ff0000;\"><strong>llamar al 96 533 27 35 antes del 3 de enero a las dos del mediod\u00eda<\/strong><\/span>. Nosotros<strong> tomaremos buena nota de los datos personales<\/strong> y el d\u00eda 5 de enero solo tendr\u00e9is que estar pendientes del tel\u00e9fono para recibir la esperada llamada de los Monarcas.<\/p>\n<p style=\"text-align: justify;\"><span style=\"color: #0000ff;\"><strong>Las entidades que acompa\u00f1an este a\u00f1o a los Reyes<\/strong><\/span><\/p>\n<p style=\"text-align: justify;\">Desde 1984, el Ayuntamiento organiza la Cabalgata con la colaboraci\u00f3n de entidades locales, y este a\u00f1o participar\u00e1n\u00a0<strong data-start=\"664\" data-end=\"686\">el Judo Club Alcoi<\/strong>, las\u00a0<strong data-start=\"692\" data-end=\"719\">asociaciones de vecinos<\/strong>\u00a0y la\u00a0<strong>Fil\u00e0 Vascos<\/strong>. El\u00a0<strong data-start=\"748\" data-end=\"767\">Judo Club Alcoi<\/strong>\u00a0celebra su\u00a0<strong data-start=\"779\" data-end=\"797\">60 aniversario<\/strong>, promoviendo deporte, disciplina y valores como el esfuerzo y el compa\u00f1erismo. Por su parte, las\u00a0<strong data-start=\"895\" data-end=\"935\">asociaciones de vecinos de la ciudad<\/strong>\u00a0conmemoran los\u00a0<strong data-start=\"951\" data-end=\"962\">50 a\u00f1os<\/strong>\u00a0desde la creaci\u00f3n de la primera entidad vecinal, trabajando desde entonces por la mejora de los barrios y la participaci\u00f3n ciudadana. La\u00a0<strong data-start=\"1100\" data-end=\"1115\">Fil\u00e0 Vascos<\/strong>, con su larga trayectoria en las Fiestas de Moros y Cristianos, aportar\u00e1 experiencia y ambiente festivo a la Cabalgata. Junto a ellos destacan la periodista alcoyana <strong>Abril Peidro<\/strong> y el actor <strong>Pau Dur\u00e0<\/strong>. La primera ha recibido el encargo, por parte de Sus Majestades, de colaborar con el Embajador Real en las tareas de escribir el bando que el segundo ayudar\u00e1 a declamar por las calles de la ciudad al anochecer del pr\u00f3ximo 4 de enero.<\/p>\n","protected":false},"excerpt":{"rendered":"<p>Alcoy se prepara para recibir a Sus Majestades los Reyes Magos de Oriente el pr\u00f3ximo 5 de enero de 2026&#8230;.<\/p>\n","protected":false},"author":1,"featured_media":58565,"comment_status":"closed","ping_status":"closed","sticky":false,"template":"","format":"standard","meta":{"footnotes":""},"categories":[6909,97,78,75],"tags":[1494,368,1717,488],"class_list":["post-127137","post","type-post","status-publish","format-standard","has-post-thumbnail","hentry","category-actualidad","category-alcoy","category-fiestaycultura","category-noticias","tag-alcoy","tag-cabalgata","tag-nadal-alcoia","tag-reyes-magos"],"yoast_head":"<!-- This site is optimized with the Yoast SEO plugin v27.3 - https:\/\/yoast.com\/product\/yoast-seo-wordpress\/ -->\n<title>Los Reyes volver\u00e1n a hablar con los ni\u00f1os en COPE ALCOY - COPE Alcoy<\/title>\n<meta name=\"description\" content=\"Alcoy se prepara para recibir a Sus Majestades los Reyes Magos de Oriente el pr\u00f3ximo 5 de enero de 2024. Los monarcas desfilar\u00e1n por la ciudad para repartir ilusi\u00f3n y cumplir los deseos de j\u00f3venes y mayores en la que es la noche m\u00e1s m\u00e1gica y especial del a\u00f1o.\u00a0\" \/>\n<meta name=\"robots\" content=\"index, follow, max-snippet:-1, max-image-preview:large, max-video-preview:-1\" \/>\n<link rel=\"canonical\" href=\"https:\/\/www.copealcoy.es\/es\/los-reyes-volveran-a-hablar-con-los-ninos-en-cope-alcoy\/\" \/>\n<meta property=\"og:locale\" content=\"es_ES\" \/>\n<meta property=\"og:type\" content=\"article\" \/>\n<meta property=\"og:title\" content=\"Los Reyes volver\u00e1n a hablar con los ni\u00f1os en COPE ALCOY - COPE Alcoy\" \/>\n<meta property=\"og:description\" content=\"Alcoy se prepara para recibir a Sus Majestades los Reyes Magos de Oriente el pr\u00f3ximo 5 de enero de 2024. Los monarcas desfilar\u00e1n por la ciudad para repartir ilusi\u00f3n y cumplir los deseos de j\u00f3venes y mayores en la que es la noche m\u00e1s m\u00e1gica y especial del a\u00f1o.\u00a0\" \/>\n<meta property=\"og:url\" content=\"https:\/\/www.copealcoy.es\/es\/los-reyes-volveran-a-hablar-con-los-ninos-en-cope-alcoy\/\" \/>\n<meta property=\"og:site_name\" content=\"COPE Alcoy\" \/>\n<meta property=\"article:published_time\" content=\"2025-12-29T07:30:42+00:00\" \/>\n<meta property=\"article:modified_time\" content=\"2026-01-04T13:16:44+00:00\" \/>\n<meta property=\"og:image\" content=\"https:\/\/www.copealcoy.es\/wp-content\/uploads\/2020\/01\/81641135_3928991913793630_9146479623901544448_o-1.jpg\" \/>\n\t<meta property=\"og:image:width\" content=\"960\" \/>\n\t<meta property=\"og:image:height\" content=\"635\" \/>\n\t<meta property=\"og:image:type\" content=\"image\/jpeg\" \/>\n<meta name=\"author\" content=\"Cope Alcoy\" \/>\n<meta name=\"twitter:label1\" content=\"Escrito por\" \/>\n\t<meta name=\"twitter:data1\" content=\"Cope Alcoy\" \/>\n\t<meta name=\"twitter:label2\" content=\"Tiempo de lectura\" \/>\n\t<meta name=\"twitter:data2\" content=\"2 minutos\" \/>\n<script type=\"application\/ld+json\" class=\"yoast-schema-graph\">{\"@context\":\"https:\\\/\\\/schema.org\",\"@graph\":[{\"@type\":\"Article\",\"@id\":\"https:\\\/\\\/www.copealcoy.es\\\/es\\\/los-reyes-volveran-a-hablar-con-los-ninos-en-cope-alcoy\\\/#article\",\"isPartOf\":{\"@id\":\"https:\\\/\\\/www.copealcoy.es\\\/es\\\/los-reyes-volveran-a-hablar-con-los-ninos-en-cope-alcoy\\\/\"},\"author\":{\"name\":\"Cope Alcoy\",\"@id\":\"https:\\\/\\\/www.copealcoy.es\\\/es\\\/#\\\/schema\\\/person\\\/e777c87fa024e57d40170af9df39882c\"},\"headline\":\"Los Reyes volver\u00e1n a hablar con los ni\u00f1os en COPE ALCOY\",\"datePublished\":\"2025-12-29T07:30:42+00:00\",\"dateModified\":\"2026-01-04T13:16:44+00:00\",\"mainEntityOfPage\":{\"@id\":\"https:\\\/\\\/www.copealcoy.es\\\/es\\\/los-reyes-volveran-a-hablar-con-los-ninos-en-cope-alcoy\\\/\"},\"wordCount\":356,\"image\":{\"@id\":\"https:\\\/\\\/www.copealcoy.es\\\/es\\\/los-reyes-volveran-a-hablar-con-los-ninos-en-cope-alcoy\\\/#primaryimage\"},\"thumbnailUrl\":\"https:\\\/\\\/www.copealcoy.es\\\/wp-content\\\/uploads\\\/2020\\\/01\\\/81641135_3928991913793630_9146479623901544448_o-1.jpg\",\"keywords\":[\"Alcoy\",\"Cabalgata\",\"Nadal Alcoi\u00e0\",\"Reyes Magos\"],\"articleSection\":[\"Actualidad\",\"Alcoy\",\"Fiesta y Cultura\",\"Noticias\"],\"inLanguage\":\"es\"},{\"@type\":\"WebPage\",\"@id\":\"https:\\\/\\\/www.copealcoy.es\\\/es\\\/los-reyes-volveran-a-hablar-con-los-ninos-en-cope-alcoy\\\/\",\"url\":\"https:\\\/\\\/www.copealcoy.es\\\/es\\\/los-reyes-volveran-a-hablar-con-los-ninos-en-cope-alcoy\\\/\",\"name\":\"Los Reyes volver\u00e1n a hablar con los ni\u00f1os en COPE ALCOY - COPE Alcoy\",\"isPartOf\":{\"@id\":\"https:\\\/\\\/www.copealcoy.es\\\/es\\\/#website\"},\"primaryImageOfPage\":{\"@id\":\"https:\\\/\\\/www.copealcoy.es\\\/es\\\/los-reyes-volveran-a-hablar-con-los-ninos-en-cope-alcoy\\\/#primaryimage\"},\"image\":{\"@id\":\"https:\\\/\\\/www.copealcoy.es\\\/es\\\/los-reyes-volveran-a-hablar-con-los-ninos-en-cope-alcoy\\\/#primaryimage\"},\"thumbnailUrl\":\"https:\\\/\\\/www.copealcoy.es\\\/wp-content\\\/uploads\\\/2020\\\/01\\\/81641135_3928991913793630_9146479623901544448_o-1.jpg\",\"datePublished\":\"2025-12-29T07:30:42+00:00\",\"dateModified\":\"2026-01-04T13:16:44+00:00\",\"author\":{\"@id\":\"https:\\\/\\\/www.copealcoy.es\\\/es\\\/#\\\/schema\\\/person\\\/e777c87fa024e57d40170af9df39882c\"},\"description\":\"Alcoy se prepara para recibir a Sus Majestades los Reyes Magos de Oriente el pr\u00f3ximo 5 de enero de 2024. Los monarcas desfilar\u00e1n por la ciudad para repartir ilusi\u00f3n y cumplir los deseos de j\u00f3venes y mayores en la que es la noche m\u00e1s m\u00e1gica y especial del a\u00f1o.\u00a0\",\"breadcrumb\":{\"@id\":\"https:\\\/\\\/www.copealcoy.es\\\/es\\\/los-reyes-volveran-a-hablar-con-los-ninos-en-cope-alcoy\\\/#breadcrumb\"},\"inLanguage\":\"es\",\"potentialAction\":[{\"@type\":\"ReadAction\",\"target\":[\"https:\\\/\\\/www.copealcoy.es\\\/es\\\/los-reyes-volveran-a-hablar-con-los-ninos-en-cope-alcoy\\\/\"]}]},{\"@type\":\"ImageObject\",\"inLanguage\":\"es\",\"@id\":\"https:\\\/\\\/www.copealcoy.es\\\/es\\\/los-reyes-volveran-a-hablar-con-los-ninos-en-cope-alcoy\\\/#primaryimage\",\"url\":\"https:\\\/\\\/www.copealcoy.es\\\/wp-content\\\/uploads\\\/2020\\\/01\\\/81641135_3928991913793630_9146479623901544448_o-1.jpg\",\"contentUrl\":\"https:\\\/\\\/www.copealcoy.es\\\/wp-content\\\/uploads\\\/2020\\\/01\\\/81641135_3928991913793630_9146479623901544448_o-1.jpg\",\"width\":960,\"height\":635,\"caption\":\"Los Reyes Magos durante el instante de la Adoraci\u00f3n \\\/ Foto: Ajuntament d'Alcoi\"},{\"@type\":\"BreadcrumbList\",\"@id\":\"https:\\\/\\\/www.copealcoy.es\\\/es\\\/los-reyes-volveran-a-hablar-con-los-ninos-en-cope-alcoy\\\/#breadcrumb\",\"itemListElement\":[{\"@type\":\"ListItem\",\"position\":1,\"name\":\"Portada\",\"item\":\"https:\\\/\\\/www.copealcoy.es\\\/es\\\/\"},{\"@type\":\"ListItem\",\"position\":2,\"name\":\"Los Reyes volver\u00e1n a hablar con los ni\u00f1os en COPE ALCOY\"}]},{\"@type\":\"WebSite\",\"@id\":\"https:\\\/\\\/www.copealcoy.es\\\/es\\\/#website\",\"url\":\"https:\\\/\\\/www.copealcoy.es\\\/es\\\/\",\"name\":\"COPE Alcoy\",\"description\":\"Emisora COPE de radio local con emisi\u00f3n online. Pont de Sant Jordi 8-10 03803 Alcoy\",\"potentialAction\":[{\"@type\":\"SearchAction\",\"target\":{\"@type\":\"EntryPoint\",\"urlTemplate\":\"https:\\\/\\\/www.copealcoy.es\\\/es\\\/?s={search_term_string}\"},\"query-input\":{\"@type\":\"PropertyValueSpecification\",\"valueRequired\":true,\"valueName\":\"search_term_string\"}}],\"inLanguage\":\"es\"},{\"@type\":\"Person\",\"@id\":\"https:\\\/\\\/www.copealcoy.es\\\/es\\\/#\\\/schema\\\/person\\\/e777c87fa024e57d40170af9df39882c\",\"name\":\"Cope Alcoy\",\"image\":{\"@type\":\"ImageObject\",\"inLanguage\":\"es\",\"@id\":\"https:\\\/\\\/secure.gravatar.com\\\/avatar\\\/bb65d0283347e303893ba14f0692005417c1e0e690a325a4c5d8bb2b3943ee14?s=96&d=mm&r=g\",\"url\":\"https:\\\/\\\/secure.gravatar.com\\\/avatar\\\/bb65d0283347e303893ba14f0692005417c1e0e690a325a4c5d8bb2b3943ee14?s=96&d=mm&r=g\",\"contentUrl\":\"https:\\\/\\\/secure.gravatar.com\\\/avatar\\\/bb65d0283347e303893ba14f0692005417c1e0e690a325a4c5d8bb2b3943ee14?s=96&d=mm&r=g\",\"caption\":\"Cope Alcoy\"}}]}<\/script>\n<!-- \/ Yoast SEO plugin. -->","yoast_head_json":{"title":"Los Reyes volver\u00e1n a hablar con los ni\u00f1os en COPE ALCOY - COPE Alcoy","description":"Alcoy se prepara para recibir a Sus Majestades los Reyes Magos de Oriente el pr\u00f3ximo 5 de enero de 2024. Los monarcas desfilar\u00e1n por la ciudad para repartir ilusi\u00f3n y cumplir los deseos de j\u00f3venes y mayores en la que es la noche m\u00e1s m\u00e1gica y especial del a\u00f1o.\u00a0","robots":{"index":"index","follow":"follow","max-snippet":"max-snippet:-1","max-image-preview":"max-image-preview:large","max-video-preview":"max-video-preview:-1"},"canonical":"https:\/\/www.copealcoy.es\/es\/los-reyes-volveran-a-hablar-con-los-ninos-en-cope-alcoy\/","og_locale":"es_ES","og_type":"article","og_title":"Los Reyes volver\u00e1n a hablar con los ni\u00f1os en COPE ALCOY - COPE Alcoy","og_description":"Alcoy se prepara para recibir a Sus Majestades los Reyes Magos de Oriente el pr\u00f3ximo 5 de enero de 2024. Los monarcas desfilar\u00e1n por la ciudad para repartir ilusi\u00f3n y cumplir los deseos de j\u00f3venes y mayores en la que es la noche m\u00e1s m\u00e1gica y especial del a\u00f1o.\u00a0","og_url":"https:\/\/www.copealcoy.es\/es\/los-reyes-volveran-a-hablar-con-los-ninos-en-cope-alcoy\/","og_site_name":"COPE Alcoy","article_published_time":"2025-12-29T07:30:42+00:00","article_modified_time":"2026-01-04T13:16:44+00:00","og_image":[{"width":960,"height":635,"url":"https:\/\/www.copealcoy.es\/wp-content\/uploads\/2020\/01\/81641135_3928991913793630_9146479623901544448_o-1.jpg","type":"image\/jpeg"}],"author":"Cope Alcoy","twitter_misc":{"Escrito por":"Cope Alcoy","Tiempo de lectura":"2 minutos"},"schema":{"@context":"https:\/\/schema.org","@graph":[{"@type":"Article","@id":"https:\/\/www.copealcoy.es\/es\/los-reyes-volveran-a-hablar-con-los-ninos-en-cope-alcoy\/#article","isPartOf":{"@id":"https:\/\/www.copealcoy.es\/es\/los-reyes-volveran-a-hablar-con-los-ninos-en-cope-alcoy\/"},"author":{"name":"Cope Alcoy","@id":"https:\/\/www.copealcoy.es\/es\/#\/schema\/person\/e777c87fa024e57d40170af9df39882c"},"headline":"Los Reyes volver\u00e1n a hablar con los ni\u00f1os en COPE ALCOY","datePublished":"2025-12-29T07:30:42+00:00","dateModified":"2026-01-04T13:16:44+00:00","mainEntityOfPage":{"@id":"https:\/\/www.copealcoy.es\/es\/los-reyes-volveran-a-hablar-con-los-ninos-en-cope-alcoy\/"},"wordCount":356,"image":{"@id":"https:\/\/www.copealcoy.es\/es\/los-reyes-volveran-a-hablar-con-los-ninos-en-cope-alcoy\/#primaryimage"},"thumbnailUrl":"https:\/\/www.copealcoy.es\/wp-content\/uploads\/2020\/01\/81641135_3928991913793630_9146479623901544448_o-1.jpg","keywords":["Alcoy","Cabalgata","Nadal Alcoi\u00e0","Reyes Magos"],"articleSection":["Actualidad","Alcoy","Fiesta y Cultura","Noticias"],"inLanguage":"es"},{"@type":"WebPage","@id":"https:\/\/www.copealcoy.es\/es\/los-reyes-volveran-a-hablar-con-los-ninos-en-cope-alcoy\/","url":"https:\/\/www.copealcoy.es\/es\/los-reyes-volveran-a-hablar-con-los-ninos-en-cope-alcoy\/","name":"Los Reyes volver\u00e1n a hablar con los ni\u00f1os en COPE ALCOY - COPE Alcoy","isPartOf":{"@id":"https:\/\/www.copealcoy.es\/es\/#website"},"primaryImageOfPage":{"@id":"https:\/\/www.copealcoy.es\/es\/los-reyes-volveran-a-hablar-con-los-ninos-en-cope-alcoy\/#primaryimage"},"image":{"@id":"https:\/\/www.copealcoy.es\/es\/los-reyes-volveran-a-hablar-con-los-ninos-en-cope-alcoy\/#primaryimage"},"thumbnailUrl":"https:\/\/www.copealcoy.es\/wp-content\/uploads\/2020\/01\/81641135_3928991913793630_9146479623901544448_o-1.jpg","datePublished":"2025-12-29T07:30:42+00:00","dateModified":"2026-01-04T13:16:44+00:00","author":{"@id":"https:\/\/www.copealcoy.es\/es\/#\/schema\/person\/e777c87fa024e57d40170af9df39882c"},"description":"Alcoy se prepara para recibir a Sus Majestades los Reyes Magos de Oriente el pr\u00f3ximo 5 de enero de 2024. Los monarcas desfilar\u00e1n por la ciudad para repartir ilusi\u00f3n y cumplir los deseos de j\u00f3venes y mayores en la que es la noche m\u00e1s m\u00e1gica y especial del a\u00f1o.\u00a0","breadcrumb":{"@id":"https:\/\/www.copealcoy.es\/es\/los-reyes-volveran-a-hablar-con-los-ninos-en-cope-alcoy\/#breadcrumb"},"inLanguage":"es","potentialAction":[{"@type":"ReadAction","target":["https:\/\/www.copealcoy.es\/es\/los-reyes-volveran-a-hablar-con-los-ninos-en-cope-alcoy\/"]}]},{"@type":"ImageObject","inLanguage":"es","@id":"https:\/\/www.copealcoy.es\/es\/los-reyes-volveran-a-hablar-con-los-ninos-en-cope-alcoy\/#primaryimage","url":"https:\/\/www.copealcoy.es\/wp-content\/uploads\/2020\/01\/81641135_3928991913793630_9146479623901544448_o-1.jpg","contentUrl":"https:\/\/www.copealcoy.es\/wp-content\/uploads\/2020\/01\/81641135_3928991913793630_9146479623901544448_o-1.jpg","width":960,"height":635,"caption":"Los Reyes Magos durante el instante de la Adoraci\u00f3n \/ Foto: Ajuntament d'Alcoi"},{"@type":"BreadcrumbList","@id":"https:\/\/www.copealcoy.es\/es\/los-reyes-volveran-a-hablar-con-los-ninos-en-cope-alcoy\/#breadcrumb","itemListElement":[{"@type":"ListItem","position":1,"name":"Portada","item":"https:\/\/www.copealcoy.es\/es\/"},{"@type":"ListItem","position":2,"name":"Los Reyes volver\u00e1n a hablar con los ni\u00f1os en COPE ALCOY"}]},{"@type":"WebSite","@id":"https:\/\/www.copealcoy.es\/es\/#website","url":"https:\/\/www.copealcoy.es\/es\/","name":"COPE Alcoy","description":"Emisora COPE de radio local con emisi\u00f3n online. Pont de Sant Jordi 8-10 03803 Alcoy","potentialAction":[{"@type":"SearchAction","target":{"@type":"EntryPoint","urlTemplate":"https:\/\/www.copealcoy.es\/es\/?s={search_term_string}"},"query-input":{"@type":"PropertyValueSpecification","valueRequired":true,"valueName":"search_term_string"}}],"inLanguage":"es"},{"@type":"Person","@id":"https:\/\/www.copealcoy.es\/es\/#\/schema\/person\/e777c87fa024e57d40170af9df39882c","name":"Cope Alcoy","image":{"@type":"ImageObject","inLanguage":"es","@id":"https:\/\/secure.gravatar.com\/avatar\/bb65d0283347e303893ba14f0692005417c1e0e690a325a4c5d8bb2b3943ee14?s=96&d=mm&r=g","url":"https:\/\/secure.gravatar.com\/avatar\/bb65d0283347e303893ba14f0692005417c1e0e690a325a4c5d8bb2b3943ee14?s=96&d=mm&r=g","contentUrl":"https:\/\/secure.gravatar.com\/avatar\/bb65d0283347e303893ba14f0692005417c1e0e690a325a4c5d8bb2b3943ee14?s=96&d=mm&r=g","caption":"Cope Alcoy"}}]}},"_links":{"self":[{"href":"https:\/\/www.copealcoy.es\/es\/wp-json\/wp\/v2\/posts\/127137","targetHints":{"allow":["GET"]}}],"collection":[{"href":"https:\/\/www.copealcoy.es\/es\/wp-json\/wp\/v2\/posts"}],"about":[{"href":"https:\/\/www.copealcoy.es\/es\/wp-json\/wp\/v2\/types\/post"}],"author":[{"embeddable":true,"href":"https:\/\/www.copealcoy.es\/es\/wp-json\/wp\/v2\/users\/1"}],"replies":[{"embeddable":true,"href":"https:\/\/www.copealcoy.es\/es\/wp-json\/wp\/v2\/comments?post=127137"}],"version-history":[{"count":3,"href":"https:\/\/www.copealcoy.es\/es\/wp-json\/wp\/v2\/posts\/127137\/revisions"}],"predecessor-version":[{"id":161818,"href":"https:\/\/www.copealcoy.es\/es\/wp-json\/wp\/v2\/posts\/127137\/revisions\/161818"}],"wp:featuredmedia":[{"embeddable":true,"href":"https:\/\/www.copealcoy.es\/es\/wp-json\/wp\/v2\/media\/58565"}],"wp:attachment":[{"href":"https:\/\/www.copealcoy.es\/es\/wp-json\/wp\/v2\/media?parent=127137"}],"wp:term":[{"taxonomy":"category","embeddable":true,"href":"https:\/\/www.copealcoy.es\/es\/wp-json\/wp\/v2\/categories?post=127137"},{"taxonomy":"post_tag","embeddable":true,"href":"https:\/\/www.copealcoy.es\/es\/wp-json\/wp\/v2\/tags?post=127137"}],"curies":[{"name":"wp","href":"https:\/\/api.w.org\/{rel}","templated":true}]}}