{"id":12706,"date":"2015-05-02T08:58:51","date_gmt":"2015-05-02T08:58:51","guid":{"rendered":"http:\/\/copealcoi.es\/new\/?p=12706"},"modified":"2015-05-03T12:30:48","modified_gmt":"2015-05-03T12:30:48","slug":"el-ayuntamiento-asegura-que-el-futuro-del-centro-de-enfermos-mentales-esta-en-el-aire","status":"publish","type":"post","link":"https:\/\/www.copealcoy.es\/es\/el-ayuntamiento-asegura-que-el-futuro-del-centro-de-enfermos-mentales-esta-en-el-aire\/","title":{"rendered":"El Gobierno Local asegura que el futuro del CEM est\u00e1 en el aire"},"content":{"rendered":"<p style=\"text-align: justify;\">El Gobierno Municipal de Alcoy ha asegurado que el futuro del Centro de Enfermos Mentales est\u00e1 en el aire a escasas semanas de la finalizaci\u00f3n de las obras.\u00a0Desde el Ejecutivo destacan que el proyecto acumula un retraso de cuatro a\u00f1os y se han mostrado cr\u00edticos con la Conseller\u00eda de Sanidad &#8220;que no ha decidido si asume la gesti\u00f3n del complejo o aporta una subvenci\u00f3n al Ayuntamiento para que sea la administraci\u00f3n local la que se haga cargo del servicio&#8221;, explica la edil de Bienestar Social, Aroa Mira.<\/p>\n<p style=\"text-align: justify;\">La concejal detalla al mismo tiempo que est\u00e1n esperando una respuesta del Gobierno Valenciano desde hace tres meses y destaca que desde la Generalitat no han convocado todav\u00eda las subvenciones para la equitaci\u00f3n del Centro.<\/p>\n<p style=\"text-align: justify;\">Recordar que el Centro de Enfermos Mentales ha tenido un coste cercano a los 3\u00b45 millones de euros, que ha avanzado el Consistorio, y contar\u00e1 con\u00a040 plazas de residencia y 20 de d\u00eda.<\/p>\n","protected":false},"excerpt":{"rendered":"<p>El Gobierno Municipal de Alcoy ha asegurado que el futuro del Centro de Enfermos Mentales est\u00e1 en el aire a&#8230;<\/p>\n","protected":false},"author":1,"featured_media":12707,"comment_status":"open","ping_status":"open","sticky":false,"template":"","format":"standard","meta":{"footnotes":""},"categories":[97,75,79,125],"tags":[1494,229,243,422,835],"class_list":["post-12706","post","type-post","status-publish","format-standard","has-post-thumbnail","hentry","category-alcoy","category-noticias","category-politicayeconomia","category-portada","tag-alcoy","tag-ayuntamiento","tag-generalitat","tag-politica","tag-sanidad"],"yoast_head":"<!-- This site is optimized with the Yoast SEO plugin v27.3 - https:\/\/yoast.com\/product\/yoast-seo-wordpress\/ -->\n<title>El Gobierno Local asegura que el futuro del CEM est\u00e1 en el aire - COPE Alcoy<\/title>\n<meta name=\"robots\" content=\"index, follow, max-snippet:-1, max-image-preview:large, max-video-preview:-1\" \/>\n<link rel=\"canonical\" href=\"https:\/\/www.copealcoy.es\/es\/el-ayuntamiento-asegura-que-el-futuro-del-centro-de-enfermos-mentales-esta-en-el-aire\/\" \/>\n<meta property=\"og:locale\" content=\"es_ES\" \/>\n<meta property=\"og:type\" content=\"article\" \/>\n<meta property=\"og:title\" content=\"El Gobierno Local asegura que el futuro del CEM est\u00e1 en el aire - COPE Alcoy\" \/>\n<meta property=\"og:description\" content=\"El Gobierno Municipal de Alcoy ha asegurado que el futuro del Centro de Enfermos Mentales est\u00e1 en el aire a...\" \/>\n<meta property=\"og:url\" content=\"https:\/\/www.copealcoy.es\/es\/el-ayuntamiento-asegura-que-el-futuro-del-centro-de-enfermos-mentales-esta-en-el-aire\/\" \/>\n<meta property=\"og:site_name\" content=\"COPE Alcoy\" \/>\n<meta property=\"article:published_time\" content=\"2015-05-02T08:58:51+00:00\" \/>\n<meta property=\"article:modified_time\" content=\"2015-05-03T12:30:48+00:00\" \/>\n<meta property=\"og:image\" content=\"https:\/\/www.copealcoy.es\/wp-content\/uploads\/2015\/05\/JAY003AC001192948.jpg.jpg\" \/>\n\t<meta property=\"og:image:width\" content=\"646\" \/>\n\t<meta property=\"og:image:height\" content=\"341\" \/>\n\t<meta property=\"og:image:type\" content=\"image\/jpeg\" \/>\n<meta name=\"author\" content=\"Cope Alcoy\" \/>\n<meta name=\"twitter:label1\" content=\"Escrito por\" \/>\n\t<meta name=\"twitter:data1\" content=\"Cope Alcoy\" \/>\n\t<meta name=\"twitter:label2\" content=\"Tiempo de lectura\" \/>\n\t<meta name=\"twitter:data2\" content=\"1 minuto\" \/>\n<script type=\"application\/ld+json\" class=\"yoast-schema-graph\">{\"@context\":\"https:\\\/\\\/schema.org\",\"@graph\":[{\"@type\":\"Article\",\"@id\":\"https:\\\/\\\/www.copealcoy.es\\\/es\\\/el-ayuntamiento-asegura-que-el-futuro-del-centro-de-enfermos-mentales-esta-en-el-aire\\\/#article\",\"isPartOf\":{\"@id\":\"https:\\\/\\\/www.copealcoy.es\\\/es\\\/el-ayuntamiento-asegura-que-el-futuro-del-centro-de-enfermos-mentales-esta-en-el-aire\\\/\"},\"author\":{\"name\":\"Cope Alcoy\",\"@id\":\"https:\\\/\\\/www.copealcoy.es\\\/es\\\/#\\\/schema\\\/person\\\/e777c87fa024e57d40170af9df39882c\"},\"headline\":\"El Gobierno Local asegura que el futuro del CEM est\u00e1 en el aire\",\"datePublished\":\"2015-05-02T08:58:51+00:00\",\"dateModified\":\"2015-05-03T12:30:48+00:00\",\"mainEntityOfPage\":{\"@id\":\"https:\\\/\\\/www.copealcoy.es\\\/es\\\/el-ayuntamiento-asegura-que-el-futuro-del-centro-de-enfermos-mentales-esta-en-el-aire\\\/\"},\"wordCount\":178,\"commentCount\":0,\"image\":{\"@id\":\"https:\\\/\\\/www.copealcoy.es\\\/es\\\/el-ayuntamiento-asegura-que-el-futuro-del-centro-de-enfermos-mentales-esta-en-el-aire\\\/#primaryimage\"},\"thumbnailUrl\":\"https:\\\/\\\/www.copealcoy.es\\\/wp-content\\\/uploads\\\/2015\\\/05\\\/JAY003AC001192948.jpg.jpg\",\"keywords\":[\"Alcoy\",\"Ayuntamiento\",\"Generalitat\",\"Pol\u00edtica\",\"Sanidad\"],\"articleSection\":[\"Alcoy\",\"Noticias\",\"Pol\u00edtica y Econom\u00eda\",\"Portada\"],\"inLanguage\":\"es\"},{\"@type\":\"WebPage\",\"@id\":\"https:\\\/\\\/www.copealcoy.es\\\/es\\\/el-ayuntamiento-asegura-que-el-futuro-del-centro-de-enfermos-mentales-esta-en-el-aire\\\/\",\"url\":\"https:\\\/\\\/www.copealcoy.es\\\/es\\\/el-ayuntamiento-asegura-que-el-futuro-del-centro-de-enfermos-mentales-esta-en-el-aire\\\/\",\"name\":\"El Gobierno Local asegura que el futuro del CEM est\u00e1 en el aire - COPE Alcoy\",\"isPartOf\":{\"@id\":\"https:\\\/\\\/www.copealcoy.es\\\/es\\\/#website\"},\"primaryImageOfPage\":{\"@id\":\"https:\\\/\\\/www.copealcoy.es\\\/es\\\/el-ayuntamiento-asegura-que-el-futuro-del-centro-de-enfermos-mentales-esta-en-el-aire\\\/#primaryimage\"},\"image\":{\"@id\":\"https:\\\/\\\/www.copealcoy.es\\\/es\\\/el-ayuntamiento-asegura-que-el-futuro-del-centro-de-enfermos-mentales-esta-en-el-aire\\\/#primaryimage\"},\"thumbnailUrl\":\"https:\\\/\\\/www.copealcoy.es\\\/wp-content\\\/uploads\\\/2015\\\/05\\\/JAY003AC001192948.jpg.jpg\",\"datePublished\":\"2015-05-02T08:58:51+00:00\",\"dateModified\":\"2015-05-03T12:30:48+00:00\",\"author\":{\"@id\":\"https:\\\/\\\/www.copealcoy.es\\\/es\\\/#\\\/schema\\\/person\\\/e777c87fa024e57d40170af9df39882c\"},\"breadcrumb\":{\"@id\":\"https:\\\/\\\/www.copealcoy.es\\\/es\\\/el-ayuntamiento-asegura-que-el-futuro-del-centro-de-enfermos-mentales-esta-en-el-aire\\\/#breadcrumb\"},\"inLanguage\":\"es\",\"potentialAction\":[{\"@type\":\"ReadAction\",\"target\":[\"https:\\\/\\\/www.copealcoy.es\\\/es\\\/el-ayuntamiento-asegura-que-el-futuro-del-centro-de-enfermos-mentales-esta-en-el-aire\\\/\"]}]},{\"@type\":\"ImageObject\",\"inLanguage\":\"es\",\"@id\":\"https:\\\/\\\/www.copealcoy.es\\\/es\\\/el-ayuntamiento-asegura-que-el-futuro-del-centro-de-enfermos-mentales-esta-en-el-aire\\\/#primaryimage\",\"url\":\"https:\\\/\\\/www.copealcoy.es\\\/wp-content\\\/uploads\\\/2015\\\/05\\\/JAY003AC001192948.jpg.jpg\",\"contentUrl\":\"https:\\\/\\\/www.copealcoy.es\\\/wp-content\\\/uploads\\\/2015\\\/05\\\/JAY003AC001192948.jpg.jpg\",\"width\":646,\"height\":341,\"caption\":\"Centro Enfermos Mentales Alcoy \\\/ Foto: Informaci\u00f3n de Alicante\"},{\"@type\":\"BreadcrumbList\",\"@id\":\"https:\\\/\\\/www.copealcoy.es\\\/es\\\/el-ayuntamiento-asegura-que-el-futuro-del-centro-de-enfermos-mentales-esta-en-el-aire\\\/#breadcrumb\",\"itemListElement\":[{\"@type\":\"ListItem\",\"position\":1,\"name\":\"Portada\",\"item\":\"https:\\\/\\\/www.copealcoy.es\\\/es\\\/\"},{\"@type\":\"ListItem\",\"position\":2,\"name\":\"El Gobierno Local asegura que el futuro del CEM est\u00e1 en el aire\"}]},{\"@type\":\"WebSite\",\"@id\":\"https:\\\/\\\/www.copealcoy.es\\\/es\\\/#website\",\"url\":\"https:\\\/\\\/www.copealcoy.es\\\/es\\\/\",\"name\":\"COPE Alcoy\",\"description\":\"Emisora COPE de radio local con emisi\u00f3n online. Pont de Sant Jordi 8-10 03803 Alcoy\",\"potentialAction\":[{\"@type\":\"SearchAction\",\"target\":{\"@type\":\"EntryPoint\",\"urlTemplate\":\"https:\\\/\\\/www.copealcoy.es\\\/es\\\/?s={search_term_string}\"},\"query-input\":{\"@type\":\"PropertyValueSpecification\",\"valueRequired\":true,\"valueName\":\"search_term_string\"}}],\"inLanguage\":\"es\"},{\"@type\":\"Person\",\"@id\":\"https:\\\/\\\/www.copealcoy.es\\\/es\\\/#\\\/schema\\\/person\\\/e777c87fa024e57d40170af9df39882c\",\"name\":\"Cope Alcoy\",\"image\":{\"@type\":\"ImageObject\",\"inLanguage\":\"es\",\"@id\":\"https:\\\/\\\/secure.gravatar.com\\\/avatar\\\/bb65d0283347e303893ba14f0692005417c1e0e690a325a4c5d8bb2b3943ee14?s=96&d=mm&r=g\",\"url\":\"https:\\\/\\\/secure.gravatar.com\\\/avatar\\\/bb65d0283347e303893ba14f0692005417c1e0e690a325a4c5d8bb2b3943ee14?s=96&d=mm&r=g\",\"contentUrl\":\"https:\\\/\\\/secure.gravatar.com\\\/avatar\\\/bb65d0283347e303893ba14f0692005417c1e0e690a325a4c5d8bb2b3943ee14?s=96&d=mm&r=g\",\"caption\":\"Cope Alcoy\"}}]}<\/script>\n<!-- \/ Yoast SEO plugin. -->","yoast_head_json":{"title":"El Gobierno Local asegura que el futuro del CEM est\u00e1 en el aire - COPE Alcoy","robots":{"index":"index","follow":"follow","max-snippet":"max-snippet:-1","max-image-preview":"max-image-preview:large","max-video-preview":"max-video-preview:-1"},"canonical":"https:\/\/www.copealcoy.es\/es\/el-ayuntamiento-asegura-que-el-futuro-del-centro-de-enfermos-mentales-esta-en-el-aire\/","og_locale":"es_ES","og_type":"article","og_title":"El Gobierno Local asegura que el futuro del CEM est\u00e1 en el aire - COPE Alcoy","og_description":"El Gobierno Municipal de Alcoy ha asegurado que el futuro del Centro de Enfermos Mentales est\u00e1 en el aire a...","og_url":"https:\/\/www.copealcoy.es\/es\/el-ayuntamiento-asegura-que-el-futuro-del-centro-de-enfermos-mentales-esta-en-el-aire\/","og_site_name":"COPE Alcoy","article_published_time":"2015-05-02T08:58:51+00:00","article_modified_time":"2015-05-03T12:30:48+00:00","og_image":[{"width":646,"height":341,"url":"https:\/\/www.copealcoy.es\/wp-content\/uploads\/2015\/05\/JAY003AC001192948.jpg.jpg","type":"image\/jpeg"}],"author":"Cope Alcoy","twitter_misc":{"Escrito por":"Cope Alcoy","Tiempo de lectura":"1 minuto"},"schema":{"@context":"https:\/\/schema.org","@graph":[{"@type":"Article","@id":"https:\/\/www.copealcoy.es\/es\/el-ayuntamiento-asegura-que-el-futuro-del-centro-de-enfermos-mentales-esta-en-el-aire\/#article","isPartOf":{"@id":"https:\/\/www.copealcoy.es\/es\/el-ayuntamiento-asegura-que-el-futuro-del-centro-de-enfermos-mentales-esta-en-el-aire\/"},"author":{"name":"Cope Alcoy","@id":"https:\/\/www.copealcoy.es\/es\/#\/schema\/person\/e777c87fa024e57d40170af9df39882c"},"headline":"El Gobierno Local asegura que el futuro del CEM est\u00e1 en el aire","datePublished":"2015-05-02T08:58:51+00:00","dateModified":"2015-05-03T12:30:48+00:00","mainEntityOfPage":{"@id":"https:\/\/www.copealcoy.es\/es\/el-ayuntamiento-asegura-que-el-futuro-del-centro-de-enfermos-mentales-esta-en-el-aire\/"},"wordCount":178,"commentCount":0,"image":{"@id":"https:\/\/www.copealcoy.es\/es\/el-ayuntamiento-asegura-que-el-futuro-del-centro-de-enfermos-mentales-esta-en-el-aire\/#primaryimage"},"thumbnailUrl":"https:\/\/www.copealcoy.es\/wp-content\/uploads\/2015\/05\/JAY003AC001192948.jpg.jpg","keywords":["Alcoy","Ayuntamiento","Generalitat","Pol\u00edtica","Sanidad"],"articleSection":["Alcoy","Noticias","Pol\u00edtica y Econom\u00eda","Portada"],"inLanguage":"es"},{"@type":"WebPage","@id":"https:\/\/www.copealcoy.es\/es\/el-ayuntamiento-asegura-que-el-futuro-del-centro-de-enfermos-mentales-esta-en-el-aire\/","url":"https:\/\/www.copealcoy.es\/es\/el-ayuntamiento-asegura-que-el-futuro-del-centro-de-enfermos-mentales-esta-en-el-aire\/","name":"El Gobierno Local asegura que el futuro del CEM est\u00e1 en el aire - COPE Alcoy","isPartOf":{"@id":"https:\/\/www.copealcoy.es\/es\/#website"},"primaryImageOfPage":{"@id":"https:\/\/www.copealcoy.es\/es\/el-ayuntamiento-asegura-que-el-futuro-del-centro-de-enfermos-mentales-esta-en-el-aire\/#primaryimage"},"image":{"@id":"https:\/\/www.copealcoy.es\/es\/el-ayuntamiento-asegura-que-el-futuro-del-centro-de-enfermos-mentales-esta-en-el-aire\/#primaryimage"},"thumbnailUrl":"https:\/\/www.copealcoy.es\/wp-content\/uploads\/2015\/05\/JAY003AC001192948.jpg.jpg","datePublished":"2015-05-02T08:58:51+00:00","dateModified":"2015-05-03T12:30:48+00:00","author":{"@id":"https:\/\/www.copealcoy.es\/es\/#\/schema\/person\/e777c87fa024e57d40170af9df39882c"},"breadcrumb":{"@id":"https:\/\/www.copealcoy.es\/es\/el-ayuntamiento-asegura-que-el-futuro-del-centro-de-enfermos-mentales-esta-en-el-aire\/#breadcrumb"},"inLanguage":"es","potentialAction":[{"@type":"ReadAction","target":["https:\/\/www.copealcoy.es\/es\/el-ayuntamiento-asegura-que-el-futuro-del-centro-de-enfermos-mentales-esta-en-el-aire\/"]}]},{"@type":"ImageObject","inLanguage":"es","@id":"https:\/\/www.copealcoy.es\/es\/el-ayuntamiento-asegura-que-el-futuro-del-centro-de-enfermos-mentales-esta-en-el-aire\/#primaryimage","url":"https:\/\/www.copealcoy.es\/wp-content\/uploads\/2015\/05\/JAY003AC001192948.jpg.jpg","contentUrl":"https:\/\/www.copealcoy.es\/wp-content\/uploads\/2015\/05\/JAY003AC001192948.jpg.jpg","width":646,"height":341,"caption":"Centro Enfermos Mentales Alcoy \/ Foto: Informaci\u00f3n de Alicante"},{"@type":"BreadcrumbList","@id":"https:\/\/www.copealcoy.es\/es\/el-ayuntamiento-asegura-que-el-futuro-del-centro-de-enfermos-mentales-esta-en-el-aire\/#breadcrumb","itemListElement":[{"@type":"ListItem","position":1,"name":"Portada","item":"https:\/\/www.copealcoy.es\/es\/"},{"@type":"ListItem","position":2,"name":"El Gobierno Local asegura que el futuro del CEM est\u00e1 en el aire"}]},{"@type":"WebSite","@id":"https:\/\/www.copealcoy.es\/es\/#website","url":"https:\/\/www.copealcoy.es\/es\/","name":"COPE Alcoy","description":"Emisora COPE de radio local con emisi\u00f3n online. Pont de Sant Jordi 8-10 03803 Alcoy","potentialAction":[{"@type":"SearchAction","target":{"@type":"EntryPoint","urlTemplate":"https:\/\/www.copealcoy.es\/es\/?s={search_term_string}"},"query-input":{"@type":"PropertyValueSpecification","valueRequired":true,"valueName":"search_term_string"}}],"inLanguage":"es"},{"@type":"Person","@id":"https:\/\/www.copealcoy.es\/es\/#\/schema\/person\/e777c87fa024e57d40170af9df39882c","name":"Cope Alcoy","image":{"@type":"ImageObject","inLanguage":"es","@id":"https:\/\/secure.gravatar.com\/avatar\/bb65d0283347e303893ba14f0692005417c1e0e690a325a4c5d8bb2b3943ee14?s=96&d=mm&r=g","url":"https:\/\/secure.gravatar.com\/avatar\/bb65d0283347e303893ba14f0692005417c1e0e690a325a4c5d8bb2b3943ee14?s=96&d=mm&r=g","contentUrl":"https:\/\/secure.gravatar.com\/avatar\/bb65d0283347e303893ba14f0692005417c1e0e690a325a4c5d8bb2b3943ee14?s=96&d=mm&r=g","caption":"Cope Alcoy"}}]}},"_links":{"self":[{"href":"https:\/\/www.copealcoy.es\/es\/wp-json\/wp\/v2\/posts\/12706","targetHints":{"allow":["GET"]}}],"collection":[{"href":"https:\/\/www.copealcoy.es\/es\/wp-json\/wp\/v2\/posts"}],"about":[{"href":"https:\/\/www.copealcoy.es\/es\/wp-json\/wp\/v2\/types\/post"}],"author":[{"embeddable":true,"href":"https:\/\/www.copealcoy.es\/es\/wp-json\/wp\/v2\/users\/1"}],"replies":[{"embeddable":true,"href":"https:\/\/www.copealcoy.es\/es\/wp-json\/wp\/v2\/comments?post=12706"}],"version-history":[{"count":0,"href":"https:\/\/www.copealcoy.es\/es\/wp-json\/wp\/v2\/posts\/12706\/revisions"}],"wp:featuredmedia":[{"embeddable":true,"href":"https:\/\/www.copealcoy.es\/es\/wp-json\/wp\/v2\/media\/12707"}],"wp:attachment":[{"href":"https:\/\/www.copealcoy.es\/es\/wp-json\/wp\/v2\/media?parent=12706"}],"wp:term":[{"taxonomy":"category","embeddable":true,"href":"https:\/\/www.copealcoy.es\/es\/wp-json\/wp\/v2\/categories?post=12706"},{"taxonomy":"post_tag","embeddable":true,"href":"https:\/\/www.copealcoy.es\/es\/wp-json\/wp\/v2\/tags?post=12706"}],"curies":[{"name":"wp","href":"https:\/\/api.w.org\/{rel}","templated":true}]}}