{"id":126813,"date":"2023-12-20T09:09:21","date_gmt":"2023-12-20T08:09:21","guid":{"rendered":"https:\/\/www.copealcoy.es\/?p=126813"},"modified":"2023-12-20T10:25:39","modified_gmt":"2023-12-20T09:25:39","slug":"los-moros-y-cristianos-de-cocentaina-ya-son-de-interes-turistico-autonomico","status":"publish","type":"post","link":"https:\/\/www.copealcoy.es\/es\/los-moros-y-cristianos-de-cocentaina-ya-son-de-interes-turistico-autonomico\/","title":{"rendered":"Los Moros y Cristianos de Cocentaina ya son de Inter\u00e9s Tur\u00edstico Auton\u00f3mico"},"content":{"rendered":"<p style=\"text-align: justify;\">Las <strong>Fiestas de Moros y Cristianos<\/strong> de <a href=\"https:\/\/www.cocentaina.es\/\" target=\"_blank\" rel=\"noopener\"><span style=\"color: #0000ff;\"><strong>Cocentaina<\/strong><\/span><\/a> han conseguido <strong>la declaraci\u00f3n de Inter\u00e9s Tur\u00edstico Auton\u00f3mico<\/strong> por parte de la Generalitat Valenciana, tr\u00e1mite previo que es necesario para que las celebraciones en honor a San Hip\u00f3lito M\u00e1rtir sean de <strong>Inter\u00e9s Tur\u00edstico Nacional<\/strong>. Precisamente el Ayuntamiento de la Villa Condal <strong>ya trabaja en esta cuesti\u00f3n,<\/strong> pero la propuesta <strong>fue denegada<\/strong> por no contar con la citada declaraci\u00f3n de Inter\u00e9s Tur\u00edstico Auton\u00f3mico.<\/p>\n<p style=\"text-align: justify;\">Desde el Gobierno Local contestano explican que<strong> en 1986<\/strong>, \u00a0cuando las competencias de Turismo a\u00fan eran nacionales, <strong>el Ministerio emiti\u00f3 un dictamen favorable para la capital del Comtat en el que declaraba los Moros y Cristianos como Fiestas de Inter\u00e9s Tur\u00edstico<\/strong>. No obstante, esta distinci\u00f3n\u00a0 qued\u00f3 en nada cuando las mismas competencias en materia tur\u00edstica <strong>fueron cedidas a las comunidades aut\u00f3nomas<\/strong> y se inici\u00f3 la regulaci\u00f3n normativa de las distinciones de festividades tanto a nivel estatal como regional. Ante esto,<strong> el Consistorio contestano empez\u00f3 a preparar los tr\u00e1mites para que los festejos de San Hip\u00f3lito sean de Inter\u00e9s Tur\u00edstico Nacional<\/strong> pero al ser denegada la petici\u00f3n, por no contar con el titulo de Inter\u00e9s Tur\u00edstico Auton\u00f3mico, se paraliz\u00f3 el proceso r<strong>etom\u00e1ndose el pasado mes de septiembre<\/strong> &#8220;<em>estas declaraciones son fruto del \u00e9xito colectivo de todo un pueblo y quiero agradecer el trabajo incansable que hacen el Archivo Festero, la Junta de Festes, los Caps de Fil\u00e0 y todo el mundo festero en general; para contribuir a que la Festa Contestana siga haci\u00e9ndose cada a\u00f1o m\u00e1s grande<\/em>&#8220;, manifiesta al respecto el edil de Fiestas; <strong>Javi Sansalvador<\/strong>. Tambi\u00e9n <strong>el alcalde de la localidad<\/strong> ha asegurado que <em>\u201cesta declaraci\u00f3n es el resultado del gran trabajo que, desde la Concejal\u00eda de Fiestas, se est\u00e1 llevando a cabo para reivindicar nuestras fiestas y colocarlas en el sitio que merecen. El Ayuntamiento de Cocentaina seguir\u00e1 trabajando duro para que nuestras fiestas luzcan m\u00e1s que nunca<\/em>&#8220;, concluye <strong>Jordi Pla<\/strong>.<\/p>\n<p style=\"text-align: justify;\">Cabe recordar que las Fiestas de Moros y Cristianos de Cocentaina<strong> tiene lugar en el segundo fin de semana del mes de agosto<\/strong> y est\u00e1n dedicadas al patr\u00f3n del municipio; San Hip\u00f3lito M\u00e1rtir. Los festejos cuentan con <strong>actos \u00fanicos y singulares<\/strong> como la Presentaci\u00f3n de Armas a Capitanes y Abanderados, l&#8217;Ambaixada de les Tomaques o los disparos de arcabucer\u00eda a las faldas de la Serra de Mariola.<\/p>\n","protected":false},"excerpt":{"rendered":"<p>Las Fiestas de Moros y Cristianos de Cocentaina han conseguido la declaraci\u00f3n de Inter\u00e9s Tur\u00edstico Auton\u00f3mico por parte de la&#8230;<\/p>\n","protected":false},"author":1,"featured_media":34564,"comment_status":"open","ping_status":"open","sticky":false,"template":"","format":"standard","meta":{"footnotes":""},"categories":[6909,98,75],"tags":[132,589,565,1766,609],"class_list":["post-126813","post","type-post","status-publish","format-standard","has-post-thumbnail","hentry","category-actualidad","category-comarcas","category-noticias","tag-cocentaina","tag-declaracion","tag-fiestas","tag-interes-turistico-autonomico","tag-moros-y-cristianos"],"yoast_head":"<!-- This site is optimized with the Yoast SEO plugin v27.3 - https:\/\/yoast.com\/product\/yoast-seo-wordpress\/ -->\n<title>Los Moros y Cristianos de Cocentaina ya son de Inter\u00e9s Tur\u00edstico Auton\u00f3mico - COPE Alcoy<\/title>\n<meta name=\"description\" content=\"Las Fiestas de Moros y Cristianos de Cocentaina han conseguido la declaraci\u00f3n de Inter\u00e9s Tur\u00edstico Auton\u00f3mico\" \/>\n<meta name=\"robots\" content=\"index, follow, max-snippet:-1, max-image-preview:large, max-video-preview:-1\" \/>\n<link rel=\"canonical\" href=\"https:\/\/www.copealcoy.es\/es\/los-moros-y-cristianos-de-cocentaina-ya-son-de-interes-turistico-autonomico\/\" \/>\n<meta property=\"og:locale\" content=\"es_ES\" \/>\n<meta property=\"og:type\" content=\"article\" \/>\n<meta property=\"og:title\" content=\"Los Moros y Cristianos de Cocentaina ya son de Inter\u00e9s Tur\u00edstico Auton\u00f3mico - COPE Alcoy\" \/>\n<meta property=\"og:description\" content=\"Las Fiestas de Moros y Cristianos de Cocentaina han conseguido la declaraci\u00f3n de Inter\u00e9s Tur\u00edstico Auton\u00f3mico\" \/>\n<meta property=\"og:url\" content=\"https:\/\/www.copealcoy.es\/es\/los-moros-y-cristianos-de-cocentaina-ya-son-de-interes-turistico-autonomico\/\" \/>\n<meta property=\"og:site_name\" content=\"COPE Alcoy\" \/>\n<meta property=\"article:published_time\" content=\"2023-12-20T08:09:21+00:00\" \/>\n<meta property=\"article:modified_time\" content=\"2023-12-20T09:25:39+00:00\" \/>\n<meta property=\"og:image\" content=\"https:\/\/www.copealcoy.es\/wp-content\/uploads\/2017\/08\/Esquadra-Gentils.jpg\" \/>\n\t<meta property=\"og:image:width\" content=\"960\" \/>\n\t<meta property=\"og:image:height\" content=\"640\" \/>\n\t<meta property=\"og:image:type\" content=\"image\/jpeg\" \/>\n<meta name=\"author\" content=\"Cope Alcoy\" \/>\n<meta name=\"twitter:label1\" content=\"Escrito por\" \/>\n\t<meta name=\"twitter:data1\" content=\"Cope Alcoy\" \/>\n\t<meta name=\"twitter:label2\" content=\"Tiempo de lectura\" \/>\n\t<meta name=\"twitter:data2\" content=\"2 minutos\" \/>\n<script type=\"application\/ld+json\" class=\"yoast-schema-graph\">{\"@context\":\"https:\\\/\\\/schema.org\",\"@graph\":[{\"@type\":\"Article\",\"@id\":\"https:\\\/\\\/www.copealcoy.es\\\/es\\\/los-moros-y-cristianos-de-cocentaina-ya-son-de-interes-turistico-autonomico\\\/#article\",\"isPartOf\":{\"@id\":\"https:\\\/\\\/www.copealcoy.es\\\/es\\\/los-moros-y-cristianos-de-cocentaina-ya-son-de-interes-turistico-autonomico\\\/\"},\"author\":{\"name\":\"Cope Alcoy\",\"@id\":\"https:\\\/\\\/www.copealcoy.es\\\/es\\\/#\\\/schema\\\/person\\\/e777c87fa024e57d40170af9df39882c\"},\"headline\":\"Los Moros y Cristianos de Cocentaina ya son de Inter\u00e9s Tur\u00edstico Auton\u00f3mico\",\"datePublished\":\"2023-12-20T08:09:21+00:00\",\"dateModified\":\"2023-12-20T09:25:39+00:00\",\"mainEntityOfPage\":{\"@id\":\"https:\\\/\\\/www.copealcoy.es\\\/es\\\/los-moros-y-cristianos-de-cocentaina-ya-son-de-interes-turistico-autonomico\\\/\"},\"wordCount\":437,\"commentCount\":0,\"image\":{\"@id\":\"https:\\\/\\\/www.copealcoy.es\\\/es\\\/los-moros-y-cristianos-de-cocentaina-ya-son-de-interes-turistico-autonomico\\\/#primaryimage\"},\"thumbnailUrl\":\"https:\\\/\\\/www.copealcoy.es\\\/wp-content\\\/uploads\\\/2017\\\/08\\\/Esquadra-Gentils.jpg\",\"keywords\":[\"Cocentaina\",\"Declaraci\u00f3n\",\"Fiestas\",\"Inter\u00e9s Tur\u00edstico Auton\u00f3mico\",\"Moros Y Cristianos\"],\"articleSection\":[\"Actualidad\",\"Comarcas\",\"Noticias\"],\"inLanguage\":\"es\"},{\"@type\":\"WebPage\",\"@id\":\"https:\\\/\\\/www.copealcoy.es\\\/es\\\/los-moros-y-cristianos-de-cocentaina-ya-son-de-interes-turistico-autonomico\\\/\",\"url\":\"https:\\\/\\\/www.copealcoy.es\\\/es\\\/los-moros-y-cristianos-de-cocentaina-ya-son-de-interes-turistico-autonomico\\\/\",\"name\":\"Los Moros y Cristianos de Cocentaina ya son de Inter\u00e9s Tur\u00edstico Auton\u00f3mico - COPE Alcoy\",\"isPartOf\":{\"@id\":\"https:\\\/\\\/www.copealcoy.es\\\/es\\\/#website\"},\"primaryImageOfPage\":{\"@id\":\"https:\\\/\\\/www.copealcoy.es\\\/es\\\/los-moros-y-cristianos-de-cocentaina-ya-son-de-interes-turistico-autonomico\\\/#primaryimage\"},\"image\":{\"@id\":\"https:\\\/\\\/www.copealcoy.es\\\/es\\\/los-moros-y-cristianos-de-cocentaina-ya-son-de-interes-turistico-autonomico\\\/#primaryimage\"},\"thumbnailUrl\":\"https:\\\/\\\/www.copealcoy.es\\\/wp-content\\\/uploads\\\/2017\\\/08\\\/Esquadra-Gentils.jpg\",\"datePublished\":\"2023-12-20T08:09:21+00:00\",\"dateModified\":\"2023-12-20T09:25:39+00:00\",\"author\":{\"@id\":\"https:\\\/\\\/www.copealcoy.es\\\/es\\\/#\\\/schema\\\/person\\\/e777c87fa024e57d40170af9df39882c\"},\"description\":\"Las Fiestas de Moros y Cristianos de Cocentaina han conseguido la declaraci\u00f3n de Inter\u00e9s Tur\u00edstico Auton\u00f3mico\",\"breadcrumb\":{\"@id\":\"https:\\\/\\\/www.copealcoy.es\\\/es\\\/los-moros-y-cristianos-de-cocentaina-ya-son-de-interes-turistico-autonomico\\\/#breadcrumb\"},\"inLanguage\":\"es\",\"potentialAction\":[{\"@type\":\"ReadAction\",\"target\":[\"https:\\\/\\\/www.copealcoy.es\\\/es\\\/los-moros-y-cristianos-de-cocentaina-ya-son-de-interes-turistico-autonomico\\\/\"]}]},{\"@type\":\"ImageObject\",\"inLanguage\":\"es\",\"@id\":\"https:\\\/\\\/www.copealcoy.es\\\/es\\\/los-moros-y-cristianos-de-cocentaina-ya-son-de-interes-turistico-autonomico\\\/#primaryimage\",\"url\":\"https:\\\/\\\/www.copealcoy.es\\\/wp-content\\\/uploads\\\/2017\\\/08\\\/Esquadra-Gentils.jpg\",\"contentUrl\":\"https:\\\/\\\/www.copealcoy.es\\\/wp-content\\\/uploads\\\/2017\\\/08\\\/Esquadra-Gentils.jpg\",\"width\":960,\"height\":640,\"caption\":\"Escuadra Especial del Capit\u00e1n Cristiano de la Fil\u00e0 Gentils \\\/ Fotos: Fletxa\"},{\"@type\":\"BreadcrumbList\",\"@id\":\"https:\\\/\\\/www.copealcoy.es\\\/es\\\/los-moros-y-cristianos-de-cocentaina-ya-son-de-interes-turistico-autonomico\\\/#breadcrumb\",\"itemListElement\":[{\"@type\":\"ListItem\",\"position\":1,\"name\":\"Portada\",\"item\":\"https:\\\/\\\/www.copealcoy.es\\\/es\\\/\"},{\"@type\":\"ListItem\",\"position\":2,\"name\":\"Los Moros y Cristianos de Cocentaina ya son de Inter\u00e9s Tur\u00edstico Auton\u00f3mico\"}]},{\"@type\":\"WebSite\",\"@id\":\"https:\\\/\\\/www.copealcoy.es\\\/es\\\/#website\",\"url\":\"https:\\\/\\\/www.copealcoy.es\\\/es\\\/\",\"name\":\"COPE Alcoy\",\"description\":\"Emisora COPE de radio local con emisi\u00f3n online. Pont de Sant Jordi 8-10 03803 Alcoy\",\"potentialAction\":[{\"@type\":\"SearchAction\",\"target\":{\"@type\":\"EntryPoint\",\"urlTemplate\":\"https:\\\/\\\/www.copealcoy.es\\\/es\\\/?s={search_term_string}\"},\"query-input\":{\"@type\":\"PropertyValueSpecification\",\"valueRequired\":true,\"valueName\":\"search_term_string\"}}],\"inLanguage\":\"es\"},{\"@type\":\"Person\",\"@id\":\"https:\\\/\\\/www.copealcoy.es\\\/es\\\/#\\\/schema\\\/person\\\/e777c87fa024e57d40170af9df39882c\",\"name\":\"Cope Alcoy\",\"image\":{\"@type\":\"ImageObject\",\"inLanguage\":\"es\",\"@id\":\"https:\\\/\\\/secure.gravatar.com\\\/avatar\\\/bb65d0283347e303893ba14f0692005417c1e0e690a325a4c5d8bb2b3943ee14?s=96&d=mm&r=g\",\"url\":\"https:\\\/\\\/secure.gravatar.com\\\/avatar\\\/bb65d0283347e303893ba14f0692005417c1e0e690a325a4c5d8bb2b3943ee14?s=96&d=mm&r=g\",\"contentUrl\":\"https:\\\/\\\/secure.gravatar.com\\\/avatar\\\/bb65d0283347e303893ba14f0692005417c1e0e690a325a4c5d8bb2b3943ee14?s=96&d=mm&r=g\",\"caption\":\"Cope Alcoy\"}}]}<\/script>\n<!-- \/ Yoast SEO plugin. -->","yoast_head_json":{"title":"Los Moros y Cristianos de Cocentaina ya son de Inter\u00e9s Tur\u00edstico Auton\u00f3mico - COPE Alcoy","description":"Las Fiestas de Moros y Cristianos de Cocentaina han conseguido la declaraci\u00f3n de Inter\u00e9s Tur\u00edstico Auton\u00f3mico","robots":{"index":"index","follow":"follow","max-snippet":"max-snippet:-1","max-image-preview":"max-image-preview:large","max-video-preview":"max-video-preview:-1"},"canonical":"https:\/\/www.copealcoy.es\/es\/los-moros-y-cristianos-de-cocentaina-ya-son-de-interes-turistico-autonomico\/","og_locale":"es_ES","og_type":"article","og_title":"Los Moros y Cristianos de Cocentaina ya son de Inter\u00e9s Tur\u00edstico Auton\u00f3mico - COPE Alcoy","og_description":"Las Fiestas de Moros y Cristianos de Cocentaina han conseguido la declaraci\u00f3n de Inter\u00e9s Tur\u00edstico Auton\u00f3mico","og_url":"https:\/\/www.copealcoy.es\/es\/los-moros-y-cristianos-de-cocentaina-ya-son-de-interes-turistico-autonomico\/","og_site_name":"COPE Alcoy","article_published_time":"2023-12-20T08:09:21+00:00","article_modified_time":"2023-12-20T09:25:39+00:00","og_image":[{"width":960,"height":640,"url":"https:\/\/www.copealcoy.es\/wp-content\/uploads\/2017\/08\/Esquadra-Gentils.jpg","type":"image\/jpeg"}],"author":"Cope Alcoy","twitter_misc":{"Escrito por":"Cope Alcoy","Tiempo de lectura":"2 minutos"},"schema":{"@context":"https:\/\/schema.org","@graph":[{"@type":"Article","@id":"https:\/\/www.copealcoy.es\/es\/los-moros-y-cristianos-de-cocentaina-ya-son-de-interes-turistico-autonomico\/#article","isPartOf":{"@id":"https:\/\/www.copealcoy.es\/es\/los-moros-y-cristianos-de-cocentaina-ya-son-de-interes-turistico-autonomico\/"},"author":{"name":"Cope Alcoy","@id":"https:\/\/www.copealcoy.es\/es\/#\/schema\/person\/e777c87fa024e57d40170af9df39882c"},"headline":"Los Moros y Cristianos de Cocentaina ya son de Inter\u00e9s Tur\u00edstico Auton\u00f3mico","datePublished":"2023-12-20T08:09:21+00:00","dateModified":"2023-12-20T09:25:39+00:00","mainEntityOfPage":{"@id":"https:\/\/www.copealcoy.es\/es\/los-moros-y-cristianos-de-cocentaina-ya-son-de-interes-turistico-autonomico\/"},"wordCount":437,"commentCount":0,"image":{"@id":"https:\/\/www.copealcoy.es\/es\/los-moros-y-cristianos-de-cocentaina-ya-son-de-interes-turistico-autonomico\/#primaryimage"},"thumbnailUrl":"https:\/\/www.copealcoy.es\/wp-content\/uploads\/2017\/08\/Esquadra-Gentils.jpg","keywords":["Cocentaina","Declaraci\u00f3n","Fiestas","Inter\u00e9s Tur\u00edstico Auton\u00f3mico","Moros Y Cristianos"],"articleSection":["Actualidad","Comarcas","Noticias"],"inLanguage":"es"},{"@type":"WebPage","@id":"https:\/\/www.copealcoy.es\/es\/los-moros-y-cristianos-de-cocentaina-ya-son-de-interes-turistico-autonomico\/","url":"https:\/\/www.copealcoy.es\/es\/los-moros-y-cristianos-de-cocentaina-ya-son-de-interes-turistico-autonomico\/","name":"Los Moros y Cristianos de Cocentaina ya son de Inter\u00e9s Tur\u00edstico Auton\u00f3mico - COPE Alcoy","isPartOf":{"@id":"https:\/\/www.copealcoy.es\/es\/#website"},"primaryImageOfPage":{"@id":"https:\/\/www.copealcoy.es\/es\/los-moros-y-cristianos-de-cocentaina-ya-son-de-interes-turistico-autonomico\/#primaryimage"},"image":{"@id":"https:\/\/www.copealcoy.es\/es\/los-moros-y-cristianos-de-cocentaina-ya-son-de-interes-turistico-autonomico\/#primaryimage"},"thumbnailUrl":"https:\/\/www.copealcoy.es\/wp-content\/uploads\/2017\/08\/Esquadra-Gentils.jpg","datePublished":"2023-12-20T08:09:21+00:00","dateModified":"2023-12-20T09:25:39+00:00","author":{"@id":"https:\/\/www.copealcoy.es\/es\/#\/schema\/person\/e777c87fa024e57d40170af9df39882c"},"description":"Las Fiestas de Moros y Cristianos de Cocentaina han conseguido la declaraci\u00f3n de Inter\u00e9s Tur\u00edstico Auton\u00f3mico","breadcrumb":{"@id":"https:\/\/www.copealcoy.es\/es\/los-moros-y-cristianos-de-cocentaina-ya-son-de-interes-turistico-autonomico\/#breadcrumb"},"inLanguage":"es","potentialAction":[{"@type":"ReadAction","target":["https:\/\/www.copealcoy.es\/es\/los-moros-y-cristianos-de-cocentaina-ya-son-de-interes-turistico-autonomico\/"]}]},{"@type":"ImageObject","inLanguage":"es","@id":"https:\/\/www.copealcoy.es\/es\/los-moros-y-cristianos-de-cocentaina-ya-son-de-interes-turistico-autonomico\/#primaryimage","url":"https:\/\/www.copealcoy.es\/wp-content\/uploads\/2017\/08\/Esquadra-Gentils.jpg","contentUrl":"https:\/\/www.copealcoy.es\/wp-content\/uploads\/2017\/08\/Esquadra-Gentils.jpg","width":960,"height":640,"caption":"Escuadra Especial del Capit\u00e1n Cristiano de la Fil\u00e0 Gentils \/ Fotos: Fletxa"},{"@type":"BreadcrumbList","@id":"https:\/\/www.copealcoy.es\/es\/los-moros-y-cristianos-de-cocentaina-ya-son-de-interes-turistico-autonomico\/#breadcrumb","itemListElement":[{"@type":"ListItem","position":1,"name":"Portada","item":"https:\/\/www.copealcoy.es\/es\/"},{"@type":"ListItem","position":2,"name":"Los Moros y Cristianos de Cocentaina ya son de Inter\u00e9s Tur\u00edstico Auton\u00f3mico"}]},{"@type":"WebSite","@id":"https:\/\/www.copealcoy.es\/es\/#website","url":"https:\/\/www.copealcoy.es\/es\/","name":"COPE Alcoy","description":"Emisora COPE de radio local con emisi\u00f3n online. Pont de Sant Jordi 8-10 03803 Alcoy","potentialAction":[{"@type":"SearchAction","target":{"@type":"EntryPoint","urlTemplate":"https:\/\/www.copealcoy.es\/es\/?s={search_term_string}"},"query-input":{"@type":"PropertyValueSpecification","valueRequired":true,"valueName":"search_term_string"}}],"inLanguage":"es"},{"@type":"Person","@id":"https:\/\/www.copealcoy.es\/es\/#\/schema\/person\/e777c87fa024e57d40170af9df39882c","name":"Cope Alcoy","image":{"@type":"ImageObject","inLanguage":"es","@id":"https:\/\/secure.gravatar.com\/avatar\/bb65d0283347e303893ba14f0692005417c1e0e690a325a4c5d8bb2b3943ee14?s=96&d=mm&r=g","url":"https:\/\/secure.gravatar.com\/avatar\/bb65d0283347e303893ba14f0692005417c1e0e690a325a4c5d8bb2b3943ee14?s=96&d=mm&r=g","contentUrl":"https:\/\/secure.gravatar.com\/avatar\/bb65d0283347e303893ba14f0692005417c1e0e690a325a4c5d8bb2b3943ee14?s=96&d=mm&r=g","caption":"Cope Alcoy"}}]}},"_links":{"self":[{"href":"https:\/\/www.copealcoy.es\/es\/wp-json\/wp\/v2\/posts\/126813","targetHints":{"allow":["GET"]}}],"collection":[{"href":"https:\/\/www.copealcoy.es\/es\/wp-json\/wp\/v2\/posts"}],"about":[{"href":"https:\/\/www.copealcoy.es\/es\/wp-json\/wp\/v2\/types\/post"}],"author":[{"embeddable":true,"href":"https:\/\/www.copealcoy.es\/es\/wp-json\/wp\/v2\/users\/1"}],"replies":[{"embeddable":true,"href":"https:\/\/www.copealcoy.es\/es\/wp-json\/wp\/v2\/comments?post=126813"}],"version-history":[{"count":0,"href":"https:\/\/www.copealcoy.es\/es\/wp-json\/wp\/v2\/posts\/126813\/revisions"}],"wp:featuredmedia":[{"embeddable":true,"href":"https:\/\/www.copealcoy.es\/es\/wp-json\/wp\/v2\/media\/34564"}],"wp:attachment":[{"href":"https:\/\/www.copealcoy.es\/es\/wp-json\/wp\/v2\/media?parent=126813"}],"wp:term":[{"taxonomy":"category","embeddable":true,"href":"https:\/\/www.copealcoy.es\/es\/wp-json\/wp\/v2\/categories?post=126813"},{"taxonomy":"post_tag","embeddable":true,"href":"https:\/\/www.copealcoy.es\/es\/wp-json\/wp\/v2\/tags?post=126813"}],"curies":[{"name":"wp","href":"https:\/\/api.w.org\/{rel}","templated":true}]}}