{"id":126600,"date":"2023-12-15T07:30:35","date_gmt":"2023-12-15T06:30:35","guid":{"rendered":"https:\/\/www.copealcoy.es\/?p=126600"},"modified":"2023-12-26T21:24:21","modified_gmt":"2023-12-26T20:24:21","slug":"informativo-matinal-viernes-15-de-diciembre-2023-0720h","status":"publish","type":"post","link":"https:\/\/www.copealcoy.es\/es\/informativo-matinal-viernes-15-de-diciembre-2023-0720h\/","title":{"rendered":"Informativo matinal viernes 15 de diciembre 2023 (07:20h)"},"content":{"rendered":"<p><iframe loading=\"lazy\" title=\"Informatiu Matinal Divendres 15 De Desembre 2023 (07:20h)\" width=\"100%\" height=\"120\" src=\"https:\/\/www.mixcloud.com\/widget\/iframe\/?feed=https%3A%2F%2Fwww.mixcloud.com%2FCOPEAlcoy%2Finformatiu-matinal-divendres-15-de-desembre-2023-0720h%2F&amp;hide_cover=1\" frameborder=\"0\"><\/iframe><\/p>\n<p style=\"text-align: justify;\">El resumen de lo que fue el <strong>XIX Certamen de Villancicos de Cope Alcoy<\/strong> y la <strong>entrevista al colegio ganador, Carmelitas Fundaci\u00f3n Vedruna Alcoy,<\/strong> son algunas de las noticias destacadas de este 15 de diciembre de 2023.<\/p>\n<p style=\"text-align: justify;\">El Teatro Calder\u00f3n de Alcoy ha acogido esta tarde\u00a0<strong>el tradicional Certamen Escolar de Villancicos de COPE ALCOY<\/strong>, una cita que\u00a0<strong>ha alcanzado la edici\u00f3n n\u00famero XIX<\/strong>\u00a0y que\u00a0<strong>ha recaudado donativos para C\u00e1ritas Alcoy<\/strong>. Una vez m\u00e1s, esta casa\u00a0<strong>ha conseguido llenar este espacio cultural<\/strong>\u00a0en un evento navide\u00f1o que cada a\u00f1o es muy esperado y en el que toman parte diferentes centros educativos de la ciudad.<\/p>\n<p style=\"text-align: justify;\">El Certamen ha arrancado con<strong>\u00a0las actuaciones<\/strong>\u00a0de los colegios participantes y cada uno de ellos\u00a0<strong>ha interpretado dos canciones<\/strong>\u00a0de libre elecci\u00f3n. En esta ocasi\u00f3n han tomado parte el<strong>\u00a0Colegio Jos\u00e9 Arnauda,\u00a0<\/strong>el\u00a0<strong>Colegio Carmelitas Fundaci\u00f3n Vedruna Alcoy,\u00a0<\/strong>el<strong>\u00a0Colegio Salesianos Sant Vicent Ferrer,\u00a0<\/strong>el<strong>\u00a0Colegio Salesianos Juan XXIII,\u00a0<\/strong>el<strong>\u00a0Colegio San Vicente de Pa\u00fal\u00a0<\/strong>y el<strong>\u00a0Colegio Esclavas SCJ Alcoy<\/strong>. Una vez finalizadas las interpretaciones, ha llegado el momento esperado de<strong>\u00a0realizar el sorteo<\/strong>\u00a0que iba a decir el centro educativo que se llevar\u00eda el premio \u00fanico de este Certamen Escolar de Villancicos consistente en un viaje para toda la clase al parque tem\u00e1tico Terranatura. Han sido\u00a0<strong>Aitana Cant\u00f3 y Ona Santonja<\/strong>, Sargentos Infantiles para las pr\u00f3ximas Fiestas de Alcoy, las encargadas de extraer el papel con el nombre del ganador \u00ab<em>estamos muy contentos por haber sido agraciados con el premio y lo m\u00e1s importante es participar en este Certamen porque se crea cada a\u00f1o muy buen ambiente<\/em>\u00ab, se\u00f1alaban desde el propio\u00a0<strong>colegio Carmelitas<\/strong>\u00a0que\u00a0<strong>han resultado agraciados<\/strong>\u00a0con el mencionado premio.<\/p>\n<p style=\"text-align: justify;\">Sin duda alguna, unvento navide\u00f1o esperado\u00a0<strong>que han hecho posible<\/strong>\u00a0Terra Natura, MUBOMA, Vectalia, Economy Cash, el Colegio Oficial de Agentes Comerciales, Fernando Cano Ropa Hombre, Ponsoda Corredur\u00eda de Seguros, Aqualia, Caixa Ontinyent y Cinta, tienda de globos y regalos. Tambi\u00e9n\u00a0<strong>han prestado su colaboraci\u00f3n<\/strong>\u00a0el Ayuntamiento de Alcoy y el mismo Teatro Calder\u00f3n a la hora de aportar toda la infraestructura necesaria para que este Certamen Escolar de Villancicos salga adelante.<\/p>\n","protected":false},"excerpt":{"rendered":"<p>El resumen de lo que fue el XIX Certamen de Villancicos de Cope Alcoy y la entrevista al colegio ganador,&#8230;<\/p>\n","protected":false},"author":1,"featured_media":110612,"comment_status":"open","ping_status":"open","sticky":false,"template":"","format":"standard","meta":{"footnotes":""},"categories":[6909,89,91],"tags":[],"class_list":["post-126600","post","type-post","status-publish","format-standard","has-post-thumbnail","hentry","category-actualidad","category-audiosdelosprogramas","category-informativos"],"yoast_head":"<!-- This site is optimized with the Yoast SEO plugin v27.3 - https:\/\/yoast.com\/product\/yoast-seo-wordpress\/ -->\n<title>Informativo matinal viernes 15 de diciembre 2023 (07:20h) - COPE Alcoy<\/title>\n<meta name=\"description\" content=\"El resumen de lo que fue el XIX Certamen de Villancicos de Cope Alcoy y la entrevista al colegio ganador, Carmelitas Fundaci\u00f3n Vedruna Alcoy, son algunas de las noticias destacadas de este 15 de diciembre de 2023.\" \/>\n<meta name=\"robots\" content=\"index, follow, max-snippet:-1, max-image-preview:large, max-video-preview:-1\" \/>\n<link rel=\"canonical\" href=\"https:\/\/www.copealcoy.es\/es\/informativo-matinal-viernes-15-de-diciembre-2023-0720h\/\" \/>\n<meta property=\"og:locale\" content=\"es_ES\" \/>\n<meta property=\"og:type\" content=\"article\" \/>\n<meta property=\"og:title\" content=\"Informativo matinal viernes 15 de diciembre 2023 (07:20h) - COPE Alcoy\" \/>\n<meta property=\"og:description\" content=\"El resumen de lo que fue el XIX Certamen de Villancicos de Cope Alcoy y la entrevista al colegio ganador, Carmelitas Fundaci\u00f3n Vedruna Alcoy, son algunas de las noticias destacadas de este 15 de diciembre de 2023.\" \/>\n<meta property=\"og:url\" content=\"https:\/\/www.copealcoy.es\/es\/informativo-matinal-viernes-15-de-diciembre-2023-0720h\/\" \/>\n<meta property=\"og:site_name\" content=\"COPE Alcoy\" \/>\n<meta property=\"article:published_time\" content=\"2023-12-15T06:30:35+00:00\" \/>\n<meta property=\"article:modified_time\" content=\"2023-12-26T20:24:21+00:00\" \/>\n<meta property=\"og:image\" content=\"https:\/\/www.copealcoy.es\/wp-content\/uploads\/2023\/02\/Herrera-en-COPE-Alcoy-4.png\" \/>\n\t<meta property=\"og:image:width\" content=\"357\" \/>\n\t<meta property=\"og:image:height\" content=\"290\" \/>\n\t<meta property=\"og:image:type\" content=\"image\/png\" \/>\n<meta name=\"author\" content=\"Cope Alcoy\" \/>\n<meta name=\"twitter:label1\" content=\"Escrito por\" \/>\n\t<meta name=\"twitter:data1\" content=\"Cope Alcoy\" \/>\n\t<meta name=\"twitter:label2\" content=\"Tiempo de lectura\" \/>\n\t<meta name=\"twitter:data2\" content=\"2 minutos\" \/>\n<script type=\"application\/ld+json\" class=\"yoast-schema-graph\">{\"@context\":\"https:\\\/\\\/schema.org\",\"@graph\":[{\"@type\":\"Article\",\"@id\":\"https:\\\/\\\/www.copealcoy.es\\\/es\\\/informativo-matinal-viernes-15-de-diciembre-2023-0720h\\\/#article\",\"isPartOf\":{\"@id\":\"https:\\\/\\\/www.copealcoy.es\\\/es\\\/informativo-matinal-viernes-15-de-diciembre-2023-0720h\\\/\"},\"author\":{\"name\":\"Cope Alcoy\",\"@id\":\"https:\\\/\\\/www.copealcoy.es\\\/es\\\/#\\\/schema\\\/person\\\/e777c87fa024e57d40170af9df39882c\"},\"headline\":\"Informativo matinal viernes 15 de diciembre 2023 (07:20h)\",\"datePublished\":\"2023-12-15T06:30:35+00:00\",\"dateModified\":\"2023-12-26T20:24:21+00:00\",\"mainEntityOfPage\":{\"@id\":\"https:\\\/\\\/www.copealcoy.es\\\/es\\\/informativo-matinal-viernes-15-de-diciembre-2023-0720h\\\/\"},\"wordCount\":387,\"commentCount\":0,\"image\":{\"@id\":\"https:\\\/\\\/www.copealcoy.es\\\/es\\\/informativo-matinal-viernes-15-de-diciembre-2023-0720h\\\/#primaryimage\"},\"thumbnailUrl\":\"https:\\\/\\\/www.copealcoy.es\\\/wp-content\\\/uploads\\\/2023\\\/02\\\/Herrera-en-COPE-Alcoy-4.png\",\"articleSection\":[\"Actualidad\",\"Audios de los programas\",\"Informativos\"],\"inLanguage\":\"es\"},{\"@type\":\"WebPage\",\"@id\":\"https:\\\/\\\/www.copealcoy.es\\\/es\\\/informativo-matinal-viernes-15-de-diciembre-2023-0720h\\\/\",\"url\":\"https:\\\/\\\/www.copealcoy.es\\\/es\\\/informativo-matinal-viernes-15-de-diciembre-2023-0720h\\\/\",\"name\":\"Informativo matinal viernes 15 de diciembre 2023 (07:20h) - COPE Alcoy\",\"isPartOf\":{\"@id\":\"https:\\\/\\\/www.copealcoy.es\\\/es\\\/#website\"},\"primaryImageOfPage\":{\"@id\":\"https:\\\/\\\/www.copealcoy.es\\\/es\\\/informativo-matinal-viernes-15-de-diciembre-2023-0720h\\\/#primaryimage\"},\"image\":{\"@id\":\"https:\\\/\\\/www.copealcoy.es\\\/es\\\/informativo-matinal-viernes-15-de-diciembre-2023-0720h\\\/#primaryimage\"},\"thumbnailUrl\":\"https:\\\/\\\/www.copealcoy.es\\\/wp-content\\\/uploads\\\/2023\\\/02\\\/Herrera-en-COPE-Alcoy-4.png\",\"datePublished\":\"2023-12-15T06:30:35+00:00\",\"dateModified\":\"2023-12-26T20:24:21+00:00\",\"author\":{\"@id\":\"https:\\\/\\\/www.copealcoy.es\\\/es\\\/#\\\/schema\\\/person\\\/e777c87fa024e57d40170af9df39882c\"},\"description\":\"El resumen de lo que fue el XIX Certamen de Villancicos de Cope Alcoy y la entrevista al colegio ganador, Carmelitas Fundaci\u00f3n Vedruna Alcoy, son algunas de las noticias destacadas de este 15 de diciembre de 2023.\",\"breadcrumb\":{\"@id\":\"https:\\\/\\\/www.copealcoy.es\\\/es\\\/informativo-matinal-viernes-15-de-diciembre-2023-0720h\\\/#breadcrumb\"},\"inLanguage\":\"es\",\"potentialAction\":[{\"@type\":\"ReadAction\",\"target\":[\"https:\\\/\\\/www.copealcoy.es\\\/es\\\/informativo-matinal-viernes-15-de-diciembre-2023-0720h\\\/\"]}]},{\"@type\":\"ImageObject\",\"inLanguage\":\"es\",\"@id\":\"https:\\\/\\\/www.copealcoy.es\\\/es\\\/informativo-matinal-viernes-15-de-diciembre-2023-0720h\\\/#primaryimage\",\"url\":\"https:\\\/\\\/www.copealcoy.es\\\/wp-content\\\/uploads\\\/2023\\\/02\\\/Herrera-en-COPE-Alcoy-4.png\",\"contentUrl\":\"https:\\\/\\\/www.copealcoy.es\\\/wp-content\\\/uploads\\\/2023\\\/02\\\/Herrera-en-COPE-Alcoy-4.png\",\"width\":357,\"height\":290},{\"@type\":\"BreadcrumbList\",\"@id\":\"https:\\\/\\\/www.copealcoy.es\\\/es\\\/informativo-matinal-viernes-15-de-diciembre-2023-0720h\\\/#breadcrumb\",\"itemListElement\":[{\"@type\":\"ListItem\",\"position\":1,\"name\":\"Portada\",\"item\":\"https:\\\/\\\/www.copealcoy.es\\\/es\\\/\"},{\"@type\":\"ListItem\",\"position\":2,\"name\":\"Informativo matinal viernes 15 de diciembre 2023 (07:20h)\"}]},{\"@type\":\"WebSite\",\"@id\":\"https:\\\/\\\/www.copealcoy.es\\\/es\\\/#website\",\"url\":\"https:\\\/\\\/www.copealcoy.es\\\/es\\\/\",\"name\":\"COPE Alcoy\",\"description\":\"Emisora COPE de radio local con emisi\u00f3n online. Pont de Sant Jordi 8-10 03803 Alcoy\",\"potentialAction\":[{\"@type\":\"SearchAction\",\"target\":{\"@type\":\"EntryPoint\",\"urlTemplate\":\"https:\\\/\\\/www.copealcoy.es\\\/es\\\/?s={search_term_string}\"},\"query-input\":{\"@type\":\"PropertyValueSpecification\",\"valueRequired\":true,\"valueName\":\"search_term_string\"}}],\"inLanguage\":\"es\"},{\"@type\":\"Person\",\"@id\":\"https:\\\/\\\/www.copealcoy.es\\\/es\\\/#\\\/schema\\\/person\\\/e777c87fa024e57d40170af9df39882c\",\"name\":\"Cope Alcoy\",\"image\":{\"@type\":\"ImageObject\",\"inLanguage\":\"es\",\"@id\":\"https:\\\/\\\/secure.gravatar.com\\\/avatar\\\/bb65d0283347e303893ba14f0692005417c1e0e690a325a4c5d8bb2b3943ee14?s=96&d=mm&r=g\",\"url\":\"https:\\\/\\\/secure.gravatar.com\\\/avatar\\\/bb65d0283347e303893ba14f0692005417c1e0e690a325a4c5d8bb2b3943ee14?s=96&d=mm&r=g\",\"contentUrl\":\"https:\\\/\\\/secure.gravatar.com\\\/avatar\\\/bb65d0283347e303893ba14f0692005417c1e0e690a325a4c5d8bb2b3943ee14?s=96&d=mm&r=g\",\"caption\":\"Cope Alcoy\"}}]}<\/script>\n<!-- \/ Yoast SEO plugin. -->","yoast_head_json":{"title":"Informativo matinal viernes 15 de diciembre 2023 (07:20h) - COPE Alcoy","description":"El resumen de lo que fue el XIX Certamen de Villancicos de Cope Alcoy y la entrevista al colegio ganador, Carmelitas Fundaci\u00f3n Vedruna Alcoy, son algunas de las noticias destacadas de este 15 de diciembre de 2023.","robots":{"index":"index","follow":"follow","max-snippet":"max-snippet:-1","max-image-preview":"max-image-preview:large","max-video-preview":"max-video-preview:-1"},"canonical":"https:\/\/www.copealcoy.es\/es\/informativo-matinal-viernes-15-de-diciembre-2023-0720h\/","og_locale":"es_ES","og_type":"article","og_title":"Informativo matinal viernes 15 de diciembre 2023 (07:20h) - COPE Alcoy","og_description":"El resumen de lo que fue el XIX Certamen de Villancicos de Cope Alcoy y la entrevista al colegio ganador, Carmelitas Fundaci\u00f3n Vedruna Alcoy, son algunas de las noticias destacadas de este 15 de diciembre de 2023.","og_url":"https:\/\/www.copealcoy.es\/es\/informativo-matinal-viernes-15-de-diciembre-2023-0720h\/","og_site_name":"COPE Alcoy","article_published_time":"2023-12-15T06:30:35+00:00","article_modified_time":"2023-12-26T20:24:21+00:00","og_image":[{"width":357,"height":290,"url":"https:\/\/www.copealcoy.es\/wp-content\/uploads\/2023\/02\/Herrera-en-COPE-Alcoy-4.png","type":"image\/png"}],"author":"Cope Alcoy","twitter_misc":{"Escrito por":"Cope Alcoy","Tiempo de lectura":"2 minutos"},"schema":{"@context":"https:\/\/schema.org","@graph":[{"@type":"Article","@id":"https:\/\/www.copealcoy.es\/es\/informativo-matinal-viernes-15-de-diciembre-2023-0720h\/#article","isPartOf":{"@id":"https:\/\/www.copealcoy.es\/es\/informativo-matinal-viernes-15-de-diciembre-2023-0720h\/"},"author":{"name":"Cope Alcoy","@id":"https:\/\/www.copealcoy.es\/es\/#\/schema\/person\/e777c87fa024e57d40170af9df39882c"},"headline":"Informativo matinal viernes 15 de diciembre 2023 (07:20h)","datePublished":"2023-12-15T06:30:35+00:00","dateModified":"2023-12-26T20:24:21+00:00","mainEntityOfPage":{"@id":"https:\/\/www.copealcoy.es\/es\/informativo-matinal-viernes-15-de-diciembre-2023-0720h\/"},"wordCount":387,"commentCount":0,"image":{"@id":"https:\/\/www.copealcoy.es\/es\/informativo-matinal-viernes-15-de-diciembre-2023-0720h\/#primaryimage"},"thumbnailUrl":"https:\/\/www.copealcoy.es\/wp-content\/uploads\/2023\/02\/Herrera-en-COPE-Alcoy-4.png","articleSection":["Actualidad","Audios de los programas","Informativos"],"inLanguage":"es"},{"@type":"WebPage","@id":"https:\/\/www.copealcoy.es\/es\/informativo-matinal-viernes-15-de-diciembre-2023-0720h\/","url":"https:\/\/www.copealcoy.es\/es\/informativo-matinal-viernes-15-de-diciembre-2023-0720h\/","name":"Informativo matinal viernes 15 de diciembre 2023 (07:20h) - COPE Alcoy","isPartOf":{"@id":"https:\/\/www.copealcoy.es\/es\/#website"},"primaryImageOfPage":{"@id":"https:\/\/www.copealcoy.es\/es\/informativo-matinal-viernes-15-de-diciembre-2023-0720h\/#primaryimage"},"image":{"@id":"https:\/\/www.copealcoy.es\/es\/informativo-matinal-viernes-15-de-diciembre-2023-0720h\/#primaryimage"},"thumbnailUrl":"https:\/\/www.copealcoy.es\/wp-content\/uploads\/2023\/02\/Herrera-en-COPE-Alcoy-4.png","datePublished":"2023-12-15T06:30:35+00:00","dateModified":"2023-12-26T20:24:21+00:00","author":{"@id":"https:\/\/www.copealcoy.es\/es\/#\/schema\/person\/e777c87fa024e57d40170af9df39882c"},"description":"El resumen de lo que fue el XIX Certamen de Villancicos de Cope Alcoy y la entrevista al colegio ganador, Carmelitas Fundaci\u00f3n Vedruna Alcoy, son algunas de las noticias destacadas de este 15 de diciembre de 2023.","breadcrumb":{"@id":"https:\/\/www.copealcoy.es\/es\/informativo-matinal-viernes-15-de-diciembre-2023-0720h\/#breadcrumb"},"inLanguage":"es","potentialAction":[{"@type":"ReadAction","target":["https:\/\/www.copealcoy.es\/es\/informativo-matinal-viernes-15-de-diciembre-2023-0720h\/"]}]},{"@type":"ImageObject","inLanguage":"es","@id":"https:\/\/www.copealcoy.es\/es\/informativo-matinal-viernes-15-de-diciembre-2023-0720h\/#primaryimage","url":"https:\/\/www.copealcoy.es\/wp-content\/uploads\/2023\/02\/Herrera-en-COPE-Alcoy-4.png","contentUrl":"https:\/\/www.copealcoy.es\/wp-content\/uploads\/2023\/02\/Herrera-en-COPE-Alcoy-4.png","width":357,"height":290},{"@type":"BreadcrumbList","@id":"https:\/\/www.copealcoy.es\/es\/informativo-matinal-viernes-15-de-diciembre-2023-0720h\/#breadcrumb","itemListElement":[{"@type":"ListItem","position":1,"name":"Portada","item":"https:\/\/www.copealcoy.es\/es\/"},{"@type":"ListItem","position":2,"name":"Informativo matinal viernes 15 de diciembre 2023 (07:20h)"}]},{"@type":"WebSite","@id":"https:\/\/www.copealcoy.es\/es\/#website","url":"https:\/\/www.copealcoy.es\/es\/","name":"COPE Alcoy","description":"Emisora COPE de radio local con emisi\u00f3n online. Pont de Sant Jordi 8-10 03803 Alcoy","potentialAction":[{"@type":"SearchAction","target":{"@type":"EntryPoint","urlTemplate":"https:\/\/www.copealcoy.es\/es\/?s={search_term_string}"},"query-input":{"@type":"PropertyValueSpecification","valueRequired":true,"valueName":"search_term_string"}}],"inLanguage":"es"},{"@type":"Person","@id":"https:\/\/www.copealcoy.es\/es\/#\/schema\/person\/e777c87fa024e57d40170af9df39882c","name":"Cope Alcoy","image":{"@type":"ImageObject","inLanguage":"es","@id":"https:\/\/secure.gravatar.com\/avatar\/bb65d0283347e303893ba14f0692005417c1e0e690a325a4c5d8bb2b3943ee14?s=96&d=mm&r=g","url":"https:\/\/secure.gravatar.com\/avatar\/bb65d0283347e303893ba14f0692005417c1e0e690a325a4c5d8bb2b3943ee14?s=96&d=mm&r=g","contentUrl":"https:\/\/secure.gravatar.com\/avatar\/bb65d0283347e303893ba14f0692005417c1e0e690a325a4c5d8bb2b3943ee14?s=96&d=mm&r=g","caption":"Cope Alcoy"}}]}},"_links":{"self":[{"href":"https:\/\/www.copealcoy.es\/es\/wp-json\/wp\/v2\/posts\/126600","targetHints":{"allow":["GET"]}}],"collection":[{"href":"https:\/\/www.copealcoy.es\/es\/wp-json\/wp\/v2\/posts"}],"about":[{"href":"https:\/\/www.copealcoy.es\/es\/wp-json\/wp\/v2\/types\/post"}],"author":[{"embeddable":true,"href":"https:\/\/www.copealcoy.es\/es\/wp-json\/wp\/v2\/users\/1"}],"replies":[{"embeddable":true,"href":"https:\/\/www.copealcoy.es\/es\/wp-json\/wp\/v2\/comments?post=126600"}],"version-history":[{"count":0,"href":"https:\/\/www.copealcoy.es\/es\/wp-json\/wp\/v2\/posts\/126600\/revisions"}],"wp:featuredmedia":[{"embeddable":true,"href":"https:\/\/www.copealcoy.es\/es\/wp-json\/wp\/v2\/media\/110612"}],"wp:attachment":[{"href":"https:\/\/www.copealcoy.es\/es\/wp-json\/wp\/v2\/media?parent=126600"}],"wp:term":[{"taxonomy":"category","embeddable":true,"href":"https:\/\/www.copealcoy.es\/es\/wp-json\/wp\/v2\/categories?post=126600"},{"taxonomy":"post_tag","embeddable":true,"href":"https:\/\/www.copealcoy.es\/es\/wp-json\/wp\/v2\/tags?post=126600"}],"curies":[{"name":"wp","href":"https:\/\/api.w.org\/{rel}","templated":true}]}}