{"id":126549,"date":"2023-12-14T10:36:10","date_gmt":"2023-12-14T09:36:10","guid":{"rendered":"https:\/\/www.copealcoy.es\/?p=126549"},"modified":"2023-12-14T15:26:36","modified_gmt":"2023-12-14T14:26:36","slug":"alcoy-vuelve-a-tener-mas-de-59-000-habitantes","status":"publish","type":"post","link":"https:\/\/www.copealcoy.es\/es\/alcoy-vuelve-a-tener-mas-de-59-000-habitantes\/","title":{"rendered":"Alcoy vuelve a tener m\u00e1s de 59.000 habitantes"},"content":{"rendered":"<p style=\"text-align: justify;\">Alcoy vuelve a estar por encima de los 59.000 habitantes. Suma 533 habitantes, seg\u00fan el dato facilitado por el <strong>Instituto Nacional de Estad\u00edstica (INE)<\/strong> a 1 de enero de 2023. <strong>La ciudad tiene 59.493 habitantes<\/strong>, la cifra m\u00e1s alta desde 2015.<\/p>\n<p style=\"text-align: justify;\">Se revierte as\u00ed esta <strong><span style=\"color: #0000ff;\"><a style=\"color: #0000ff;\" href=\"https:\/\/www.copealcoy.es\/alcoy-el-municipio-de-mas-de-30-000-habitantes-que-mas-poblacion-pierde-en-la-comunitat\/\" target=\"_blank\" rel=\"noopener\">tendencia a la baja que se ha experimentado en los \u00faltimos a\u00f1os<\/a><\/span><\/strong>, desde la pandemia y, sobre todo, desde la crisis de 2008 (a pesar de un repunte en los a\u00f1os previos al coronavirus). Y es que <strong>la ciudad lleg\u00f3 a tener, a 1 de enero de 2008, 61.698 habitantes<\/strong>.<\/p>\n<p style=\"text-align: justify;\">Sin embargo, hay un dato que s\u00ed preocupa y es la natalidad. Alcoy sigue teniendo un <strong>crecimiento vegetativo negativo<\/strong>, con 386 nacimientos frente 672 defunciones. Una tendencia generalizada pr\u00e1cticamente en toda Europa.<\/p>\n<p style=\"text-align: justify;\">\u201cHemos de destacar la tendencia al alza que estamos consiguiendo. Esta cifras demuestran que <strong>Alcoy es cada vez una ciudad m\u00e1s atractiva para vivir.<\/strong> Cada vez m\u00e1s personas establecen su residencia en nuestra ciudad atra\u00eddas por la calidad de vida, las oportunidades de encontrar un empleo de calidad, la movilidad sostenible y el magn\u00edfico entorno que tenemos\u201d, ha asegurado <strong>Toni Franc\u00e9s<\/strong>, alcalde de Alcoy.<\/p>\n<p style=\"text-align: justify;\">Pero, <strong>\u00bftrabajan realmente en Alcoy las personas que aqu\u00ed residen o la localidad se est\u00e1 convirtiendo en una ciudad dormitorio?<\/strong> Desde el Consistorio niegan lo segundo. Aseguran que cada d\u00eda entran en la ciudad en las horas punta, cuando la gente va a trabajar, un 122,63% m\u00e1s de veh\u00edculos de los que salen.<\/p>\n<p style=\"text-align: justify;\"><span style=\"color: #0000ff;\"><strong>Poblaci\u00f3n flotante: los estudiantes<\/strong><\/span><\/p>\n<p style=\"text-align: justify;\">Desde el Ayuntamiento han asegurado que la ciudad cuenta, adem\u00e1s, con una <strong>poblaci\u00f3n flotante de unas 2.000 personas<\/strong>. Se trata de aquellos que no est\u00e1n empadronados aqu\u00ed a pesar de vivir en Alcoy: los j\u00f3venes que estudian en uno de los campus y centros formativos con los que cuenta la ciudad.<\/p>\n<p style=\"text-align: justify;\">&#8220;Muchos de ellos, una vez acaban sus estudios, se quedan a vivir, creando en la ciudad sus empresas o peque\u00f1as industrias tecnol\u00f3gicas&#8221;, aseguran desde el Consistorio.<\/p>\n","protected":false},"excerpt":{"rendered":"<p>Alcoy vuelve a estar por encima de los 59.000 habitantes. Suma 533 habitantes, seg\u00fan el dato facilitado por el Instituto&#8230;<\/p>\n","protected":false},"author":1,"featured_media":126550,"comment_status":"open","ping_status":"open","sticky":false,"template":"","format":"standard","meta":{"footnotes":""},"categories":[6909,97,75],"tags":[1494,8036,500,498],"class_list":["post-126549","post","type-post","status-publish","format-standard","has-post-thumbnail","hentry","category-actualidad","category-alcoy","category-noticias","tag-alcoy","tag-crecimiento","tag-habitantes","tag-poblacion"],"yoast_head":"<!-- This site is optimized with the Yoast SEO plugin v27.3 - https:\/\/yoast.com\/product\/yoast-seo-wordpress\/ -->\n<title>Alcoy vuelve a tener m\u00e1s de 59.000 habitantes - COPE Alcoy<\/title>\n<meta name=\"description\" content=\"Alcoy vuelve a estar por encima de los 59.000 habitantes. Suma 533 habitantes, seg\u00fan el dato facilitado por el Instituto Nacional de Estad\u00edstica (INE) a 1 de enero de 2023. La ciudad tiene 59.493 habitantes, la cifra m\u00e1s alta desde 2015.\" \/>\n<meta name=\"robots\" content=\"index, follow, max-snippet:-1, max-image-preview:large, max-video-preview:-1\" \/>\n<link rel=\"canonical\" href=\"https:\/\/www.copealcoy.es\/es\/alcoy-vuelve-a-tener-mas-de-59-000-habitantes\/\" \/>\n<meta property=\"og:locale\" content=\"es_ES\" \/>\n<meta property=\"og:type\" content=\"article\" \/>\n<meta property=\"og:title\" content=\"Alcoy vuelve a tener m\u00e1s de 59.000 habitantes - COPE Alcoy\" \/>\n<meta property=\"og:description\" content=\"Alcoy vuelve a estar por encima de los 59.000 habitantes. Suma 533 habitantes, seg\u00fan el dato facilitado por el Instituto Nacional de Estad\u00edstica (INE) a 1 de enero de 2023. La ciudad tiene 59.493 habitantes, la cifra m\u00e1s alta desde 2015.\" \/>\n<meta property=\"og:url\" content=\"https:\/\/www.copealcoy.es\/es\/alcoy-vuelve-a-tener-mas-de-59-000-habitantes\/\" \/>\n<meta property=\"og:site_name\" content=\"COPE Alcoy\" \/>\n<meta property=\"article:published_time\" content=\"2023-12-14T09:36:10+00:00\" \/>\n<meta property=\"article:modified_time\" content=\"2023-12-14T14:26:36+00:00\" \/>\n<meta property=\"og:image\" content=\"https:\/\/www.copealcoy.es\/wp-content\/uploads\/2023\/12\/IMG_0930-1-scaled.jpg\" \/>\n\t<meta property=\"og:image:width\" content=\"1440\" \/>\n\t<meta property=\"og:image:height\" content=\"1080\" \/>\n\t<meta property=\"og:image:type\" content=\"image\/jpeg\" \/>\n<meta name=\"author\" content=\"Cope Alcoy\" \/>\n<meta name=\"twitter:label1\" content=\"Escrito por\" \/>\n\t<meta name=\"twitter:data1\" content=\"Cope Alcoy\" \/>\n\t<meta name=\"twitter:label2\" content=\"Tiempo de lectura\" \/>\n\t<meta name=\"twitter:data2\" content=\"2 minutos\" \/>\n<script type=\"application\/ld+json\" class=\"yoast-schema-graph\">{\"@context\":\"https:\\\/\\\/schema.org\",\"@graph\":[{\"@type\":\"Article\",\"@id\":\"https:\\\/\\\/www.copealcoy.es\\\/es\\\/alcoy-vuelve-a-tener-mas-de-59-000-habitantes\\\/#article\",\"isPartOf\":{\"@id\":\"https:\\\/\\\/www.copealcoy.es\\\/es\\\/alcoy-vuelve-a-tener-mas-de-59-000-habitantes\\\/\"},\"author\":{\"name\":\"Cope Alcoy\",\"@id\":\"https:\\\/\\\/www.copealcoy.es\\\/es\\\/#\\\/schema\\\/person\\\/e777c87fa024e57d40170af9df39882c\"},\"headline\":\"Alcoy vuelve a tener m\u00e1s de 59.000 habitantes\",\"datePublished\":\"2023-12-14T09:36:10+00:00\",\"dateModified\":\"2023-12-14T14:26:36+00:00\",\"mainEntityOfPage\":{\"@id\":\"https:\\\/\\\/www.copealcoy.es\\\/es\\\/alcoy-vuelve-a-tener-mas-de-59-000-habitantes\\\/\"},\"wordCount\":340,\"commentCount\":0,\"image\":{\"@id\":\"https:\\\/\\\/www.copealcoy.es\\\/es\\\/alcoy-vuelve-a-tener-mas-de-59-000-habitantes\\\/#primaryimage\"},\"thumbnailUrl\":\"https:\\\/\\\/www.copealcoy.es\\\/wp-content\\\/uploads\\\/2023\\\/12\\\/IMG_0930-1-scaled.jpg\",\"keywords\":[\"Alcoy\",\"crecimiento\",\"Habitantes\",\"Poblaci\u00f3n\"],\"articleSection\":[\"Actualidad\",\"Alcoy\",\"Noticias\"],\"inLanguage\":\"es\"},{\"@type\":\"WebPage\",\"@id\":\"https:\\\/\\\/www.copealcoy.es\\\/es\\\/alcoy-vuelve-a-tener-mas-de-59-000-habitantes\\\/\",\"url\":\"https:\\\/\\\/www.copealcoy.es\\\/es\\\/alcoy-vuelve-a-tener-mas-de-59-000-habitantes\\\/\",\"name\":\"Alcoy vuelve a tener m\u00e1s de 59.000 habitantes - COPE Alcoy\",\"isPartOf\":{\"@id\":\"https:\\\/\\\/www.copealcoy.es\\\/es\\\/#website\"},\"primaryImageOfPage\":{\"@id\":\"https:\\\/\\\/www.copealcoy.es\\\/es\\\/alcoy-vuelve-a-tener-mas-de-59-000-habitantes\\\/#primaryimage\"},\"image\":{\"@id\":\"https:\\\/\\\/www.copealcoy.es\\\/es\\\/alcoy-vuelve-a-tener-mas-de-59-000-habitantes\\\/#primaryimage\"},\"thumbnailUrl\":\"https:\\\/\\\/www.copealcoy.es\\\/wp-content\\\/uploads\\\/2023\\\/12\\\/IMG_0930-1-scaled.jpg\",\"datePublished\":\"2023-12-14T09:36:10+00:00\",\"dateModified\":\"2023-12-14T14:26:36+00:00\",\"author\":{\"@id\":\"https:\\\/\\\/www.copealcoy.es\\\/es\\\/#\\\/schema\\\/person\\\/e777c87fa024e57d40170af9df39882c\"},\"description\":\"Alcoy vuelve a estar por encima de los 59.000 habitantes. Suma 533 habitantes, seg\u00fan el dato facilitado por el Instituto Nacional de Estad\u00edstica (INE) a 1 de enero de 2023. La ciudad tiene 59.493 habitantes, la cifra m\u00e1s alta desde 2015.\",\"breadcrumb\":{\"@id\":\"https:\\\/\\\/www.copealcoy.es\\\/es\\\/alcoy-vuelve-a-tener-mas-de-59-000-habitantes\\\/#breadcrumb\"},\"inLanguage\":\"es\",\"potentialAction\":[{\"@type\":\"ReadAction\",\"target\":[\"https:\\\/\\\/www.copealcoy.es\\\/es\\\/alcoy-vuelve-a-tener-mas-de-59-000-habitantes\\\/\"]}]},{\"@type\":\"ImageObject\",\"inLanguage\":\"es\",\"@id\":\"https:\\\/\\\/www.copealcoy.es\\\/es\\\/alcoy-vuelve-a-tener-mas-de-59-000-habitantes\\\/#primaryimage\",\"url\":\"https:\\\/\\\/www.copealcoy.es\\\/wp-content\\\/uploads\\\/2023\\\/12\\\/IMG_0930-1-scaled.jpg\",\"contentUrl\":\"https:\\\/\\\/www.copealcoy.es\\\/wp-content\\\/uploads\\\/2023\\\/12\\\/IMG_0930-1-scaled.jpg\",\"width\":1440,\"height\":1080},{\"@type\":\"BreadcrumbList\",\"@id\":\"https:\\\/\\\/www.copealcoy.es\\\/es\\\/alcoy-vuelve-a-tener-mas-de-59-000-habitantes\\\/#breadcrumb\",\"itemListElement\":[{\"@type\":\"ListItem\",\"position\":1,\"name\":\"Portada\",\"item\":\"https:\\\/\\\/www.copealcoy.es\\\/es\\\/\"},{\"@type\":\"ListItem\",\"position\":2,\"name\":\"Alcoy vuelve a tener m\u00e1s de 59.000 habitantes\"}]},{\"@type\":\"WebSite\",\"@id\":\"https:\\\/\\\/www.copealcoy.es\\\/es\\\/#website\",\"url\":\"https:\\\/\\\/www.copealcoy.es\\\/es\\\/\",\"name\":\"COPE Alcoy\",\"description\":\"Emisora COPE de radio local con emisi\u00f3n online. Pont de Sant Jordi 8-10 03803 Alcoy\",\"potentialAction\":[{\"@type\":\"SearchAction\",\"target\":{\"@type\":\"EntryPoint\",\"urlTemplate\":\"https:\\\/\\\/www.copealcoy.es\\\/es\\\/?s={search_term_string}\"},\"query-input\":{\"@type\":\"PropertyValueSpecification\",\"valueRequired\":true,\"valueName\":\"search_term_string\"}}],\"inLanguage\":\"es\"},{\"@type\":\"Person\",\"@id\":\"https:\\\/\\\/www.copealcoy.es\\\/es\\\/#\\\/schema\\\/person\\\/e777c87fa024e57d40170af9df39882c\",\"name\":\"Cope Alcoy\",\"image\":{\"@type\":\"ImageObject\",\"inLanguage\":\"es\",\"@id\":\"https:\\\/\\\/secure.gravatar.com\\\/avatar\\\/bb65d0283347e303893ba14f0692005417c1e0e690a325a4c5d8bb2b3943ee14?s=96&d=mm&r=g\",\"url\":\"https:\\\/\\\/secure.gravatar.com\\\/avatar\\\/bb65d0283347e303893ba14f0692005417c1e0e690a325a4c5d8bb2b3943ee14?s=96&d=mm&r=g\",\"contentUrl\":\"https:\\\/\\\/secure.gravatar.com\\\/avatar\\\/bb65d0283347e303893ba14f0692005417c1e0e690a325a4c5d8bb2b3943ee14?s=96&d=mm&r=g\",\"caption\":\"Cope Alcoy\"}}]}<\/script>\n<!-- \/ Yoast SEO plugin. -->","yoast_head_json":{"title":"Alcoy vuelve a tener m\u00e1s de 59.000 habitantes - COPE Alcoy","description":"Alcoy vuelve a estar por encima de los 59.000 habitantes. Suma 533 habitantes, seg\u00fan el dato facilitado por el Instituto Nacional de Estad\u00edstica (INE) a 1 de enero de 2023. La ciudad tiene 59.493 habitantes, la cifra m\u00e1s alta desde 2015.","robots":{"index":"index","follow":"follow","max-snippet":"max-snippet:-1","max-image-preview":"max-image-preview:large","max-video-preview":"max-video-preview:-1"},"canonical":"https:\/\/www.copealcoy.es\/es\/alcoy-vuelve-a-tener-mas-de-59-000-habitantes\/","og_locale":"es_ES","og_type":"article","og_title":"Alcoy vuelve a tener m\u00e1s de 59.000 habitantes - COPE Alcoy","og_description":"Alcoy vuelve a estar por encima de los 59.000 habitantes. Suma 533 habitantes, seg\u00fan el dato facilitado por el Instituto Nacional de Estad\u00edstica (INE) a 1 de enero de 2023. La ciudad tiene 59.493 habitantes, la cifra m\u00e1s alta desde 2015.","og_url":"https:\/\/www.copealcoy.es\/es\/alcoy-vuelve-a-tener-mas-de-59-000-habitantes\/","og_site_name":"COPE Alcoy","article_published_time":"2023-12-14T09:36:10+00:00","article_modified_time":"2023-12-14T14:26:36+00:00","og_image":[{"width":1440,"height":1080,"url":"https:\/\/www.copealcoy.es\/wp-content\/uploads\/2023\/12\/IMG_0930-1-scaled.jpg","type":"image\/jpeg"}],"author":"Cope Alcoy","twitter_misc":{"Escrito por":"Cope Alcoy","Tiempo de lectura":"2 minutos"},"schema":{"@context":"https:\/\/schema.org","@graph":[{"@type":"Article","@id":"https:\/\/www.copealcoy.es\/es\/alcoy-vuelve-a-tener-mas-de-59-000-habitantes\/#article","isPartOf":{"@id":"https:\/\/www.copealcoy.es\/es\/alcoy-vuelve-a-tener-mas-de-59-000-habitantes\/"},"author":{"name":"Cope Alcoy","@id":"https:\/\/www.copealcoy.es\/es\/#\/schema\/person\/e777c87fa024e57d40170af9df39882c"},"headline":"Alcoy vuelve a tener m\u00e1s de 59.000 habitantes","datePublished":"2023-12-14T09:36:10+00:00","dateModified":"2023-12-14T14:26:36+00:00","mainEntityOfPage":{"@id":"https:\/\/www.copealcoy.es\/es\/alcoy-vuelve-a-tener-mas-de-59-000-habitantes\/"},"wordCount":340,"commentCount":0,"image":{"@id":"https:\/\/www.copealcoy.es\/es\/alcoy-vuelve-a-tener-mas-de-59-000-habitantes\/#primaryimage"},"thumbnailUrl":"https:\/\/www.copealcoy.es\/wp-content\/uploads\/2023\/12\/IMG_0930-1-scaled.jpg","keywords":["Alcoy","crecimiento","Habitantes","Poblaci\u00f3n"],"articleSection":["Actualidad","Alcoy","Noticias"],"inLanguage":"es"},{"@type":"WebPage","@id":"https:\/\/www.copealcoy.es\/es\/alcoy-vuelve-a-tener-mas-de-59-000-habitantes\/","url":"https:\/\/www.copealcoy.es\/es\/alcoy-vuelve-a-tener-mas-de-59-000-habitantes\/","name":"Alcoy vuelve a tener m\u00e1s de 59.000 habitantes - COPE Alcoy","isPartOf":{"@id":"https:\/\/www.copealcoy.es\/es\/#website"},"primaryImageOfPage":{"@id":"https:\/\/www.copealcoy.es\/es\/alcoy-vuelve-a-tener-mas-de-59-000-habitantes\/#primaryimage"},"image":{"@id":"https:\/\/www.copealcoy.es\/es\/alcoy-vuelve-a-tener-mas-de-59-000-habitantes\/#primaryimage"},"thumbnailUrl":"https:\/\/www.copealcoy.es\/wp-content\/uploads\/2023\/12\/IMG_0930-1-scaled.jpg","datePublished":"2023-12-14T09:36:10+00:00","dateModified":"2023-12-14T14:26:36+00:00","author":{"@id":"https:\/\/www.copealcoy.es\/es\/#\/schema\/person\/e777c87fa024e57d40170af9df39882c"},"description":"Alcoy vuelve a estar por encima de los 59.000 habitantes. Suma 533 habitantes, seg\u00fan el dato facilitado por el Instituto Nacional de Estad\u00edstica (INE) a 1 de enero de 2023. La ciudad tiene 59.493 habitantes, la cifra m\u00e1s alta desde 2015.","breadcrumb":{"@id":"https:\/\/www.copealcoy.es\/es\/alcoy-vuelve-a-tener-mas-de-59-000-habitantes\/#breadcrumb"},"inLanguage":"es","potentialAction":[{"@type":"ReadAction","target":["https:\/\/www.copealcoy.es\/es\/alcoy-vuelve-a-tener-mas-de-59-000-habitantes\/"]}]},{"@type":"ImageObject","inLanguage":"es","@id":"https:\/\/www.copealcoy.es\/es\/alcoy-vuelve-a-tener-mas-de-59-000-habitantes\/#primaryimage","url":"https:\/\/www.copealcoy.es\/wp-content\/uploads\/2023\/12\/IMG_0930-1-scaled.jpg","contentUrl":"https:\/\/www.copealcoy.es\/wp-content\/uploads\/2023\/12\/IMG_0930-1-scaled.jpg","width":1440,"height":1080},{"@type":"BreadcrumbList","@id":"https:\/\/www.copealcoy.es\/es\/alcoy-vuelve-a-tener-mas-de-59-000-habitantes\/#breadcrumb","itemListElement":[{"@type":"ListItem","position":1,"name":"Portada","item":"https:\/\/www.copealcoy.es\/es\/"},{"@type":"ListItem","position":2,"name":"Alcoy vuelve a tener m\u00e1s de 59.000 habitantes"}]},{"@type":"WebSite","@id":"https:\/\/www.copealcoy.es\/es\/#website","url":"https:\/\/www.copealcoy.es\/es\/","name":"COPE Alcoy","description":"Emisora COPE de radio local con emisi\u00f3n online. Pont de Sant Jordi 8-10 03803 Alcoy","potentialAction":[{"@type":"SearchAction","target":{"@type":"EntryPoint","urlTemplate":"https:\/\/www.copealcoy.es\/es\/?s={search_term_string}"},"query-input":{"@type":"PropertyValueSpecification","valueRequired":true,"valueName":"search_term_string"}}],"inLanguage":"es"},{"@type":"Person","@id":"https:\/\/www.copealcoy.es\/es\/#\/schema\/person\/e777c87fa024e57d40170af9df39882c","name":"Cope Alcoy","image":{"@type":"ImageObject","inLanguage":"es","@id":"https:\/\/secure.gravatar.com\/avatar\/bb65d0283347e303893ba14f0692005417c1e0e690a325a4c5d8bb2b3943ee14?s=96&d=mm&r=g","url":"https:\/\/secure.gravatar.com\/avatar\/bb65d0283347e303893ba14f0692005417c1e0e690a325a4c5d8bb2b3943ee14?s=96&d=mm&r=g","contentUrl":"https:\/\/secure.gravatar.com\/avatar\/bb65d0283347e303893ba14f0692005417c1e0e690a325a4c5d8bb2b3943ee14?s=96&d=mm&r=g","caption":"Cope Alcoy"}}]}},"_links":{"self":[{"href":"https:\/\/www.copealcoy.es\/es\/wp-json\/wp\/v2\/posts\/126549","targetHints":{"allow":["GET"]}}],"collection":[{"href":"https:\/\/www.copealcoy.es\/es\/wp-json\/wp\/v2\/posts"}],"about":[{"href":"https:\/\/www.copealcoy.es\/es\/wp-json\/wp\/v2\/types\/post"}],"author":[{"embeddable":true,"href":"https:\/\/www.copealcoy.es\/es\/wp-json\/wp\/v2\/users\/1"}],"replies":[{"embeddable":true,"href":"https:\/\/www.copealcoy.es\/es\/wp-json\/wp\/v2\/comments?post=126549"}],"version-history":[{"count":0,"href":"https:\/\/www.copealcoy.es\/es\/wp-json\/wp\/v2\/posts\/126549\/revisions"}],"wp:featuredmedia":[{"embeddable":true,"href":"https:\/\/www.copealcoy.es\/es\/wp-json\/wp\/v2\/media\/126550"}],"wp:attachment":[{"href":"https:\/\/www.copealcoy.es\/es\/wp-json\/wp\/v2\/media?parent=126549"}],"wp:term":[{"taxonomy":"category","embeddable":true,"href":"https:\/\/www.copealcoy.es\/es\/wp-json\/wp\/v2\/categories?post=126549"},{"taxonomy":"post_tag","embeddable":true,"href":"https:\/\/www.copealcoy.es\/es\/wp-json\/wp\/v2\/tags?post=126549"}],"curies":[{"name":"wp","href":"https:\/\/api.w.org\/{rel}","templated":true}]}}