{"id":126463,"date":"2023-12-12T07:32:54","date_gmt":"2023-12-12T06:32:54","guid":{"rendered":"https:\/\/www.copealcoy.es\/?p=126463"},"modified":"2023-12-12T18:35:22","modified_gmt":"2023-12-12T17:35:22","slug":"mediodia-cope-alcoy-martes-12-de-diciembre-2023-1420h","status":"publish","type":"post","link":"https:\/\/www.copealcoy.es\/es\/mediodia-cope-alcoy-martes-12-de-diciembre-2023-1420h\/","title":{"rendered":"\u2018Mediod\u00eda Cope\u2019 Alcoy martes 12 de diciembre 2023 (14:20h)"},"content":{"rendered":"<p><iframe loading=\"lazy\" title=\"&#039;Mediod\u00eda Cope&#039; Alcoi Dimarts 12 De Desembre 2023 (14:20h)\" width=\"100%\" height=\"120\" src=\"https:\/\/www.mixcloud.com\/widget\/iframe\/?feed=https%3A%2F%2Fwww.mixcloud.com%2FCOPEAlcoy%2Fmediod%25C3%25ADa-cope-alcoi-dimarts-12-de-desembre-2023-1420h%2F&amp;hide_cover=1\" frameborder=\"0\"><\/iframe><\/p>\n<p style=\"text-align: justify;\">Hoy hemos destacado <strong>las altas temperaturas que registra Alcoy<\/strong> en pleno mes de diciembre. Adem\u00e1s hemos destacado <strong>las iniciativas que lleva a cabo Cruz Roja<\/strong> para combatir en nuestra ciudad la soledad no deseada.<\/p>\n<p style=\"text-align: justify;\">Alcoy\u00a0<strong>tiende la mano a las personas que sufren soledad no deseada<\/strong>\u00a0y lo hace\u00a0<strong>por medio de diferentes iniciativas<\/strong>\u00a0que ponen en marcha conjuntamente tanto\u00a0<span style=\"color: #0000ff;\"><a style=\"color: #0000ff;\" href=\"https:\/\/www.cruzroja.es\/principal\/web\/cruz-roja\/territorial?centro=15650\"><strong>Cruz Roja<\/strong><\/a><\/span>\u00a0como el Ayuntamiento, con\u00a0<strong>la colaboraci\u00f3n de diferentes comercios de la ciudad<\/strong>. Se trata de una campa\u00f1a en la que\u00a0<strong>se quiere implicar a comercios alcoyanos<\/strong>\u00a0para que ellos ayuden a detectar a aquellas personas que en su barrio\u00a0<strong>puedan estar en una situaci\u00f3n de soledad no deseada<\/strong>\u00a0y que puedan precisar de atenci\u00f3n.<\/p>\n<p style=\"text-align: justify;\">Desde Cruz Roja Alcoy han explicado en el #TiempoDeAn\u00e1lisis de este martes que\u00a0<strong>desde la pandemia se han incrementado los niveles de soledad no deseada<\/strong>\u00a0en la ciudad. Adem\u00e1s inciden en que\u00a0<strong>muchas veces cuesta dar el primer paso para buscar ayuda<\/strong>\u00a0y destacan\u00a0<strong>el cambio que se produce<\/strong>\u00a0en aquellos que finalmente deciden acudir a la instituci\u00f3n para ser escuchados \u00ab<em>seg\u00fan un estudio son 12.000 las personas mayores de 65 a\u00f1os en Alcoy y nosotros atendemos a m\u00e1s 150 que sufren de soledad no deseada. Aqu\u00ed les ofrecemos muchas actividades para sociabilizar pero tambi\u00e9n estamos pendientes de ellos, llam\u00e1ndoles, pregunt\u00e1ndoles como est\u00e1n o dedic\u00e1ndoles tiempo para acompa\u00f1arles a cuestiones tan b\u00e1sicas como ir a comprar el pan<\/em>\u00ab, dec\u00eda\u00a0<strong>Lourdes Jim\u00e9nez<\/strong>, Integradora Social en Cruz Roja Alcoy.<\/p>\n<p style=\"text-align: justify;\">Respecto a la campa\u00f1a, cabe destacar que\u00a0<strong>esta se denomina Comercio Amigo de las Personas Mayores<\/strong>\u00a0y la misma\u00a0<strong>cuenta con diferentes iniciativas<\/strong>\u00a0en las que cada negocio podr\u00e1 aportar su granito de arena para detectar posibles casos de soledad no deseada. En este sentido\u00a0<strong>se han preparado carteles e imanes<\/strong>\u00a0con un n\u00famero de tel\u00e9fono al que\u00a0<strong>las personas podr\u00e1n llamar<\/strong>\u00a0en el caso de que precisen de acompa\u00f1amiento o ayuda \u00ab<em>de esta forma los mismos comerciantes pueden ver qu\u00e9 personas mayores necesitan de apoyo y animarles a llamar o llamar a ellos mismos si as\u00ed lo autorizan los interesados. Una vez realizado el contacto, las personas pueden pasar a participar de muchas actividades, tanto en casa como fuera\u00a0 y recibir llamadas con seguimiento por parte de la entidad<\/em>\u00ab, ha detallado\u00a0<strong>M\u00f3nica Guillem<\/strong>; Trabajadora Social de Cruz Roja.<\/p>\n<p style=\"text-align: justify;\">Junto a estas iniciativas, destaca tambi\u00e9n\u00a0<strong>el Programa de Teleasistencia de Cruz Roja<\/strong>\u00a0que ayuda a nuestros mayores a desarrollar su vida con independencia y tranquilidad. Este servicio\u00a0<strong>atiende en l\u2019Alcoi\u00e0 y el Comtat a m\u00e1s de mil personas<\/strong>\u00a0seg\u00fan la informaci\u00f3n facilitada por la misma instituci\u00f3n.<\/p>\n","protected":false},"excerpt":{"rendered":"<p>Hoy hemos destacado las altas temperaturas que registra Alcoy en pleno mes de diciembre. Adem\u00e1s hemos destacado las iniciativas que&#8230;<\/p>\n","protected":false},"author":1,"featured_media":110640,"comment_status":"open","ping_status":"open","sticky":false,"template":"","format":"standard","meta":{"footnotes":""},"categories":[6909,89,91,75],"tags":[],"class_list":["post-126463","post","type-post","status-publish","format-standard","has-post-thumbnail","hentry","category-actualidad","category-audiosdelosprogramas","category-informativos","category-noticias"],"yoast_head":"<!-- This site is optimized with the Yoast SEO plugin v27.3 - https:\/\/yoast.com\/product\/yoast-seo-wordpress\/ -->\n<title>\u2018Mediod\u00eda Cope\u2019 Alcoy martes 12 de diciembre 2023 (14:20h) - COPE Alcoy<\/title>\n<meta name=\"robots\" content=\"index, follow, max-snippet:-1, max-image-preview:large, max-video-preview:-1\" \/>\n<link rel=\"canonical\" href=\"https:\/\/www.copealcoy.es\/es\/mediodia-cope-alcoy-martes-12-de-diciembre-2023-1420h\/\" \/>\n<meta property=\"og:locale\" content=\"es_ES\" \/>\n<meta property=\"og:type\" content=\"article\" \/>\n<meta property=\"og:title\" content=\"\u2018Mediod\u00eda Cope\u2019 Alcoy martes 12 de diciembre 2023 (14:20h) - COPE Alcoy\" \/>\n<meta property=\"og:description\" content=\"Hoy hemos destacado las altas temperaturas que registra Alcoy en pleno mes de diciembre. Adem\u00e1s hemos destacado las iniciativas que...\" \/>\n<meta property=\"og:url\" content=\"https:\/\/www.copealcoy.es\/es\/mediodia-cope-alcoy-martes-12-de-diciembre-2023-1420h\/\" \/>\n<meta property=\"og:site_name\" content=\"COPE Alcoy\" \/>\n<meta property=\"article:published_time\" content=\"2023-12-12T06:32:54+00:00\" \/>\n<meta property=\"article:modified_time\" content=\"2023-12-12T17:35:22+00:00\" \/>\n<meta property=\"og:image\" content=\"https:\/\/www.copealcoy.es\/wp-content\/uploads\/2023\/02\/511E7C88-D9D5-47F4-AF32-2A62DF0D1586.png\" \/>\n\t<meta property=\"og:image:width\" content=\"357\" \/>\n\t<meta property=\"og:image:height\" content=\"290\" \/>\n\t<meta property=\"og:image:type\" content=\"image\/png\" \/>\n<meta name=\"author\" content=\"Cope Alcoy\" \/>\n<meta name=\"twitter:label1\" content=\"Escrito por\" \/>\n\t<meta name=\"twitter:data1\" content=\"Cope Alcoy\" \/>\n\t<meta name=\"twitter:label2\" content=\"Tiempo de lectura\" \/>\n\t<meta name=\"twitter:data2\" content=\"2 minutos\" \/>\n<script type=\"application\/ld+json\" class=\"yoast-schema-graph\">{\"@context\":\"https:\\\/\\\/schema.org\",\"@graph\":[{\"@type\":\"Article\",\"@id\":\"https:\\\/\\\/www.copealcoy.es\\\/es\\\/mediodia-cope-alcoy-martes-12-de-diciembre-2023-1420h\\\/#article\",\"isPartOf\":{\"@id\":\"https:\\\/\\\/www.copealcoy.es\\\/es\\\/mediodia-cope-alcoy-martes-12-de-diciembre-2023-1420h\\\/\"},\"author\":{\"name\":\"Cope Alcoy\",\"@id\":\"https:\\\/\\\/www.copealcoy.es\\\/es\\\/#\\\/schema\\\/person\\\/e777c87fa024e57d40170af9df39882c\"},\"headline\":\"\u2018Mediod\u00eda Cope\u2019 Alcoy martes 12 de diciembre 2023 (14:20h)\",\"datePublished\":\"2023-12-12T06:32:54+00:00\",\"dateModified\":\"2023-12-12T17:35:22+00:00\",\"mainEntityOfPage\":{\"@id\":\"https:\\\/\\\/www.copealcoy.es\\\/es\\\/mediodia-cope-alcoy-martes-12-de-diciembre-2023-1420h\\\/\"},\"wordCount\":477,\"commentCount\":0,\"image\":{\"@id\":\"https:\\\/\\\/www.copealcoy.es\\\/es\\\/mediodia-cope-alcoy-martes-12-de-diciembre-2023-1420h\\\/#primaryimage\"},\"thumbnailUrl\":\"https:\\\/\\\/www.copealcoy.es\\\/wp-content\\\/uploads\\\/2023\\\/02\\\/511E7C88-D9D5-47F4-AF32-2A62DF0D1586.png\",\"articleSection\":[\"Actualidad\",\"Audios de los programas\",\"Informativos\",\"Noticias\"],\"inLanguage\":\"es\"},{\"@type\":\"WebPage\",\"@id\":\"https:\\\/\\\/www.copealcoy.es\\\/es\\\/mediodia-cope-alcoy-martes-12-de-diciembre-2023-1420h\\\/\",\"url\":\"https:\\\/\\\/www.copealcoy.es\\\/es\\\/mediodia-cope-alcoy-martes-12-de-diciembre-2023-1420h\\\/\",\"name\":\"\u2018Mediod\u00eda Cope\u2019 Alcoy martes 12 de diciembre 2023 (14:20h) - COPE Alcoy\",\"isPartOf\":{\"@id\":\"https:\\\/\\\/www.copealcoy.es\\\/es\\\/#website\"},\"primaryImageOfPage\":{\"@id\":\"https:\\\/\\\/www.copealcoy.es\\\/es\\\/mediodia-cope-alcoy-martes-12-de-diciembre-2023-1420h\\\/#primaryimage\"},\"image\":{\"@id\":\"https:\\\/\\\/www.copealcoy.es\\\/es\\\/mediodia-cope-alcoy-martes-12-de-diciembre-2023-1420h\\\/#primaryimage\"},\"thumbnailUrl\":\"https:\\\/\\\/www.copealcoy.es\\\/wp-content\\\/uploads\\\/2023\\\/02\\\/511E7C88-D9D5-47F4-AF32-2A62DF0D1586.png\",\"datePublished\":\"2023-12-12T06:32:54+00:00\",\"dateModified\":\"2023-12-12T17:35:22+00:00\",\"author\":{\"@id\":\"https:\\\/\\\/www.copealcoy.es\\\/es\\\/#\\\/schema\\\/person\\\/e777c87fa024e57d40170af9df39882c\"},\"breadcrumb\":{\"@id\":\"https:\\\/\\\/www.copealcoy.es\\\/es\\\/mediodia-cope-alcoy-martes-12-de-diciembre-2023-1420h\\\/#breadcrumb\"},\"inLanguage\":\"es\",\"potentialAction\":[{\"@type\":\"ReadAction\",\"target\":[\"https:\\\/\\\/www.copealcoy.es\\\/es\\\/mediodia-cope-alcoy-martes-12-de-diciembre-2023-1420h\\\/\"]}]},{\"@type\":\"ImageObject\",\"inLanguage\":\"es\",\"@id\":\"https:\\\/\\\/www.copealcoy.es\\\/es\\\/mediodia-cope-alcoy-martes-12-de-diciembre-2023-1420h\\\/#primaryimage\",\"url\":\"https:\\\/\\\/www.copealcoy.es\\\/wp-content\\\/uploads\\\/2023\\\/02\\\/511E7C88-D9D5-47F4-AF32-2A62DF0D1586.png\",\"contentUrl\":\"https:\\\/\\\/www.copealcoy.es\\\/wp-content\\\/uploads\\\/2023\\\/02\\\/511E7C88-D9D5-47F4-AF32-2A62DF0D1586.png\",\"width\":357,\"height\":290},{\"@type\":\"BreadcrumbList\",\"@id\":\"https:\\\/\\\/www.copealcoy.es\\\/es\\\/mediodia-cope-alcoy-martes-12-de-diciembre-2023-1420h\\\/#breadcrumb\",\"itemListElement\":[{\"@type\":\"ListItem\",\"position\":1,\"name\":\"Portada\",\"item\":\"https:\\\/\\\/www.copealcoy.es\\\/es\\\/\"},{\"@type\":\"ListItem\",\"position\":2,\"name\":\"\u2018Mediod\u00eda Cope\u2019 Alcoy martes 12 de diciembre 2023 (14:20h)\"}]},{\"@type\":\"WebSite\",\"@id\":\"https:\\\/\\\/www.copealcoy.es\\\/es\\\/#website\",\"url\":\"https:\\\/\\\/www.copealcoy.es\\\/es\\\/\",\"name\":\"COPE Alcoy\",\"description\":\"Emisora COPE de radio local con emisi\u00f3n online. Pont de Sant Jordi 8-10 03803 Alcoy\",\"potentialAction\":[{\"@type\":\"SearchAction\",\"target\":{\"@type\":\"EntryPoint\",\"urlTemplate\":\"https:\\\/\\\/www.copealcoy.es\\\/es\\\/?s={search_term_string}\"},\"query-input\":{\"@type\":\"PropertyValueSpecification\",\"valueRequired\":true,\"valueName\":\"search_term_string\"}}],\"inLanguage\":\"es\"},{\"@type\":\"Person\",\"@id\":\"https:\\\/\\\/www.copealcoy.es\\\/es\\\/#\\\/schema\\\/person\\\/e777c87fa024e57d40170af9df39882c\",\"name\":\"Cope Alcoy\",\"image\":{\"@type\":\"ImageObject\",\"inLanguage\":\"es\",\"@id\":\"https:\\\/\\\/secure.gravatar.com\\\/avatar\\\/bb65d0283347e303893ba14f0692005417c1e0e690a325a4c5d8bb2b3943ee14?s=96&d=mm&r=g\",\"url\":\"https:\\\/\\\/secure.gravatar.com\\\/avatar\\\/bb65d0283347e303893ba14f0692005417c1e0e690a325a4c5d8bb2b3943ee14?s=96&d=mm&r=g\",\"contentUrl\":\"https:\\\/\\\/secure.gravatar.com\\\/avatar\\\/bb65d0283347e303893ba14f0692005417c1e0e690a325a4c5d8bb2b3943ee14?s=96&d=mm&r=g\",\"caption\":\"Cope Alcoy\"}}]}<\/script>\n<!-- \/ Yoast SEO plugin. -->","yoast_head_json":{"title":"\u2018Mediod\u00eda Cope\u2019 Alcoy martes 12 de diciembre 2023 (14:20h) - COPE Alcoy","robots":{"index":"index","follow":"follow","max-snippet":"max-snippet:-1","max-image-preview":"max-image-preview:large","max-video-preview":"max-video-preview:-1"},"canonical":"https:\/\/www.copealcoy.es\/es\/mediodia-cope-alcoy-martes-12-de-diciembre-2023-1420h\/","og_locale":"es_ES","og_type":"article","og_title":"\u2018Mediod\u00eda Cope\u2019 Alcoy martes 12 de diciembre 2023 (14:20h) - COPE Alcoy","og_description":"Hoy hemos destacado las altas temperaturas que registra Alcoy en pleno mes de diciembre. Adem\u00e1s hemos destacado las iniciativas que...","og_url":"https:\/\/www.copealcoy.es\/es\/mediodia-cope-alcoy-martes-12-de-diciembre-2023-1420h\/","og_site_name":"COPE Alcoy","article_published_time":"2023-12-12T06:32:54+00:00","article_modified_time":"2023-12-12T17:35:22+00:00","og_image":[{"width":357,"height":290,"url":"https:\/\/www.copealcoy.es\/wp-content\/uploads\/2023\/02\/511E7C88-D9D5-47F4-AF32-2A62DF0D1586.png","type":"image\/png"}],"author":"Cope Alcoy","twitter_misc":{"Escrito por":"Cope Alcoy","Tiempo de lectura":"2 minutos"},"schema":{"@context":"https:\/\/schema.org","@graph":[{"@type":"Article","@id":"https:\/\/www.copealcoy.es\/es\/mediodia-cope-alcoy-martes-12-de-diciembre-2023-1420h\/#article","isPartOf":{"@id":"https:\/\/www.copealcoy.es\/es\/mediodia-cope-alcoy-martes-12-de-diciembre-2023-1420h\/"},"author":{"name":"Cope Alcoy","@id":"https:\/\/www.copealcoy.es\/es\/#\/schema\/person\/e777c87fa024e57d40170af9df39882c"},"headline":"\u2018Mediod\u00eda Cope\u2019 Alcoy martes 12 de diciembre 2023 (14:20h)","datePublished":"2023-12-12T06:32:54+00:00","dateModified":"2023-12-12T17:35:22+00:00","mainEntityOfPage":{"@id":"https:\/\/www.copealcoy.es\/es\/mediodia-cope-alcoy-martes-12-de-diciembre-2023-1420h\/"},"wordCount":477,"commentCount":0,"image":{"@id":"https:\/\/www.copealcoy.es\/es\/mediodia-cope-alcoy-martes-12-de-diciembre-2023-1420h\/#primaryimage"},"thumbnailUrl":"https:\/\/www.copealcoy.es\/wp-content\/uploads\/2023\/02\/511E7C88-D9D5-47F4-AF32-2A62DF0D1586.png","articleSection":["Actualidad","Audios de los programas","Informativos","Noticias"],"inLanguage":"es"},{"@type":"WebPage","@id":"https:\/\/www.copealcoy.es\/es\/mediodia-cope-alcoy-martes-12-de-diciembre-2023-1420h\/","url":"https:\/\/www.copealcoy.es\/es\/mediodia-cope-alcoy-martes-12-de-diciembre-2023-1420h\/","name":"\u2018Mediod\u00eda Cope\u2019 Alcoy martes 12 de diciembre 2023 (14:20h) - COPE Alcoy","isPartOf":{"@id":"https:\/\/www.copealcoy.es\/es\/#website"},"primaryImageOfPage":{"@id":"https:\/\/www.copealcoy.es\/es\/mediodia-cope-alcoy-martes-12-de-diciembre-2023-1420h\/#primaryimage"},"image":{"@id":"https:\/\/www.copealcoy.es\/es\/mediodia-cope-alcoy-martes-12-de-diciembre-2023-1420h\/#primaryimage"},"thumbnailUrl":"https:\/\/www.copealcoy.es\/wp-content\/uploads\/2023\/02\/511E7C88-D9D5-47F4-AF32-2A62DF0D1586.png","datePublished":"2023-12-12T06:32:54+00:00","dateModified":"2023-12-12T17:35:22+00:00","author":{"@id":"https:\/\/www.copealcoy.es\/es\/#\/schema\/person\/e777c87fa024e57d40170af9df39882c"},"breadcrumb":{"@id":"https:\/\/www.copealcoy.es\/es\/mediodia-cope-alcoy-martes-12-de-diciembre-2023-1420h\/#breadcrumb"},"inLanguage":"es","potentialAction":[{"@type":"ReadAction","target":["https:\/\/www.copealcoy.es\/es\/mediodia-cope-alcoy-martes-12-de-diciembre-2023-1420h\/"]}]},{"@type":"ImageObject","inLanguage":"es","@id":"https:\/\/www.copealcoy.es\/es\/mediodia-cope-alcoy-martes-12-de-diciembre-2023-1420h\/#primaryimage","url":"https:\/\/www.copealcoy.es\/wp-content\/uploads\/2023\/02\/511E7C88-D9D5-47F4-AF32-2A62DF0D1586.png","contentUrl":"https:\/\/www.copealcoy.es\/wp-content\/uploads\/2023\/02\/511E7C88-D9D5-47F4-AF32-2A62DF0D1586.png","width":357,"height":290},{"@type":"BreadcrumbList","@id":"https:\/\/www.copealcoy.es\/es\/mediodia-cope-alcoy-martes-12-de-diciembre-2023-1420h\/#breadcrumb","itemListElement":[{"@type":"ListItem","position":1,"name":"Portada","item":"https:\/\/www.copealcoy.es\/es\/"},{"@type":"ListItem","position":2,"name":"\u2018Mediod\u00eda Cope\u2019 Alcoy martes 12 de diciembre 2023 (14:20h)"}]},{"@type":"WebSite","@id":"https:\/\/www.copealcoy.es\/es\/#website","url":"https:\/\/www.copealcoy.es\/es\/","name":"COPE Alcoy","description":"Emisora COPE de radio local con emisi\u00f3n online. Pont de Sant Jordi 8-10 03803 Alcoy","potentialAction":[{"@type":"SearchAction","target":{"@type":"EntryPoint","urlTemplate":"https:\/\/www.copealcoy.es\/es\/?s={search_term_string}"},"query-input":{"@type":"PropertyValueSpecification","valueRequired":true,"valueName":"search_term_string"}}],"inLanguage":"es"},{"@type":"Person","@id":"https:\/\/www.copealcoy.es\/es\/#\/schema\/person\/e777c87fa024e57d40170af9df39882c","name":"Cope Alcoy","image":{"@type":"ImageObject","inLanguage":"es","@id":"https:\/\/secure.gravatar.com\/avatar\/bb65d0283347e303893ba14f0692005417c1e0e690a325a4c5d8bb2b3943ee14?s=96&d=mm&r=g","url":"https:\/\/secure.gravatar.com\/avatar\/bb65d0283347e303893ba14f0692005417c1e0e690a325a4c5d8bb2b3943ee14?s=96&d=mm&r=g","contentUrl":"https:\/\/secure.gravatar.com\/avatar\/bb65d0283347e303893ba14f0692005417c1e0e690a325a4c5d8bb2b3943ee14?s=96&d=mm&r=g","caption":"Cope Alcoy"}}]}},"_links":{"self":[{"href":"https:\/\/www.copealcoy.es\/es\/wp-json\/wp\/v2\/posts\/126463","targetHints":{"allow":["GET"]}}],"collection":[{"href":"https:\/\/www.copealcoy.es\/es\/wp-json\/wp\/v2\/posts"}],"about":[{"href":"https:\/\/www.copealcoy.es\/es\/wp-json\/wp\/v2\/types\/post"}],"author":[{"embeddable":true,"href":"https:\/\/www.copealcoy.es\/es\/wp-json\/wp\/v2\/users\/1"}],"replies":[{"embeddable":true,"href":"https:\/\/www.copealcoy.es\/es\/wp-json\/wp\/v2\/comments?post=126463"}],"version-history":[{"count":0,"href":"https:\/\/www.copealcoy.es\/es\/wp-json\/wp\/v2\/posts\/126463\/revisions"}],"wp:featuredmedia":[{"embeddable":true,"href":"https:\/\/www.copealcoy.es\/es\/wp-json\/wp\/v2\/media\/110640"}],"wp:attachment":[{"href":"https:\/\/www.copealcoy.es\/es\/wp-json\/wp\/v2\/media?parent=126463"}],"wp:term":[{"taxonomy":"category","embeddable":true,"href":"https:\/\/www.copealcoy.es\/es\/wp-json\/wp\/v2\/categories?post=126463"},{"taxonomy":"post_tag","embeddable":true,"href":"https:\/\/www.copealcoy.es\/es\/wp-json\/wp\/v2\/tags?post=126463"}],"curies":[{"name":"wp","href":"https:\/\/api.w.org\/{rel}","templated":true}]}}