{"id":126303,"date":"2023-12-08T14:11:56","date_gmt":"2023-12-08T13:11:56","guid":{"rendered":"https:\/\/www.copealcoy.es\/?p=126303"},"modified":"2023-12-08T15:08:35","modified_gmt":"2023-12-08T14:08:35","slug":"la-corriola-vuelve-a-llenar-de-ambiente-festivo-el-paraje-de-santa-barbara","status":"publish","type":"post","link":"https:\/\/www.copealcoy.es\/es\/la-corriola-vuelve-a-llenar-de-ambiente-festivo-el-paraje-de-santa-barbara\/","title":{"rendered":"&#8216;La Corriola&#8217; vuelve a llenar de ambiente festivo el paraje de Santa B\u00e1rbara"},"content":{"rendered":"<p style=\"text-align: justify;\">El <strong>8 de diciembre<\/strong> suele marcar el inicio oficial de las fiestas de Navidad, pero esta jornada festiva <strong>tambi\u00e9n tiene un significado especial<\/strong> en la poblaci\u00f3n de <a href=\"https:\/\/www.facebook.com\/aytococentaina\" target=\"_blank\" rel=\"noopener\"><strong><span style=\"color: #0000ff;\">Cocentaina<\/span><\/strong><\/a>. Y es que los vecinos de la Villa Condal <strong>suben hasta el paraje de Santa B\u00e1rbara<\/strong> para cumplir con la tradici\u00f3n de <strong>degustar la \u2018Corriola\u2019<\/strong>, un pan redondo en forma de polea al que se le acompa\u00f1a con una longaniza roja que recibe el nombre popular de \u2018volteta\u2019.<\/p>\n<p style=\"text-align: justify;\">Hoy, de nuevo, fue protagonista esta costumbre y a partir de las nueve de la ma\u00f1ana <strong>se pudo escuchar la m\u00fasica tradicional<\/strong>, que interpret\u00f3 la Colla Mal Passet, en el pasacalle de ascenso al paraje que comenz\u00f3 desde las puertas del Palau Comtal. A la comitiva se sumaron muchos contestanos, pero tambi\u00e9n <strong>los integrantes de la Muixeranga Penyeta<\/strong> que despu\u00e9s ofrecieron varias evoluciones en la explanada del ermitorio. Adem\u00e1s, se incorporaron este a\u00f1o, como novedad, <strong>los cabezudos de anta\u00f1o que ha recuperado la Villa Condal<\/strong> y que fueron estrenados el pasado domingo tras haberse hecho realidad este proyecto gracias a los Presupuestos Participativos. Una vez en el mencionado paraje, a los pies de la Serra de Mariola, <strong>lleg\u00f3 el momento de almorzar<\/strong> la \u2018Corriola\u2019, disfrutar de los juegos organizados por los Juniors de las dos parroquias contestanas y cumplir con el ritual de tocar la campana en una ma\u00f1ana que ha transcurrido con normalidad pese a que el fuerte viento quiso estar presente con algunas gotas de lluvia al inicio del d\u00eda. Marcela Richart, edil de Tradiciones, hac\u00eda un balance muy positivo del transcurso de la Corriola:<\/p>\n<audio class=\"wp-audio-shortcode\" id=\"audio-126303-1\" preload=\"none\" style=\"width: 100%;\" controls=\"controls\"><source type=\"audio\/mpeg\" src=\"https:\/\/www.copealcoy.es\/wp-content\/uploads\/2023\/12\/Entrevista-Marcela-Richart.mp3?_=1\" \/><a href=\"https:\/\/www.copealcoy.es\/wp-content\/uploads\/2023\/12\/Entrevista-Marcela-Richart.mp3\">https:\/\/www.copealcoy.es\/wp-content\/uploads\/2023\/12\/Entrevista-Marcela-Richart.mp3<\/a><\/audio>\n<p>&nbsp;<\/p>\n<p style=\"text-align: justify;\">Tambi\u00e9n <strong>el alcalde<\/strong> de la capital del Comtat destacaba el gran arraigo que tiene la \u2018Corriola\u2019 en Cocentaina y recordaba que <strong>estamos ante una Fiesta de Inter\u00e9s Tur\u00edstico Local que pasa de generaci\u00f3n en generaci\u00f3n<\/strong>. Adem\u00e1s <strong>Jordi Pla<\/strong> se\u00f1alaba en COPE ALCOY que el paraje hab\u00eda registrado un gran ambiente festivo desde primera hora de la ma\u00f1ana:<\/p>\n<audio class=\"wp-audio-shortcode\" id=\"audio-126303-2\" preload=\"none\" style=\"width: 100%;\" controls=\"controls\"><source type=\"audio\/mpeg\" src=\"https:\/\/www.copealcoy.es\/wp-content\/uploads\/2023\/12\/Entrevista-Jordi-Pla.mp3?_=2\" \/><a href=\"https:\/\/www.copealcoy.es\/wp-content\/uploads\/2023\/12\/Entrevista-Jordi-Pla.mp3\">https:\/\/www.copealcoy.es\/wp-content\/uploads\/2023\/12\/Entrevista-Jordi-Pla.mp3<\/a><\/audio>\n<p>&nbsp;<\/p>\n<p style=\"text-align: justify;\">Este a\u00f1o, adem\u00e1s, <strong>no han faltado a la cita integrantes de la Colla de Campaners del Comtat<\/strong> que han tocado la campana pero tambi\u00e9n han hecho algunas explicaciones a los m\u00e1s peque\u00f1os. Hemos podido hablar con <strong>Xavi Calvo e Ivan Jover<\/strong>:<\/p>\n<audio class=\"wp-audio-shortcode\" id=\"audio-126303-3\" preload=\"none\" style=\"width: 100%;\" controls=\"controls\"><source type=\"audio\/mpeg\" src=\"https:\/\/www.copealcoy.es\/wp-content\/uploads\/2023\/12\/Entrevista-Campaners-del-Comtat.mp3?_=3\" \/><a href=\"https:\/\/www.copealcoy.es\/wp-content\/uploads\/2023\/12\/Entrevista-Campaners-del-Comtat.mp3\">https:\/\/www.copealcoy.es\/wp-content\/uploads\/2023\/12\/Entrevista-Campaners-del-Comtat.mp3<\/a><\/audio>\n<p>&nbsp;<\/p>\n<p style=\"text-align: justify;\">A mediod\u00eda se celebr\u00f3 <strong>una misa de campa\u00f1a<\/strong> ante la ermita y, tras la eucarist\u00eda, lleg\u00f3 el momento de emprender el camino de regreso a casa poni\u00e9ndose fin as\u00ed a una ma\u00f1ana festiva que llegaba tambi\u00e9n <strong>tras una tarde-noche que fue intensa<\/strong> en la v\u00edspera del d\u00eda de la Inmaculada Concepci\u00f3n. Todo ello debido a que el jueves <strong>se dio la bienvenida al \u2018Nadal Contest\u00e0\u2019 con el encendido de luces<\/strong>, acompa\u00f1ado de una chocolatada, al mismo tiempo que las Filaes de Moros y Cristianos <strong>renovaron la tradici\u00f3n de la \u2018Olleta de La Pur\u00edssima\u2019<\/strong> con una cena en sus respectivas sedes en la que no falt\u00f3 este plato tan t\u00edpico de la localidad.<\/p>\n<div id='gallery-1' class='gallery galleryid-126303 gallery-columns-2 gallery-size-full'><figure class='gallery-item'>\n\t\t\t<div class='gallery-icon landscape'>\n\t\t\t\t<a href='https:\/\/www.copealcoy.es\/es\/la-corriola-vuelve-a-llenar-de-ambiente-festivo-el-paraje-de-santa-barbara\/img_8520-2\/'><img loading=\"lazy\" decoding=\"async\" width=\"1920\" height=\"1440\" src=\"https:\/\/www.copealcoy.es\/wp-content\/uploads\/2023\/12\/IMG_8520-scaled.jpg\" class=\"attachment-full size-full\" alt=\"\" srcset=\"https:\/\/www.copealcoy.es\/wp-content\/uploads\/2023\/12\/IMG_8520-scaled.jpg 1920w, https:\/\/www.copealcoy.es\/wp-content\/uploads\/2023\/12\/IMG_8520-768x576.jpg 768w, https:\/\/www.copealcoy.es\/wp-content\/uploads\/2023\/12\/IMG_8520-1536x1152.jpg 1536w, https:\/\/www.copealcoy.es\/wp-content\/uploads\/2023\/12\/IMG_8520-2048x1536.jpg 2048w\" sizes=\"auto, (max-width: 1920px) 100vw, 1920px\" \/><\/a>\n\t\t\t<\/div><\/figure><figure class='gallery-item'>\n\t\t\t<div class='gallery-icon landscape'>\n\t\t\t\t<a href='https:\/\/www.copealcoy.es\/es\/la-corriola-vuelve-a-llenar-de-ambiente-festivo-el-paraje-de-santa-barbara\/img_8532-2\/'><img loading=\"lazy\" decoding=\"async\" width=\"1920\" height=\"1440\" src=\"https:\/\/www.copealcoy.es\/wp-content\/uploads\/2023\/12\/IMG_8532-scaled.jpg\" class=\"attachment-full size-full\" alt=\"\" srcset=\"https:\/\/www.copealcoy.es\/wp-content\/uploads\/2023\/12\/IMG_8532-scaled.jpg 1920w, https:\/\/www.copealcoy.es\/wp-content\/uploads\/2023\/12\/IMG_8532-768x576.jpg 768w, https:\/\/www.copealcoy.es\/wp-content\/uploads\/2023\/12\/IMG_8532-1536x1152.jpg 1536w, https:\/\/www.copealcoy.es\/wp-content\/uploads\/2023\/12\/IMG_8532-2048x1536.jpg 2048w\" sizes=\"auto, (max-width: 1920px) 100vw, 1920px\" \/><\/a>\n\t\t\t<\/div><\/figure><figure class='gallery-item'>\n\t\t\t<div class='gallery-icon landscape'>\n\t\t\t\t<a href='https:\/\/www.copealcoy.es\/es\/la-corriola-vuelve-a-llenar-de-ambiente-festivo-el-paraje-de-santa-barbara\/unnamed-4-2-2\/'><img loading=\"lazy\" decoding=\"async\" width=\"1920\" height=\"1172\" src=\"https:\/\/www.copealcoy.es\/wp-content\/uploads\/2023\/12\/unnamed-4-scaled.jpg\" class=\"attachment-full size-full\" alt=\"\" srcset=\"https:\/\/www.copealcoy.es\/wp-content\/uploads\/2023\/12\/unnamed-4-scaled.jpg 1920w, https:\/\/www.copealcoy.es\/wp-content\/uploads\/2023\/12\/unnamed-4-768x469.jpg 768w, https:\/\/www.copealcoy.es\/wp-content\/uploads\/2023\/12\/unnamed-4-1536x938.jpg 1536w, https:\/\/www.copealcoy.es\/wp-content\/uploads\/2023\/12\/unnamed-4-2048x1250.jpg 2048w\" sizes=\"auto, (max-width: 1920px) 100vw, 1920px\" \/><\/a>\n\t\t\t<\/div><\/figure><figure class='gallery-item'>\n\t\t\t<div class='gallery-icon landscape'>\n\t\t\t\t<a href='https:\/\/www.copealcoy.es\/es\/la-corriola-vuelve-a-llenar-de-ambiente-festivo-el-paraje-de-santa-barbara\/img_8541-2\/'><img loading=\"lazy\" decoding=\"async\" width=\"1920\" height=\"1227\" src=\"https:\/\/www.copealcoy.es\/wp-content\/uploads\/2023\/12\/IMG_8541-scaled.jpg\" class=\"attachment-full size-full\" alt=\"\" srcset=\"https:\/\/www.copealcoy.es\/wp-content\/uploads\/2023\/12\/IMG_8541-scaled.jpg 1920w, https:\/\/www.copealcoy.es\/wp-content\/uploads\/2023\/12\/IMG_8541-768x491.jpg 768w, https:\/\/www.copealcoy.es\/wp-content\/uploads\/2023\/12\/IMG_8541-1536x982.jpg 1536w, https:\/\/www.copealcoy.es\/wp-content\/uploads\/2023\/12\/IMG_8541-2048x1309.jpg 2048w\" sizes=\"auto, (max-width: 1920px) 100vw, 1920px\" \/><\/a>\n\t\t\t<\/div><\/figure><figure class='gallery-item'>\n\t\t\t<div class='gallery-icon landscape'>\n\t\t\t\t<a href='https:\/\/www.copealcoy.es\/es\/la-corriola-vuelve-a-llenar-de-ambiente-festivo-el-paraje-de-santa-barbara\/unnamed-2-7-3\/'><img loading=\"lazy\" decoding=\"async\" width=\"821\" height=\"451\" src=\"https:\/\/www.copealcoy.es\/wp-content\/uploads\/2023\/12\/unnamed-2.jpg\" class=\"attachment-full size-full\" alt=\"\" srcset=\"https:\/\/www.copealcoy.es\/wp-content\/uploads\/2023\/12\/unnamed-2.jpg 821w, https:\/\/www.copealcoy.es\/wp-content\/uploads\/2023\/12\/unnamed-2-768x422.jpg 768w\" sizes=\"auto, (max-width: 821px) 100vw, 821px\" \/><\/a>\n\t\t\t<\/div><\/figure><figure class='gallery-item'>\n\t\t\t<div class='gallery-icon landscape'>\n\t\t\t\t<a href='https:\/\/www.copealcoy.es\/es\/la-corriola-vuelve-a-llenar-de-ambiente-festivo-el-paraje-de-santa-barbara\/unnamed-3-2-3\/'><img loading=\"lazy\" decoding=\"async\" width=\"1920\" height=\"1047\" src=\"https:\/\/www.copealcoy.es\/wp-content\/uploads\/2023\/12\/unnamed-3-1-scaled.jpg\" class=\"attachment-full size-full\" alt=\"\" srcset=\"https:\/\/www.copealcoy.es\/wp-content\/uploads\/2023\/12\/unnamed-3-1-scaled.jpg 1920w, https:\/\/www.copealcoy.es\/wp-content\/uploads\/2023\/12\/unnamed-3-1-768x419.jpg 768w, https:\/\/www.copealcoy.es\/wp-content\/uploads\/2023\/12\/unnamed-3-1-1536x838.jpg 1536w\" sizes=\"auto, (max-width: 1920px) 100vw, 1920px\" \/><\/a>\n\t\t\t<\/div><\/figure>\n\t\t<\/div>\n\n","protected":false},"excerpt":{"rendered":"<p>El 8 de diciembre suele marcar el inicio oficial de las fiestas de Navidad, pero esta jornada festiva tambi\u00e9n tiene&#8230;<\/p>\n","protected":false},"author":1,"featured_media":126304,"comment_status":"open","ping_status":"open","sticky":false,"template":"","format":"standard","meta":{"footnotes":""},"categories":[6909,98,75],"tags":[132,356,6997,4471,447],"class_list":["post-126303","post","type-post","status-publish","format-standard","has-post-thumbnail","hentry","category-actualidad","category-comarcas","category-noticias","tag-cocentaina","tag-corriola","tag-festividad","tag-paraje-de-santa-barbara","tag-tradiciones"],"yoast_head":"<!-- This site is optimized with the Yoast SEO plugin v27.3 - https:\/\/yoast.com\/product\/yoast-seo-wordpress\/ -->\n<title>&#039;La Corriola&#039; vuelve a llenar de ambiente festivo el paraje de Santa B\u00e1rbara - COPE Alcoy<\/title>\n<meta name=\"description\" content=\"Como en cada 8 de diciembre el paraje de Santa B\u00e1rbara de Cocentaina se ha llenado de actividad por la festividad de La Corriola\" \/>\n<meta name=\"robots\" content=\"index, follow, max-snippet:-1, max-image-preview:large, max-video-preview:-1\" \/>\n<link rel=\"canonical\" href=\"https:\/\/www.copealcoy.es\/es\/la-corriola-vuelve-a-llenar-de-ambiente-festivo-el-paraje-de-santa-barbara\/\" \/>\n<meta property=\"og:locale\" content=\"es_ES\" \/>\n<meta property=\"og:type\" content=\"article\" \/>\n<meta property=\"og:title\" content=\"&#039;La Corriola&#039; vuelve a llenar de ambiente festivo el paraje de Santa B\u00e1rbara - COPE Alcoy\" \/>\n<meta property=\"og:description\" content=\"Como en cada 8 de diciembre el paraje de Santa B\u00e1rbara de Cocentaina se ha llenado de actividad por la festividad de La Corriola\" \/>\n<meta property=\"og:url\" content=\"https:\/\/www.copealcoy.es\/es\/la-corriola-vuelve-a-llenar-de-ambiente-festivo-el-paraje-de-santa-barbara\/\" \/>\n<meta property=\"og:site_name\" content=\"COPE Alcoy\" \/>\n<meta property=\"article:published_time\" content=\"2023-12-08T13:11:56+00:00\" \/>\n<meta property=\"article:modified_time\" content=\"2023-12-08T14:08:35+00:00\" \/>\n<meta property=\"og:image\" content=\"https:\/\/www.copealcoy.es\/wp-content\/uploads\/2023\/12\/unnamed-1-5-scaled-e1702039852325.jpg\" \/>\n\t<meta property=\"og:image:width\" content=\"640\" \/>\n\t<meta property=\"og:image:height\" content=\"403\" \/>\n\t<meta property=\"og:image:type\" content=\"image\/jpeg\" \/>\n<meta name=\"author\" content=\"Cope Alcoy\" \/>\n<meta name=\"twitter:label1\" content=\"Escrito por\" \/>\n\t<meta name=\"twitter:data1\" content=\"Cope Alcoy\" \/>\n\t<meta name=\"twitter:label2\" content=\"Tiempo de lectura\" \/>\n\t<meta name=\"twitter:data2\" content=\"3 minutos\" \/>\n<script type=\"application\/ld+json\" class=\"yoast-schema-graph\">{\"@context\":\"https:\\\/\\\/schema.org\",\"@graph\":[{\"@type\":\"Article\",\"@id\":\"https:\\\/\\\/www.copealcoy.es\\\/es\\\/la-corriola-vuelve-a-llenar-de-ambiente-festivo-el-paraje-de-santa-barbara\\\/#article\",\"isPartOf\":{\"@id\":\"https:\\\/\\\/www.copealcoy.es\\\/es\\\/la-corriola-vuelve-a-llenar-de-ambiente-festivo-el-paraje-de-santa-barbara\\\/\"},\"author\":{\"name\":\"Cope Alcoy\",\"@id\":\"https:\\\/\\\/www.copealcoy.es\\\/es\\\/#\\\/schema\\\/person\\\/e777c87fa024e57d40170af9df39882c\"},\"headline\":\"&#8216;La Corriola&#8217; vuelve a llenar de ambiente festivo el paraje de Santa B\u00e1rbara\",\"datePublished\":\"2023-12-08T13:11:56+00:00\",\"dateModified\":\"2023-12-08T14:08:35+00:00\",\"mainEntityOfPage\":{\"@id\":\"https:\\\/\\\/www.copealcoy.es\\\/es\\\/la-corriola-vuelve-a-llenar-de-ambiente-festivo-el-paraje-de-santa-barbara\\\/\"},\"wordCount\":569,\"commentCount\":0,\"image\":{\"@id\":\"https:\\\/\\\/www.copealcoy.es\\\/es\\\/la-corriola-vuelve-a-llenar-de-ambiente-festivo-el-paraje-de-santa-barbara\\\/#primaryimage\"},\"thumbnailUrl\":\"https:\\\/\\\/www.copealcoy.es\\\/wp-content\\\/uploads\\\/2023\\\/12\\\/unnamed-1-5-scaled-e1702039852325.jpg\",\"keywords\":[\"Cocentaina\",\"Corriola\",\"festividad\",\"Paraje de Santa B\u00e1rbara\",\"Tradiciones\"],\"articleSection\":[\"Actualidad\",\"Comarcas\",\"Noticias\"],\"inLanguage\":\"es\"},{\"@type\":\"WebPage\",\"@id\":\"https:\\\/\\\/www.copealcoy.es\\\/es\\\/la-corriola-vuelve-a-llenar-de-ambiente-festivo-el-paraje-de-santa-barbara\\\/\",\"url\":\"https:\\\/\\\/www.copealcoy.es\\\/es\\\/la-corriola-vuelve-a-llenar-de-ambiente-festivo-el-paraje-de-santa-barbara\\\/\",\"name\":\"'La Corriola' vuelve a llenar de ambiente festivo el paraje de Santa B\u00e1rbara - COPE Alcoy\",\"isPartOf\":{\"@id\":\"https:\\\/\\\/www.copealcoy.es\\\/es\\\/#website\"},\"primaryImageOfPage\":{\"@id\":\"https:\\\/\\\/www.copealcoy.es\\\/es\\\/la-corriola-vuelve-a-llenar-de-ambiente-festivo-el-paraje-de-santa-barbara\\\/#primaryimage\"},\"image\":{\"@id\":\"https:\\\/\\\/www.copealcoy.es\\\/es\\\/la-corriola-vuelve-a-llenar-de-ambiente-festivo-el-paraje-de-santa-barbara\\\/#primaryimage\"},\"thumbnailUrl\":\"https:\\\/\\\/www.copealcoy.es\\\/wp-content\\\/uploads\\\/2023\\\/12\\\/unnamed-1-5-scaled-e1702039852325.jpg\",\"datePublished\":\"2023-12-08T13:11:56+00:00\",\"dateModified\":\"2023-12-08T14:08:35+00:00\",\"author\":{\"@id\":\"https:\\\/\\\/www.copealcoy.es\\\/es\\\/#\\\/schema\\\/person\\\/e777c87fa024e57d40170af9df39882c\"},\"description\":\"Como en cada 8 de diciembre el paraje de Santa B\u00e1rbara de Cocentaina se ha llenado de actividad por la festividad de La Corriola\",\"breadcrumb\":{\"@id\":\"https:\\\/\\\/www.copealcoy.es\\\/es\\\/la-corriola-vuelve-a-llenar-de-ambiente-festivo-el-paraje-de-santa-barbara\\\/#breadcrumb\"},\"inLanguage\":\"es\",\"potentialAction\":[{\"@type\":\"ReadAction\",\"target\":[\"https:\\\/\\\/www.copealcoy.es\\\/es\\\/la-corriola-vuelve-a-llenar-de-ambiente-festivo-el-paraje-de-santa-barbara\\\/\"]}]},{\"@type\":\"ImageObject\",\"inLanguage\":\"es\",\"@id\":\"https:\\\/\\\/www.copealcoy.es\\\/es\\\/la-corriola-vuelve-a-llenar-de-ambiente-festivo-el-paraje-de-santa-barbara\\\/#primaryimage\",\"url\":\"https:\\\/\\\/www.copealcoy.es\\\/wp-content\\\/uploads\\\/2023\\\/12\\\/unnamed-1-5-scaled-e1702039852325.jpg\",\"contentUrl\":\"https:\\\/\\\/www.copealcoy.es\\\/wp-content\\\/uploads\\\/2023\\\/12\\\/unnamed-1-5-scaled-e1702039852325.jpg\",\"width\":640,\"height\":403},{\"@type\":\"BreadcrumbList\",\"@id\":\"https:\\\/\\\/www.copealcoy.es\\\/es\\\/la-corriola-vuelve-a-llenar-de-ambiente-festivo-el-paraje-de-santa-barbara\\\/#breadcrumb\",\"itemListElement\":[{\"@type\":\"ListItem\",\"position\":1,\"name\":\"Portada\",\"item\":\"https:\\\/\\\/www.copealcoy.es\\\/es\\\/\"},{\"@type\":\"ListItem\",\"position\":2,\"name\":\"&#8216;La Corriola&#8217; vuelve a llenar de ambiente festivo el paraje de Santa B\u00e1rbara\"}]},{\"@type\":\"WebSite\",\"@id\":\"https:\\\/\\\/www.copealcoy.es\\\/es\\\/#website\",\"url\":\"https:\\\/\\\/www.copealcoy.es\\\/es\\\/\",\"name\":\"COPE Alcoy\",\"description\":\"Emisora COPE de radio local con emisi\u00f3n online. Pont de Sant Jordi 8-10 03803 Alcoy\",\"potentialAction\":[{\"@type\":\"SearchAction\",\"target\":{\"@type\":\"EntryPoint\",\"urlTemplate\":\"https:\\\/\\\/www.copealcoy.es\\\/es\\\/?s={search_term_string}\"},\"query-input\":{\"@type\":\"PropertyValueSpecification\",\"valueRequired\":true,\"valueName\":\"search_term_string\"}}],\"inLanguage\":\"es\"},{\"@type\":\"Person\",\"@id\":\"https:\\\/\\\/www.copealcoy.es\\\/es\\\/#\\\/schema\\\/person\\\/e777c87fa024e57d40170af9df39882c\",\"name\":\"Cope Alcoy\",\"image\":{\"@type\":\"ImageObject\",\"inLanguage\":\"es\",\"@id\":\"https:\\\/\\\/secure.gravatar.com\\\/avatar\\\/bb65d0283347e303893ba14f0692005417c1e0e690a325a4c5d8bb2b3943ee14?s=96&d=mm&r=g\",\"url\":\"https:\\\/\\\/secure.gravatar.com\\\/avatar\\\/bb65d0283347e303893ba14f0692005417c1e0e690a325a4c5d8bb2b3943ee14?s=96&d=mm&r=g\",\"contentUrl\":\"https:\\\/\\\/secure.gravatar.com\\\/avatar\\\/bb65d0283347e303893ba14f0692005417c1e0e690a325a4c5d8bb2b3943ee14?s=96&d=mm&r=g\",\"caption\":\"Cope Alcoy\"}}]}<\/script>\n<!-- \/ Yoast SEO plugin. -->","yoast_head_json":{"title":"'La Corriola' vuelve a llenar de ambiente festivo el paraje de Santa B\u00e1rbara - COPE Alcoy","description":"Como en cada 8 de diciembre el paraje de Santa B\u00e1rbara de Cocentaina se ha llenado de actividad por la festividad de La Corriola","robots":{"index":"index","follow":"follow","max-snippet":"max-snippet:-1","max-image-preview":"max-image-preview:large","max-video-preview":"max-video-preview:-1"},"canonical":"https:\/\/www.copealcoy.es\/es\/la-corriola-vuelve-a-llenar-de-ambiente-festivo-el-paraje-de-santa-barbara\/","og_locale":"es_ES","og_type":"article","og_title":"'La Corriola' vuelve a llenar de ambiente festivo el paraje de Santa B\u00e1rbara - COPE Alcoy","og_description":"Como en cada 8 de diciembre el paraje de Santa B\u00e1rbara de Cocentaina se ha llenado de actividad por la festividad de La Corriola","og_url":"https:\/\/www.copealcoy.es\/es\/la-corriola-vuelve-a-llenar-de-ambiente-festivo-el-paraje-de-santa-barbara\/","og_site_name":"COPE Alcoy","article_published_time":"2023-12-08T13:11:56+00:00","article_modified_time":"2023-12-08T14:08:35+00:00","og_image":[{"width":640,"height":403,"url":"https:\/\/www.copealcoy.es\/wp-content\/uploads\/2023\/12\/unnamed-1-5-scaled-e1702039852325.jpg","type":"image\/jpeg"}],"author":"Cope Alcoy","twitter_misc":{"Escrito por":"Cope Alcoy","Tiempo de lectura":"3 minutos"},"schema":{"@context":"https:\/\/schema.org","@graph":[{"@type":"Article","@id":"https:\/\/www.copealcoy.es\/es\/la-corriola-vuelve-a-llenar-de-ambiente-festivo-el-paraje-de-santa-barbara\/#article","isPartOf":{"@id":"https:\/\/www.copealcoy.es\/es\/la-corriola-vuelve-a-llenar-de-ambiente-festivo-el-paraje-de-santa-barbara\/"},"author":{"name":"Cope Alcoy","@id":"https:\/\/www.copealcoy.es\/es\/#\/schema\/person\/e777c87fa024e57d40170af9df39882c"},"headline":"&#8216;La Corriola&#8217; vuelve a llenar de ambiente festivo el paraje de Santa B\u00e1rbara","datePublished":"2023-12-08T13:11:56+00:00","dateModified":"2023-12-08T14:08:35+00:00","mainEntityOfPage":{"@id":"https:\/\/www.copealcoy.es\/es\/la-corriola-vuelve-a-llenar-de-ambiente-festivo-el-paraje-de-santa-barbara\/"},"wordCount":569,"commentCount":0,"image":{"@id":"https:\/\/www.copealcoy.es\/es\/la-corriola-vuelve-a-llenar-de-ambiente-festivo-el-paraje-de-santa-barbara\/#primaryimage"},"thumbnailUrl":"https:\/\/www.copealcoy.es\/wp-content\/uploads\/2023\/12\/unnamed-1-5-scaled-e1702039852325.jpg","keywords":["Cocentaina","Corriola","festividad","Paraje de Santa B\u00e1rbara","Tradiciones"],"articleSection":["Actualidad","Comarcas","Noticias"],"inLanguage":"es"},{"@type":"WebPage","@id":"https:\/\/www.copealcoy.es\/es\/la-corriola-vuelve-a-llenar-de-ambiente-festivo-el-paraje-de-santa-barbara\/","url":"https:\/\/www.copealcoy.es\/es\/la-corriola-vuelve-a-llenar-de-ambiente-festivo-el-paraje-de-santa-barbara\/","name":"'La Corriola' vuelve a llenar de ambiente festivo el paraje de Santa B\u00e1rbara - COPE Alcoy","isPartOf":{"@id":"https:\/\/www.copealcoy.es\/es\/#website"},"primaryImageOfPage":{"@id":"https:\/\/www.copealcoy.es\/es\/la-corriola-vuelve-a-llenar-de-ambiente-festivo-el-paraje-de-santa-barbara\/#primaryimage"},"image":{"@id":"https:\/\/www.copealcoy.es\/es\/la-corriola-vuelve-a-llenar-de-ambiente-festivo-el-paraje-de-santa-barbara\/#primaryimage"},"thumbnailUrl":"https:\/\/www.copealcoy.es\/wp-content\/uploads\/2023\/12\/unnamed-1-5-scaled-e1702039852325.jpg","datePublished":"2023-12-08T13:11:56+00:00","dateModified":"2023-12-08T14:08:35+00:00","author":{"@id":"https:\/\/www.copealcoy.es\/es\/#\/schema\/person\/e777c87fa024e57d40170af9df39882c"},"description":"Como en cada 8 de diciembre el paraje de Santa B\u00e1rbara de Cocentaina se ha llenado de actividad por la festividad de La Corriola","breadcrumb":{"@id":"https:\/\/www.copealcoy.es\/es\/la-corriola-vuelve-a-llenar-de-ambiente-festivo-el-paraje-de-santa-barbara\/#breadcrumb"},"inLanguage":"es","potentialAction":[{"@type":"ReadAction","target":["https:\/\/www.copealcoy.es\/es\/la-corriola-vuelve-a-llenar-de-ambiente-festivo-el-paraje-de-santa-barbara\/"]}]},{"@type":"ImageObject","inLanguage":"es","@id":"https:\/\/www.copealcoy.es\/es\/la-corriola-vuelve-a-llenar-de-ambiente-festivo-el-paraje-de-santa-barbara\/#primaryimage","url":"https:\/\/www.copealcoy.es\/wp-content\/uploads\/2023\/12\/unnamed-1-5-scaled-e1702039852325.jpg","contentUrl":"https:\/\/www.copealcoy.es\/wp-content\/uploads\/2023\/12\/unnamed-1-5-scaled-e1702039852325.jpg","width":640,"height":403},{"@type":"BreadcrumbList","@id":"https:\/\/www.copealcoy.es\/es\/la-corriola-vuelve-a-llenar-de-ambiente-festivo-el-paraje-de-santa-barbara\/#breadcrumb","itemListElement":[{"@type":"ListItem","position":1,"name":"Portada","item":"https:\/\/www.copealcoy.es\/es\/"},{"@type":"ListItem","position":2,"name":"&#8216;La Corriola&#8217; vuelve a llenar de ambiente festivo el paraje de Santa B\u00e1rbara"}]},{"@type":"WebSite","@id":"https:\/\/www.copealcoy.es\/es\/#website","url":"https:\/\/www.copealcoy.es\/es\/","name":"COPE Alcoy","description":"Emisora COPE de radio local con emisi\u00f3n online. Pont de Sant Jordi 8-10 03803 Alcoy","potentialAction":[{"@type":"SearchAction","target":{"@type":"EntryPoint","urlTemplate":"https:\/\/www.copealcoy.es\/es\/?s={search_term_string}"},"query-input":{"@type":"PropertyValueSpecification","valueRequired":true,"valueName":"search_term_string"}}],"inLanguage":"es"},{"@type":"Person","@id":"https:\/\/www.copealcoy.es\/es\/#\/schema\/person\/e777c87fa024e57d40170af9df39882c","name":"Cope Alcoy","image":{"@type":"ImageObject","inLanguage":"es","@id":"https:\/\/secure.gravatar.com\/avatar\/bb65d0283347e303893ba14f0692005417c1e0e690a325a4c5d8bb2b3943ee14?s=96&d=mm&r=g","url":"https:\/\/secure.gravatar.com\/avatar\/bb65d0283347e303893ba14f0692005417c1e0e690a325a4c5d8bb2b3943ee14?s=96&d=mm&r=g","contentUrl":"https:\/\/secure.gravatar.com\/avatar\/bb65d0283347e303893ba14f0692005417c1e0e690a325a4c5d8bb2b3943ee14?s=96&d=mm&r=g","caption":"Cope Alcoy"}}]}},"_links":{"self":[{"href":"https:\/\/www.copealcoy.es\/es\/wp-json\/wp\/v2\/posts\/126303","targetHints":{"allow":["GET"]}}],"collection":[{"href":"https:\/\/www.copealcoy.es\/es\/wp-json\/wp\/v2\/posts"}],"about":[{"href":"https:\/\/www.copealcoy.es\/es\/wp-json\/wp\/v2\/types\/post"}],"author":[{"embeddable":true,"href":"https:\/\/www.copealcoy.es\/es\/wp-json\/wp\/v2\/users\/1"}],"replies":[{"embeddable":true,"href":"https:\/\/www.copealcoy.es\/es\/wp-json\/wp\/v2\/comments?post=126303"}],"version-history":[{"count":0,"href":"https:\/\/www.copealcoy.es\/es\/wp-json\/wp\/v2\/posts\/126303\/revisions"}],"wp:featuredmedia":[{"embeddable":true,"href":"https:\/\/www.copealcoy.es\/es\/wp-json\/wp\/v2\/media\/126304"}],"wp:attachment":[{"href":"https:\/\/www.copealcoy.es\/es\/wp-json\/wp\/v2\/media?parent=126303"}],"wp:term":[{"taxonomy":"category","embeddable":true,"href":"https:\/\/www.copealcoy.es\/es\/wp-json\/wp\/v2\/categories?post=126303"},{"taxonomy":"post_tag","embeddable":true,"href":"https:\/\/www.copealcoy.es\/es\/wp-json\/wp\/v2\/tags?post=126303"}],"curies":[{"name":"wp","href":"https:\/\/api.w.org\/{rel}","templated":true}]}}