{"id":126265,"date":"2023-12-11T07:37:05","date_gmt":"2023-12-11T06:37:05","guid":{"rendered":"https:\/\/www.copealcoy.es\/?p=126265"},"modified":"2023-12-11T11:11:53","modified_gmt":"2023-12-11T10:11:53","slug":"conocen-los-mas-pequenos-la-historia-del-belen-de-tirisiti","status":"publish","type":"post","link":"https:\/\/www.copealcoy.es\/es\/conocen-los-mas-pequenos-la-historia-del-belen-de-tirisiti\/","title":{"rendered":"\u00bfQu\u00e9 sabemos del Bel\u00e9n de Tirisiti? Alcoy saca un libro infantil para conocer su historia"},"content":{"rendered":"<p style=\"text-align: justify;\">\u00bfQui\u00e9n no conoce en la ciudad a Tirisiti, Tereseta, el Sereno o el Ag\u00fcelo? De ni\u00f1os a ancianos. El <strong>Bel\u00e9n de Tirisiti<\/strong> vuelve cada a\u00f1o al <strong>Teatro Principal de Alcoy<\/strong> y es una cita que pr\u00e1cticamente nadie se quiere perder.<\/p>\n<p style=\"text-align: justify;\">Tirisiti se ha consolidado en la ciudad como una de las figuras m\u00e1s relevantes del<strong> Nadal Alcoi\u00e0<\/strong>. Los m\u00e1s peque\u00f1os aprenden, tanto en la escuela como en casa, los nombres de los personajes del tradicional retablo navide\u00f1o, las canciones y las principales escenas. Y con el objetivo de seguir fomentando el valor cultural del Tirisiti, el <strong>Gabinete de Normalizaci\u00f3n Ling\u00fc\u00edstica del Ayuntamiento de Alcoy<\/strong> ha publicado un <strong>libro infantil que recoge la historia del Tirisiti, el texto que se lee y actividades<\/strong> para los m\u00e1s peque\u00f1os.<\/p>\n<p style=\"text-align: justify;\">El libro est\u00e1 escrito <strong>en valenciano<\/strong> y se <strong>repartir\u00e1 en los centros educativos<\/strong>. La edici\u00f3n cuenta con 10.000 ejemplares que tambi\u00e9n se pueden recoger en la <strong>Oficina de Turismo<\/strong>. Tambi\u00e9n puede descargarse gratuitamente <span style=\"color: #000080;\"><a style=\"color: #000080;\" href=\"https:\/\/www.alcoi.org\/es\/areas\/gabinet\/nadal.html\" target=\"_blank\" rel=\"noopener\"><strong><span style=\"color: #0000ff;\">aqu\u00ed<\/span><\/strong><\/a><\/span>. Se trata de la \u00faltima publicaci\u00f3n de una colecci\u00f3n que recoge otros acontecimientos importantes para el Nadal Alcoi\u00e0 como les Pastoretes, el Ban Reial o la Cavalcada. <em>&#8220;Desde el departamento siempre hemos intentado que los ni\u00f1os pudieran hacer una actividad en valenciano y ense\u00f1arles al mismo tiempo ese conjunto de elementos que conforman la Navidad en Alcoy<\/em>&#8220;, explicaba<strong> Ximo Victoriano<\/strong>, t\u00e9cnico del Gabinete.<\/p>\n<p style=\"text-align: justify;\"><span style=\"color: #0000ff;\"><strong>Otras publicaciones<\/strong><\/span><\/p>\n<p style=\"text-align: justify;\">Los primeros materiales del Gabinete para acercar el Nadal Alcoi\u00e0 a los m\u00e1s peque\u00f1os -aunque tambi\u00e9n a los adultos- se remontan a los a\u00f1os 90. Se trata de publicaciones, por ejemplo, como el <strong>&#8216;Vocabulari dels Joguets&#8217;<\/strong> de 1996. &#8220;<em>Hemos ido trabajando para que los m\u00e1s peque\u00f1os tengan material para conocer los elementos de la Navidad en valenciano<\/em>&#8220;, explicaba <strong>Ra\u00fcl Llopis<\/strong>, concejal de Normalizaci\u00f3n Ling\u00fc\u00edstica.<\/p>\n<p style=\"text-align: justify;\">Otra de las publicaciones es la <strong>Carta Reial<\/strong> que tanto se ha popularizado en Alcoy. Una iniciativa que, seg\u00fan explican desde el Gabinete, se ha trasladado posteriormente a otros Ayuntamientos. Y es que, como ha explicado <strong>Dolors Sanchis<\/strong>, t\u00e9cnica tambi\u00e9n del Gabinete, la nuestra es la carta que antes les llega a Sus Majestades los Reyes Magos de Oriente.<\/p>\n","protected":false},"excerpt":{"rendered":"<p>\u00bfQui\u00e9n no conoce en la ciudad a Tirisiti, Tereseta, el Sereno o el Ag\u00fcelo? De ni\u00f1os a ancianos. El Bel\u00e9n&#8230;<\/p>\n","protected":false},"author":1,"featured_media":9296,"comment_status":"open","ping_status":"open","sticky":false,"template":"","format":"standard","meta":{"footnotes":""},"categories":[6909,97,78,75],"tags":[1494,3356,16051,1717],"class_list":["post-126265","post","type-post","status-publish","format-standard","has-post-thumbnail","hentry","category-actualidad","category-alcoy","category-fiestaycultura","category-noticias","tag-alcoy","tag-belen-de-tirisiti","tag-gabinete-de-normalizacion-linguistica","tag-nadal-alcoia"],"yoast_head":"<!-- This site is optimized with the Yoast SEO plugin v27.3 - https:\/\/yoast.com\/product\/yoast-seo-wordpress\/ -->\n<title>\u00bfQu\u00e9 sabemos del Bel\u00e9n de Tirisiti? Alcoy saca un libro infantil para conocer su historia - COPE Alcoy<\/title>\n<meta name=\"description\" content=\"\u00bfQui\u00e9n no conoce en la ciudad a Tirisiti, Tereseta, el Sereno o el Ag\u00fcelo? De ni\u00f1os a ancianos. El Bel\u00e9n de Tirisiti vuelve cada a\u00f1o al Teatro Principal de Alcoy y es una cita que pr\u00e1cticamente nadie se quiere perder.\" \/>\n<meta name=\"robots\" content=\"index, follow, max-snippet:-1, max-image-preview:large, max-video-preview:-1\" \/>\n<link rel=\"canonical\" href=\"https:\/\/www.copealcoy.es\/es\/conocen-los-mas-pequenos-la-historia-del-belen-de-tirisiti\/\" \/>\n<meta property=\"og:locale\" content=\"es_ES\" \/>\n<meta property=\"og:type\" content=\"article\" \/>\n<meta property=\"og:title\" content=\"\u00bfQu\u00e9 sabemos del Bel\u00e9n de Tirisiti? Alcoy saca un libro infantil para conocer su historia - COPE Alcoy\" \/>\n<meta property=\"og:description\" content=\"\u00bfQui\u00e9n no conoce en la ciudad a Tirisiti, Tereseta, el Sereno o el Ag\u00fcelo? De ni\u00f1os a ancianos. El Bel\u00e9n de Tirisiti vuelve cada a\u00f1o al Teatro Principal de Alcoy y es una cita que pr\u00e1cticamente nadie se quiere perder.\" \/>\n<meta property=\"og:url\" content=\"https:\/\/www.copealcoy.es\/es\/conocen-los-mas-pequenos-la-historia-del-belen-de-tirisiti\/\" \/>\n<meta property=\"og:site_name\" content=\"COPE Alcoy\" \/>\n<meta property=\"article:published_time\" content=\"2023-12-11T06:37:05+00:00\" \/>\n<meta property=\"article:modified_time\" content=\"2023-12-11T10:11:53+00:00\" \/>\n<meta property=\"og:image\" content=\"https:\/\/www.copealcoy.es\/wp-content\/uploads\/2014\/12\/image134.jpg\" \/>\n\t<meta property=\"og:image:width\" content=\"825\" \/>\n\t<meta property=\"og:image:height\" content=\"567\" \/>\n\t<meta property=\"og:image:type\" content=\"image\/jpeg\" \/>\n<meta name=\"author\" content=\"Cope Alcoy\" \/>\n<meta name=\"twitter:label1\" content=\"Escrito por\" \/>\n\t<meta name=\"twitter:data1\" content=\"Cope Alcoy\" \/>\n\t<meta name=\"twitter:label2\" content=\"Tiempo de lectura\" \/>\n\t<meta name=\"twitter:data2\" content=\"2 minutos\" \/>\n<script type=\"application\/ld+json\" class=\"yoast-schema-graph\">{\"@context\":\"https:\\\/\\\/schema.org\",\"@graph\":[{\"@type\":\"Article\",\"@id\":\"https:\\\/\\\/www.copealcoy.es\\\/es\\\/conocen-los-mas-pequenos-la-historia-del-belen-de-tirisiti\\\/#article\",\"isPartOf\":{\"@id\":\"https:\\\/\\\/www.copealcoy.es\\\/es\\\/conocen-los-mas-pequenos-la-historia-del-belen-de-tirisiti\\\/\"},\"author\":{\"name\":\"Cope Alcoy\",\"@id\":\"https:\\\/\\\/www.copealcoy.es\\\/es\\\/#\\\/schema\\\/person\\\/e777c87fa024e57d40170af9df39882c\"},\"headline\":\"\u00bfQu\u00e9 sabemos del Bel\u00e9n de Tirisiti? Alcoy saca un libro infantil para conocer su historia\",\"datePublished\":\"2023-12-11T06:37:05+00:00\",\"dateModified\":\"2023-12-11T10:11:53+00:00\",\"mainEntityOfPage\":{\"@id\":\"https:\\\/\\\/www.copealcoy.es\\\/es\\\/conocen-los-mas-pequenos-la-historia-del-belen-de-tirisiti\\\/\"},\"wordCount\":395,\"commentCount\":0,\"image\":{\"@id\":\"https:\\\/\\\/www.copealcoy.es\\\/es\\\/conocen-los-mas-pequenos-la-historia-del-belen-de-tirisiti\\\/#primaryimage\"},\"thumbnailUrl\":\"https:\\\/\\\/www.copealcoy.es\\\/wp-content\\\/uploads\\\/2014\\\/12\\\/image134.jpg\",\"keywords\":[\"Alcoy\",\"Bel\u00e9n de Tirisiti\",\"Gabinete de Normalizaci\u00f3n Ling\u00fc\u00edstica\",\"Nadal Alcoi\u00e0\"],\"articleSection\":[\"Actualidad\",\"Alcoy\",\"Fiesta y Cultura\",\"Noticias\"],\"inLanguage\":\"es\"},{\"@type\":\"WebPage\",\"@id\":\"https:\\\/\\\/www.copealcoy.es\\\/es\\\/conocen-los-mas-pequenos-la-historia-del-belen-de-tirisiti\\\/\",\"url\":\"https:\\\/\\\/www.copealcoy.es\\\/es\\\/conocen-los-mas-pequenos-la-historia-del-belen-de-tirisiti\\\/\",\"name\":\"\u00bfQu\u00e9 sabemos del Bel\u00e9n de Tirisiti? Alcoy saca un libro infantil para conocer su historia - COPE Alcoy\",\"isPartOf\":{\"@id\":\"https:\\\/\\\/www.copealcoy.es\\\/es\\\/#website\"},\"primaryImageOfPage\":{\"@id\":\"https:\\\/\\\/www.copealcoy.es\\\/es\\\/conocen-los-mas-pequenos-la-historia-del-belen-de-tirisiti\\\/#primaryimage\"},\"image\":{\"@id\":\"https:\\\/\\\/www.copealcoy.es\\\/es\\\/conocen-los-mas-pequenos-la-historia-del-belen-de-tirisiti\\\/#primaryimage\"},\"thumbnailUrl\":\"https:\\\/\\\/www.copealcoy.es\\\/wp-content\\\/uploads\\\/2014\\\/12\\\/image134.jpg\",\"datePublished\":\"2023-12-11T06:37:05+00:00\",\"dateModified\":\"2023-12-11T10:11:53+00:00\",\"author\":{\"@id\":\"https:\\\/\\\/www.copealcoy.es\\\/es\\\/#\\\/schema\\\/person\\\/e777c87fa024e57d40170af9df39882c\"},\"description\":\"\u00bfQui\u00e9n no conoce en la ciudad a Tirisiti, Tereseta, el Sereno o el Ag\u00fcelo? De ni\u00f1os a ancianos. El Bel\u00e9n de Tirisiti vuelve cada a\u00f1o al Teatro Principal de Alcoy y es una cita que pr\u00e1cticamente nadie se quiere perder.\",\"breadcrumb\":{\"@id\":\"https:\\\/\\\/www.copealcoy.es\\\/es\\\/conocen-los-mas-pequenos-la-historia-del-belen-de-tirisiti\\\/#breadcrumb\"},\"inLanguage\":\"es\",\"potentialAction\":[{\"@type\":\"ReadAction\",\"target\":[\"https:\\\/\\\/www.copealcoy.es\\\/es\\\/conocen-los-mas-pequenos-la-historia-del-belen-de-tirisiti\\\/\"]}]},{\"@type\":\"ImageObject\",\"inLanguage\":\"es\",\"@id\":\"https:\\\/\\\/www.copealcoy.es\\\/es\\\/conocen-los-mas-pequenos-la-historia-del-belen-de-tirisiti\\\/#primaryimage\",\"url\":\"https:\\\/\\\/www.copealcoy.es\\\/wp-content\\\/uploads\\\/2014\\\/12\\\/image134.jpg\",\"contentUrl\":\"https:\\\/\\\/www.copealcoy.es\\\/wp-content\\\/uploads\\\/2014\\\/12\\\/image134.jpg\",\"width\":825,\"height\":567},{\"@type\":\"BreadcrumbList\",\"@id\":\"https:\\\/\\\/www.copealcoy.es\\\/es\\\/conocen-los-mas-pequenos-la-historia-del-belen-de-tirisiti\\\/#breadcrumb\",\"itemListElement\":[{\"@type\":\"ListItem\",\"position\":1,\"name\":\"Portada\",\"item\":\"https:\\\/\\\/www.copealcoy.es\\\/es\\\/\"},{\"@type\":\"ListItem\",\"position\":2,\"name\":\"\u00bfQu\u00e9 sabemos del Bel\u00e9n de Tirisiti? Alcoy saca un libro infantil para conocer su historia\"}]},{\"@type\":\"WebSite\",\"@id\":\"https:\\\/\\\/www.copealcoy.es\\\/es\\\/#website\",\"url\":\"https:\\\/\\\/www.copealcoy.es\\\/es\\\/\",\"name\":\"COPE Alcoy\",\"description\":\"Emisora COPE de radio local con emisi\u00f3n online. Pont de Sant Jordi 8-10 03803 Alcoy\",\"potentialAction\":[{\"@type\":\"SearchAction\",\"target\":{\"@type\":\"EntryPoint\",\"urlTemplate\":\"https:\\\/\\\/www.copealcoy.es\\\/es\\\/?s={search_term_string}\"},\"query-input\":{\"@type\":\"PropertyValueSpecification\",\"valueRequired\":true,\"valueName\":\"search_term_string\"}}],\"inLanguage\":\"es\"},{\"@type\":\"Person\",\"@id\":\"https:\\\/\\\/www.copealcoy.es\\\/es\\\/#\\\/schema\\\/person\\\/e777c87fa024e57d40170af9df39882c\",\"name\":\"Cope Alcoy\",\"image\":{\"@type\":\"ImageObject\",\"inLanguage\":\"es\",\"@id\":\"https:\\\/\\\/secure.gravatar.com\\\/avatar\\\/bb65d0283347e303893ba14f0692005417c1e0e690a325a4c5d8bb2b3943ee14?s=96&d=mm&r=g\",\"url\":\"https:\\\/\\\/secure.gravatar.com\\\/avatar\\\/bb65d0283347e303893ba14f0692005417c1e0e690a325a4c5d8bb2b3943ee14?s=96&d=mm&r=g\",\"contentUrl\":\"https:\\\/\\\/secure.gravatar.com\\\/avatar\\\/bb65d0283347e303893ba14f0692005417c1e0e690a325a4c5d8bb2b3943ee14?s=96&d=mm&r=g\",\"caption\":\"Cope Alcoy\"}}]}<\/script>\n<!-- \/ Yoast SEO plugin. -->","yoast_head_json":{"title":"\u00bfQu\u00e9 sabemos del Bel\u00e9n de Tirisiti? Alcoy saca un libro infantil para conocer su historia - COPE Alcoy","description":"\u00bfQui\u00e9n no conoce en la ciudad a Tirisiti, Tereseta, el Sereno o el Ag\u00fcelo? De ni\u00f1os a ancianos. El Bel\u00e9n de Tirisiti vuelve cada a\u00f1o al Teatro Principal de Alcoy y es una cita que pr\u00e1cticamente nadie se quiere perder.","robots":{"index":"index","follow":"follow","max-snippet":"max-snippet:-1","max-image-preview":"max-image-preview:large","max-video-preview":"max-video-preview:-1"},"canonical":"https:\/\/www.copealcoy.es\/es\/conocen-los-mas-pequenos-la-historia-del-belen-de-tirisiti\/","og_locale":"es_ES","og_type":"article","og_title":"\u00bfQu\u00e9 sabemos del Bel\u00e9n de Tirisiti? Alcoy saca un libro infantil para conocer su historia - COPE Alcoy","og_description":"\u00bfQui\u00e9n no conoce en la ciudad a Tirisiti, Tereseta, el Sereno o el Ag\u00fcelo? De ni\u00f1os a ancianos. El Bel\u00e9n de Tirisiti vuelve cada a\u00f1o al Teatro Principal de Alcoy y es una cita que pr\u00e1cticamente nadie se quiere perder.","og_url":"https:\/\/www.copealcoy.es\/es\/conocen-los-mas-pequenos-la-historia-del-belen-de-tirisiti\/","og_site_name":"COPE Alcoy","article_published_time":"2023-12-11T06:37:05+00:00","article_modified_time":"2023-12-11T10:11:53+00:00","og_image":[{"width":825,"height":567,"url":"https:\/\/www.copealcoy.es\/wp-content\/uploads\/2014\/12\/image134.jpg","type":"image\/jpeg"}],"author":"Cope Alcoy","twitter_misc":{"Escrito por":"Cope Alcoy","Tiempo de lectura":"2 minutos"},"schema":{"@context":"https:\/\/schema.org","@graph":[{"@type":"Article","@id":"https:\/\/www.copealcoy.es\/es\/conocen-los-mas-pequenos-la-historia-del-belen-de-tirisiti\/#article","isPartOf":{"@id":"https:\/\/www.copealcoy.es\/es\/conocen-los-mas-pequenos-la-historia-del-belen-de-tirisiti\/"},"author":{"name":"Cope Alcoy","@id":"https:\/\/www.copealcoy.es\/es\/#\/schema\/person\/e777c87fa024e57d40170af9df39882c"},"headline":"\u00bfQu\u00e9 sabemos del Bel\u00e9n de Tirisiti? Alcoy saca un libro infantil para conocer su historia","datePublished":"2023-12-11T06:37:05+00:00","dateModified":"2023-12-11T10:11:53+00:00","mainEntityOfPage":{"@id":"https:\/\/www.copealcoy.es\/es\/conocen-los-mas-pequenos-la-historia-del-belen-de-tirisiti\/"},"wordCount":395,"commentCount":0,"image":{"@id":"https:\/\/www.copealcoy.es\/es\/conocen-los-mas-pequenos-la-historia-del-belen-de-tirisiti\/#primaryimage"},"thumbnailUrl":"https:\/\/www.copealcoy.es\/wp-content\/uploads\/2014\/12\/image134.jpg","keywords":["Alcoy","Bel\u00e9n de Tirisiti","Gabinete de Normalizaci\u00f3n Ling\u00fc\u00edstica","Nadal Alcoi\u00e0"],"articleSection":["Actualidad","Alcoy","Fiesta y Cultura","Noticias"],"inLanguage":"es"},{"@type":"WebPage","@id":"https:\/\/www.copealcoy.es\/es\/conocen-los-mas-pequenos-la-historia-del-belen-de-tirisiti\/","url":"https:\/\/www.copealcoy.es\/es\/conocen-los-mas-pequenos-la-historia-del-belen-de-tirisiti\/","name":"\u00bfQu\u00e9 sabemos del Bel\u00e9n de Tirisiti? Alcoy saca un libro infantil para conocer su historia - COPE Alcoy","isPartOf":{"@id":"https:\/\/www.copealcoy.es\/es\/#website"},"primaryImageOfPage":{"@id":"https:\/\/www.copealcoy.es\/es\/conocen-los-mas-pequenos-la-historia-del-belen-de-tirisiti\/#primaryimage"},"image":{"@id":"https:\/\/www.copealcoy.es\/es\/conocen-los-mas-pequenos-la-historia-del-belen-de-tirisiti\/#primaryimage"},"thumbnailUrl":"https:\/\/www.copealcoy.es\/wp-content\/uploads\/2014\/12\/image134.jpg","datePublished":"2023-12-11T06:37:05+00:00","dateModified":"2023-12-11T10:11:53+00:00","author":{"@id":"https:\/\/www.copealcoy.es\/es\/#\/schema\/person\/e777c87fa024e57d40170af9df39882c"},"description":"\u00bfQui\u00e9n no conoce en la ciudad a Tirisiti, Tereseta, el Sereno o el Ag\u00fcelo? De ni\u00f1os a ancianos. El Bel\u00e9n de Tirisiti vuelve cada a\u00f1o al Teatro Principal de Alcoy y es una cita que pr\u00e1cticamente nadie se quiere perder.","breadcrumb":{"@id":"https:\/\/www.copealcoy.es\/es\/conocen-los-mas-pequenos-la-historia-del-belen-de-tirisiti\/#breadcrumb"},"inLanguage":"es","potentialAction":[{"@type":"ReadAction","target":["https:\/\/www.copealcoy.es\/es\/conocen-los-mas-pequenos-la-historia-del-belen-de-tirisiti\/"]}]},{"@type":"ImageObject","inLanguage":"es","@id":"https:\/\/www.copealcoy.es\/es\/conocen-los-mas-pequenos-la-historia-del-belen-de-tirisiti\/#primaryimage","url":"https:\/\/www.copealcoy.es\/wp-content\/uploads\/2014\/12\/image134.jpg","contentUrl":"https:\/\/www.copealcoy.es\/wp-content\/uploads\/2014\/12\/image134.jpg","width":825,"height":567},{"@type":"BreadcrumbList","@id":"https:\/\/www.copealcoy.es\/es\/conocen-los-mas-pequenos-la-historia-del-belen-de-tirisiti\/#breadcrumb","itemListElement":[{"@type":"ListItem","position":1,"name":"Portada","item":"https:\/\/www.copealcoy.es\/es\/"},{"@type":"ListItem","position":2,"name":"\u00bfQu\u00e9 sabemos del Bel\u00e9n de Tirisiti? Alcoy saca un libro infantil para conocer su historia"}]},{"@type":"WebSite","@id":"https:\/\/www.copealcoy.es\/es\/#website","url":"https:\/\/www.copealcoy.es\/es\/","name":"COPE Alcoy","description":"Emisora COPE de radio local con emisi\u00f3n online. Pont de Sant Jordi 8-10 03803 Alcoy","potentialAction":[{"@type":"SearchAction","target":{"@type":"EntryPoint","urlTemplate":"https:\/\/www.copealcoy.es\/es\/?s={search_term_string}"},"query-input":{"@type":"PropertyValueSpecification","valueRequired":true,"valueName":"search_term_string"}}],"inLanguage":"es"},{"@type":"Person","@id":"https:\/\/www.copealcoy.es\/es\/#\/schema\/person\/e777c87fa024e57d40170af9df39882c","name":"Cope Alcoy","image":{"@type":"ImageObject","inLanguage":"es","@id":"https:\/\/secure.gravatar.com\/avatar\/bb65d0283347e303893ba14f0692005417c1e0e690a325a4c5d8bb2b3943ee14?s=96&d=mm&r=g","url":"https:\/\/secure.gravatar.com\/avatar\/bb65d0283347e303893ba14f0692005417c1e0e690a325a4c5d8bb2b3943ee14?s=96&d=mm&r=g","contentUrl":"https:\/\/secure.gravatar.com\/avatar\/bb65d0283347e303893ba14f0692005417c1e0e690a325a4c5d8bb2b3943ee14?s=96&d=mm&r=g","caption":"Cope Alcoy"}}]}},"_links":{"self":[{"href":"https:\/\/www.copealcoy.es\/es\/wp-json\/wp\/v2\/posts\/126265","targetHints":{"allow":["GET"]}}],"collection":[{"href":"https:\/\/www.copealcoy.es\/es\/wp-json\/wp\/v2\/posts"}],"about":[{"href":"https:\/\/www.copealcoy.es\/es\/wp-json\/wp\/v2\/types\/post"}],"author":[{"embeddable":true,"href":"https:\/\/www.copealcoy.es\/es\/wp-json\/wp\/v2\/users\/1"}],"replies":[{"embeddable":true,"href":"https:\/\/www.copealcoy.es\/es\/wp-json\/wp\/v2\/comments?post=126265"}],"version-history":[{"count":0,"href":"https:\/\/www.copealcoy.es\/es\/wp-json\/wp\/v2\/posts\/126265\/revisions"}],"wp:featuredmedia":[{"embeddable":true,"href":"https:\/\/www.copealcoy.es\/es\/wp-json\/wp\/v2\/media\/9296"}],"wp:attachment":[{"href":"https:\/\/www.copealcoy.es\/es\/wp-json\/wp\/v2\/media?parent=126265"}],"wp:term":[{"taxonomy":"category","embeddable":true,"href":"https:\/\/www.copealcoy.es\/es\/wp-json\/wp\/v2\/categories?post=126265"},{"taxonomy":"post_tag","embeddable":true,"href":"https:\/\/www.copealcoy.es\/es\/wp-json\/wp\/v2\/tags?post=126265"}],"curies":[{"name":"wp","href":"https:\/\/api.w.org\/{rel}","templated":true}]}}