{"id":126259,"date":"2023-12-07T07:30:49","date_gmt":"2023-12-07T06:30:49","guid":{"rendered":"https:\/\/www.copealcoy.es\/?p=126259"},"modified":"2023-12-11T21:25:49","modified_gmt":"2023-12-11T20:25:49","slug":"informativo-matinal-jueves-7-de-diciembre-2023-0720h","status":"publish","type":"post","link":"https:\/\/www.copealcoy.es\/es\/informativo-matinal-jueves-7-de-diciembre-2023-0720h\/","title":{"rendered":"Informativo matinal jueves 7 de diciembre 2023 (07:20h)"},"content":{"rendered":"<p><iframe loading=\"lazy\" title=\"Informatiu Matinal Dijous 7 De Desembre 2023 (07:20h)\" width=\"100%\" height=\"120\" src=\"https:\/\/www.mixcloud.com\/widget\/iframe\/?feed=https%3A%2F%2Fwww.mixcloud.com%2FCOPEAlcoy%2Finformatiu-matinal-dijous-7-de-desembre-2023-0720h%2F&amp;hide_cover=1\" frameborder=\"0\"><\/iframe><\/p>\n<p style=\"text-align: justify;\">La <strong>exitosa inauguraci\u00f3n del Mercat del Nadal de Alcoy<\/strong> y la <strong>petici\u00f3n para que el Teatro Principal de Alcoy sea Bien de Relevancia Local<\/strong> son algunas de las noticias destacadas de este 7 de diciembre de 2023. Tambi\u00e9n hemos hablado de los <strong>Belenes que la Asociaci\u00f3n Belenista de Santa Rosa de Alcoy ha impulsado<\/strong>.<\/p>\n<p style=\"text-align: justify;\">La<a href=\"https:\/\/www.facebook.com\/BelenSantaRosaAlcoy\" target=\"_blank\" rel=\"noopener\"><strong>\u00a0<span style=\"color: #0000ff;\">Asociaci\u00f3n Belenista de Santa Rosa de Alcoy<\/span><\/strong><span style=\"color: #0000ff;\">\u00a0<\/span><\/a>vuelve a poner en marcha\u00a0<strong>una serie de actividades<\/strong>\u00a0en esta Navidad para\u00a0<strong>poner en valor la importante tradici\u00f3n que existe en la ciudad<\/strong>\u00a0en todo lo relacionado con el montaje de Belenes. De hecho\u00a0<strong>ya se pueden ver tres de los grandes conjuntos<\/strong>\u00a0que la entidad ha preparado y que\u00a0<strong>podremos visitar durante las pr\u00f3ximas semanas<\/strong>\u00a0en el marco de las iniciativas preparadas dentro de la campa\u00f1a \u2018Alcoi, ciutat del Nadal\u2019.<\/p>\n<p style=\"text-align: justify;\">El\u00a0<strong>primero de los conjuntos<\/strong>\u00a0fue bendecido el pasado viernes en\u00a0<strong>la iglesia de Santa Mar\u00eda<\/strong>\u00a0por parte de Don Jes\u00fas Fuentes, el nuevo titular de las parroquias del Centro. Se trata de dos grandes Belenes en los que encontramos escenas habituales como la Anunciaci\u00f3n, la Hu\u00edda a Egipto, el Nacimiento de Jes\u00fas o la Venida de los Reyes Magos \u00ab<em>y en este \u00faltimo aspecto encontramos algo que nos hace mucha ilusi\u00f3n y que, por lo que nos dicen, est\u00e1 gustando mucho. Hemos representado la Adoraci\u00f3n de los Magos llevada al terreno de Alcoy con una recreaci\u00f3n fidedigna de la Plaza de Espa\u00f1a en el instante en el que se produce este momento durante la Cabalgata del cinco de enero<\/em>\u00ab, detallaban en COPE ALCOY\u00a0<strong>Jos\u00e9 Miguel Bou y Paco Guillem<\/strong>; representantes de la misma Asociaci\u00f3n Belenista de Santa Rosa.<\/p>\n<p style=\"text-align: justify;\">A ello se le suman\u00a0<strong>el Bel\u00e9n que han montado en las oficinas de Mutua de Levante de la Zona Norte<\/strong>\u00a0y que fue inaugurado antes del puente festivo de La Constituci\u00f3n. Adem\u00e1s, hoy abre sus puertas\u00a0<strong>el Bel\u00e9n del C\u00edrculo Industrial<\/strong>\u00a0y el mediod\u00eda del D\u00eda de La Inmaculada Concepci\u00f3n estar\u00e1 reservado para bendecir\u00a0<strong>el Bel\u00e9n de Santa Rosa<\/strong>\u00a0que se ubica en las vitrinas de la oficina que Caixa Ontinyent tiene en esta barriada. Por \u00faltimo los Belenistas han convocado\u00a0<strong>el Concurso de Belenes<\/strong>\u00a0y\u00a0<strong>han hecho un gui\u00f1o este a\u00f1o a San Francisco de As\u00eds<\/strong>\u00a0al cumplirse el 800 aniversario desde que el fundador de la orden franciscana represent\u00f3 en Greccio\u00a0 el primer Bel\u00e9n de la historia. De hecho\u00a0<strong>una figura del santo<\/strong>, que estaba en el patio de los Franciscanos de Alcoy, ha sido colocada en Santa Mar\u00eda para dar testimonio de esta importante efem\u00e9ride.<\/p>\n","protected":false},"excerpt":{"rendered":"<p>La exitosa inauguraci\u00f3n del Mercat del Nadal de Alcoy y la petici\u00f3n para que el Teatro Principal de Alcoy sea&#8230;<\/p>\n","protected":false},"author":1,"featured_media":110612,"comment_status":"open","ping_status":"open","sticky":false,"template":"","format":"standard","meta":{"footnotes":""},"categories":[6909,89,91],"tags":[],"class_list":["post-126259","post","type-post","status-publish","format-standard","has-post-thumbnail","hentry","category-actualidad","category-audiosdelosprogramas","category-informativos"],"yoast_head":"<!-- This site is optimized with the Yoast SEO plugin v27.3 - https:\/\/yoast.com\/product\/yoast-seo-wordpress\/ -->\n<title>Informativo matinal jueves 7 de diciembre 2023 (07:20h) - COPE Alcoy<\/title>\n<meta name=\"description\" content=\"La exitosa inauguraci\u00f3n del Mercat del Nadal de Alcoy y la petici\u00f3n para que el Teatro Principal de Alcoy sea Bien de relevancia Local son algunas de las noticias destacadas de este 7 de diciembre de 2023. Tambi\u00e9n hemos hablado de los Belenes que la Asociaci\u00f3n Belenista de Santa Rosa de Alcoy ha impulsado.\" \/>\n<meta name=\"robots\" content=\"index, follow, max-snippet:-1, max-image-preview:large, max-video-preview:-1\" \/>\n<link rel=\"canonical\" href=\"https:\/\/www.copealcoy.es\/es\/informativo-matinal-jueves-7-de-diciembre-2023-0720h\/\" \/>\n<meta property=\"og:locale\" content=\"es_ES\" \/>\n<meta property=\"og:type\" content=\"article\" \/>\n<meta property=\"og:title\" content=\"Informativo matinal jueves 7 de diciembre 2023 (07:20h) - COPE Alcoy\" \/>\n<meta property=\"og:description\" content=\"La exitosa inauguraci\u00f3n del Mercat del Nadal de Alcoy y la petici\u00f3n para que el Teatro Principal de Alcoy sea Bien de relevancia Local son algunas de las noticias destacadas de este 7 de diciembre de 2023. Tambi\u00e9n hemos hablado de los Belenes que la Asociaci\u00f3n Belenista de Santa Rosa de Alcoy ha impulsado.\" \/>\n<meta property=\"og:url\" content=\"https:\/\/www.copealcoy.es\/es\/informativo-matinal-jueves-7-de-diciembre-2023-0720h\/\" \/>\n<meta property=\"og:site_name\" content=\"COPE Alcoy\" \/>\n<meta property=\"article:published_time\" content=\"2023-12-07T06:30:49+00:00\" \/>\n<meta property=\"article:modified_time\" content=\"2023-12-11T20:25:49+00:00\" \/>\n<meta property=\"og:image\" content=\"https:\/\/www.copealcoy.es\/wp-content\/uploads\/2023\/02\/Herrera-en-COPE-Alcoy-4.png\" \/>\n\t<meta property=\"og:image:width\" content=\"357\" \/>\n\t<meta property=\"og:image:height\" content=\"290\" \/>\n\t<meta property=\"og:image:type\" content=\"image\/png\" \/>\n<meta name=\"author\" content=\"Cope Alcoy\" \/>\n<meta name=\"twitter:label1\" content=\"Escrito por\" \/>\n\t<meta name=\"twitter:data1\" content=\"Cope Alcoy\" \/>\n\t<meta name=\"twitter:label2\" content=\"Tiempo de lectura\" \/>\n\t<meta name=\"twitter:data2\" content=\"2 minutos\" \/>\n<script type=\"application\/ld+json\" class=\"yoast-schema-graph\">{\"@context\":\"https:\\\/\\\/schema.org\",\"@graph\":[{\"@type\":\"Article\",\"@id\":\"https:\\\/\\\/www.copealcoy.es\\\/es\\\/informativo-matinal-jueves-7-de-diciembre-2023-0720h\\\/#article\",\"isPartOf\":{\"@id\":\"https:\\\/\\\/www.copealcoy.es\\\/es\\\/informativo-matinal-jueves-7-de-diciembre-2023-0720h\\\/\"},\"author\":{\"name\":\"Cope Alcoy\",\"@id\":\"https:\\\/\\\/www.copealcoy.es\\\/es\\\/#\\\/schema\\\/person\\\/e777c87fa024e57d40170af9df39882c\"},\"headline\":\"Informativo matinal jueves 7 de diciembre 2023 (07:20h)\",\"datePublished\":\"2023-12-07T06:30:49+00:00\",\"dateModified\":\"2023-12-11T20:25:49+00:00\",\"mainEntityOfPage\":{\"@id\":\"https:\\\/\\\/www.copealcoy.es\\\/es\\\/informativo-matinal-jueves-7-de-diciembre-2023-0720h\\\/\"},\"wordCount\":467,\"commentCount\":0,\"image\":{\"@id\":\"https:\\\/\\\/www.copealcoy.es\\\/es\\\/informativo-matinal-jueves-7-de-diciembre-2023-0720h\\\/#primaryimage\"},\"thumbnailUrl\":\"https:\\\/\\\/www.copealcoy.es\\\/wp-content\\\/uploads\\\/2023\\\/02\\\/Herrera-en-COPE-Alcoy-4.png\",\"articleSection\":[\"Actualidad\",\"Audios de los programas\",\"Informativos\"],\"inLanguage\":\"es\"},{\"@type\":\"WebPage\",\"@id\":\"https:\\\/\\\/www.copealcoy.es\\\/es\\\/informativo-matinal-jueves-7-de-diciembre-2023-0720h\\\/\",\"url\":\"https:\\\/\\\/www.copealcoy.es\\\/es\\\/informativo-matinal-jueves-7-de-diciembre-2023-0720h\\\/\",\"name\":\"Informativo matinal jueves 7 de diciembre 2023 (07:20h) - COPE Alcoy\",\"isPartOf\":{\"@id\":\"https:\\\/\\\/www.copealcoy.es\\\/es\\\/#website\"},\"primaryImageOfPage\":{\"@id\":\"https:\\\/\\\/www.copealcoy.es\\\/es\\\/informativo-matinal-jueves-7-de-diciembre-2023-0720h\\\/#primaryimage\"},\"image\":{\"@id\":\"https:\\\/\\\/www.copealcoy.es\\\/es\\\/informativo-matinal-jueves-7-de-diciembre-2023-0720h\\\/#primaryimage\"},\"thumbnailUrl\":\"https:\\\/\\\/www.copealcoy.es\\\/wp-content\\\/uploads\\\/2023\\\/02\\\/Herrera-en-COPE-Alcoy-4.png\",\"datePublished\":\"2023-12-07T06:30:49+00:00\",\"dateModified\":\"2023-12-11T20:25:49+00:00\",\"author\":{\"@id\":\"https:\\\/\\\/www.copealcoy.es\\\/es\\\/#\\\/schema\\\/person\\\/e777c87fa024e57d40170af9df39882c\"},\"description\":\"La exitosa inauguraci\u00f3n del Mercat del Nadal de Alcoy y la petici\u00f3n para que el Teatro Principal de Alcoy sea Bien de relevancia Local son algunas de las noticias destacadas de este 7 de diciembre de 2023. Tambi\u00e9n hemos hablado de los Belenes que la Asociaci\u00f3n Belenista de Santa Rosa de Alcoy ha impulsado.\",\"breadcrumb\":{\"@id\":\"https:\\\/\\\/www.copealcoy.es\\\/es\\\/informativo-matinal-jueves-7-de-diciembre-2023-0720h\\\/#breadcrumb\"},\"inLanguage\":\"es\",\"potentialAction\":[{\"@type\":\"ReadAction\",\"target\":[\"https:\\\/\\\/www.copealcoy.es\\\/es\\\/informativo-matinal-jueves-7-de-diciembre-2023-0720h\\\/\"]}]},{\"@type\":\"ImageObject\",\"inLanguage\":\"es\",\"@id\":\"https:\\\/\\\/www.copealcoy.es\\\/es\\\/informativo-matinal-jueves-7-de-diciembre-2023-0720h\\\/#primaryimage\",\"url\":\"https:\\\/\\\/www.copealcoy.es\\\/wp-content\\\/uploads\\\/2023\\\/02\\\/Herrera-en-COPE-Alcoy-4.png\",\"contentUrl\":\"https:\\\/\\\/www.copealcoy.es\\\/wp-content\\\/uploads\\\/2023\\\/02\\\/Herrera-en-COPE-Alcoy-4.png\",\"width\":357,\"height\":290},{\"@type\":\"BreadcrumbList\",\"@id\":\"https:\\\/\\\/www.copealcoy.es\\\/es\\\/informativo-matinal-jueves-7-de-diciembre-2023-0720h\\\/#breadcrumb\",\"itemListElement\":[{\"@type\":\"ListItem\",\"position\":1,\"name\":\"Portada\",\"item\":\"https:\\\/\\\/www.copealcoy.es\\\/es\\\/\"},{\"@type\":\"ListItem\",\"position\":2,\"name\":\"Informativo matinal jueves 7 de diciembre 2023 (07:20h)\"}]},{\"@type\":\"WebSite\",\"@id\":\"https:\\\/\\\/www.copealcoy.es\\\/es\\\/#website\",\"url\":\"https:\\\/\\\/www.copealcoy.es\\\/es\\\/\",\"name\":\"COPE Alcoy\",\"description\":\"Emisora COPE de radio local con emisi\u00f3n online. Pont de Sant Jordi 8-10 03803 Alcoy\",\"potentialAction\":[{\"@type\":\"SearchAction\",\"target\":{\"@type\":\"EntryPoint\",\"urlTemplate\":\"https:\\\/\\\/www.copealcoy.es\\\/es\\\/?s={search_term_string}\"},\"query-input\":{\"@type\":\"PropertyValueSpecification\",\"valueRequired\":true,\"valueName\":\"search_term_string\"}}],\"inLanguage\":\"es\"},{\"@type\":\"Person\",\"@id\":\"https:\\\/\\\/www.copealcoy.es\\\/es\\\/#\\\/schema\\\/person\\\/e777c87fa024e57d40170af9df39882c\",\"name\":\"Cope Alcoy\",\"image\":{\"@type\":\"ImageObject\",\"inLanguage\":\"es\",\"@id\":\"https:\\\/\\\/secure.gravatar.com\\\/avatar\\\/bb65d0283347e303893ba14f0692005417c1e0e690a325a4c5d8bb2b3943ee14?s=96&d=mm&r=g\",\"url\":\"https:\\\/\\\/secure.gravatar.com\\\/avatar\\\/bb65d0283347e303893ba14f0692005417c1e0e690a325a4c5d8bb2b3943ee14?s=96&d=mm&r=g\",\"contentUrl\":\"https:\\\/\\\/secure.gravatar.com\\\/avatar\\\/bb65d0283347e303893ba14f0692005417c1e0e690a325a4c5d8bb2b3943ee14?s=96&d=mm&r=g\",\"caption\":\"Cope Alcoy\"}}]}<\/script>\n<!-- \/ Yoast SEO plugin. -->","yoast_head_json":{"title":"Informativo matinal jueves 7 de diciembre 2023 (07:20h) - COPE Alcoy","description":"La exitosa inauguraci\u00f3n del Mercat del Nadal de Alcoy y la petici\u00f3n para que el Teatro Principal de Alcoy sea Bien de relevancia Local son algunas de las noticias destacadas de este 7 de diciembre de 2023. Tambi\u00e9n hemos hablado de los Belenes que la Asociaci\u00f3n Belenista de Santa Rosa de Alcoy ha impulsado.","robots":{"index":"index","follow":"follow","max-snippet":"max-snippet:-1","max-image-preview":"max-image-preview:large","max-video-preview":"max-video-preview:-1"},"canonical":"https:\/\/www.copealcoy.es\/es\/informativo-matinal-jueves-7-de-diciembre-2023-0720h\/","og_locale":"es_ES","og_type":"article","og_title":"Informativo matinal jueves 7 de diciembre 2023 (07:20h) - COPE Alcoy","og_description":"La exitosa inauguraci\u00f3n del Mercat del Nadal de Alcoy y la petici\u00f3n para que el Teatro Principal de Alcoy sea Bien de relevancia Local son algunas de las noticias destacadas de este 7 de diciembre de 2023. Tambi\u00e9n hemos hablado de los Belenes que la Asociaci\u00f3n Belenista de Santa Rosa de Alcoy ha impulsado.","og_url":"https:\/\/www.copealcoy.es\/es\/informativo-matinal-jueves-7-de-diciembre-2023-0720h\/","og_site_name":"COPE Alcoy","article_published_time":"2023-12-07T06:30:49+00:00","article_modified_time":"2023-12-11T20:25:49+00:00","og_image":[{"width":357,"height":290,"url":"https:\/\/www.copealcoy.es\/wp-content\/uploads\/2023\/02\/Herrera-en-COPE-Alcoy-4.png","type":"image\/png"}],"author":"Cope Alcoy","twitter_misc":{"Escrito por":"Cope Alcoy","Tiempo de lectura":"2 minutos"},"schema":{"@context":"https:\/\/schema.org","@graph":[{"@type":"Article","@id":"https:\/\/www.copealcoy.es\/es\/informativo-matinal-jueves-7-de-diciembre-2023-0720h\/#article","isPartOf":{"@id":"https:\/\/www.copealcoy.es\/es\/informativo-matinal-jueves-7-de-diciembre-2023-0720h\/"},"author":{"name":"Cope Alcoy","@id":"https:\/\/www.copealcoy.es\/es\/#\/schema\/person\/e777c87fa024e57d40170af9df39882c"},"headline":"Informativo matinal jueves 7 de diciembre 2023 (07:20h)","datePublished":"2023-12-07T06:30:49+00:00","dateModified":"2023-12-11T20:25:49+00:00","mainEntityOfPage":{"@id":"https:\/\/www.copealcoy.es\/es\/informativo-matinal-jueves-7-de-diciembre-2023-0720h\/"},"wordCount":467,"commentCount":0,"image":{"@id":"https:\/\/www.copealcoy.es\/es\/informativo-matinal-jueves-7-de-diciembre-2023-0720h\/#primaryimage"},"thumbnailUrl":"https:\/\/www.copealcoy.es\/wp-content\/uploads\/2023\/02\/Herrera-en-COPE-Alcoy-4.png","articleSection":["Actualidad","Audios de los programas","Informativos"],"inLanguage":"es"},{"@type":"WebPage","@id":"https:\/\/www.copealcoy.es\/es\/informativo-matinal-jueves-7-de-diciembre-2023-0720h\/","url":"https:\/\/www.copealcoy.es\/es\/informativo-matinal-jueves-7-de-diciembre-2023-0720h\/","name":"Informativo matinal jueves 7 de diciembre 2023 (07:20h) - COPE Alcoy","isPartOf":{"@id":"https:\/\/www.copealcoy.es\/es\/#website"},"primaryImageOfPage":{"@id":"https:\/\/www.copealcoy.es\/es\/informativo-matinal-jueves-7-de-diciembre-2023-0720h\/#primaryimage"},"image":{"@id":"https:\/\/www.copealcoy.es\/es\/informativo-matinal-jueves-7-de-diciembre-2023-0720h\/#primaryimage"},"thumbnailUrl":"https:\/\/www.copealcoy.es\/wp-content\/uploads\/2023\/02\/Herrera-en-COPE-Alcoy-4.png","datePublished":"2023-12-07T06:30:49+00:00","dateModified":"2023-12-11T20:25:49+00:00","author":{"@id":"https:\/\/www.copealcoy.es\/es\/#\/schema\/person\/e777c87fa024e57d40170af9df39882c"},"description":"La exitosa inauguraci\u00f3n del Mercat del Nadal de Alcoy y la petici\u00f3n para que el Teatro Principal de Alcoy sea Bien de relevancia Local son algunas de las noticias destacadas de este 7 de diciembre de 2023. Tambi\u00e9n hemos hablado de los Belenes que la Asociaci\u00f3n Belenista de Santa Rosa de Alcoy ha impulsado.","breadcrumb":{"@id":"https:\/\/www.copealcoy.es\/es\/informativo-matinal-jueves-7-de-diciembre-2023-0720h\/#breadcrumb"},"inLanguage":"es","potentialAction":[{"@type":"ReadAction","target":["https:\/\/www.copealcoy.es\/es\/informativo-matinal-jueves-7-de-diciembre-2023-0720h\/"]}]},{"@type":"ImageObject","inLanguage":"es","@id":"https:\/\/www.copealcoy.es\/es\/informativo-matinal-jueves-7-de-diciembre-2023-0720h\/#primaryimage","url":"https:\/\/www.copealcoy.es\/wp-content\/uploads\/2023\/02\/Herrera-en-COPE-Alcoy-4.png","contentUrl":"https:\/\/www.copealcoy.es\/wp-content\/uploads\/2023\/02\/Herrera-en-COPE-Alcoy-4.png","width":357,"height":290},{"@type":"BreadcrumbList","@id":"https:\/\/www.copealcoy.es\/es\/informativo-matinal-jueves-7-de-diciembre-2023-0720h\/#breadcrumb","itemListElement":[{"@type":"ListItem","position":1,"name":"Portada","item":"https:\/\/www.copealcoy.es\/es\/"},{"@type":"ListItem","position":2,"name":"Informativo matinal jueves 7 de diciembre 2023 (07:20h)"}]},{"@type":"WebSite","@id":"https:\/\/www.copealcoy.es\/es\/#website","url":"https:\/\/www.copealcoy.es\/es\/","name":"COPE Alcoy","description":"Emisora COPE de radio local con emisi\u00f3n online. Pont de Sant Jordi 8-10 03803 Alcoy","potentialAction":[{"@type":"SearchAction","target":{"@type":"EntryPoint","urlTemplate":"https:\/\/www.copealcoy.es\/es\/?s={search_term_string}"},"query-input":{"@type":"PropertyValueSpecification","valueRequired":true,"valueName":"search_term_string"}}],"inLanguage":"es"},{"@type":"Person","@id":"https:\/\/www.copealcoy.es\/es\/#\/schema\/person\/e777c87fa024e57d40170af9df39882c","name":"Cope Alcoy","image":{"@type":"ImageObject","inLanguage":"es","@id":"https:\/\/secure.gravatar.com\/avatar\/bb65d0283347e303893ba14f0692005417c1e0e690a325a4c5d8bb2b3943ee14?s=96&d=mm&r=g","url":"https:\/\/secure.gravatar.com\/avatar\/bb65d0283347e303893ba14f0692005417c1e0e690a325a4c5d8bb2b3943ee14?s=96&d=mm&r=g","contentUrl":"https:\/\/secure.gravatar.com\/avatar\/bb65d0283347e303893ba14f0692005417c1e0e690a325a4c5d8bb2b3943ee14?s=96&d=mm&r=g","caption":"Cope Alcoy"}}]}},"_links":{"self":[{"href":"https:\/\/www.copealcoy.es\/es\/wp-json\/wp\/v2\/posts\/126259","targetHints":{"allow":["GET"]}}],"collection":[{"href":"https:\/\/www.copealcoy.es\/es\/wp-json\/wp\/v2\/posts"}],"about":[{"href":"https:\/\/www.copealcoy.es\/es\/wp-json\/wp\/v2\/types\/post"}],"author":[{"embeddable":true,"href":"https:\/\/www.copealcoy.es\/es\/wp-json\/wp\/v2\/users\/1"}],"replies":[{"embeddable":true,"href":"https:\/\/www.copealcoy.es\/es\/wp-json\/wp\/v2\/comments?post=126259"}],"version-history":[{"count":0,"href":"https:\/\/www.copealcoy.es\/es\/wp-json\/wp\/v2\/posts\/126259\/revisions"}],"wp:featuredmedia":[{"embeddable":true,"href":"https:\/\/www.copealcoy.es\/es\/wp-json\/wp\/v2\/media\/110612"}],"wp:attachment":[{"href":"https:\/\/www.copealcoy.es\/es\/wp-json\/wp\/v2\/media?parent=126259"}],"wp:term":[{"taxonomy":"category","embeddable":true,"href":"https:\/\/www.copealcoy.es\/es\/wp-json\/wp\/v2\/categories?post=126259"},{"taxonomy":"post_tag","embeddable":true,"href":"https:\/\/www.copealcoy.es\/es\/wp-json\/wp\/v2\/tags?post=126259"}],"curies":[{"name":"wp","href":"https:\/\/api.w.org\/{rel}","templated":true}]}}