{"id":12624,"date":"2015-04-29T14:59:55","date_gmt":"2015-04-29T14:59:55","guid":{"rendered":"http:\/\/copealcoi.es\/new\/?p=12624"},"modified":"2015-04-29T14:59:55","modified_gmt":"2015-04-29T14:59:55","slug":"tres-nuevos-concejales-llegan-a-la-corporacion","status":"publish","type":"post","link":"https:\/\/www.copealcoy.es\/es\/tres-nuevos-concejales-llegan-a-la-corporacion\/","title":{"rendered":"Tres nuevos concejales llegan a la Corporaci\u00f3n"},"content":{"rendered":"<p style=\"text-align: justify;\">El Ayuntamiento de Alcoy ha acogido esta ma\u00f1ana la toma de posesi\u00f3n de tres nuevos concejales a tan solo una semana de que concluyan la legislatura 2011-2015. Los ediles que llegan a la corporaci\u00f3n son\u00a0Santiago Botella Sancho, Mario Pons Botella y Vicente Serra Colomina, que vienen a sustituir a los No Adscritos Jorge Sedano, Mario Santacreu y Luc\u00eda Granados. Recordar que estos dimitieron para formar parte de la candidatura de Ciudadanos.<\/p>\n<p style=\"text-align: justify;\">Hay que se\u00f1alar que tras la toma de posesi\u00f3n, Mario Pons, ha presentado un escrito en el que pide no integrarse en ning\u00fan grupo pol\u00edtico con lo que deja el PP para ser edil No Adscrito. Por su parte los populares terminar\u00e1n la legislatura con 11 concejales.<\/p>\n<p style=\"text-align: justify;\">Apuntar por \u00faltimo que tambi\u00e9n esta ma\u00f1ana se ha llevado a cabo el pleno para sortear las personas que formar\u00e1n parte de las listas electorales.<\/p>\n","protected":false},"excerpt":{"rendered":"<p>El Ayuntamiento de Alcoy ha acogido esta ma\u00f1ana la toma de posesi\u00f3n de tres nuevos concejales a tan solo una&#8230;<\/p>\n","protected":false},"author":1,"featured_media":12625,"comment_status":"open","ping_status":"open","sticky":false,"template":"","format":"standard","meta":{"footnotes":""},"categories":[75,79],"tags":[1494,229,448,422],"class_list":["post-12624","post","type-post","status-publish","format-standard","has-post-thumbnail","hentry","category-noticias","category-politicayeconomia","tag-alcoy","tag-ayuntamiento","tag-partido-popular","tag-politica"],"yoast_head":"<!-- This site is optimized with the Yoast SEO plugin v27.3 - https:\/\/yoast.com\/product\/yoast-seo-wordpress\/ -->\n<title>Tres nuevos concejales llegan a la Corporaci\u00f3n - COPE Alcoy<\/title>\n<meta name=\"robots\" content=\"index, follow, max-snippet:-1, max-image-preview:large, max-video-preview:-1\" \/>\n<link rel=\"canonical\" href=\"https:\/\/www.copealcoy.es\/es\/tres-nuevos-concejales-llegan-a-la-corporacion\/\" \/>\n<meta property=\"og:locale\" content=\"es_ES\" \/>\n<meta property=\"og:type\" content=\"article\" \/>\n<meta property=\"og:title\" content=\"Tres nuevos concejales llegan a la Corporaci\u00f3n - COPE Alcoy\" \/>\n<meta property=\"og:description\" content=\"El Ayuntamiento de Alcoy ha acogido esta ma\u00f1ana la toma de posesi\u00f3n de tres nuevos concejales a tan solo una...\" \/>\n<meta property=\"og:url\" content=\"https:\/\/www.copealcoy.es\/es\/tres-nuevos-concejales-llegan-a-la-corporacion\/\" \/>\n<meta property=\"og:site_name\" content=\"COPE Alcoy\" \/>\n<meta property=\"article:published_time\" content=\"2015-04-29T14:59:55+00:00\" \/>\n<meta property=\"og:image\" content=\"https:\/\/www.copealcoy.es\/wp-content\/uploads\/2015\/04\/IMG_7388-1024x683.jpg\" \/>\n\t<meta property=\"og:image:width\" content=\"1024\" \/>\n\t<meta property=\"og:image:height\" content=\"683\" \/>\n\t<meta property=\"og:image:type\" content=\"image\/jpeg\" \/>\n<meta name=\"author\" content=\"Cope Alcoy\" \/>\n<meta name=\"twitter:label1\" content=\"Escrito por\" \/>\n\t<meta name=\"twitter:data1\" content=\"Cope Alcoy\" \/>\n\t<meta name=\"twitter:label2\" content=\"Tiempo de lectura\" \/>\n\t<meta name=\"twitter:data2\" content=\"1 minuto\" \/>\n<script type=\"application\/ld+json\" class=\"yoast-schema-graph\">{\"@context\":\"https:\\\/\\\/schema.org\",\"@graph\":[{\"@type\":\"Article\",\"@id\":\"https:\\\/\\\/www.copealcoy.es\\\/es\\\/tres-nuevos-concejales-llegan-a-la-corporacion\\\/#article\",\"isPartOf\":{\"@id\":\"https:\\\/\\\/www.copealcoy.es\\\/es\\\/tres-nuevos-concejales-llegan-a-la-corporacion\\\/\"},\"author\":{\"name\":\"Cope Alcoy\",\"@id\":\"https:\\\/\\\/www.copealcoy.es\\\/es\\\/#\\\/schema\\\/person\\\/e777c87fa024e57d40170af9df39882c\"},\"headline\":\"Tres nuevos concejales llegan a la Corporaci\u00f3n\",\"datePublished\":\"2015-04-29T14:59:55+00:00\",\"mainEntityOfPage\":{\"@id\":\"https:\\\/\\\/www.copealcoy.es\\\/es\\\/tres-nuevos-concejales-llegan-a-la-corporacion\\\/\"},\"wordCount\":163,\"commentCount\":0,\"image\":{\"@id\":\"https:\\\/\\\/www.copealcoy.es\\\/es\\\/tres-nuevos-concejales-llegan-a-la-corporacion\\\/#primaryimage\"},\"thumbnailUrl\":\"https:\\\/\\\/www.copealcoy.es\\\/wp-content\\\/uploads\\\/2015\\\/04\\\/IMG_7388.jpg\",\"keywords\":[\"Alcoy\",\"Ayuntamiento\",\"Partido Popular\",\"Pol\u00edtica\"],\"articleSection\":[\"Noticias\",\"Pol\u00edtica y Econom\u00eda\"],\"inLanguage\":\"es\"},{\"@type\":\"WebPage\",\"@id\":\"https:\\\/\\\/www.copealcoy.es\\\/es\\\/tres-nuevos-concejales-llegan-a-la-corporacion\\\/\",\"url\":\"https:\\\/\\\/www.copealcoy.es\\\/es\\\/tres-nuevos-concejales-llegan-a-la-corporacion\\\/\",\"name\":\"Tres nuevos concejales llegan a la Corporaci\u00f3n - COPE Alcoy\",\"isPartOf\":{\"@id\":\"https:\\\/\\\/www.copealcoy.es\\\/es\\\/#website\"},\"primaryImageOfPage\":{\"@id\":\"https:\\\/\\\/www.copealcoy.es\\\/es\\\/tres-nuevos-concejales-llegan-a-la-corporacion\\\/#primaryimage\"},\"image\":{\"@id\":\"https:\\\/\\\/www.copealcoy.es\\\/es\\\/tres-nuevos-concejales-llegan-a-la-corporacion\\\/#primaryimage\"},\"thumbnailUrl\":\"https:\\\/\\\/www.copealcoy.es\\\/wp-content\\\/uploads\\\/2015\\\/04\\\/IMG_7388.jpg\",\"datePublished\":\"2015-04-29T14:59:55+00:00\",\"author\":{\"@id\":\"https:\\\/\\\/www.copealcoy.es\\\/es\\\/#\\\/schema\\\/person\\\/e777c87fa024e57d40170af9df39882c\"},\"breadcrumb\":{\"@id\":\"https:\\\/\\\/www.copealcoy.es\\\/es\\\/tres-nuevos-concejales-llegan-a-la-corporacion\\\/#breadcrumb\"},\"inLanguage\":\"es\",\"potentialAction\":[{\"@type\":\"ReadAction\",\"target\":[\"https:\\\/\\\/www.copealcoy.es\\\/es\\\/tres-nuevos-concejales-llegan-a-la-corporacion\\\/\"]}]},{\"@type\":\"ImageObject\",\"inLanguage\":\"es\",\"@id\":\"https:\\\/\\\/www.copealcoy.es\\\/es\\\/tres-nuevos-concejales-llegan-a-la-corporacion\\\/#primaryimage\",\"url\":\"https:\\\/\\\/www.copealcoy.es\\\/wp-content\\\/uploads\\\/2015\\\/04\\\/IMG_7388.jpg\",\"contentUrl\":\"https:\\\/\\\/www.copealcoy.es\\\/wp-content\\\/uploads\\\/2015\\\/04\\\/IMG_7388.jpg\",\"width\":1620,\"height\":1080,\"caption\":\"Los nuevos ediles se han incorporado esta ma\u00f1ana a la Corporaci\u00f3n\"},{\"@type\":\"BreadcrumbList\",\"@id\":\"https:\\\/\\\/www.copealcoy.es\\\/es\\\/tres-nuevos-concejales-llegan-a-la-corporacion\\\/#breadcrumb\",\"itemListElement\":[{\"@type\":\"ListItem\",\"position\":1,\"name\":\"Portada\",\"item\":\"https:\\\/\\\/www.copealcoy.es\\\/es\\\/\"},{\"@type\":\"ListItem\",\"position\":2,\"name\":\"Tres nuevos concejales llegan a la Corporaci\u00f3n\"}]},{\"@type\":\"WebSite\",\"@id\":\"https:\\\/\\\/www.copealcoy.es\\\/es\\\/#website\",\"url\":\"https:\\\/\\\/www.copealcoy.es\\\/es\\\/\",\"name\":\"COPE Alcoy\",\"description\":\"Emisora COPE de radio local con emisi\u00f3n online. Pont de Sant Jordi 8-10 03803 Alcoy\",\"potentialAction\":[{\"@type\":\"SearchAction\",\"target\":{\"@type\":\"EntryPoint\",\"urlTemplate\":\"https:\\\/\\\/www.copealcoy.es\\\/es\\\/?s={search_term_string}\"},\"query-input\":{\"@type\":\"PropertyValueSpecification\",\"valueRequired\":true,\"valueName\":\"search_term_string\"}}],\"inLanguage\":\"es\"},{\"@type\":\"Person\",\"@id\":\"https:\\\/\\\/www.copealcoy.es\\\/es\\\/#\\\/schema\\\/person\\\/e777c87fa024e57d40170af9df39882c\",\"name\":\"Cope Alcoy\",\"image\":{\"@type\":\"ImageObject\",\"inLanguage\":\"es\",\"@id\":\"https:\\\/\\\/secure.gravatar.com\\\/avatar\\\/bb65d0283347e303893ba14f0692005417c1e0e690a325a4c5d8bb2b3943ee14?s=96&d=mm&r=g\",\"url\":\"https:\\\/\\\/secure.gravatar.com\\\/avatar\\\/bb65d0283347e303893ba14f0692005417c1e0e690a325a4c5d8bb2b3943ee14?s=96&d=mm&r=g\",\"contentUrl\":\"https:\\\/\\\/secure.gravatar.com\\\/avatar\\\/bb65d0283347e303893ba14f0692005417c1e0e690a325a4c5d8bb2b3943ee14?s=96&d=mm&r=g\",\"caption\":\"Cope Alcoy\"}}]}<\/script>\n<!-- \/ Yoast SEO plugin. -->","yoast_head_json":{"title":"Tres nuevos concejales llegan a la Corporaci\u00f3n - COPE Alcoy","robots":{"index":"index","follow":"follow","max-snippet":"max-snippet:-1","max-image-preview":"max-image-preview:large","max-video-preview":"max-video-preview:-1"},"canonical":"https:\/\/www.copealcoy.es\/es\/tres-nuevos-concejales-llegan-a-la-corporacion\/","og_locale":"es_ES","og_type":"article","og_title":"Tres nuevos concejales llegan a la Corporaci\u00f3n - COPE Alcoy","og_description":"El Ayuntamiento de Alcoy ha acogido esta ma\u00f1ana la toma de posesi\u00f3n de tres nuevos concejales a tan solo una...","og_url":"https:\/\/www.copealcoy.es\/es\/tres-nuevos-concejales-llegan-a-la-corporacion\/","og_site_name":"COPE Alcoy","article_published_time":"2015-04-29T14:59:55+00:00","og_image":[{"width":1024,"height":683,"url":"https:\/\/www.copealcoy.es\/wp-content\/uploads\/2015\/04\/IMG_7388-1024x683.jpg","type":"image\/jpeg"}],"author":"Cope Alcoy","twitter_misc":{"Escrito por":"Cope Alcoy","Tiempo de lectura":"1 minuto"},"schema":{"@context":"https:\/\/schema.org","@graph":[{"@type":"Article","@id":"https:\/\/www.copealcoy.es\/es\/tres-nuevos-concejales-llegan-a-la-corporacion\/#article","isPartOf":{"@id":"https:\/\/www.copealcoy.es\/es\/tres-nuevos-concejales-llegan-a-la-corporacion\/"},"author":{"name":"Cope Alcoy","@id":"https:\/\/www.copealcoy.es\/es\/#\/schema\/person\/e777c87fa024e57d40170af9df39882c"},"headline":"Tres nuevos concejales llegan a la Corporaci\u00f3n","datePublished":"2015-04-29T14:59:55+00:00","mainEntityOfPage":{"@id":"https:\/\/www.copealcoy.es\/es\/tres-nuevos-concejales-llegan-a-la-corporacion\/"},"wordCount":163,"commentCount":0,"image":{"@id":"https:\/\/www.copealcoy.es\/es\/tres-nuevos-concejales-llegan-a-la-corporacion\/#primaryimage"},"thumbnailUrl":"https:\/\/www.copealcoy.es\/wp-content\/uploads\/2015\/04\/IMG_7388.jpg","keywords":["Alcoy","Ayuntamiento","Partido Popular","Pol\u00edtica"],"articleSection":["Noticias","Pol\u00edtica y Econom\u00eda"],"inLanguage":"es"},{"@type":"WebPage","@id":"https:\/\/www.copealcoy.es\/es\/tres-nuevos-concejales-llegan-a-la-corporacion\/","url":"https:\/\/www.copealcoy.es\/es\/tres-nuevos-concejales-llegan-a-la-corporacion\/","name":"Tres nuevos concejales llegan a la Corporaci\u00f3n - COPE Alcoy","isPartOf":{"@id":"https:\/\/www.copealcoy.es\/es\/#website"},"primaryImageOfPage":{"@id":"https:\/\/www.copealcoy.es\/es\/tres-nuevos-concejales-llegan-a-la-corporacion\/#primaryimage"},"image":{"@id":"https:\/\/www.copealcoy.es\/es\/tres-nuevos-concejales-llegan-a-la-corporacion\/#primaryimage"},"thumbnailUrl":"https:\/\/www.copealcoy.es\/wp-content\/uploads\/2015\/04\/IMG_7388.jpg","datePublished":"2015-04-29T14:59:55+00:00","author":{"@id":"https:\/\/www.copealcoy.es\/es\/#\/schema\/person\/e777c87fa024e57d40170af9df39882c"},"breadcrumb":{"@id":"https:\/\/www.copealcoy.es\/es\/tres-nuevos-concejales-llegan-a-la-corporacion\/#breadcrumb"},"inLanguage":"es","potentialAction":[{"@type":"ReadAction","target":["https:\/\/www.copealcoy.es\/es\/tres-nuevos-concejales-llegan-a-la-corporacion\/"]}]},{"@type":"ImageObject","inLanguage":"es","@id":"https:\/\/www.copealcoy.es\/es\/tres-nuevos-concejales-llegan-a-la-corporacion\/#primaryimage","url":"https:\/\/www.copealcoy.es\/wp-content\/uploads\/2015\/04\/IMG_7388.jpg","contentUrl":"https:\/\/www.copealcoy.es\/wp-content\/uploads\/2015\/04\/IMG_7388.jpg","width":1620,"height":1080,"caption":"Los nuevos ediles se han incorporado esta ma\u00f1ana a la Corporaci\u00f3n"},{"@type":"BreadcrumbList","@id":"https:\/\/www.copealcoy.es\/es\/tres-nuevos-concejales-llegan-a-la-corporacion\/#breadcrumb","itemListElement":[{"@type":"ListItem","position":1,"name":"Portada","item":"https:\/\/www.copealcoy.es\/es\/"},{"@type":"ListItem","position":2,"name":"Tres nuevos concejales llegan a la Corporaci\u00f3n"}]},{"@type":"WebSite","@id":"https:\/\/www.copealcoy.es\/es\/#website","url":"https:\/\/www.copealcoy.es\/es\/","name":"COPE Alcoy","description":"Emisora COPE de radio local con emisi\u00f3n online. Pont de Sant Jordi 8-10 03803 Alcoy","potentialAction":[{"@type":"SearchAction","target":{"@type":"EntryPoint","urlTemplate":"https:\/\/www.copealcoy.es\/es\/?s={search_term_string}"},"query-input":{"@type":"PropertyValueSpecification","valueRequired":true,"valueName":"search_term_string"}}],"inLanguage":"es"},{"@type":"Person","@id":"https:\/\/www.copealcoy.es\/es\/#\/schema\/person\/e777c87fa024e57d40170af9df39882c","name":"Cope Alcoy","image":{"@type":"ImageObject","inLanguage":"es","@id":"https:\/\/secure.gravatar.com\/avatar\/bb65d0283347e303893ba14f0692005417c1e0e690a325a4c5d8bb2b3943ee14?s=96&d=mm&r=g","url":"https:\/\/secure.gravatar.com\/avatar\/bb65d0283347e303893ba14f0692005417c1e0e690a325a4c5d8bb2b3943ee14?s=96&d=mm&r=g","contentUrl":"https:\/\/secure.gravatar.com\/avatar\/bb65d0283347e303893ba14f0692005417c1e0e690a325a4c5d8bb2b3943ee14?s=96&d=mm&r=g","caption":"Cope Alcoy"}}]}},"_links":{"self":[{"href":"https:\/\/www.copealcoy.es\/es\/wp-json\/wp\/v2\/posts\/12624","targetHints":{"allow":["GET"]}}],"collection":[{"href":"https:\/\/www.copealcoy.es\/es\/wp-json\/wp\/v2\/posts"}],"about":[{"href":"https:\/\/www.copealcoy.es\/es\/wp-json\/wp\/v2\/types\/post"}],"author":[{"embeddable":true,"href":"https:\/\/www.copealcoy.es\/es\/wp-json\/wp\/v2\/users\/1"}],"replies":[{"embeddable":true,"href":"https:\/\/www.copealcoy.es\/es\/wp-json\/wp\/v2\/comments?post=12624"}],"version-history":[{"count":0,"href":"https:\/\/www.copealcoy.es\/es\/wp-json\/wp\/v2\/posts\/12624\/revisions"}],"wp:featuredmedia":[{"embeddable":true,"href":"https:\/\/www.copealcoy.es\/es\/wp-json\/wp\/v2\/media\/12625"}],"wp:attachment":[{"href":"https:\/\/www.copealcoy.es\/es\/wp-json\/wp\/v2\/media?parent=12624"}],"wp:term":[{"taxonomy":"category","embeddable":true,"href":"https:\/\/www.copealcoy.es\/es\/wp-json\/wp\/v2\/categories?post=12624"},{"taxonomy":"post_tag","embeddable":true,"href":"https:\/\/www.copealcoy.es\/es\/wp-json\/wp\/v2\/tags?post=12624"}],"curies":[{"name":"wp","href":"https:\/\/api.w.org\/{rel}","templated":true}]}}