{"id":126225,"date":"2023-12-07T07:45:44","date_gmt":"2023-12-07T06:45:44","guid":{"rendered":"https:\/\/www.copealcoy.es\/?p=126225"},"modified":"2023-12-06T20:34:18","modified_gmt":"2023-12-06T19:34:18","slug":"monsenor-enrique-benavent-bendice-la-restauracion-del-campanario-de-santa-maria","status":"publish","type":"post","link":"https:\/\/www.copealcoy.es\/es\/monsenor-enrique-benavent-bendice-la-restauracion-del-campanario-de-santa-maria\/","title":{"rendered":"Monse\u00f1or Enrique Benavent bendice la restauraci\u00f3n del campanario de Santa Mar\u00eda"},"content":{"rendered":"<p style=\"text-align: justify;\">Cocentaina <strong>vivi\u00f3 un d\u00eda hist\u00f3rico el pasado domingo<\/strong> con motivo de <strong>la bendici\u00f3n de la restauraci\u00f3n exterior del campanario de<\/strong> <a href=\"https:\/\/www.instagram.com\/assumpciosantamaria_cocentaina\/\" target=\"_blank\" rel=\"noopener\"><span style=\"color: #0000ff;\"><strong>la iglesia de Santa Mar\u00eda<\/strong><\/span><\/a>, un proyecto que era m\u00e1s que necesario y que ha sido posible desde principios de a\u00f1o gracias al empe\u00f1o que ha tenido la comunidad parroquial de cara a que pudiera ser una realidad. De hecho, <strong>la actuaci\u00f3n ha tenido un coste de unos 200.000 euros<\/strong> que han sido financiados en su mayor\u00eda con las aportaciones de los fieles, aunque tambi\u00e9n se ha contado con <strong>una subvenci\u00f3n de 40.000 procedentes de la Diputaci\u00f3n Provincial de Alicante<\/strong> mientras que <strong>el Ayuntamiento ha destinado 10.000 euros<\/strong>. La intervenci\u00f3n en la torre <strong>ha consistido<\/strong> en rehabilitar la parte superior del mismo campanario junto a la veleta, la limpieza de las fachadas, reponer piezas faltantes o consolidar estructuras. Tambi\u00e9n se ha impermeabilizado para una mayor protecci\u00f3n \u201c<em>han sido unos trabajos que han permitido poner en valor un elemento patrimonial de todo el pueblo y, adem\u00e1s de las instituciones que han aportado su granito de arena, hay que agradecer a toda la parroquia porque se han volcado al m\u00e1ximo en conseguir fondos por medio de colectas extraordinarias, donativos e iniciativas solidarias<\/em>\u201d, manifestaba el p\u00e1rroco de Santa Mar\u00eda; <strong>Don Eduardo Rengel<\/strong>. Todo este proceso <strong>se ha completado con la limpieza de las dos campanas del reloj<\/strong>, la de los cuartos que data de 1700 y que recibe el nombre de Santa B\u00e1rbara, as\u00ed como la de las horas dedicada a San Jorge M\u00e1rtir y fechada en 1800.<\/p>\n<p style=\"text-align: justify;\">Adem\u00e1s, <strong>se han refundido las campanas peque\u00f1as de volteo<\/strong> dando lugar a dos nuevos bronces que <strong>han sido dedicados al Crist dels Llauradors y el Sant\u00edsimo Sacramento<\/strong> por ser estas dos de las advocaciones con mayor arraigo en la citada parroquia \u201c<em>durante el tiempo en que han durado las obras hab\u00e9is estado hu\u00e9rfanos del sonido de las campanas, porque su ta\u00f1ido marcan nuestro d\u00eda a d\u00eda, pero con vuestro esfuerzo hab\u00e9is conseguido embellecer una se\u00f1a de identidad tan importante para un pueblo como es su campanario\u201d<\/em>, dec\u00eda <strong>el arzobispo de Valencia<\/strong>. Precisamente <strong>Monse\u00f1or Enrique Benavent se encarg\u00f3 de bendecir las campanas y el campanario<\/strong> en un acto que reuni\u00f3 el 3 de diciembre a numerosos fieles tras una eucarist\u00eda en la que tambi\u00e9n tomaron parte el p\u00e1rroco, el sacerdote local <strong>Don Rafael Valls<\/strong> y el Obispo Em\u00e9rito natural de Cocentaina; <strong>Don Juan Antonio Reig Pla<\/strong>. De igual forma, e<strong>l Ayuntamiento de la Villa Condal estuvo representado en la celebraci\u00f3n<\/strong> destacando el alcalde el apoyo que ha dado el Consistorio a la rehabilitaci\u00f3n \u201c<em>este equipo de gobierno manifest\u00f3 su total compromiso al proyecto, e hicimos posible que se ampliara la subvenci\u00f3n municipal, pero tambi\u00e9n hemos estado al lado de la parroquia para atender cualquier necesidad que pod\u00eda ir surgiendo durante las obras<\/em>\u201d, coment\u00f3 el alcalde; <strong>Jordi Pla<\/strong>.<\/p>\n<p style=\"text-align: justify;\">La jornada festiva termin\u00f3 con un \u00e1gape y <strong>en los pr\u00f3ximos d\u00edas se proceder\u00e1 a subir al campanario las campanas<\/strong> con la intenci\u00f3n de que suenen todas juntas en la pr\u00f3xima Navidad. Mientras tanto,<strong> la comunidad parroquial ya piensa en la restauraci\u00f3n del interior del campanario y de las dos campanas grandes<\/strong>, por lo que han organizado <strong>un mercadillo navide\u00f1o<\/strong> para seguir recaudando fondos que tendr\u00e1 lugar este domingo entre las 10:00h y las 13:30h en la Plaza Cardenal F\u00e9rriz.<\/p>\n<div id='gallery-1' class='gallery galleryid-126225 gallery-columns-2 gallery-size-full'><figure class='gallery-item'>\n\t\t\t<div class='gallery-icon landscape'>\n\t\t\t\t<a href='https:\/\/www.copealcoy.es\/es\/monsenor-enrique-benavent-bendice-la-restauracion-del-campanario-de-santa-maria\/img_8271\/'><img loading=\"lazy\" decoding=\"async\" width=\"1440\" height=\"1080\" src=\"https:\/\/www.copealcoy.es\/wp-content\/uploads\/2023\/12\/IMG_8271-scaled.jpg\" class=\"attachment-full size-full\" alt=\"\" srcset=\"https:\/\/www.copealcoy.es\/wp-content\/uploads\/2023\/12\/IMG_8271-scaled.jpg 1440w, https:\/\/www.copealcoy.es\/wp-content\/uploads\/2023\/12\/IMG_8271-768x576.jpg 768w, https:\/\/www.copealcoy.es\/wp-content\/uploads\/2023\/12\/IMG_8271-1536x1152.jpg 1536w, https:\/\/www.copealcoy.es\/wp-content\/uploads\/2023\/12\/IMG_8271-2048x1536.jpg 2048w\" sizes=\"auto, (max-width: 1440px) 100vw, 1440px\" \/><\/a>\n\t\t\t<\/div><\/figure><figure class='gallery-item'>\n\t\t\t<div class='gallery-icon landscape'>\n\t\t\t\t<a href='https:\/\/www.copealcoy.es\/es\/monsenor-enrique-benavent-bendice-la-restauracion-del-campanario-de-santa-maria\/img_8302-1\/'><img loading=\"lazy\" decoding=\"async\" width=\"1440\" height=\"1080\" src=\"https:\/\/www.copealcoy.es\/wp-content\/uploads\/2023\/12\/IMG_8302-1-scaled.jpg\" class=\"attachment-full size-full\" alt=\"\" srcset=\"https:\/\/www.copealcoy.es\/wp-content\/uploads\/2023\/12\/IMG_8302-1-scaled.jpg 1440w, https:\/\/www.copealcoy.es\/wp-content\/uploads\/2023\/12\/IMG_8302-1-768x576.jpg 768w, https:\/\/www.copealcoy.es\/wp-content\/uploads\/2023\/12\/IMG_8302-1-1536x1152.jpg 1536w, https:\/\/www.copealcoy.es\/wp-content\/uploads\/2023\/12\/IMG_8302-1-2048x1536.jpg 2048w\" sizes=\"auto, (max-width: 1440px) 100vw, 1440px\" \/><\/a>\n\t\t\t<\/div><\/figure><figure class='gallery-item'>\n\t\t\t<div class='gallery-icon landscape'>\n\t\t\t\t<a href='https:\/\/www.copealcoy.es\/es\/monsenor-enrique-benavent-bendice-la-restauracion-del-campanario-de-santa-maria\/img_8276\/'><img loading=\"lazy\" decoding=\"async\" width=\"1440\" height=\"1080\" src=\"https:\/\/www.copealcoy.es\/wp-content\/uploads\/2023\/12\/IMG_8276-scaled.jpg\" class=\"attachment-full size-full\" alt=\"\" srcset=\"https:\/\/www.copealcoy.es\/wp-content\/uploads\/2023\/12\/IMG_8276-scaled.jpg 1440w, https:\/\/www.copealcoy.es\/wp-content\/uploads\/2023\/12\/IMG_8276-768x576.jpg 768w, https:\/\/www.copealcoy.es\/wp-content\/uploads\/2023\/12\/IMG_8276-1536x1152.jpg 1536w, https:\/\/www.copealcoy.es\/wp-content\/uploads\/2023\/12\/IMG_8276-2048x1536.jpg 2048w\" sizes=\"auto, (max-width: 1440px) 100vw, 1440px\" \/><\/a>\n\t\t\t<\/div><\/figure><figure class='gallery-item'>\n\t\t\t<div class='gallery-icon landscape'>\n\t\t\t\t<a href='https:\/\/www.copealcoy.es\/es\/monsenor-enrique-benavent-bendice-la-restauracion-del-campanario-de-santa-maria\/img_8308-1\/'><img loading=\"lazy\" decoding=\"async\" width=\"1440\" height=\"1080\" src=\"https:\/\/www.copealcoy.es\/wp-content\/uploads\/2023\/12\/IMG_8308-1-scaled.jpg\" class=\"attachment-full size-full\" alt=\"\" srcset=\"https:\/\/www.copealcoy.es\/wp-content\/uploads\/2023\/12\/IMG_8308-1-scaled.jpg 1440w, https:\/\/www.copealcoy.es\/wp-content\/uploads\/2023\/12\/IMG_8308-1-768x576.jpg 768w, https:\/\/www.copealcoy.es\/wp-content\/uploads\/2023\/12\/IMG_8308-1-1536x1152.jpg 1536w, https:\/\/www.copealcoy.es\/wp-content\/uploads\/2023\/12\/IMG_8308-1-2048x1536.jpg 2048w\" sizes=\"auto, (max-width: 1440px) 100vw, 1440px\" \/><\/a>\n\t\t\t<\/div><\/figure><figure class='gallery-item'>\n\t\t\t<div class='gallery-icon landscape'>\n\t\t\t\t<a href='https:\/\/www.copealcoy.es\/es\/monsenor-enrique-benavent-bendice-la-restauracion-del-campanario-de-santa-maria\/img_8335\/'><img loading=\"lazy\" decoding=\"async\" width=\"1440\" height=\"1080\" src=\"https:\/\/www.copealcoy.es\/wp-content\/uploads\/2023\/12\/IMG_8335-scaled.jpg\" class=\"attachment-full size-full\" alt=\"\" srcset=\"https:\/\/www.copealcoy.es\/wp-content\/uploads\/2023\/12\/IMG_8335-scaled.jpg 1440w, https:\/\/www.copealcoy.es\/wp-content\/uploads\/2023\/12\/IMG_8335-768x576.jpg 768w, https:\/\/www.copealcoy.es\/wp-content\/uploads\/2023\/12\/IMG_8335-1536x1152.jpg 1536w, https:\/\/www.copealcoy.es\/wp-content\/uploads\/2023\/12\/IMG_8335-2048x1536.jpg 2048w\" sizes=\"auto, (max-width: 1440px) 100vw, 1440px\" \/><\/a>\n\t\t\t<\/div><\/figure><figure class='gallery-item'>\n\t\t\t<div class='gallery-icon landscape'>\n\t\t\t\t<a href='https:\/\/www.copealcoy.es\/es\/monsenor-enrique-benavent-bendice-la-restauracion-del-campanario-de-santa-maria\/img_8270\/'><img loading=\"lazy\" decoding=\"async\" width=\"1440\" height=\"1080\" src=\"https:\/\/www.copealcoy.es\/wp-content\/uploads\/2023\/12\/IMG_8270-scaled.jpg\" class=\"attachment-full size-full\" alt=\"\" srcset=\"https:\/\/www.copealcoy.es\/wp-content\/uploads\/2023\/12\/IMG_8270-scaled.jpg 1440w, https:\/\/www.copealcoy.es\/wp-content\/uploads\/2023\/12\/IMG_8270-768x576.jpg 768w, https:\/\/www.copealcoy.es\/wp-content\/uploads\/2023\/12\/IMG_8270-1536x1152.jpg 1536w, https:\/\/www.copealcoy.es\/wp-content\/uploads\/2023\/12\/IMG_8270-2048x1536.jpg 2048w\" sizes=\"auto, (max-width: 1440px) 100vw, 1440px\" \/><\/a>\n\t\t\t<\/div><\/figure>\n\t\t<\/div>\n\n","protected":false},"excerpt":{"rendered":"<p>Cocentaina vivi\u00f3 un d\u00eda hist\u00f3rico el pasado domingo con motivo de la bendici\u00f3n de la restauraci\u00f3n exterior del campanario de&#8230;<\/p>\n","protected":false},"author":1,"featured_media":126226,"comment_status":"open","ping_status":"open","sticky":false,"template":"","format":"standard","meta":{"footnotes":""},"categories":[6909,98,75],"tags":[4694,6980,132,16044,4489,250],"class_list":["post-126225","post","type-post","status-publish","format-standard","has-post-thumbnail","hentry","category-actualidad","category-comarcas","category-noticias","tag-campanario","tag-campanas","tag-cocentaina","tag-monsenor-enrique-benavent","tag-parroquia-de-santa-maria","tag-restauracion"],"yoast_head":"<!-- This site is optimized with the Yoast SEO plugin v27.3 - https:\/\/yoast.com\/product\/yoast-seo-wordpress\/ -->\n<title>Monse\u00f1or Enrique Benavent bendice la restauraci\u00f3n del campanario de Santa Mar\u00eda - COPE Alcoy<\/title>\n<meta name=\"description\" content=\"Cocentaina vivi\u00f3 un d\u00eda hist\u00f3rico el pasado domingo con motivo de la bendici\u00f3n de la restauraci\u00f3n exterior del campanario de la iglesia de Santa Mar\u00eda\" \/>\n<meta name=\"robots\" content=\"index, follow, max-snippet:-1, max-image-preview:large, max-video-preview:-1\" \/>\n<link rel=\"canonical\" href=\"https:\/\/www.copealcoy.es\/es\/monsenor-enrique-benavent-bendice-la-restauracion-del-campanario-de-santa-maria\/\" \/>\n<meta property=\"og:locale\" content=\"es_ES\" \/>\n<meta property=\"og:type\" content=\"article\" \/>\n<meta property=\"og:title\" content=\"Monse\u00f1or Enrique Benavent bendice la restauraci\u00f3n del campanario de Santa Mar\u00eda - COPE Alcoy\" \/>\n<meta property=\"og:description\" content=\"Cocentaina vivi\u00f3 un d\u00eda hist\u00f3rico el pasado domingo con motivo de la bendici\u00f3n de la restauraci\u00f3n exterior del campanario de la iglesia de Santa Mar\u00eda\" \/>\n<meta property=\"og:url\" content=\"https:\/\/www.copealcoy.es\/es\/monsenor-enrique-benavent-bendice-la-restauracion-del-campanario-de-santa-maria\/\" \/>\n<meta property=\"og:site_name\" content=\"COPE Alcoy\" \/>\n<meta property=\"article:published_time\" content=\"2023-12-07T06:45:44+00:00\" \/>\n<meta property=\"og:image\" content=\"https:\/\/www.copealcoy.es\/wp-content\/uploads\/2023\/12\/3-Monsenor-Enrique-Benavent-fue-el-encargado-de-bendecir-las-nuevas-campanas.jpg\" \/>\n\t<meta property=\"og:image:width\" content=\"1100\" \/>\n\t<meta property=\"og:image:height\" content=\"750\" \/>\n\t<meta property=\"og:image:type\" content=\"image\/jpeg\" \/>\n<meta name=\"author\" content=\"Cope Alcoy\" \/>\n<meta name=\"twitter:label1\" content=\"Escrito por\" \/>\n\t<meta name=\"twitter:data1\" content=\"Cope Alcoy\" \/>\n\t<meta name=\"twitter:label2\" content=\"Tiempo de lectura\" \/>\n\t<meta name=\"twitter:data2\" content=\"3 minutos\" \/>\n<script type=\"application\/ld+json\" class=\"yoast-schema-graph\">{\"@context\":\"https:\\\/\\\/schema.org\",\"@graph\":[{\"@type\":\"Article\",\"@id\":\"https:\\\/\\\/www.copealcoy.es\\\/es\\\/monsenor-enrique-benavent-bendice-la-restauracion-del-campanario-de-santa-maria\\\/#article\",\"isPartOf\":{\"@id\":\"https:\\\/\\\/www.copealcoy.es\\\/es\\\/monsenor-enrique-benavent-bendice-la-restauracion-del-campanario-de-santa-maria\\\/\"},\"author\":{\"name\":\"Cope Alcoy\",\"@id\":\"https:\\\/\\\/www.copealcoy.es\\\/es\\\/#\\\/schema\\\/person\\\/e777c87fa024e57d40170af9df39882c\"},\"headline\":\"Monse\u00f1or Enrique Benavent bendice la restauraci\u00f3n del campanario de Santa Mar\u00eda\",\"datePublished\":\"2023-12-07T06:45:44+00:00\",\"mainEntityOfPage\":{\"@id\":\"https:\\\/\\\/www.copealcoy.es\\\/es\\\/monsenor-enrique-benavent-bendice-la-restauracion-del-campanario-de-santa-maria\\\/\"},\"wordCount\":614,\"commentCount\":0,\"image\":{\"@id\":\"https:\\\/\\\/www.copealcoy.es\\\/es\\\/monsenor-enrique-benavent-bendice-la-restauracion-del-campanario-de-santa-maria\\\/#primaryimage\"},\"thumbnailUrl\":\"https:\\\/\\\/www.copealcoy.es\\\/wp-content\\\/uploads\\\/2023\\\/12\\\/3-Monsenor-Enrique-Benavent-fue-el-encargado-de-bendecir-las-nuevas-campanas.jpg\",\"keywords\":[\"Campanario\",\"campa\u00f1as\",\"Cocentaina\",\"Monse\u00f1or Enrique Benavent\",\"parroquia de Santa Mar\u00eda\",\"Restauraci\u00f3n\"],\"articleSection\":[\"Actualidad\",\"Comarcas\",\"Noticias\"],\"inLanguage\":\"es\"},{\"@type\":\"WebPage\",\"@id\":\"https:\\\/\\\/www.copealcoy.es\\\/es\\\/monsenor-enrique-benavent-bendice-la-restauracion-del-campanario-de-santa-maria\\\/\",\"url\":\"https:\\\/\\\/www.copealcoy.es\\\/es\\\/monsenor-enrique-benavent-bendice-la-restauracion-del-campanario-de-santa-maria\\\/\",\"name\":\"Monse\u00f1or Enrique Benavent bendice la restauraci\u00f3n del campanario de Santa Mar\u00eda - COPE Alcoy\",\"isPartOf\":{\"@id\":\"https:\\\/\\\/www.copealcoy.es\\\/es\\\/#website\"},\"primaryImageOfPage\":{\"@id\":\"https:\\\/\\\/www.copealcoy.es\\\/es\\\/monsenor-enrique-benavent-bendice-la-restauracion-del-campanario-de-santa-maria\\\/#primaryimage\"},\"image\":{\"@id\":\"https:\\\/\\\/www.copealcoy.es\\\/es\\\/monsenor-enrique-benavent-bendice-la-restauracion-del-campanario-de-santa-maria\\\/#primaryimage\"},\"thumbnailUrl\":\"https:\\\/\\\/www.copealcoy.es\\\/wp-content\\\/uploads\\\/2023\\\/12\\\/3-Monsenor-Enrique-Benavent-fue-el-encargado-de-bendecir-las-nuevas-campanas.jpg\",\"datePublished\":\"2023-12-07T06:45:44+00:00\",\"author\":{\"@id\":\"https:\\\/\\\/www.copealcoy.es\\\/es\\\/#\\\/schema\\\/person\\\/e777c87fa024e57d40170af9df39882c\"},\"description\":\"Cocentaina vivi\u00f3 un d\u00eda hist\u00f3rico el pasado domingo con motivo de la bendici\u00f3n de la restauraci\u00f3n exterior del campanario de la iglesia de Santa Mar\u00eda\",\"breadcrumb\":{\"@id\":\"https:\\\/\\\/www.copealcoy.es\\\/es\\\/monsenor-enrique-benavent-bendice-la-restauracion-del-campanario-de-santa-maria\\\/#breadcrumb\"},\"inLanguage\":\"es\",\"potentialAction\":[{\"@type\":\"ReadAction\",\"target\":[\"https:\\\/\\\/www.copealcoy.es\\\/es\\\/monsenor-enrique-benavent-bendice-la-restauracion-del-campanario-de-santa-maria\\\/\"]}]},{\"@type\":\"ImageObject\",\"inLanguage\":\"es\",\"@id\":\"https:\\\/\\\/www.copealcoy.es\\\/es\\\/monsenor-enrique-benavent-bendice-la-restauracion-del-campanario-de-santa-maria\\\/#primaryimage\",\"url\":\"https:\\\/\\\/www.copealcoy.es\\\/wp-content\\\/uploads\\\/2023\\\/12\\\/3-Monsenor-Enrique-Benavent-fue-el-encargado-de-bendecir-las-nuevas-campanas.jpg\",\"contentUrl\":\"https:\\\/\\\/www.copealcoy.es\\\/wp-content\\\/uploads\\\/2023\\\/12\\\/3-Monsenor-Enrique-Benavent-fue-el-encargado-de-bendecir-las-nuevas-campanas.jpg\",\"width\":1100,\"height\":750},{\"@type\":\"BreadcrumbList\",\"@id\":\"https:\\\/\\\/www.copealcoy.es\\\/es\\\/monsenor-enrique-benavent-bendice-la-restauracion-del-campanario-de-santa-maria\\\/#breadcrumb\",\"itemListElement\":[{\"@type\":\"ListItem\",\"position\":1,\"name\":\"Portada\",\"item\":\"https:\\\/\\\/www.copealcoy.es\\\/es\\\/\"},{\"@type\":\"ListItem\",\"position\":2,\"name\":\"Monse\u00f1or Enrique Benavent bendice la restauraci\u00f3n del campanario de Santa Mar\u00eda\"}]},{\"@type\":\"WebSite\",\"@id\":\"https:\\\/\\\/www.copealcoy.es\\\/es\\\/#website\",\"url\":\"https:\\\/\\\/www.copealcoy.es\\\/es\\\/\",\"name\":\"COPE Alcoy\",\"description\":\"Emisora COPE de radio local con emisi\u00f3n online. Pont de Sant Jordi 8-10 03803 Alcoy\",\"potentialAction\":[{\"@type\":\"SearchAction\",\"target\":{\"@type\":\"EntryPoint\",\"urlTemplate\":\"https:\\\/\\\/www.copealcoy.es\\\/es\\\/?s={search_term_string}\"},\"query-input\":{\"@type\":\"PropertyValueSpecification\",\"valueRequired\":true,\"valueName\":\"search_term_string\"}}],\"inLanguage\":\"es\"},{\"@type\":\"Person\",\"@id\":\"https:\\\/\\\/www.copealcoy.es\\\/es\\\/#\\\/schema\\\/person\\\/e777c87fa024e57d40170af9df39882c\",\"name\":\"Cope Alcoy\",\"image\":{\"@type\":\"ImageObject\",\"inLanguage\":\"es\",\"@id\":\"https:\\\/\\\/secure.gravatar.com\\\/avatar\\\/bb65d0283347e303893ba14f0692005417c1e0e690a325a4c5d8bb2b3943ee14?s=96&d=mm&r=g\",\"url\":\"https:\\\/\\\/secure.gravatar.com\\\/avatar\\\/bb65d0283347e303893ba14f0692005417c1e0e690a325a4c5d8bb2b3943ee14?s=96&d=mm&r=g\",\"contentUrl\":\"https:\\\/\\\/secure.gravatar.com\\\/avatar\\\/bb65d0283347e303893ba14f0692005417c1e0e690a325a4c5d8bb2b3943ee14?s=96&d=mm&r=g\",\"caption\":\"Cope Alcoy\"}}]}<\/script>\n<!-- \/ Yoast SEO plugin. -->","yoast_head_json":{"title":"Monse\u00f1or Enrique Benavent bendice la restauraci\u00f3n del campanario de Santa Mar\u00eda - COPE Alcoy","description":"Cocentaina vivi\u00f3 un d\u00eda hist\u00f3rico el pasado domingo con motivo de la bendici\u00f3n de la restauraci\u00f3n exterior del campanario de la iglesia de Santa Mar\u00eda","robots":{"index":"index","follow":"follow","max-snippet":"max-snippet:-1","max-image-preview":"max-image-preview:large","max-video-preview":"max-video-preview:-1"},"canonical":"https:\/\/www.copealcoy.es\/es\/monsenor-enrique-benavent-bendice-la-restauracion-del-campanario-de-santa-maria\/","og_locale":"es_ES","og_type":"article","og_title":"Monse\u00f1or Enrique Benavent bendice la restauraci\u00f3n del campanario de Santa Mar\u00eda - COPE Alcoy","og_description":"Cocentaina vivi\u00f3 un d\u00eda hist\u00f3rico el pasado domingo con motivo de la bendici\u00f3n de la restauraci\u00f3n exterior del campanario de la iglesia de Santa Mar\u00eda","og_url":"https:\/\/www.copealcoy.es\/es\/monsenor-enrique-benavent-bendice-la-restauracion-del-campanario-de-santa-maria\/","og_site_name":"COPE Alcoy","article_published_time":"2023-12-07T06:45:44+00:00","og_image":[{"width":1100,"height":750,"url":"https:\/\/www.copealcoy.es\/wp-content\/uploads\/2023\/12\/3-Monsenor-Enrique-Benavent-fue-el-encargado-de-bendecir-las-nuevas-campanas.jpg","type":"image\/jpeg"}],"author":"Cope Alcoy","twitter_misc":{"Escrito por":"Cope Alcoy","Tiempo de lectura":"3 minutos"},"schema":{"@context":"https:\/\/schema.org","@graph":[{"@type":"Article","@id":"https:\/\/www.copealcoy.es\/es\/monsenor-enrique-benavent-bendice-la-restauracion-del-campanario-de-santa-maria\/#article","isPartOf":{"@id":"https:\/\/www.copealcoy.es\/es\/monsenor-enrique-benavent-bendice-la-restauracion-del-campanario-de-santa-maria\/"},"author":{"name":"Cope Alcoy","@id":"https:\/\/www.copealcoy.es\/es\/#\/schema\/person\/e777c87fa024e57d40170af9df39882c"},"headline":"Monse\u00f1or Enrique Benavent bendice la restauraci\u00f3n del campanario de Santa Mar\u00eda","datePublished":"2023-12-07T06:45:44+00:00","mainEntityOfPage":{"@id":"https:\/\/www.copealcoy.es\/es\/monsenor-enrique-benavent-bendice-la-restauracion-del-campanario-de-santa-maria\/"},"wordCount":614,"commentCount":0,"image":{"@id":"https:\/\/www.copealcoy.es\/es\/monsenor-enrique-benavent-bendice-la-restauracion-del-campanario-de-santa-maria\/#primaryimage"},"thumbnailUrl":"https:\/\/www.copealcoy.es\/wp-content\/uploads\/2023\/12\/3-Monsenor-Enrique-Benavent-fue-el-encargado-de-bendecir-las-nuevas-campanas.jpg","keywords":["Campanario","campa\u00f1as","Cocentaina","Monse\u00f1or Enrique Benavent","parroquia de Santa Mar\u00eda","Restauraci\u00f3n"],"articleSection":["Actualidad","Comarcas","Noticias"],"inLanguage":"es"},{"@type":"WebPage","@id":"https:\/\/www.copealcoy.es\/es\/monsenor-enrique-benavent-bendice-la-restauracion-del-campanario-de-santa-maria\/","url":"https:\/\/www.copealcoy.es\/es\/monsenor-enrique-benavent-bendice-la-restauracion-del-campanario-de-santa-maria\/","name":"Monse\u00f1or Enrique Benavent bendice la restauraci\u00f3n del campanario de Santa Mar\u00eda - COPE Alcoy","isPartOf":{"@id":"https:\/\/www.copealcoy.es\/es\/#website"},"primaryImageOfPage":{"@id":"https:\/\/www.copealcoy.es\/es\/monsenor-enrique-benavent-bendice-la-restauracion-del-campanario-de-santa-maria\/#primaryimage"},"image":{"@id":"https:\/\/www.copealcoy.es\/es\/monsenor-enrique-benavent-bendice-la-restauracion-del-campanario-de-santa-maria\/#primaryimage"},"thumbnailUrl":"https:\/\/www.copealcoy.es\/wp-content\/uploads\/2023\/12\/3-Monsenor-Enrique-Benavent-fue-el-encargado-de-bendecir-las-nuevas-campanas.jpg","datePublished":"2023-12-07T06:45:44+00:00","author":{"@id":"https:\/\/www.copealcoy.es\/es\/#\/schema\/person\/e777c87fa024e57d40170af9df39882c"},"description":"Cocentaina vivi\u00f3 un d\u00eda hist\u00f3rico el pasado domingo con motivo de la bendici\u00f3n de la restauraci\u00f3n exterior del campanario de la iglesia de Santa Mar\u00eda","breadcrumb":{"@id":"https:\/\/www.copealcoy.es\/es\/monsenor-enrique-benavent-bendice-la-restauracion-del-campanario-de-santa-maria\/#breadcrumb"},"inLanguage":"es","potentialAction":[{"@type":"ReadAction","target":["https:\/\/www.copealcoy.es\/es\/monsenor-enrique-benavent-bendice-la-restauracion-del-campanario-de-santa-maria\/"]}]},{"@type":"ImageObject","inLanguage":"es","@id":"https:\/\/www.copealcoy.es\/es\/monsenor-enrique-benavent-bendice-la-restauracion-del-campanario-de-santa-maria\/#primaryimage","url":"https:\/\/www.copealcoy.es\/wp-content\/uploads\/2023\/12\/3-Monsenor-Enrique-Benavent-fue-el-encargado-de-bendecir-las-nuevas-campanas.jpg","contentUrl":"https:\/\/www.copealcoy.es\/wp-content\/uploads\/2023\/12\/3-Monsenor-Enrique-Benavent-fue-el-encargado-de-bendecir-las-nuevas-campanas.jpg","width":1100,"height":750},{"@type":"BreadcrumbList","@id":"https:\/\/www.copealcoy.es\/es\/monsenor-enrique-benavent-bendice-la-restauracion-del-campanario-de-santa-maria\/#breadcrumb","itemListElement":[{"@type":"ListItem","position":1,"name":"Portada","item":"https:\/\/www.copealcoy.es\/es\/"},{"@type":"ListItem","position":2,"name":"Monse\u00f1or Enrique Benavent bendice la restauraci\u00f3n del campanario de Santa Mar\u00eda"}]},{"@type":"WebSite","@id":"https:\/\/www.copealcoy.es\/es\/#website","url":"https:\/\/www.copealcoy.es\/es\/","name":"COPE Alcoy","description":"Emisora COPE de radio local con emisi\u00f3n online. Pont de Sant Jordi 8-10 03803 Alcoy","potentialAction":[{"@type":"SearchAction","target":{"@type":"EntryPoint","urlTemplate":"https:\/\/www.copealcoy.es\/es\/?s={search_term_string}"},"query-input":{"@type":"PropertyValueSpecification","valueRequired":true,"valueName":"search_term_string"}}],"inLanguage":"es"},{"@type":"Person","@id":"https:\/\/www.copealcoy.es\/es\/#\/schema\/person\/e777c87fa024e57d40170af9df39882c","name":"Cope Alcoy","image":{"@type":"ImageObject","inLanguage":"es","@id":"https:\/\/secure.gravatar.com\/avatar\/bb65d0283347e303893ba14f0692005417c1e0e690a325a4c5d8bb2b3943ee14?s=96&d=mm&r=g","url":"https:\/\/secure.gravatar.com\/avatar\/bb65d0283347e303893ba14f0692005417c1e0e690a325a4c5d8bb2b3943ee14?s=96&d=mm&r=g","contentUrl":"https:\/\/secure.gravatar.com\/avatar\/bb65d0283347e303893ba14f0692005417c1e0e690a325a4c5d8bb2b3943ee14?s=96&d=mm&r=g","caption":"Cope Alcoy"}}]}},"_links":{"self":[{"href":"https:\/\/www.copealcoy.es\/es\/wp-json\/wp\/v2\/posts\/126225","targetHints":{"allow":["GET"]}}],"collection":[{"href":"https:\/\/www.copealcoy.es\/es\/wp-json\/wp\/v2\/posts"}],"about":[{"href":"https:\/\/www.copealcoy.es\/es\/wp-json\/wp\/v2\/types\/post"}],"author":[{"embeddable":true,"href":"https:\/\/www.copealcoy.es\/es\/wp-json\/wp\/v2\/users\/1"}],"replies":[{"embeddable":true,"href":"https:\/\/www.copealcoy.es\/es\/wp-json\/wp\/v2\/comments?post=126225"}],"version-history":[{"count":0,"href":"https:\/\/www.copealcoy.es\/es\/wp-json\/wp\/v2\/posts\/126225\/revisions"}],"wp:featuredmedia":[{"embeddable":true,"href":"https:\/\/www.copealcoy.es\/es\/wp-json\/wp\/v2\/media\/126226"}],"wp:attachment":[{"href":"https:\/\/www.copealcoy.es\/es\/wp-json\/wp\/v2\/media?parent=126225"}],"wp:term":[{"taxonomy":"category","embeddable":true,"href":"https:\/\/www.copealcoy.es\/es\/wp-json\/wp\/v2\/categories?post=126225"},{"taxonomy":"post_tag","embeddable":true,"href":"https:\/\/www.copealcoy.es\/es\/wp-json\/wp\/v2\/tags?post=126225"}],"curies":[{"name":"wp","href":"https:\/\/api.w.org\/{rel}","templated":true}]}}