{"id":125960,"date":"2023-12-01T07:30:11","date_gmt":"2023-12-01T06:30:11","guid":{"rendered":"https:\/\/www.copealcoy.es\/?p=125960"},"modified":"2023-12-01T17:03:40","modified_gmt":"2023-12-01T16:03:40","slug":"informativo-matinal-viernes-1-de-diciembre-2023-0720h","status":"publish","type":"post","link":"https:\/\/www.copealcoy.es\/es\/informativo-matinal-viernes-1-de-diciembre-2023-0720h\/","title":{"rendered":"Informativo matinal viernes 1 de diciembre 2023 (07:20h)"},"content":{"rendered":"<p><iframe loading=\"lazy\" title=\"Informatiu Matinal Divendres 1 De Desembre 2023 (07:20h)\" width=\"100%\" height=\"120\" src=\"https:\/\/www.mixcloud.com\/widget\/iframe\/?feed=https%3A%2F%2Fwww.mixcloud.com%2FCOPEAlcoy%2Finformatiu-matinal-divendres-1-de-desembre-2023-0720h%2F&amp;hide_cover=1\" frameborder=\"0\"><\/iframe><\/p>\n<p style=\"text-align: justify;\">Las reclamaciones que hacen <strong>los vecinos del barrio de Batoi de Alcoy\u00a0<\/strong>sobre los olores que desprende el alcantarillado, y <strong>el futuro del centro comarcal para personas con diversidad funcional<\/strong> han sido algunas de las noticias que os hemos contado esta ma\u00f1ana.<\/p>\n<p style=\"text-align: justify;\">El<strong>\u00a0futuro centro comarcal para personas con diversidad funcional<\/strong>, que estaba previsto en\u00a0<strong>Benimarfull<\/strong>, peligra despu\u00e9s de que el Ayuntamiento de esta localidad del Comtat\u00a0<strong>haya manifestado la intenci\u00f3n de recuperar el edificio en desuso<\/strong>\u00a0que cedi\u00f3 en su d\u00eda para este fin a la Mancomunitat de l\u2019Alcoi\u00e0 y el Comtat. Desde el consistorio llevaron a pleno esta propuesta hace unos d\u00edas\u00a0<strong>pero finalmente qued\u00f3 encima sobre la mesa a la espera de una reuni\u00f3n que tuvo lugar ayer entre el mismo Ayuntamiento, la Mancomunitat, representantes de poblaciones de la comarca y la Asociaci\u00f3n \u2018Somriures\u2019<\/strong>\u00a0que es la que ha reivindicado durante a\u00f1os este importante servicio.<\/p>\n<p style=\"text-align: justify;\">Precisamente esa larga lucha de\u00a0<a href=\"https:\/\/www.facebook.com\/ProjecteSomriures\" target=\"_blank\" rel=\"noopener\"><strong><span style=\"color: #0000ff;\">\u2018Somriures\u2019<\/span>\u00a0<\/strong><\/a><strong>hab\u00eda dado sus frutos en los \u00faltimos a\u00f1os<\/strong>\u00a0consiguiendo que el Ayuntamiento de Benimarfull, tras aprobarlo en pleno por unanimidad, aportara ese inmueble vac\u00edo a la Mancomunitat con el fin de que la instituci\u00f3n comarcal se encargara de los tr\u00e1mites para poner en marcha el centro. Por su parte,\u00a0<strong>la\u00a0 Generalitat Valenciana costear\u00eda las obras de reforma necesarias de las instalaciones dentro del \u2018Pla Convivint\u2019<\/strong>. Ahora, la paralizaci\u00f3n de este \u00faltimo decretada por el nuevo ejecutivo auton\u00f3mico de PP y VOX,\u00a0<strong>ha llevado al mismo Ayuntamiento de Benimarfull a mover ficha<\/strong>\u00a0\u00ab<em>nosotros solo pretendemos que este edificio vuelva al pueblo para hacer posible la nueva escuela ya que, sin el \u2018Plan Convivint\u2019 en marcha, vemos que el centro comarcal ser\u00e1 imposible por lo que no queremos que este recinto pueda estar en desuso m\u00e1s tiempo cuando en realidad podr\u00eda suplir una necesidad que ahora mismo tenemos<\/em>\u00ab, dec\u00eda al respecto esta semana el alcalde del pueblo;\u00a0<strong>Manolo Belda<\/strong>.<\/p>\n<p style=\"text-align: justify;\">Desde \u2018Somriures\u2019\u00a0<strong>muestran su decepci\u00f3n por la decisi\u00f3n de Benimarfull<\/strong>\u00a0pero tambi\u00e9n se\u00f1alan que<strong>\u00a0la Mancomunitat no ha agiliz\u00f3 en la pasada legislatura el proceso<\/strong>\u00a0para poder abrir el centro. La asociaci\u00f3n reitera que\u00a0<strong>este servicio es esencial y que no se puede dejar perder<\/strong>\u00a0\u00ab<em>son muchos a\u00f1os luchando por este recurso y estamos hartos tanto de palabras como de falsas esperanzas. Queremos ya hechos\u00bb<\/em>, significa\u00a0<strong>Hip\u00f2lit Agull\u00f3<\/strong>\u00a0como presidente del colectivo.<\/p>\n<p style=\"text-align: justify;\">La Mancomunitat, por su parte,\u00a0<strong>aboga por el trabajo conjunto entre ente comarcal y municipios para reivindicar que este proyecto pueda ser posible<\/strong>. Adem\u00e1s insisten en que e<strong>s una prioridad urgente que se puede dejar de lado<\/strong>\u00a0\u00ab<em>si el anterior Govern del Bot\u00e0nic lo planific\u00f3, el nuevo de PP y VOX lo tiene que cumplir porque estamos anteuna necesidad imperiosa para nuestras comarcas. Desde el Ayuntamiento de Cocentaina ya hemos remitido dos cartas para solicitar una reuni\u00f3n con la Consellera para abordar este tema y seguiremos insistiendo para que nos atiendan<\/em>\u00ab, ha afirmado al respecto\u00a0<strong>Jordi Pla<\/strong>; vicepresidente de la Manco y alcalde de la Villa Condal.<\/p>\n<p style=\"text-align: justify;\">\u2018Somriures\u2019\u00a0<strong>lleva m\u00e1s de cuatro a\u00f1os defendiendo el proyecto del centro comarcal<\/strong>. Recuerdan que las instalaciones, y los servicios que se han de prestar en ellos,\u00a0<strong>son vitales para dar una atenci\u00f3n a las personas con diversidad funcional<\/strong>\u00a0cuando finalizan la etapa de educaci\u00f3n obligatoria.<\/p>\n","protected":false},"excerpt":{"rendered":"<p>Las reclamaciones que hacen los vecinos del barrio de Batoi de Alcoy\u00a0sobre los olores que desprende el alcantarillado, y el&#8230;<\/p>\n","protected":false},"author":1,"featured_media":110612,"comment_status":"open","ping_status":"open","sticky":false,"template":"","format":"standard","meta":{"footnotes":""},"categories":[6909,89,91],"tags":[],"class_list":["post-125960","post","type-post","status-publish","format-standard","has-post-thumbnail","hentry","category-actualidad","category-audiosdelosprogramas","category-informativos"],"yoast_head":"<!-- This site is optimized with the Yoast SEO plugin v27.3 - https:\/\/yoast.com\/product\/yoast-seo-wordpress\/ -->\n<title>Informativo matinal viernes 1 de diciembre 2023 (07:20h) - COPE Alcoy<\/title>\n<meta name=\"robots\" content=\"index, follow, max-snippet:-1, max-image-preview:large, max-video-preview:-1\" \/>\n<link rel=\"canonical\" href=\"https:\/\/www.copealcoy.es\/es\/informativo-matinal-viernes-1-de-diciembre-2023-0720h\/\" \/>\n<meta property=\"og:locale\" content=\"es_ES\" \/>\n<meta property=\"og:type\" content=\"article\" \/>\n<meta property=\"og:title\" content=\"Informativo matinal viernes 1 de diciembre 2023 (07:20h) - COPE Alcoy\" \/>\n<meta property=\"og:description\" content=\"Las reclamaciones que hacen los vecinos del barrio de Batoi de Alcoy\u00a0sobre los olores que desprende el alcantarillado, y el...\" \/>\n<meta property=\"og:url\" content=\"https:\/\/www.copealcoy.es\/es\/informativo-matinal-viernes-1-de-diciembre-2023-0720h\/\" \/>\n<meta property=\"og:site_name\" content=\"COPE Alcoy\" \/>\n<meta property=\"article:published_time\" content=\"2023-12-01T06:30:11+00:00\" \/>\n<meta property=\"article:modified_time\" content=\"2023-12-01T16:03:40+00:00\" \/>\n<meta property=\"og:image\" content=\"https:\/\/www.copealcoy.es\/wp-content\/uploads\/2023\/02\/Herrera-en-COPE-Alcoy-4.png\" \/>\n\t<meta property=\"og:image:width\" content=\"357\" \/>\n\t<meta property=\"og:image:height\" content=\"290\" \/>\n\t<meta property=\"og:image:type\" content=\"image\/png\" \/>\n<meta name=\"author\" content=\"Cope Alcoy\" \/>\n<meta name=\"twitter:label1\" content=\"Escrito por\" \/>\n\t<meta name=\"twitter:data1\" content=\"Cope Alcoy\" \/>\n\t<meta name=\"twitter:label2\" content=\"Tiempo de lectura\" \/>\n\t<meta name=\"twitter:data2\" content=\"3 minutos\" \/>\n<script type=\"application\/ld+json\" class=\"yoast-schema-graph\">{\"@context\":\"https:\\\/\\\/schema.org\",\"@graph\":[{\"@type\":\"Article\",\"@id\":\"https:\\\/\\\/www.copealcoy.es\\\/es\\\/informativo-matinal-viernes-1-de-diciembre-2023-0720h\\\/#article\",\"isPartOf\":{\"@id\":\"https:\\\/\\\/www.copealcoy.es\\\/es\\\/informativo-matinal-viernes-1-de-diciembre-2023-0720h\\\/\"},\"author\":{\"name\":\"Cope Alcoy\",\"@id\":\"https:\\\/\\\/www.copealcoy.es\\\/es\\\/#\\\/schema\\\/person\\\/e777c87fa024e57d40170af9df39882c\"},\"headline\":\"Informativo matinal viernes 1 de diciembre 2023 (07:20h)\",\"datePublished\":\"2023-12-01T06:30:11+00:00\",\"dateModified\":\"2023-12-01T16:03:40+00:00\",\"mainEntityOfPage\":{\"@id\":\"https:\\\/\\\/www.copealcoy.es\\\/es\\\/informativo-matinal-viernes-1-de-diciembre-2023-0720h\\\/\"},\"wordCount\":584,\"commentCount\":0,\"image\":{\"@id\":\"https:\\\/\\\/www.copealcoy.es\\\/es\\\/informativo-matinal-viernes-1-de-diciembre-2023-0720h\\\/#primaryimage\"},\"thumbnailUrl\":\"https:\\\/\\\/www.copealcoy.es\\\/wp-content\\\/uploads\\\/2023\\\/02\\\/Herrera-en-COPE-Alcoy-4.png\",\"articleSection\":[\"Actualidad\",\"Audios de los programas\",\"Informativos\"],\"inLanguage\":\"es\"},{\"@type\":\"WebPage\",\"@id\":\"https:\\\/\\\/www.copealcoy.es\\\/es\\\/informativo-matinal-viernes-1-de-diciembre-2023-0720h\\\/\",\"url\":\"https:\\\/\\\/www.copealcoy.es\\\/es\\\/informativo-matinal-viernes-1-de-diciembre-2023-0720h\\\/\",\"name\":\"Informativo matinal viernes 1 de diciembre 2023 (07:20h) - COPE Alcoy\",\"isPartOf\":{\"@id\":\"https:\\\/\\\/www.copealcoy.es\\\/es\\\/#website\"},\"primaryImageOfPage\":{\"@id\":\"https:\\\/\\\/www.copealcoy.es\\\/es\\\/informativo-matinal-viernes-1-de-diciembre-2023-0720h\\\/#primaryimage\"},\"image\":{\"@id\":\"https:\\\/\\\/www.copealcoy.es\\\/es\\\/informativo-matinal-viernes-1-de-diciembre-2023-0720h\\\/#primaryimage\"},\"thumbnailUrl\":\"https:\\\/\\\/www.copealcoy.es\\\/wp-content\\\/uploads\\\/2023\\\/02\\\/Herrera-en-COPE-Alcoy-4.png\",\"datePublished\":\"2023-12-01T06:30:11+00:00\",\"dateModified\":\"2023-12-01T16:03:40+00:00\",\"author\":{\"@id\":\"https:\\\/\\\/www.copealcoy.es\\\/es\\\/#\\\/schema\\\/person\\\/e777c87fa024e57d40170af9df39882c\"},\"breadcrumb\":{\"@id\":\"https:\\\/\\\/www.copealcoy.es\\\/es\\\/informativo-matinal-viernes-1-de-diciembre-2023-0720h\\\/#breadcrumb\"},\"inLanguage\":\"es\",\"potentialAction\":[{\"@type\":\"ReadAction\",\"target\":[\"https:\\\/\\\/www.copealcoy.es\\\/es\\\/informativo-matinal-viernes-1-de-diciembre-2023-0720h\\\/\"]}]},{\"@type\":\"ImageObject\",\"inLanguage\":\"es\",\"@id\":\"https:\\\/\\\/www.copealcoy.es\\\/es\\\/informativo-matinal-viernes-1-de-diciembre-2023-0720h\\\/#primaryimage\",\"url\":\"https:\\\/\\\/www.copealcoy.es\\\/wp-content\\\/uploads\\\/2023\\\/02\\\/Herrera-en-COPE-Alcoy-4.png\",\"contentUrl\":\"https:\\\/\\\/www.copealcoy.es\\\/wp-content\\\/uploads\\\/2023\\\/02\\\/Herrera-en-COPE-Alcoy-4.png\",\"width\":357,\"height\":290},{\"@type\":\"BreadcrumbList\",\"@id\":\"https:\\\/\\\/www.copealcoy.es\\\/es\\\/informativo-matinal-viernes-1-de-diciembre-2023-0720h\\\/#breadcrumb\",\"itemListElement\":[{\"@type\":\"ListItem\",\"position\":1,\"name\":\"Portada\",\"item\":\"https:\\\/\\\/www.copealcoy.es\\\/es\\\/\"},{\"@type\":\"ListItem\",\"position\":2,\"name\":\"Informativo matinal viernes 1 de diciembre 2023 (07:20h)\"}]},{\"@type\":\"WebSite\",\"@id\":\"https:\\\/\\\/www.copealcoy.es\\\/es\\\/#website\",\"url\":\"https:\\\/\\\/www.copealcoy.es\\\/es\\\/\",\"name\":\"COPE Alcoy\",\"description\":\"Emisora COPE de radio local con emisi\u00f3n online. Pont de Sant Jordi 8-10 03803 Alcoy\",\"potentialAction\":[{\"@type\":\"SearchAction\",\"target\":{\"@type\":\"EntryPoint\",\"urlTemplate\":\"https:\\\/\\\/www.copealcoy.es\\\/es\\\/?s={search_term_string}\"},\"query-input\":{\"@type\":\"PropertyValueSpecification\",\"valueRequired\":true,\"valueName\":\"search_term_string\"}}],\"inLanguage\":\"es\"},{\"@type\":\"Person\",\"@id\":\"https:\\\/\\\/www.copealcoy.es\\\/es\\\/#\\\/schema\\\/person\\\/e777c87fa024e57d40170af9df39882c\",\"name\":\"Cope Alcoy\",\"image\":{\"@type\":\"ImageObject\",\"inLanguage\":\"es\",\"@id\":\"https:\\\/\\\/secure.gravatar.com\\\/avatar\\\/bb65d0283347e303893ba14f0692005417c1e0e690a325a4c5d8bb2b3943ee14?s=96&d=mm&r=g\",\"url\":\"https:\\\/\\\/secure.gravatar.com\\\/avatar\\\/bb65d0283347e303893ba14f0692005417c1e0e690a325a4c5d8bb2b3943ee14?s=96&d=mm&r=g\",\"contentUrl\":\"https:\\\/\\\/secure.gravatar.com\\\/avatar\\\/bb65d0283347e303893ba14f0692005417c1e0e690a325a4c5d8bb2b3943ee14?s=96&d=mm&r=g\",\"caption\":\"Cope Alcoy\"}}]}<\/script>\n<!-- \/ Yoast SEO plugin. -->","yoast_head_json":{"title":"Informativo matinal viernes 1 de diciembre 2023 (07:20h) - COPE Alcoy","robots":{"index":"index","follow":"follow","max-snippet":"max-snippet:-1","max-image-preview":"max-image-preview:large","max-video-preview":"max-video-preview:-1"},"canonical":"https:\/\/www.copealcoy.es\/es\/informativo-matinal-viernes-1-de-diciembre-2023-0720h\/","og_locale":"es_ES","og_type":"article","og_title":"Informativo matinal viernes 1 de diciembre 2023 (07:20h) - COPE Alcoy","og_description":"Las reclamaciones que hacen los vecinos del barrio de Batoi de Alcoy\u00a0sobre los olores que desprende el alcantarillado, y el...","og_url":"https:\/\/www.copealcoy.es\/es\/informativo-matinal-viernes-1-de-diciembre-2023-0720h\/","og_site_name":"COPE Alcoy","article_published_time":"2023-12-01T06:30:11+00:00","article_modified_time":"2023-12-01T16:03:40+00:00","og_image":[{"width":357,"height":290,"url":"https:\/\/www.copealcoy.es\/wp-content\/uploads\/2023\/02\/Herrera-en-COPE-Alcoy-4.png","type":"image\/png"}],"author":"Cope Alcoy","twitter_misc":{"Escrito por":"Cope Alcoy","Tiempo de lectura":"3 minutos"},"schema":{"@context":"https:\/\/schema.org","@graph":[{"@type":"Article","@id":"https:\/\/www.copealcoy.es\/es\/informativo-matinal-viernes-1-de-diciembre-2023-0720h\/#article","isPartOf":{"@id":"https:\/\/www.copealcoy.es\/es\/informativo-matinal-viernes-1-de-diciembre-2023-0720h\/"},"author":{"name":"Cope Alcoy","@id":"https:\/\/www.copealcoy.es\/es\/#\/schema\/person\/e777c87fa024e57d40170af9df39882c"},"headline":"Informativo matinal viernes 1 de diciembre 2023 (07:20h)","datePublished":"2023-12-01T06:30:11+00:00","dateModified":"2023-12-01T16:03:40+00:00","mainEntityOfPage":{"@id":"https:\/\/www.copealcoy.es\/es\/informativo-matinal-viernes-1-de-diciembre-2023-0720h\/"},"wordCount":584,"commentCount":0,"image":{"@id":"https:\/\/www.copealcoy.es\/es\/informativo-matinal-viernes-1-de-diciembre-2023-0720h\/#primaryimage"},"thumbnailUrl":"https:\/\/www.copealcoy.es\/wp-content\/uploads\/2023\/02\/Herrera-en-COPE-Alcoy-4.png","articleSection":["Actualidad","Audios de los programas","Informativos"],"inLanguage":"es"},{"@type":"WebPage","@id":"https:\/\/www.copealcoy.es\/es\/informativo-matinal-viernes-1-de-diciembre-2023-0720h\/","url":"https:\/\/www.copealcoy.es\/es\/informativo-matinal-viernes-1-de-diciembre-2023-0720h\/","name":"Informativo matinal viernes 1 de diciembre 2023 (07:20h) - COPE Alcoy","isPartOf":{"@id":"https:\/\/www.copealcoy.es\/es\/#website"},"primaryImageOfPage":{"@id":"https:\/\/www.copealcoy.es\/es\/informativo-matinal-viernes-1-de-diciembre-2023-0720h\/#primaryimage"},"image":{"@id":"https:\/\/www.copealcoy.es\/es\/informativo-matinal-viernes-1-de-diciembre-2023-0720h\/#primaryimage"},"thumbnailUrl":"https:\/\/www.copealcoy.es\/wp-content\/uploads\/2023\/02\/Herrera-en-COPE-Alcoy-4.png","datePublished":"2023-12-01T06:30:11+00:00","dateModified":"2023-12-01T16:03:40+00:00","author":{"@id":"https:\/\/www.copealcoy.es\/es\/#\/schema\/person\/e777c87fa024e57d40170af9df39882c"},"breadcrumb":{"@id":"https:\/\/www.copealcoy.es\/es\/informativo-matinal-viernes-1-de-diciembre-2023-0720h\/#breadcrumb"},"inLanguage":"es","potentialAction":[{"@type":"ReadAction","target":["https:\/\/www.copealcoy.es\/es\/informativo-matinal-viernes-1-de-diciembre-2023-0720h\/"]}]},{"@type":"ImageObject","inLanguage":"es","@id":"https:\/\/www.copealcoy.es\/es\/informativo-matinal-viernes-1-de-diciembre-2023-0720h\/#primaryimage","url":"https:\/\/www.copealcoy.es\/wp-content\/uploads\/2023\/02\/Herrera-en-COPE-Alcoy-4.png","contentUrl":"https:\/\/www.copealcoy.es\/wp-content\/uploads\/2023\/02\/Herrera-en-COPE-Alcoy-4.png","width":357,"height":290},{"@type":"BreadcrumbList","@id":"https:\/\/www.copealcoy.es\/es\/informativo-matinal-viernes-1-de-diciembre-2023-0720h\/#breadcrumb","itemListElement":[{"@type":"ListItem","position":1,"name":"Portada","item":"https:\/\/www.copealcoy.es\/es\/"},{"@type":"ListItem","position":2,"name":"Informativo matinal viernes 1 de diciembre 2023 (07:20h)"}]},{"@type":"WebSite","@id":"https:\/\/www.copealcoy.es\/es\/#website","url":"https:\/\/www.copealcoy.es\/es\/","name":"COPE Alcoy","description":"Emisora COPE de radio local con emisi\u00f3n online. Pont de Sant Jordi 8-10 03803 Alcoy","potentialAction":[{"@type":"SearchAction","target":{"@type":"EntryPoint","urlTemplate":"https:\/\/www.copealcoy.es\/es\/?s={search_term_string}"},"query-input":{"@type":"PropertyValueSpecification","valueRequired":true,"valueName":"search_term_string"}}],"inLanguage":"es"},{"@type":"Person","@id":"https:\/\/www.copealcoy.es\/es\/#\/schema\/person\/e777c87fa024e57d40170af9df39882c","name":"Cope Alcoy","image":{"@type":"ImageObject","inLanguage":"es","@id":"https:\/\/secure.gravatar.com\/avatar\/bb65d0283347e303893ba14f0692005417c1e0e690a325a4c5d8bb2b3943ee14?s=96&d=mm&r=g","url":"https:\/\/secure.gravatar.com\/avatar\/bb65d0283347e303893ba14f0692005417c1e0e690a325a4c5d8bb2b3943ee14?s=96&d=mm&r=g","contentUrl":"https:\/\/secure.gravatar.com\/avatar\/bb65d0283347e303893ba14f0692005417c1e0e690a325a4c5d8bb2b3943ee14?s=96&d=mm&r=g","caption":"Cope Alcoy"}}]}},"_links":{"self":[{"href":"https:\/\/www.copealcoy.es\/es\/wp-json\/wp\/v2\/posts\/125960","targetHints":{"allow":["GET"]}}],"collection":[{"href":"https:\/\/www.copealcoy.es\/es\/wp-json\/wp\/v2\/posts"}],"about":[{"href":"https:\/\/www.copealcoy.es\/es\/wp-json\/wp\/v2\/types\/post"}],"author":[{"embeddable":true,"href":"https:\/\/www.copealcoy.es\/es\/wp-json\/wp\/v2\/users\/1"}],"replies":[{"embeddable":true,"href":"https:\/\/www.copealcoy.es\/es\/wp-json\/wp\/v2\/comments?post=125960"}],"version-history":[{"count":0,"href":"https:\/\/www.copealcoy.es\/es\/wp-json\/wp\/v2\/posts\/125960\/revisions"}],"wp:featuredmedia":[{"embeddable":true,"href":"https:\/\/www.copealcoy.es\/es\/wp-json\/wp\/v2\/media\/110612"}],"wp:attachment":[{"href":"https:\/\/www.copealcoy.es\/es\/wp-json\/wp\/v2\/media?parent=125960"}],"wp:term":[{"taxonomy":"category","embeddable":true,"href":"https:\/\/www.copealcoy.es\/es\/wp-json\/wp\/v2\/categories?post=125960"},{"taxonomy":"post_tag","embeddable":true,"href":"https:\/\/www.copealcoy.es\/es\/wp-json\/wp\/v2\/tags?post=125960"}],"curies":[{"name":"wp","href":"https:\/\/api.w.org\/{rel}","templated":true}]}}