{"id":125837,"date":"2023-11-29T07:30:15","date_gmt":"2023-11-29T06:30:15","guid":{"rendered":"https:\/\/www.copealcoy.es\/?p=125837"},"modified":"2023-11-29T20:06:53","modified_gmt":"2023-11-29T19:06:53","slug":"informativo-matinal-miercoles-29-de-noviembre-2023-0720h","status":"publish","type":"post","link":"https:\/\/www.copealcoy.es\/es\/informativo-matinal-miercoles-29-de-noviembre-2023-0720h\/","title":{"rendered":"Informativo matinal mi\u00e9rcoles 29 de noviembre 2023 (07:20h)"},"content":{"rendered":"<p><iframe loading=\"lazy\" title=\"Informatiu Matinal Dimecres 29 De Novembre 2023 (07:20h)\" width=\"100%\" height=\"120\" src=\"https:\/\/www.mixcloud.com\/widget\/iframe\/?feed=https%3A%2F%2Fwww.mixcloud.com%2FCOPEAlcoy%2Finformatiu-matinal-dimecres-29-de-novembre-2023-0720h%2F&amp;hide_cover=1\" frameborder=\"0\"><\/iframe><\/p>\n<p style=\"text-align: justify;\">El <strong>robo en una tienda de productos infantiles de Alcoy<\/strong> y las<strong> previsiones comerciales de cara a la Navidad<\/strong> en la ciudad son algunas de las noticias destacadas de este 29 de noviembre de 2023.<\/p>\n<p style=\"text-align: justify;\">El\u00a0<strong>comercio de Alcoy<\/strong>\u00a0se prepara para una campa\u00f1a de Navidad que\u00a0<strong>afronta con cierto optimismo<\/strong>. El contexto econ\u00f3mico\u00a0<strong>es complicado,<\/strong>\u00a0pero el sector asegura que<strong>\u00a0la previsi\u00f3n de ventas es muy buena;<\/strong>\u00a0especialmente\u00a0<strong>de cara a fechas significativas<\/strong>\u00a0como la venida de Sus Majestades.<\/p>\n<p style=\"text-align: justify;\">Desde\u00a0<strong><a href=\"https:\/\/www.facebook.com\/alcoycomercial\" target=\"_blank\" rel=\"noopener\"><span style=\"color: #0000ff;\">la Federaci\u00f3n de Comercio Alcoy Comercial<\/span>\u00a0<\/a><\/strong>prev\u00e9n que la campa\u00f1a sea similar a la del a\u00f1o anterior e\u00a0<strong>inciden tambi\u00e9n en la climatolog\u00eda<\/strong>\u00a0puesto que el hecho de que las temperaturas hayan sido altas hasta el momento ha condicionado, por ejemplo,\u00a0<strong>la venta de ropa de abrigo<\/strong>. Los comerciantes conf\u00edan en que la llegada del fr\u00edo\u00a0<strong>ser\u00e1 beneficiosa para las tiendas y establecimientos de nuestra ciudad<\/strong>\u00a0<em>\u00abel a\u00f1o pasado fue muy bien la campa\u00f1a y el cambio de clima contribuir\u00e1 a mejorar las ventas<\/em>\u00ab, detalla el presidente de la entidad;\u00a0<strong>\u00c1lex Cerro<\/strong>.<\/p>\n<p style=\"text-align: justify;\"><span style=\"color: #0000ff;\"><strong>Nueva actividad para animar las compras\u00a0<\/strong><\/span><\/p>\n<p style=\"text-align: justify;\">Y precisamente, para incentivar las compras navide\u00f1as\u00a0<strong>se ha programado una actividad en Alcoy para este viernes<\/strong>\u00a0que cuenta con el respaldo del Ayuntamiento de la ciudad, la Federaci\u00f3n de Comercio Alcoy Comercial y la C\u00e1mara de Comercio. Este viernes 1 de diciembre, despu\u00e9s del descubrimiento del cartel anunciador de la Cabalgata en la fachada del Consistorio,\u00a0<strong>un total 20 establecimientos montar\u00e1n sus puestos en las calles Sant Lloren\u00e7 y Pa\u00eds Valenci\u00e0<\/strong>\u00a0para vender sus art\u00edculos. La actividad\u00a0<strong>estar\u00e1 en marcha hasta las 22h<\/strong>\u00a0y desde el \u00e1rea de comercio del mismo Ayuntamiento\u00a0<strong>hacen un llamamiento a la participaci\u00f3n<\/strong>\u00a0\u00ab<em>es una muy buena propuesta para adelantarnos a las compras navide\u00f1as pero tambi\u00e9n adquirir cualquier cosa que necesitemos en un marco especial ya que las calles alcoyanas lucir\u00e1n con la iluminaci\u00f3n especial de estas fechas<\/em>\u00ab, afirma el edil de Comercio;\u00a0<strong>\u00c1lex Cerradelo<\/strong>.<\/p>\n<p style=\"text-align: justify;\">La propuesta\u00a0<strong>lleva por lema \u2018Botigues a la llum de la lluna\u2019<\/strong>\u00a0y comenzar\u00e1 en torno a las siete de la tarde. Tambi\u00e9n est\u00e1 en marcha\u00a0<strong>la nueva campa\u00f1a del \u2018Bono Consumo\u2019<\/strong>, que ha comenzado hoy, y que estar\u00e1 activa en las pr\u00f3ximas semanas.<\/p>\n","protected":false},"excerpt":{"rendered":"<p>El robo en una tienda de productos infantiles de Alcoy y las previsiones comerciales de cara a la Navidad en&#8230;<\/p>\n","protected":false},"author":1,"featured_media":110612,"comment_status":"open","ping_status":"open","sticky":false,"template":"","format":"standard","meta":{"footnotes":""},"categories":[6909,89,91],"tags":[],"class_list":["post-125837","post","type-post","status-publish","format-standard","has-post-thumbnail","hentry","category-actualidad","category-audiosdelosprogramas","category-informativos"],"yoast_head":"<!-- This site is optimized with the Yoast SEO plugin v27.3 - https:\/\/yoast.com\/product\/yoast-seo-wordpress\/ -->\n<title>Informativo matinal mi\u00e9rcoles 29 de noviembre 2023 (07:20h) - COPE Alcoy<\/title>\n<meta name=\"description\" content=\"El robo en una tienda de productos infantiles de Alcoy y las previsiones comerciales de cara a la Navidad en la ciudad son algunas de las noticias destacadas de este 29 de noviembre de 2023.\" \/>\n<meta name=\"robots\" content=\"index, follow, max-snippet:-1, max-image-preview:large, max-video-preview:-1\" \/>\n<link rel=\"canonical\" href=\"https:\/\/www.copealcoy.es\/es\/informativo-matinal-miercoles-29-de-noviembre-2023-0720h\/\" \/>\n<meta property=\"og:locale\" content=\"es_ES\" \/>\n<meta property=\"og:type\" content=\"article\" \/>\n<meta property=\"og:title\" content=\"Informativo matinal mi\u00e9rcoles 29 de noviembre 2023 (07:20h) - COPE Alcoy\" \/>\n<meta property=\"og:description\" content=\"El robo en una tienda de productos infantiles de Alcoy y las previsiones comerciales de cara a la Navidad en la ciudad son algunas de las noticias destacadas de este 29 de noviembre de 2023.\" \/>\n<meta property=\"og:url\" content=\"https:\/\/www.copealcoy.es\/es\/informativo-matinal-miercoles-29-de-noviembre-2023-0720h\/\" \/>\n<meta property=\"og:site_name\" content=\"COPE Alcoy\" \/>\n<meta property=\"article:published_time\" content=\"2023-11-29T06:30:15+00:00\" \/>\n<meta property=\"article:modified_time\" content=\"2023-11-29T19:06:53+00:00\" \/>\n<meta property=\"og:image\" content=\"https:\/\/www.copealcoy.es\/wp-content\/uploads\/2023\/02\/Herrera-en-COPE-Alcoy-4.png\" \/>\n\t<meta property=\"og:image:width\" content=\"357\" \/>\n\t<meta property=\"og:image:height\" content=\"290\" \/>\n\t<meta property=\"og:image:type\" content=\"image\/png\" \/>\n<meta name=\"author\" content=\"Cope Alcoy\" \/>\n<meta name=\"twitter:label1\" content=\"Escrito por\" \/>\n\t<meta name=\"twitter:data1\" content=\"Cope Alcoy\" \/>\n\t<meta name=\"twitter:label2\" content=\"Tiempo de lectura\" \/>\n\t<meta name=\"twitter:data2\" content=\"2 minutos\" \/>\n<script type=\"application\/ld+json\" class=\"yoast-schema-graph\">{\"@context\":\"https:\\\/\\\/schema.org\",\"@graph\":[{\"@type\":\"Article\",\"@id\":\"https:\\\/\\\/www.copealcoy.es\\\/es\\\/informativo-matinal-miercoles-29-de-noviembre-2023-0720h\\\/#article\",\"isPartOf\":{\"@id\":\"https:\\\/\\\/www.copealcoy.es\\\/es\\\/informativo-matinal-miercoles-29-de-noviembre-2023-0720h\\\/\"},\"author\":{\"name\":\"Cope Alcoy\",\"@id\":\"https:\\\/\\\/www.copealcoy.es\\\/es\\\/#\\\/schema\\\/person\\\/e777c87fa024e57d40170af9df39882c\"},\"headline\":\"Informativo matinal mi\u00e9rcoles 29 de noviembre 2023 (07:20h)\",\"datePublished\":\"2023-11-29T06:30:15+00:00\",\"dateModified\":\"2023-11-29T19:06:53+00:00\",\"mainEntityOfPage\":{\"@id\":\"https:\\\/\\\/www.copealcoy.es\\\/es\\\/informativo-matinal-miercoles-29-de-noviembre-2023-0720h\\\/\"},\"wordCount\":404,\"commentCount\":0,\"image\":{\"@id\":\"https:\\\/\\\/www.copealcoy.es\\\/es\\\/informativo-matinal-miercoles-29-de-noviembre-2023-0720h\\\/#primaryimage\"},\"thumbnailUrl\":\"https:\\\/\\\/www.copealcoy.es\\\/wp-content\\\/uploads\\\/2023\\\/02\\\/Herrera-en-COPE-Alcoy-4.png\",\"articleSection\":[\"Actualidad\",\"Audios de los programas\",\"Informativos\"],\"inLanguage\":\"es\"},{\"@type\":\"WebPage\",\"@id\":\"https:\\\/\\\/www.copealcoy.es\\\/es\\\/informativo-matinal-miercoles-29-de-noviembre-2023-0720h\\\/\",\"url\":\"https:\\\/\\\/www.copealcoy.es\\\/es\\\/informativo-matinal-miercoles-29-de-noviembre-2023-0720h\\\/\",\"name\":\"Informativo matinal mi\u00e9rcoles 29 de noviembre 2023 (07:20h) - COPE Alcoy\",\"isPartOf\":{\"@id\":\"https:\\\/\\\/www.copealcoy.es\\\/es\\\/#website\"},\"primaryImageOfPage\":{\"@id\":\"https:\\\/\\\/www.copealcoy.es\\\/es\\\/informativo-matinal-miercoles-29-de-noviembre-2023-0720h\\\/#primaryimage\"},\"image\":{\"@id\":\"https:\\\/\\\/www.copealcoy.es\\\/es\\\/informativo-matinal-miercoles-29-de-noviembre-2023-0720h\\\/#primaryimage\"},\"thumbnailUrl\":\"https:\\\/\\\/www.copealcoy.es\\\/wp-content\\\/uploads\\\/2023\\\/02\\\/Herrera-en-COPE-Alcoy-4.png\",\"datePublished\":\"2023-11-29T06:30:15+00:00\",\"dateModified\":\"2023-11-29T19:06:53+00:00\",\"author\":{\"@id\":\"https:\\\/\\\/www.copealcoy.es\\\/es\\\/#\\\/schema\\\/person\\\/e777c87fa024e57d40170af9df39882c\"},\"description\":\"El robo en una tienda de productos infantiles de Alcoy y las previsiones comerciales de cara a la Navidad en la ciudad son algunas de las noticias destacadas de este 29 de noviembre de 2023.\",\"breadcrumb\":{\"@id\":\"https:\\\/\\\/www.copealcoy.es\\\/es\\\/informativo-matinal-miercoles-29-de-noviembre-2023-0720h\\\/#breadcrumb\"},\"inLanguage\":\"es\",\"potentialAction\":[{\"@type\":\"ReadAction\",\"target\":[\"https:\\\/\\\/www.copealcoy.es\\\/es\\\/informativo-matinal-miercoles-29-de-noviembre-2023-0720h\\\/\"]}]},{\"@type\":\"ImageObject\",\"inLanguage\":\"es\",\"@id\":\"https:\\\/\\\/www.copealcoy.es\\\/es\\\/informativo-matinal-miercoles-29-de-noviembre-2023-0720h\\\/#primaryimage\",\"url\":\"https:\\\/\\\/www.copealcoy.es\\\/wp-content\\\/uploads\\\/2023\\\/02\\\/Herrera-en-COPE-Alcoy-4.png\",\"contentUrl\":\"https:\\\/\\\/www.copealcoy.es\\\/wp-content\\\/uploads\\\/2023\\\/02\\\/Herrera-en-COPE-Alcoy-4.png\",\"width\":357,\"height\":290},{\"@type\":\"BreadcrumbList\",\"@id\":\"https:\\\/\\\/www.copealcoy.es\\\/es\\\/informativo-matinal-miercoles-29-de-noviembre-2023-0720h\\\/#breadcrumb\",\"itemListElement\":[{\"@type\":\"ListItem\",\"position\":1,\"name\":\"Portada\",\"item\":\"https:\\\/\\\/www.copealcoy.es\\\/es\\\/\"},{\"@type\":\"ListItem\",\"position\":2,\"name\":\"Informativo matinal mi\u00e9rcoles 29 de noviembre 2023 (07:20h)\"}]},{\"@type\":\"WebSite\",\"@id\":\"https:\\\/\\\/www.copealcoy.es\\\/es\\\/#website\",\"url\":\"https:\\\/\\\/www.copealcoy.es\\\/es\\\/\",\"name\":\"COPE Alcoy\",\"description\":\"Emisora COPE de radio local con emisi\u00f3n online. Pont de Sant Jordi 8-10 03803 Alcoy\",\"potentialAction\":[{\"@type\":\"SearchAction\",\"target\":{\"@type\":\"EntryPoint\",\"urlTemplate\":\"https:\\\/\\\/www.copealcoy.es\\\/es\\\/?s={search_term_string}\"},\"query-input\":{\"@type\":\"PropertyValueSpecification\",\"valueRequired\":true,\"valueName\":\"search_term_string\"}}],\"inLanguage\":\"es\"},{\"@type\":\"Person\",\"@id\":\"https:\\\/\\\/www.copealcoy.es\\\/es\\\/#\\\/schema\\\/person\\\/e777c87fa024e57d40170af9df39882c\",\"name\":\"Cope Alcoy\",\"image\":{\"@type\":\"ImageObject\",\"inLanguage\":\"es\",\"@id\":\"https:\\\/\\\/secure.gravatar.com\\\/avatar\\\/bb65d0283347e303893ba14f0692005417c1e0e690a325a4c5d8bb2b3943ee14?s=96&d=mm&r=g\",\"url\":\"https:\\\/\\\/secure.gravatar.com\\\/avatar\\\/bb65d0283347e303893ba14f0692005417c1e0e690a325a4c5d8bb2b3943ee14?s=96&d=mm&r=g\",\"contentUrl\":\"https:\\\/\\\/secure.gravatar.com\\\/avatar\\\/bb65d0283347e303893ba14f0692005417c1e0e690a325a4c5d8bb2b3943ee14?s=96&d=mm&r=g\",\"caption\":\"Cope Alcoy\"}}]}<\/script>\n<!-- \/ Yoast SEO plugin. -->","yoast_head_json":{"title":"Informativo matinal mi\u00e9rcoles 29 de noviembre 2023 (07:20h) - COPE Alcoy","description":"El robo en una tienda de productos infantiles de Alcoy y las previsiones comerciales de cara a la Navidad en la ciudad son algunas de las noticias destacadas de este 29 de noviembre de 2023.","robots":{"index":"index","follow":"follow","max-snippet":"max-snippet:-1","max-image-preview":"max-image-preview:large","max-video-preview":"max-video-preview:-1"},"canonical":"https:\/\/www.copealcoy.es\/es\/informativo-matinal-miercoles-29-de-noviembre-2023-0720h\/","og_locale":"es_ES","og_type":"article","og_title":"Informativo matinal mi\u00e9rcoles 29 de noviembre 2023 (07:20h) - COPE Alcoy","og_description":"El robo en una tienda de productos infantiles de Alcoy y las previsiones comerciales de cara a la Navidad en la ciudad son algunas de las noticias destacadas de este 29 de noviembre de 2023.","og_url":"https:\/\/www.copealcoy.es\/es\/informativo-matinal-miercoles-29-de-noviembre-2023-0720h\/","og_site_name":"COPE Alcoy","article_published_time":"2023-11-29T06:30:15+00:00","article_modified_time":"2023-11-29T19:06:53+00:00","og_image":[{"width":357,"height":290,"url":"https:\/\/www.copealcoy.es\/wp-content\/uploads\/2023\/02\/Herrera-en-COPE-Alcoy-4.png","type":"image\/png"}],"author":"Cope Alcoy","twitter_misc":{"Escrito por":"Cope Alcoy","Tiempo de lectura":"2 minutos"},"schema":{"@context":"https:\/\/schema.org","@graph":[{"@type":"Article","@id":"https:\/\/www.copealcoy.es\/es\/informativo-matinal-miercoles-29-de-noviembre-2023-0720h\/#article","isPartOf":{"@id":"https:\/\/www.copealcoy.es\/es\/informativo-matinal-miercoles-29-de-noviembre-2023-0720h\/"},"author":{"name":"Cope Alcoy","@id":"https:\/\/www.copealcoy.es\/es\/#\/schema\/person\/e777c87fa024e57d40170af9df39882c"},"headline":"Informativo matinal mi\u00e9rcoles 29 de noviembre 2023 (07:20h)","datePublished":"2023-11-29T06:30:15+00:00","dateModified":"2023-11-29T19:06:53+00:00","mainEntityOfPage":{"@id":"https:\/\/www.copealcoy.es\/es\/informativo-matinal-miercoles-29-de-noviembre-2023-0720h\/"},"wordCount":404,"commentCount":0,"image":{"@id":"https:\/\/www.copealcoy.es\/es\/informativo-matinal-miercoles-29-de-noviembre-2023-0720h\/#primaryimage"},"thumbnailUrl":"https:\/\/www.copealcoy.es\/wp-content\/uploads\/2023\/02\/Herrera-en-COPE-Alcoy-4.png","articleSection":["Actualidad","Audios de los programas","Informativos"],"inLanguage":"es"},{"@type":"WebPage","@id":"https:\/\/www.copealcoy.es\/es\/informativo-matinal-miercoles-29-de-noviembre-2023-0720h\/","url":"https:\/\/www.copealcoy.es\/es\/informativo-matinal-miercoles-29-de-noviembre-2023-0720h\/","name":"Informativo matinal mi\u00e9rcoles 29 de noviembre 2023 (07:20h) - COPE Alcoy","isPartOf":{"@id":"https:\/\/www.copealcoy.es\/es\/#website"},"primaryImageOfPage":{"@id":"https:\/\/www.copealcoy.es\/es\/informativo-matinal-miercoles-29-de-noviembre-2023-0720h\/#primaryimage"},"image":{"@id":"https:\/\/www.copealcoy.es\/es\/informativo-matinal-miercoles-29-de-noviembre-2023-0720h\/#primaryimage"},"thumbnailUrl":"https:\/\/www.copealcoy.es\/wp-content\/uploads\/2023\/02\/Herrera-en-COPE-Alcoy-4.png","datePublished":"2023-11-29T06:30:15+00:00","dateModified":"2023-11-29T19:06:53+00:00","author":{"@id":"https:\/\/www.copealcoy.es\/es\/#\/schema\/person\/e777c87fa024e57d40170af9df39882c"},"description":"El robo en una tienda de productos infantiles de Alcoy y las previsiones comerciales de cara a la Navidad en la ciudad son algunas de las noticias destacadas de este 29 de noviembre de 2023.","breadcrumb":{"@id":"https:\/\/www.copealcoy.es\/es\/informativo-matinal-miercoles-29-de-noviembre-2023-0720h\/#breadcrumb"},"inLanguage":"es","potentialAction":[{"@type":"ReadAction","target":["https:\/\/www.copealcoy.es\/es\/informativo-matinal-miercoles-29-de-noviembre-2023-0720h\/"]}]},{"@type":"ImageObject","inLanguage":"es","@id":"https:\/\/www.copealcoy.es\/es\/informativo-matinal-miercoles-29-de-noviembre-2023-0720h\/#primaryimage","url":"https:\/\/www.copealcoy.es\/wp-content\/uploads\/2023\/02\/Herrera-en-COPE-Alcoy-4.png","contentUrl":"https:\/\/www.copealcoy.es\/wp-content\/uploads\/2023\/02\/Herrera-en-COPE-Alcoy-4.png","width":357,"height":290},{"@type":"BreadcrumbList","@id":"https:\/\/www.copealcoy.es\/es\/informativo-matinal-miercoles-29-de-noviembre-2023-0720h\/#breadcrumb","itemListElement":[{"@type":"ListItem","position":1,"name":"Portada","item":"https:\/\/www.copealcoy.es\/es\/"},{"@type":"ListItem","position":2,"name":"Informativo matinal mi\u00e9rcoles 29 de noviembre 2023 (07:20h)"}]},{"@type":"WebSite","@id":"https:\/\/www.copealcoy.es\/es\/#website","url":"https:\/\/www.copealcoy.es\/es\/","name":"COPE Alcoy","description":"Emisora COPE de radio local con emisi\u00f3n online. Pont de Sant Jordi 8-10 03803 Alcoy","potentialAction":[{"@type":"SearchAction","target":{"@type":"EntryPoint","urlTemplate":"https:\/\/www.copealcoy.es\/es\/?s={search_term_string}"},"query-input":{"@type":"PropertyValueSpecification","valueRequired":true,"valueName":"search_term_string"}}],"inLanguage":"es"},{"@type":"Person","@id":"https:\/\/www.copealcoy.es\/es\/#\/schema\/person\/e777c87fa024e57d40170af9df39882c","name":"Cope Alcoy","image":{"@type":"ImageObject","inLanguage":"es","@id":"https:\/\/secure.gravatar.com\/avatar\/bb65d0283347e303893ba14f0692005417c1e0e690a325a4c5d8bb2b3943ee14?s=96&d=mm&r=g","url":"https:\/\/secure.gravatar.com\/avatar\/bb65d0283347e303893ba14f0692005417c1e0e690a325a4c5d8bb2b3943ee14?s=96&d=mm&r=g","contentUrl":"https:\/\/secure.gravatar.com\/avatar\/bb65d0283347e303893ba14f0692005417c1e0e690a325a4c5d8bb2b3943ee14?s=96&d=mm&r=g","caption":"Cope Alcoy"}}]}},"_links":{"self":[{"href":"https:\/\/www.copealcoy.es\/es\/wp-json\/wp\/v2\/posts\/125837","targetHints":{"allow":["GET"]}}],"collection":[{"href":"https:\/\/www.copealcoy.es\/es\/wp-json\/wp\/v2\/posts"}],"about":[{"href":"https:\/\/www.copealcoy.es\/es\/wp-json\/wp\/v2\/types\/post"}],"author":[{"embeddable":true,"href":"https:\/\/www.copealcoy.es\/es\/wp-json\/wp\/v2\/users\/1"}],"replies":[{"embeddable":true,"href":"https:\/\/www.copealcoy.es\/es\/wp-json\/wp\/v2\/comments?post=125837"}],"version-history":[{"count":0,"href":"https:\/\/www.copealcoy.es\/es\/wp-json\/wp\/v2\/posts\/125837\/revisions"}],"wp:featuredmedia":[{"embeddable":true,"href":"https:\/\/www.copealcoy.es\/es\/wp-json\/wp\/v2\/media\/110612"}],"wp:attachment":[{"href":"https:\/\/www.copealcoy.es\/es\/wp-json\/wp\/v2\/media?parent=125837"}],"wp:term":[{"taxonomy":"category","embeddable":true,"href":"https:\/\/www.copealcoy.es\/es\/wp-json\/wp\/v2\/categories?post=125837"},{"taxonomy":"post_tag","embeddable":true,"href":"https:\/\/www.copealcoy.es\/es\/wp-json\/wp\/v2\/tags?post=125837"}],"curies":[{"name":"wp","href":"https:\/\/api.w.org\/{rel}","templated":true}]}}