{"id":125801,"date":"2023-11-28T12:23:03","date_gmt":"2023-11-28T11:23:03","guid":{"rendered":"https:\/\/www.copealcoy.es\/?p=125801"},"modified":"2023-11-28T12:40:07","modified_gmt":"2023-11-28T11:40:07","slug":"el-comercio-de-alcoy-se-enfrenta-con-optimismo-a-la-campana-de-navidad","status":"publish","type":"post","link":"https:\/\/www.copealcoy.es\/es\/el-comercio-de-alcoy-se-enfrenta-con-optimismo-a-la-campana-de-navidad\/","title":{"rendered":"El comercio de Alcoy se enfrenta con optimismo a la campa\u00f1a de Navidad"},"content":{"rendered":"<p style=\"text-align: justify;\">El <strong>comercio de Alcoy<\/strong> se prepara para una campa\u00f1a de Navidad que <strong>afronta con cierto optimismo<\/strong>. El contexto econ\u00f3mico <strong>es complicado,<\/strong> pero el sector asegura que<strong> la previsi\u00f3n de ventas es muy buena;<\/strong>\u00a0especialmente <strong>de cara a fechas significativas<\/strong> como la venida de Sus Majestades.<\/p>\n<p style=\"text-align: justify;\">Desde <strong><a href=\"https:\/\/www.facebook.com\/alcoycomercial\" target=\"_blank\" rel=\"noopener\"><span style=\"color: #0000ff;\">la Federaci\u00f3n de Comercio Alcoy Comercial<\/span> <\/a><\/strong>prev\u00e9n que la campa\u00f1a sea similar a la del a\u00f1o anterior e <strong>inciden tambi\u00e9n en la climatolog\u00eda<\/strong> puesto que el hecho de que las temperaturas hayan sido altas hasta el momento ha condicionado, por ejemplo, <strong>la venta de ropa de abrigo<\/strong>. Los comerciantes conf\u00edan en que la llegada del fr\u00edo <strong>ser\u00e1 beneficiosa para las tiendas y establecimientos de nuestra ciudad<\/strong> <em>&#8220;el a\u00f1o pasado fue muy bien la campa\u00f1a y el cambio de clima contribuir\u00e1 a mejorar las ventas<\/em>&#8220;, detalla el presidente de la entidad; <strong>\u00c1lex Cerro<\/strong>.<\/p>\n<p><strong><span style=\"color: #0000ff;\">Nueva actividad para animar las compras\u00a0<\/span><\/strong><\/p>\n<p style=\"text-align: justify;\">Y precisamente, para incentivar las compras navide\u00f1as <strong>se ha programado una actividad en Alcoy para este viernes<\/strong> que cuenta con el respaldo del Ayuntamiento de la ciudad, la Federaci\u00f3n de Comercio Alcoy Comercial y la C\u00e1mara de Comercio. Este viernes 1 de diciembre, despu\u00e9s del descubrimiento del cartel anunciador de la Cabalgata en la fachada del Consistorio, <strong>un total 20 establecimientos montar\u00e1n sus puestos en las calles Sant Lloren\u00e7 y Pa\u00eds Valenci\u00e0<\/strong> para vender sus art\u00edculos. La actividad <strong>estar\u00e1 en marcha hasta las 22h<\/strong> y desde el \u00e1rea de comercio del mismo Ayuntamiento <strong>hacen un llamamiento a la participaci\u00f3n<\/strong> &#8220;<em>es una muy buena propuesta para adelantarnos a las compras navide\u00f1as pero tambi\u00e9n adquirir cualquier cosa que necesitemos en un marco especial ya que las calles alcoyanas lucir\u00e1n con la iluminaci\u00f3n especial de estas fechas<\/em>&#8220;, afirma el edil de Comercio; <strong>\u00c1lex Cerradelo<\/strong>.<\/p>\n<p style=\"text-align: justify;\">La propuesta <strong>lleva por lema &#8216;Botigues a la llum de la lluna&#8217;<\/strong> y comenzar\u00e1 en torno a las siete de la tarde. Tambi\u00e9n est\u00e1 en marcha <strong>la nueva campa\u00f1a del &#8216;Bono Consumo&#8217;<\/strong>, que ha comenzado hoy, y que estar\u00e1 activa en las pr\u00f3ximas semanas.<\/p>\n","protected":false},"excerpt":{"rendered":"<p>El comercio de Alcoy se prepara para una campa\u00f1a de Navidad que afronta con cierto optimismo. El contexto econ\u00f3mico es&#8230;<\/p>\n","protected":false},"author":1,"featured_media":72474,"comment_status":"open","ping_status":"open","sticky":false,"template":"","format":"standard","meta":{"footnotes":""},"categories":[6909,97,78,75],"tags":[1494,199,467,174],"class_list":["post-125801","post","type-post","status-publish","format-standard","has-post-thumbnail","hentry","category-actualidad","category-alcoy","category-fiestaycultura","category-noticias","tag-alcoy","tag-campana","tag-comercio","tag-navidad"],"yoast_head":"<!-- This site is optimized with the Yoast SEO plugin v27.3 - https:\/\/yoast.com\/product\/yoast-seo-wordpress\/ -->\n<title>El comercio de Alcoy se enfrenta con optimismo a la campa\u00f1a de Navidad - COPE Alcoy<\/title>\n<meta name=\"description\" content=\"El comercio de Alcoy se prepara para una campa\u00f1a de Navidad que afronta con cierto optimismo de cara a las pr\u00f3ximas semanas\" \/>\n<meta name=\"robots\" content=\"index, follow, max-snippet:-1, max-image-preview:large, max-video-preview:-1\" \/>\n<link rel=\"canonical\" href=\"https:\/\/www.copealcoy.es\/es\/el-comercio-de-alcoy-se-enfrenta-con-optimismo-a-la-campana-de-navidad\/\" \/>\n<meta property=\"og:locale\" content=\"es_ES\" \/>\n<meta property=\"og:type\" content=\"article\" \/>\n<meta property=\"og:title\" content=\"El comercio de Alcoy se enfrenta con optimismo a la campa\u00f1a de Navidad - COPE Alcoy\" \/>\n<meta property=\"og:description\" content=\"El comercio de Alcoy se prepara para una campa\u00f1a de Navidad que afronta con cierto optimismo de cara a las pr\u00f3ximas semanas\" \/>\n<meta property=\"og:url\" content=\"https:\/\/www.copealcoy.es\/es\/el-comercio-de-alcoy-se-enfrenta-con-optimismo-a-la-campana-de-navidad\/\" \/>\n<meta property=\"og:site_name\" content=\"COPE Alcoy\" \/>\n<meta property=\"article:published_time\" content=\"2023-11-28T11:23:03+00:00\" \/>\n<meta property=\"article:modified_time\" content=\"2023-11-28T11:40:07+00:00\" \/>\n<meta property=\"og:image\" content=\"https:\/\/www.copealcoy.es\/wp-content\/uploads\/2021\/03\/image80-1024x768-1.jpg\" \/>\n\t<meta property=\"og:image:width\" content=\"875\" \/>\n\t<meta property=\"og:image:height\" content=\"614\" \/>\n\t<meta property=\"og:image:type\" content=\"image\/jpeg\" \/>\n<meta name=\"author\" content=\"Cope Alcoy\" \/>\n<meta name=\"twitter:label1\" content=\"Escrito por\" \/>\n\t<meta name=\"twitter:data1\" content=\"Cope Alcoy\" \/>\n\t<meta name=\"twitter:label2\" content=\"Tiempo de lectura\" \/>\n\t<meta name=\"twitter:data2\" content=\"2 minutos\" \/>\n<script type=\"application\/ld+json\" class=\"yoast-schema-graph\">{\"@context\":\"https:\\\/\\\/schema.org\",\"@graph\":[{\"@type\":\"Article\",\"@id\":\"https:\\\/\\\/www.copealcoy.es\\\/es\\\/el-comercio-de-alcoy-se-enfrenta-con-optimismo-a-la-campana-de-navidad\\\/#article\",\"isPartOf\":{\"@id\":\"https:\\\/\\\/www.copealcoy.es\\\/es\\\/el-comercio-de-alcoy-se-enfrenta-con-optimismo-a-la-campana-de-navidad\\\/\"},\"author\":{\"name\":\"Cope Alcoy\",\"@id\":\"https:\\\/\\\/www.copealcoy.es\\\/es\\\/#\\\/schema\\\/person\\\/e777c87fa024e57d40170af9df39882c\"},\"headline\":\"El comercio de Alcoy se enfrenta con optimismo a la campa\u00f1a de Navidad\",\"datePublished\":\"2023-11-28T11:23:03+00:00\",\"dateModified\":\"2023-11-28T11:40:07+00:00\",\"mainEntityOfPage\":{\"@id\":\"https:\\\/\\\/www.copealcoy.es\\\/es\\\/el-comercio-de-alcoy-se-enfrenta-con-optimismo-a-la-campana-de-navidad\\\/\"},\"wordCount\":369,\"commentCount\":0,\"image\":{\"@id\":\"https:\\\/\\\/www.copealcoy.es\\\/es\\\/el-comercio-de-alcoy-se-enfrenta-con-optimismo-a-la-campana-de-navidad\\\/#primaryimage\"},\"thumbnailUrl\":\"https:\\\/\\\/www.copealcoy.es\\\/wp-content\\\/uploads\\\/2021\\\/03\\\/image80-1024x768-1.jpg\",\"keywords\":[\"Alcoy\",\"Campa\u00f1a\",\"Comercio\",\"Navidad\"],\"articleSection\":[\"Actualidad\",\"Alcoy\",\"Fiesta y Cultura\",\"Noticias\"],\"inLanguage\":\"es\"},{\"@type\":\"WebPage\",\"@id\":\"https:\\\/\\\/www.copealcoy.es\\\/es\\\/el-comercio-de-alcoy-se-enfrenta-con-optimismo-a-la-campana-de-navidad\\\/\",\"url\":\"https:\\\/\\\/www.copealcoy.es\\\/es\\\/el-comercio-de-alcoy-se-enfrenta-con-optimismo-a-la-campana-de-navidad\\\/\",\"name\":\"El comercio de Alcoy se enfrenta con optimismo a la campa\u00f1a de Navidad - COPE Alcoy\",\"isPartOf\":{\"@id\":\"https:\\\/\\\/www.copealcoy.es\\\/es\\\/#website\"},\"primaryImageOfPage\":{\"@id\":\"https:\\\/\\\/www.copealcoy.es\\\/es\\\/el-comercio-de-alcoy-se-enfrenta-con-optimismo-a-la-campana-de-navidad\\\/#primaryimage\"},\"image\":{\"@id\":\"https:\\\/\\\/www.copealcoy.es\\\/es\\\/el-comercio-de-alcoy-se-enfrenta-con-optimismo-a-la-campana-de-navidad\\\/#primaryimage\"},\"thumbnailUrl\":\"https:\\\/\\\/www.copealcoy.es\\\/wp-content\\\/uploads\\\/2021\\\/03\\\/image80-1024x768-1.jpg\",\"datePublished\":\"2023-11-28T11:23:03+00:00\",\"dateModified\":\"2023-11-28T11:40:07+00:00\",\"author\":{\"@id\":\"https:\\\/\\\/www.copealcoy.es\\\/es\\\/#\\\/schema\\\/person\\\/e777c87fa024e57d40170af9df39882c\"},\"description\":\"El comercio de Alcoy se prepara para una campa\u00f1a de Navidad que afronta con cierto optimismo de cara a las pr\u00f3ximas semanas\",\"breadcrumb\":{\"@id\":\"https:\\\/\\\/www.copealcoy.es\\\/es\\\/el-comercio-de-alcoy-se-enfrenta-con-optimismo-a-la-campana-de-navidad\\\/#breadcrumb\"},\"inLanguage\":\"es\",\"potentialAction\":[{\"@type\":\"ReadAction\",\"target\":[\"https:\\\/\\\/www.copealcoy.es\\\/es\\\/el-comercio-de-alcoy-se-enfrenta-con-optimismo-a-la-campana-de-navidad\\\/\"]}]},{\"@type\":\"ImageObject\",\"inLanguage\":\"es\",\"@id\":\"https:\\\/\\\/www.copealcoy.es\\\/es\\\/el-comercio-de-alcoy-se-enfrenta-con-optimismo-a-la-campana-de-navidad\\\/#primaryimage\",\"url\":\"https:\\\/\\\/www.copealcoy.es\\\/wp-content\\\/uploads\\\/2021\\\/03\\\/image80-1024x768-1.jpg\",\"contentUrl\":\"https:\\\/\\\/www.copealcoy.es\\\/wp-content\\\/uploads\\\/2021\\\/03\\\/image80-1024x768-1.jpg\",\"width\":875,\"height\":614},{\"@type\":\"BreadcrumbList\",\"@id\":\"https:\\\/\\\/www.copealcoy.es\\\/es\\\/el-comercio-de-alcoy-se-enfrenta-con-optimismo-a-la-campana-de-navidad\\\/#breadcrumb\",\"itemListElement\":[{\"@type\":\"ListItem\",\"position\":1,\"name\":\"Portada\",\"item\":\"https:\\\/\\\/www.copealcoy.es\\\/es\\\/\"},{\"@type\":\"ListItem\",\"position\":2,\"name\":\"El comercio de Alcoy se enfrenta con optimismo a la campa\u00f1a de Navidad\"}]},{\"@type\":\"WebSite\",\"@id\":\"https:\\\/\\\/www.copealcoy.es\\\/es\\\/#website\",\"url\":\"https:\\\/\\\/www.copealcoy.es\\\/es\\\/\",\"name\":\"COPE Alcoy\",\"description\":\"Emisora COPE de radio local con emisi\u00f3n online. Pont de Sant Jordi 8-10 03803 Alcoy\",\"potentialAction\":[{\"@type\":\"SearchAction\",\"target\":{\"@type\":\"EntryPoint\",\"urlTemplate\":\"https:\\\/\\\/www.copealcoy.es\\\/es\\\/?s={search_term_string}\"},\"query-input\":{\"@type\":\"PropertyValueSpecification\",\"valueRequired\":true,\"valueName\":\"search_term_string\"}}],\"inLanguage\":\"es\"},{\"@type\":\"Person\",\"@id\":\"https:\\\/\\\/www.copealcoy.es\\\/es\\\/#\\\/schema\\\/person\\\/e777c87fa024e57d40170af9df39882c\",\"name\":\"Cope Alcoy\",\"image\":{\"@type\":\"ImageObject\",\"inLanguage\":\"es\",\"@id\":\"https:\\\/\\\/secure.gravatar.com\\\/avatar\\\/bb65d0283347e303893ba14f0692005417c1e0e690a325a4c5d8bb2b3943ee14?s=96&d=mm&r=g\",\"url\":\"https:\\\/\\\/secure.gravatar.com\\\/avatar\\\/bb65d0283347e303893ba14f0692005417c1e0e690a325a4c5d8bb2b3943ee14?s=96&d=mm&r=g\",\"contentUrl\":\"https:\\\/\\\/secure.gravatar.com\\\/avatar\\\/bb65d0283347e303893ba14f0692005417c1e0e690a325a4c5d8bb2b3943ee14?s=96&d=mm&r=g\",\"caption\":\"Cope Alcoy\"}}]}<\/script>\n<!-- \/ Yoast SEO plugin. -->","yoast_head_json":{"title":"El comercio de Alcoy se enfrenta con optimismo a la campa\u00f1a de Navidad - COPE Alcoy","description":"El comercio de Alcoy se prepara para una campa\u00f1a de Navidad que afronta con cierto optimismo de cara a las pr\u00f3ximas semanas","robots":{"index":"index","follow":"follow","max-snippet":"max-snippet:-1","max-image-preview":"max-image-preview:large","max-video-preview":"max-video-preview:-1"},"canonical":"https:\/\/www.copealcoy.es\/es\/el-comercio-de-alcoy-se-enfrenta-con-optimismo-a-la-campana-de-navidad\/","og_locale":"es_ES","og_type":"article","og_title":"El comercio de Alcoy se enfrenta con optimismo a la campa\u00f1a de Navidad - COPE Alcoy","og_description":"El comercio de Alcoy se prepara para una campa\u00f1a de Navidad que afronta con cierto optimismo de cara a las pr\u00f3ximas semanas","og_url":"https:\/\/www.copealcoy.es\/es\/el-comercio-de-alcoy-se-enfrenta-con-optimismo-a-la-campana-de-navidad\/","og_site_name":"COPE Alcoy","article_published_time":"2023-11-28T11:23:03+00:00","article_modified_time":"2023-11-28T11:40:07+00:00","og_image":[{"width":875,"height":614,"url":"https:\/\/www.copealcoy.es\/wp-content\/uploads\/2021\/03\/image80-1024x768-1.jpg","type":"image\/jpeg"}],"author":"Cope Alcoy","twitter_misc":{"Escrito por":"Cope Alcoy","Tiempo de lectura":"2 minutos"},"schema":{"@context":"https:\/\/schema.org","@graph":[{"@type":"Article","@id":"https:\/\/www.copealcoy.es\/es\/el-comercio-de-alcoy-se-enfrenta-con-optimismo-a-la-campana-de-navidad\/#article","isPartOf":{"@id":"https:\/\/www.copealcoy.es\/es\/el-comercio-de-alcoy-se-enfrenta-con-optimismo-a-la-campana-de-navidad\/"},"author":{"name":"Cope Alcoy","@id":"https:\/\/www.copealcoy.es\/es\/#\/schema\/person\/e777c87fa024e57d40170af9df39882c"},"headline":"El comercio de Alcoy se enfrenta con optimismo a la campa\u00f1a de Navidad","datePublished":"2023-11-28T11:23:03+00:00","dateModified":"2023-11-28T11:40:07+00:00","mainEntityOfPage":{"@id":"https:\/\/www.copealcoy.es\/es\/el-comercio-de-alcoy-se-enfrenta-con-optimismo-a-la-campana-de-navidad\/"},"wordCount":369,"commentCount":0,"image":{"@id":"https:\/\/www.copealcoy.es\/es\/el-comercio-de-alcoy-se-enfrenta-con-optimismo-a-la-campana-de-navidad\/#primaryimage"},"thumbnailUrl":"https:\/\/www.copealcoy.es\/wp-content\/uploads\/2021\/03\/image80-1024x768-1.jpg","keywords":["Alcoy","Campa\u00f1a","Comercio","Navidad"],"articleSection":["Actualidad","Alcoy","Fiesta y Cultura","Noticias"],"inLanguage":"es"},{"@type":"WebPage","@id":"https:\/\/www.copealcoy.es\/es\/el-comercio-de-alcoy-se-enfrenta-con-optimismo-a-la-campana-de-navidad\/","url":"https:\/\/www.copealcoy.es\/es\/el-comercio-de-alcoy-se-enfrenta-con-optimismo-a-la-campana-de-navidad\/","name":"El comercio de Alcoy se enfrenta con optimismo a la campa\u00f1a de Navidad - COPE Alcoy","isPartOf":{"@id":"https:\/\/www.copealcoy.es\/es\/#website"},"primaryImageOfPage":{"@id":"https:\/\/www.copealcoy.es\/es\/el-comercio-de-alcoy-se-enfrenta-con-optimismo-a-la-campana-de-navidad\/#primaryimage"},"image":{"@id":"https:\/\/www.copealcoy.es\/es\/el-comercio-de-alcoy-se-enfrenta-con-optimismo-a-la-campana-de-navidad\/#primaryimage"},"thumbnailUrl":"https:\/\/www.copealcoy.es\/wp-content\/uploads\/2021\/03\/image80-1024x768-1.jpg","datePublished":"2023-11-28T11:23:03+00:00","dateModified":"2023-11-28T11:40:07+00:00","author":{"@id":"https:\/\/www.copealcoy.es\/es\/#\/schema\/person\/e777c87fa024e57d40170af9df39882c"},"description":"El comercio de Alcoy se prepara para una campa\u00f1a de Navidad que afronta con cierto optimismo de cara a las pr\u00f3ximas semanas","breadcrumb":{"@id":"https:\/\/www.copealcoy.es\/es\/el-comercio-de-alcoy-se-enfrenta-con-optimismo-a-la-campana-de-navidad\/#breadcrumb"},"inLanguage":"es","potentialAction":[{"@type":"ReadAction","target":["https:\/\/www.copealcoy.es\/es\/el-comercio-de-alcoy-se-enfrenta-con-optimismo-a-la-campana-de-navidad\/"]}]},{"@type":"ImageObject","inLanguage":"es","@id":"https:\/\/www.copealcoy.es\/es\/el-comercio-de-alcoy-se-enfrenta-con-optimismo-a-la-campana-de-navidad\/#primaryimage","url":"https:\/\/www.copealcoy.es\/wp-content\/uploads\/2021\/03\/image80-1024x768-1.jpg","contentUrl":"https:\/\/www.copealcoy.es\/wp-content\/uploads\/2021\/03\/image80-1024x768-1.jpg","width":875,"height":614},{"@type":"BreadcrumbList","@id":"https:\/\/www.copealcoy.es\/es\/el-comercio-de-alcoy-se-enfrenta-con-optimismo-a-la-campana-de-navidad\/#breadcrumb","itemListElement":[{"@type":"ListItem","position":1,"name":"Portada","item":"https:\/\/www.copealcoy.es\/es\/"},{"@type":"ListItem","position":2,"name":"El comercio de Alcoy se enfrenta con optimismo a la campa\u00f1a de Navidad"}]},{"@type":"WebSite","@id":"https:\/\/www.copealcoy.es\/es\/#website","url":"https:\/\/www.copealcoy.es\/es\/","name":"COPE Alcoy","description":"Emisora COPE de radio local con emisi\u00f3n online. Pont de Sant Jordi 8-10 03803 Alcoy","potentialAction":[{"@type":"SearchAction","target":{"@type":"EntryPoint","urlTemplate":"https:\/\/www.copealcoy.es\/es\/?s={search_term_string}"},"query-input":{"@type":"PropertyValueSpecification","valueRequired":true,"valueName":"search_term_string"}}],"inLanguage":"es"},{"@type":"Person","@id":"https:\/\/www.copealcoy.es\/es\/#\/schema\/person\/e777c87fa024e57d40170af9df39882c","name":"Cope Alcoy","image":{"@type":"ImageObject","inLanguage":"es","@id":"https:\/\/secure.gravatar.com\/avatar\/bb65d0283347e303893ba14f0692005417c1e0e690a325a4c5d8bb2b3943ee14?s=96&d=mm&r=g","url":"https:\/\/secure.gravatar.com\/avatar\/bb65d0283347e303893ba14f0692005417c1e0e690a325a4c5d8bb2b3943ee14?s=96&d=mm&r=g","contentUrl":"https:\/\/secure.gravatar.com\/avatar\/bb65d0283347e303893ba14f0692005417c1e0e690a325a4c5d8bb2b3943ee14?s=96&d=mm&r=g","caption":"Cope Alcoy"}}]}},"_links":{"self":[{"href":"https:\/\/www.copealcoy.es\/es\/wp-json\/wp\/v2\/posts\/125801","targetHints":{"allow":["GET"]}}],"collection":[{"href":"https:\/\/www.copealcoy.es\/es\/wp-json\/wp\/v2\/posts"}],"about":[{"href":"https:\/\/www.copealcoy.es\/es\/wp-json\/wp\/v2\/types\/post"}],"author":[{"embeddable":true,"href":"https:\/\/www.copealcoy.es\/es\/wp-json\/wp\/v2\/users\/1"}],"replies":[{"embeddable":true,"href":"https:\/\/www.copealcoy.es\/es\/wp-json\/wp\/v2\/comments?post=125801"}],"version-history":[{"count":0,"href":"https:\/\/www.copealcoy.es\/es\/wp-json\/wp\/v2\/posts\/125801\/revisions"}],"wp:featuredmedia":[{"embeddable":true,"href":"https:\/\/www.copealcoy.es\/es\/wp-json\/wp\/v2\/media\/72474"}],"wp:attachment":[{"href":"https:\/\/www.copealcoy.es\/es\/wp-json\/wp\/v2\/media?parent=125801"}],"wp:term":[{"taxonomy":"category","embeddable":true,"href":"https:\/\/www.copealcoy.es\/es\/wp-json\/wp\/v2\/categories?post=125801"},{"taxonomy":"post_tag","embeddable":true,"href":"https:\/\/www.copealcoy.es\/es\/wp-json\/wp\/v2\/tags?post=125801"}],"curies":[{"name":"wp","href":"https:\/\/api.w.org\/{rel}","templated":true}]}}