{"id":125789,"date":"2023-11-27T07:40:38","date_gmt":"2023-11-27T06:40:38","guid":{"rendered":"https:\/\/www.copealcoy.es\/?p=125789"},"modified":"2023-11-27T19:40:38","modified_gmt":"2023-11-27T18:40:38","slug":"mediodia-cope-alcoy-lunes-27-de-noviembre-2023-1420h","status":"publish","type":"post","link":"https:\/\/www.copealcoy.es\/es\/mediodia-cope-alcoy-lunes-27-de-noviembre-2023-1420h\/","title":{"rendered":"\u2018Mediod\u00eda Cope\u2019 Alcoy lunes 27 de noviembre 2023 (14:20h)"},"content":{"rendered":"<p><iframe loading=\"lazy\" title=\"Mediod\u00eda Cope&#039; Alcoi Dilluns 27 De Novembre 2023 (14:20h)\" width=\"100%\" height=\"120\" src=\"https:\/\/www.mixcloud.com\/widget\/iframe\/?feed=https%3A%2F%2Fwww.mixcloud.com%2FCOPEAlcoy%2Fmediod%25C3%25ADa-cope-alcoi-dilluns-27-de-novembre-2023-1420h%2F&amp;hide_cover=1\" frameborder=\"0\"><\/iframe><\/p>\n<p style=\"text-align: justify;\">Hoy lunes <strong>hemos destacado cuestiones referidas a las ayudas en materia de vivienda<\/strong> que otorga el Ayuntamiento de Alcoy a los colectivos m\u00e1s vulnerables. Tambi\u00e9n <strong>hemos hablado de la nueva campa\u00f1a del &#8216;Bono Consumo&#8217;<\/strong> que se pone en marcha en nuestra ciudad.<\/p>\n<p style=\"text-align: justify;\">El Ayuntamiento de Alcoy ha lanzado\u00a0<strong>una nueva campa\u00f1a del \u2018Bono Consumo\u2019<\/strong>\u00a0para\u00a0<strong>facilitar las compras en el comercio local<\/strong>\u00a0de cara a las fiestas de Navidad que se acercan. Es\u00a0<strong>la cuarta edici\u00f3n<\/strong>\u00a0de una iniciativa que\u00a0<strong>cuenta con aportaci\u00f3n econ\u00f3mica municipal<\/strong>\u00a0y que tambi\u00e9n<strong>\u00a0ha recibido una ayuda de la Diputaci\u00f3n Provincial de Alicante<\/strong>.<\/p>\n<p style=\"text-align: justify;\">En esta ocasi\u00f3n\u00a0<strong>se pueden comprar hasta 140 bonos<\/strong>\u00a0para gastar en los comercios alcoyanos adheridos a la campa\u00f1a desde el 28 de noviembre y hasta el 11 de diciembre. Se pueden comprar\u00a0<strong>bonos por valor de 20, 50 y 100 euros<\/strong>\u00a0de manera online tanto desde la aplicaci\u00f3n m\u00f3vil creada para tal efecto como\u00a0<span style=\"color: #0000ff;\"><a style=\"color: #0000ff;\" href=\"https:\/\/alcoibonoconsum.es\/\" target=\"_blank\" rel=\"noopener\"><strong>a trav\u00e9s de la web habilitada para la campa\u00f1a del \u2018Bono Consumo\u2019<\/strong><\/a><\/span>. La venta\u00a0<strong>arranca este martes<\/strong>\u00a0y\u00a0<strong>el d\u00eda treinta de noviembre tambi\u00e9n se podr\u00e1n adquirir vales de forma presencial en la oficia de comercio de la calle Sant Francesc en horario de diez de la ma\u00f1ana a dos del mediod\u00eda<\/strong>\u00a0\u00ab<em>el objetivo es fomentar el consumo de proximidad y, durante los quince d\u00edas que dura la campa\u00f1a de los bonos, se va a generar un volumen de negocio en las tiendas de la ciudad de al menos medio mill\u00f3n de euros<\/em>\u00ab, afirma el edil de Promoci\u00f3n Econ\u00f3mica en el consistorio alcoyano;\u00a0<strong>\u00c1lex Cerradelo<\/strong>. Tambi\u00e9n\u00a0<strong>la Federaci\u00f3n de Comercio anima a participar en esta nueva edici\u00f3n del \u2018Bono Consumo\u2019<\/strong>\u00a0y califican la de la campa\u00f1a de \u00ab<em>una buena oportunidad para adelantarnos a las compras navide\u00f1as y para que estas no se nos hagan cuesta arriba<\/em>\u00ab, indica el presidente de este organismo;\u00a0<strong>\u00c1lex Cerro<\/strong>. Finalmente\u00a0<strong>la C\u00e1mara de Comercio aplaude tambi\u00e9n la convocatoria<\/strong>\u00a0\u00ab<em>en unos momentos en los que la situaci\u00f3n econ\u00f3mica es un tanto complicada y campa\u00f1as como estas ayudan al comercio pero tambi\u00e9n son un bal\u00f3n de ox\u00edgeno para los clientes<\/em>\u00ab, concluye la secretaria de la instituci\u00f3n;\u00a0<strong>J\u00falia Company<\/strong>.<\/p>\n<p style=\"text-align: justify;\">En la \u00faltima camp\u00f1a del \u2018Bono Consumo\u2019\u00a0<strong>hay vales por valor de 478.000 euros<\/strong>. La mitad de esta cantidad\u00a0<strong>viene subvencionada<\/strong>\u00a0por el Ayuntamiento y la Diputaci\u00f3n de Alicante, y la otra mitad es la que aportan los consumidores.<\/p>\n","protected":false},"excerpt":{"rendered":"<p>Hoy lunes hemos destacado cuestiones referidas a las ayudas en materia de vivienda que otorga el Ayuntamiento de Alcoy a&#8230;<\/p>\n","protected":false},"author":1,"featured_media":110640,"comment_status":"open","ping_status":"open","sticky":false,"template":"","format":"standard","meta":{"footnotes":""},"categories":[6909,89,91],"tags":[],"class_list":["post-125789","post","type-post","status-publish","format-standard","has-post-thumbnail","hentry","category-actualidad","category-audiosdelosprogramas","category-informativos"],"yoast_head":"<!-- This site is optimized with the Yoast SEO plugin v27.3 - https:\/\/yoast.com\/product\/yoast-seo-wordpress\/ -->\n<title>\u2018Mediod\u00eda Cope\u2019 Alcoy lunes 27 de noviembre 2023 (14:20h) - COPE Alcoy<\/title>\n<meta name=\"robots\" content=\"index, follow, max-snippet:-1, max-image-preview:large, max-video-preview:-1\" \/>\n<link rel=\"canonical\" href=\"https:\/\/www.copealcoy.es\/es\/mediodia-cope-alcoy-lunes-27-de-noviembre-2023-1420h\/\" \/>\n<meta property=\"og:locale\" content=\"es_ES\" \/>\n<meta property=\"og:type\" content=\"article\" \/>\n<meta property=\"og:title\" content=\"\u2018Mediod\u00eda Cope\u2019 Alcoy lunes 27 de noviembre 2023 (14:20h) - COPE Alcoy\" \/>\n<meta property=\"og:description\" content=\"Hoy lunes hemos destacado cuestiones referidas a las ayudas en materia de vivienda que otorga el Ayuntamiento de Alcoy a...\" \/>\n<meta property=\"og:url\" content=\"https:\/\/www.copealcoy.es\/es\/mediodia-cope-alcoy-lunes-27-de-noviembre-2023-1420h\/\" \/>\n<meta property=\"og:site_name\" content=\"COPE Alcoy\" \/>\n<meta property=\"article:published_time\" content=\"2023-11-27T06:40:38+00:00\" \/>\n<meta property=\"article:modified_time\" content=\"2023-11-27T18:40:38+00:00\" \/>\n<meta property=\"og:image\" content=\"https:\/\/www.copealcoy.es\/wp-content\/uploads\/2023\/02\/511E7C88-D9D5-47F4-AF32-2A62DF0D1586.png\" \/>\n\t<meta property=\"og:image:width\" content=\"357\" \/>\n\t<meta property=\"og:image:height\" content=\"290\" \/>\n\t<meta property=\"og:image:type\" content=\"image\/png\" \/>\n<meta name=\"author\" content=\"Cope Alcoy\" \/>\n<meta name=\"twitter:label1\" content=\"Escrito por\" \/>\n\t<meta name=\"twitter:data1\" content=\"Cope Alcoy\" \/>\n\t<meta name=\"twitter:label2\" content=\"Tiempo de lectura\" \/>\n\t<meta name=\"twitter:data2\" content=\"2 minutos\" \/>\n<script type=\"application\/ld+json\" class=\"yoast-schema-graph\">{\"@context\":\"https:\\\/\\\/schema.org\",\"@graph\":[{\"@type\":\"Article\",\"@id\":\"https:\\\/\\\/www.copealcoy.es\\\/es\\\/mediodia-cope-alcoy-lunes-27-de-noviembre-2023-1420h\\\/#article\",\"isPartOf\":{\"@id\":\"https:\\\/\\\/www.copealcoy.es\\\/es\\\/mediodia-cope-alcoy-lunes-27-de-noviembre-2023-1420h\\\/\"},\"author\":{\"name\":\"Cope Alcoy\",\"@id\":\"https:\\\/\\\/www.copealcoy.es\\\/es\\\/#\\\/schema\\\/person\\\/e777c87fa024e57d40170af9df39882c\"},\"headline\":\"\u2018Mediod\u00eda Cope\u2019 Alcoy lunes 27 de noviembre 2023 (14:20h)\",\"datePublished\":\"2023-11-27T06:40:38+00:00\",\"dateModified\":\"2023-11-27T18:40:38+00:00\",\"mainEntityOfPage\":{\"@id\":\"https:\\\/\\\/www.copealcoy.es\\\/es\\\/mediodia-cope-alcoy-lunes-27-de-noviembre-2023-1420h\\\/\"},\"wordCount\":447,\"commentCount\":0,\"image\":{\"@id\":\"https:\\\/\\\/www.copealcoy.es\\\/es\\\/mediodia-cope-alcoy-lunes-27-de-noviembre-2023-1420h\\\/#primaryimage\"},\"thumbnailUrl\":\"https:\\\/\\\/www.copealcoy.es\\\/wp-content\\\/uploads\\\/2023\\\/02\\\/511E7C88-D9D5-47F4-AF32-2A62DF0D1586.png\",\"articleSection\":[\"Actualidad\",\"Audios de los programas\",\"Informativos\"],\"inLanguage\":\"es\"},{\"@type\":\"WebPage\",\"@id\":\"https:\\\/\\\/www.copealcoy.es\\\/es\\\/mediodia-cope-alcoy-lunes-27-de-noviembre-2023-1420h\\\/\",\"url\":\"https:\\\/\\\/www.copealcoy.es\\\/es\\\/mediodia-cope-alcoy-lunes-27-de-noviembre-2023-1420h\\\/\",\"name\":\"\u2018Mediod\u00eda Cope\u2019 Alcoy lunes 27 de noviembre 2023 (14:20h) - COPE Alcoy\",\"isPartOf\":{\"@id\":\"https:\\\/\\\/www.copealcoy.es\\\/es\\\/#website\"},\"primaryImageOfPage\":{\"@id\":\"https:\\\/\\\/www.copealcoy.es\\\/es\\\/mediodia-cope-alcoy-lunes-27-de-noviembre-2023-1420h\\\/#primaryimage\"},\"image\":{\"@id\":\"https:\\\/\\\/www.copealcoy.es\\\/es\\\/mediodia-cope-alcoy-lunes-27-de-noviembre-2023-1420h\\\/#primaryimage\"},\"thumbnailUrl\":\"https:\\\/\\\/www.copealcoy.es\\\/wp-content\\\/uploads\\\/2023\\\/02\\\/511E7C88-D9D5-47F4-AF32-2A62DF0D1586.png\",\"datePublished\":\"2023-11-27T06:40:38+00:00\",\"dateModified\":\"2023-11-27T18:40:38+00:00\",\"author\":{\"@id\":\"https:\\\/\\\/www.copealcoy.es\\\/es\\\/#\\\/schema\\\/person\\\/e777c87fa024e57d40170af9df39882c\"},\"breadcrumb\":{\"@id\":\"https:\\\/\\\/www.copealcoy.es\\\/es\\\/mediodia-cope-alcoy-lunes-27-de-noviembre-2023-1420h\\\/#breadcrumb\"},\"inLanguage\":\"es\",\"potentialAction\":[{\"@type\":\"ReadAction\",\"target\":[\"https:\\\/\\\/www.copealcoy.es\\\/es\\\/mediodia-cope-alcoy-lunes-27-de-noviembre-2023-1420h\\\/\"]}]},{\"@type\":\"ImageObject\",\"inLanguage\":\"es\",\"@id\":\"https:\\\/\\\/www.copealcoy.es\\\/es\\\/mediodia-cope-alcoy-lunes-27-de-noviembre-2023-1420h\\\/#primaryimage\",\"url\":\"https:\\\/\\\/www.copealcoy.es\\\/wp-content\\\/uploads\\\/2023\\\/02\\\/511E7C88-D9D5-47F4-AF32-2A62DF0D1586.png\",\"contentUrl\":\"https:\\\/\\\/www.copealcoy.es\\\/wp-content\\\/uploads\\\/2023\\\/02\\\/511E7C88-D9D5-47F4-AF32-2A62DF0D1586.png\",\"width\":357,\"height\":290},{\"@type\":\"BreadcrumbList\",\"@id\":\"https:\\\/\\\/www.copealcoy.es\\\/es\\\/mediodia-cope-alcoy-lunes-27-de-noviembre-2023-1420h\\\/#breadcrumb\",\"itemListElement\":[{\"@type\":\"ListItem\",\"position\":1,\"name\":\"Portada\",\"item\":\"https:\\\/\\\/www.copealcoy.es\\\/es\\\/\"},{\"@type\":\"ListItem\",\"position\":2,\"name\":\"\u2018Mediod\u00eda Cope\u2019 Alcoy lunes 27 de noviembre 2023 (14:20h)\"}]},{\"@type\":\"WebSite\",\"@id\":\"https:\\\/\\\/www.copealcoy.es\\\/es\\\/#website\",\"url\":\"https:\\\/\\\/www.copealcoy.es\\\/es\\\/\",\"name\":\"COPE Alcoy\",\"description\":\"Emisora COPE de radio local con emisi\u00f3n online. Pont de Sant Jordi 8-10 03803 Alcoy\",\"potentialAction\":[{\"@type\":\"SearchAction\",\"target\":{\"@type\":\"EntryPoint\",\"urlTemplate\":\"https:\\\/\\\/www.copealcoy.es\\\/es\\\/?s={search_term_string}\"},\"query-input\":{\"@type\":\"PropertyValueSpecification\",\"valueRequired\":true,\"valueName\":\"search_term_string\"}}],\"inLanguage\":\"es\"},{\"@type\":\"Person\",\"@id\":\"https:\\\/\\\/www.copealcoy.es\\\/es\\\/#\\\/schema\\\/person\\\/e777c87fa024e57d40170af9df39882c\",\"name\":\"Cope Alcoy\",\"image\":{\"@type\":\"ImageObject\",\"inLanguage\":\"es\",\"@id\":\"https:\\\/\\\/secure.gravatar.com\\\/avatar\\\/bb65d0283347e303893ba14f0692005417c1e0e690a325a4c5d8bb2b3943ee14?s=96&d=mm&r=g\",\"url\":\"https:\\\/\\\/secure.gravatar.com\\\/avatar\\\/bb65d0283347e303893ba14f0692005417c1e0e690a325a4c5d8bb2b3943ee14?s=96&d=mm&r=g\",\"contentUrl\":\"https:\\\/\\\/secure.gravatar.com\\\/avatar\\\/bb65d0283347e303893ba14f0692005417c1e0e690a325a4c5d8bb2b3943ee14?s=96&d=mm&r=g\",\"caption\":\"Cope Alcoy\"}}]}<\/script>\n<!-- \/ Yoast SEO plugin. -->","yoast_head_json":{"title":"\u2018Mediod\u00eda Cope\u2019 Alcoy lunes 27 de noviembre 2023 (14:20h) - COPE Alcoy","robots":{"index":"index","follow":"follow","max-snippet":"max-snippet:-1","max-image-preview":"max-image-preview:large","max-video-preview":"max-video-preview:-1"},"canonical":"https:\/\/www.copealcoy.es\/es\/mediodia-cope-alcoy-lunes-27-de-noviembre-2023-1420h\/","og_locale":"es_ES","og_type":"article","og_title":"\u2018Mediod\u00eda Cope\u2019 Alcoy lunes 27 de noviembre 2023 (14:20h) - COPE Alcoy","og_description":"Hoy lunes hemos destacado cuestiones referidas a las ayudas en materia de vivienda que otorga el Ayuntamiento de Alcoy a...","og_url":"https:\/\/www.copealcoy.es\/es\/mediodia-cope-alcoy-lunes-27-de-noviembre-2023-1420h\/","og_site_name":"COPE Alcoy","article_published_time":"2023-11-27T06:40:38+00:00","article_modified_time":"2023-11-27T18:40:38+00:00","og_image":[{"width":357,"height":290,"url":"https:\/\/www.copealcoy.es\/wp-content\/uploads\/2023\/02\/511E7C88-D9D5-47F4-AF32-2A62DF0D1586.png","type":"image\/png"}],"author":"Cope Alcoy","twitter_misc":{"Escrito por":"Cope Alcoy","Tiempo de lectura":"2 minutos"},"schema":{"@context":"https:\/\/schema.org","@graph":[{"@type":"Article","@id":"https:\/\/www.copealcoy.es\/es\/mediodia-cope-alcoy-lunes-27-de-noviembre-2023-1420h\/#article","isPartOf":{"@id":"https:\/\/www.copealcoy.es\/es\/mediodia-cope-alcoy-lunes-27-de-noviembre-2023-1420h\/"},"author":{"name":"Cope Alcoy","@id":"https:\/\/www.copealcoy.es\/es\/#\/schema\/person\/e777c87fa024e57d40170af9df39882c"},"headline":"\u2018Mediod\u00eda Cope\u2019 Alcoy lunes 27 de noviembre 2023 (14:20h)","datePublished":"2023-11-27T06:40:38+00:00","dateModified":"2023-11-27T18:40:38+00:00","mainEntityOfPage":{"@id":"https:\/\/www.copealcoy.es\/es\/mediodia-cope-alcoy-lunes-27-de-noviembre-2023-1420h\/"},"wordCount":447,"commentCount":0,"image":{"@id":"https:\/\/www.copealcoy.es\/es\/mediodia-cope-alcoy-lunes-27-de-noviembre-2023-1420h\/#primaryimage"},"thumbnailUrl":"https:\/\/www.copealcoy.es\/wp-content\/uploads\/2023\/02\/511E7C88-D9D5-47F4-AF32-2A62DF0D1586.png","articleSection":["Actualidad","Audios de los programas","Informativos"],"inLanguage":"es"},{"@type":"WebPage","@id":"https:\/\/www.copealcoy.es\/es\/mediodia-cope-alcoy-lunes-27-de-noviembre-2023-1420h\/","url":"https:\/\/www.copealcoy.es\/es\/mediodia-cope-alcoy-lunes-27-de-noviembre-2023-1420h\/","name":"\u2018Mediod\u00eda Cope\u2019 Alcoy lunes 27 de noviembre 2023 (14:20h) - COPE Alcoy","isPartOf":{"@id":"https:\/\/www.copealcoy.es\/es\/#website"},"primaryImageOfPage":{"@id":"https:\/\/www.copealcoy.es\/es\/mediodia-cope-alcoy-lunes-27-de-noviembre-2023-1420h\/#primaryimage"},"image":{"@id":"https:\/\/www.copealcoy.es\/es\/mediodia-cope-alcoy-lunes-27-de-noviembre-2023-1420h\/#primaryimage"},"thumbnailUrl":"https:\/\/www.copealcoy.es\/wp-content\/uploads\/2023\/02\/511E7C88-D9D5-47F4-AF32-2A62DF0D1586.png","datePublished":"2023-11-27T06:40:38+00:00","dateModified":"2023-11-27T18:40:38+00:00","author":{"@id":"https:\/\/www.copealcoy.es\/es\/#\/schema\/person\/e777c87fa024e57d40170af9df39882c"},"breadcrumb":{"@id":"https:\/\/www.copealcoy.es\/es\/mediodia-cope-alcoy-lunes-27-de-noviembre-2023-1420h\/#breadcrumb"},"inLanguage":"es","potentialAction":[{"@type":"ReadAction","target":["https:\/\/www.copealcoy.es\/es\/mediodia-cope-alcoy-lunes-27-de-noviembre-2023-1420h\/"]}]},{"@type":"ImageObject","inLanguage":"es","@id":"https:\/\/www.copealcoy.es\/es\/mediodia-cope-alcoy-lunes-27-de-noviembre-2023-1420h\/#primaryimage","url":"https:\/\/www.copealcoy.es\/wp-content\/uploads\/2023\/02\/511E7C88-D9D5-47F4-AF32-2A62DF0D1586.png","contentUrl":"https:\/\/www.copealcoy.es\/wp-content\/uploads\/2023\/02\/511E7C88-D9D5-47F4-AF32-2A62DF0D1586.png","width":357,"height":290},{"@type":"BreadcrumbList","@id":"https:\/\/www.copealcoy.es\/es\/mediodia-cope-alcoy-lunes-27-de-noviembre-2023-1420h\/#breadcrumb","itemListElement":[{"@type":"ListItem","position":1,"name":"Portada","item":"https:\/\/www.copealcoy.es\/es\/"},{"@type":"ListItem","position":2,"name":"\u2018Mediod\u00eda Cope\u2019 Alcoy lunes 27 de noviembre 2023 (14:20h)"}]},{"@type":"WebSite","@id":"https:\/\/www.copealcoy.es\/es\/#website","url":"https:\/\/www.copealcoy.es\/es\/","name":"COPE Alcoy","description":"Emisora COPE de radio local con emisi\u00f3n online. Pont de Sant Jordi 8-10 03803 Alcoy","potentialAction":[{"@type":"SearchAction","target":{"@type":"EntryPoint","urlTemplate":"https:\/\/www.copealcoy.es\/es\/?s={search_term_string}"},"query-input":{"@type":"PropertyValueSpecification","valueRequired":true,"valueName":"search_term_string"}}],"inLanguage":"es"},{"@type":"Person","@id":"https:\/\/www.copealcoy.es\/es\/#\/schema\/person\/e777c87fa024e57d40170af9df39882c","name":"Cope Alcoy","image":{"@type":"ImageObject","inLanguage":"es","@id":"https:\/\/secure.gravatar.com\/avatar\/bb65d0283347e303893ba14f0692005417c1e0e690a325a4c5d8bb2b3943ee14?s=96&d=mm&r=g","url":"https:\/\/secure.gravatar.com\/avatar\/bb65d0283347e303893ba14f0692005417c1e0e690a325a4c5d8bb2b3943ee14?s=96&d=mm&r=g","contentUrl":"https:\/\/secure.gravatar.com\/avatar\/bb65d0283347e303893ba14f0692005417c1e0e690a325a4c5d8bb2b3943ee14?s=96&d=mm&r=g","caption":"Cope Alcoy"}}]}},"_links":{"self":[{"href":"https:\/\/www.copealcoy.es\/es\/wp-json\/wp\/v2\/posts\/125789","targetHints":{"allow":["GET"]}}],"collection":[{"href":"https:\/\/www.copealcoy.es\/es\/wp-json\/wp\/v2\/posts"}],"about":[{"href":"https:\/\/www.copealcoy.es\/es\/wp-json\/wp\/v2\/types\/post"}],"author":[{"embeddable":true,"href":"https:\/\/www.copealcoy.es\/es\/wp-json\/wp\/v2\/users\/1"}],"replies":[{"embeddable":true,"href":"https:\/\/www.copealcoy.es\/es\/wp-json\/wp\/v2\/comments?post=125789"}],"version-history":[{"count":0,"href":"https:\/\/www.copealcoy.es\/es\/wp-json\/wp\/v2\/posts\/125789\/revisions"}],"wp:featuredmedia":[{"embeddable":true,"href":"https:\/\/www.copealcoy.es\/es\/wp-json\/wp\/v2\/media\/110640"}],"wp:attachment":[{"href":"https:\/\/www.copealcoy.es\/es\/wp-json\/wp\/v2\/media?parent=125789"}],"wp:term":[{"taxonomy":"category","embeddable":true,"href":"https:\/\/www.copealcoy.es\/es\/wp-json\/wp\/v2\/categories?post=125789"},{"taxonomy":"post_tag","embeddable":true,"href":"https:\/\/www.copealcoy.es\/es\/wp-json\/wp\/v2\/tags?post=125789"}],"curies":[{"name":"wp","href":"https:\/\/api.w.org\/{rel}","templated":true}]}}