{"id":125767,"date":"2023-11-27T12:31:44","date_gmt":"2023-11-27T11:31:44","guid":{"rendered":"https:\/\/www.copealcoy.es\/?p=125767"},"modified":"2023-11-27T13:07:43","modified_gmt":"2023-11-27T12:07:43","slug":"las-ayudas-a-la-vivienda-en-alcoy-llegan-a-los-88-beneficiarios-de-colectivos-vulnerables","status":"publish","type":"post","link":"https:\/\/www.copealcoy.es\/es\/las-ayudas-a-la-vivienda-en-alcoy-llegan-a-los-88-beneficiarios-de-colectivos-vulnerables\/","title":{"rendered":"Las ayudas a la vivienda en Alcoy llegan a los 88 beneficiarios de colectivos vulnerables"},"content":{"rendered":"<p style=\"text-align: justify;\">Tener una <strong>vivienda digna<\/strong> es esencial para poder garantizar la inclusi\u00f3n de los colectivos m\u00e1s vulnerables en la sociedad. Adem\u00e1s, se trata de un derecho reconocido en la<strong> Constituci\u00f3n Espa\u00f1ola<\/strong>. En Alcoy <strong>se han concedido 88 ayudas<\/strong> con esta finalidad.<\/p>\n<p style=\"text-align: justify;\">Se trata de un total de <strong>147.543,28 euros<\/strong> que ir\u00e1n destinados a colectivos especialmente vulnerables, como v\u00edctimas de violencia de g\u00e9nero, personas sin hogar o personas que han sufrido un desahucio en su vivienda habitual.<\/p>\n<p style=\"text-align: justify;\">Una parte de estas ayudas, el <strong>1,29% (1.910 euros)<\/strong> concretamente, se dedicar\u00e1 a dar una <strong>soluci\u00f3n habitacional inmediata<\/strong> a las personas v\u00edctimas de violencia de g\u00e9nero, v\u00edctimas de trata con fines de explotaci\u00f3n sexual, v\u00edctimas de violencia sexual, a personas que han sufrido un desahucio, personas sin hogar y a otras personas especialmente vulnerables.<\/p>\n<p style=\"text-align: justify;\">El <strong>98,71%<\/strong> restante,\u00a0<strong>145.633,28 euros<\/strong>, se destinan a la concesi\u00f3n de <strong>ayudas directas para el pago del alquiler<\/strong> o cesi\u00f3n de uso en viviendas de titularidad p\u00fablica o privada.<\/p>\n<p style=\"text-align: justify;\">Para estas ayudas <strong>se hab\u00edan registrado 93 solicitudes<\/strong>. Sin embargo, cinco de ellas no cumpl\u00edan con los requisitos solicitados. \u201cGracias a estas ayudas reforzamos el trabajo que lleva a cabo el Ayuntamiento de Alcoy, a trav\u00e9s de diferentes iniciativas y l\u00edneas de trabajo, para garantizar el acceso a una vivienda digna a la ciudadan\u00eda en general y en especial a cualquier persona en situaci\u00f3n de vulnerabilidad\u201d, ha explicado <strong>Tere Sanju\u00e1n<\/strong>, edil de Vivienda.<\/p>\n<p style=\"text-align: justify;\">El presupuesto procede \u00edntegramente de la subvenci\u00f3n concedida por la <strong>Vicepresidencia Segunda y Conselleria de Vivienda y Arquitectura Bioclim\u00e1tica<\/strong>, dentro del programa TECE de ayudas para facilitar soluciones residenciales a personas en situaci\u00f3n de especial vulnerabilidad a trav\u00e9s de las Entidades Locales.<\/p>\n<p style=\"text-align: justify;\"><span style=\"color: #0000ff;\"><strong>Aumento del presupuesto<\/strong><\/span><\/p>\n<p style=\"text-align: justify;\">La cantidad destinada a estas ayudas ha registrado un aumento respecto anteriores convocatorias. Si en 2022 el presupuesto para este programa era de <strong>unos 100.000 euros<\/strong>, este a\u00f1o se ha incrementado en 40.000 euros, aproximadamente.<\/p>\n","protected":false},"excerpt":{"rendered":"<p>Tener una vivienda digna es esencial para poder garantizar la inclusi\u00f3n de los colectivos m\u00e1s vulnerables en la sociedad. Adem\u00e1s,&#8230;<\/p>\n","protected":false},"author":1,"featured_media":118715,"comment_status":"open","ping_status":"open","sticky":false,"template":"","format":"standard","meta":{"footnotes":""},"categories":[6909,97,75,125],"tags":[1494,407,15994,750],"class_list":["post-125767","post","type-post","status-publish","format-standard","has-post-thumbnail","hentry","category-actualidad","category-alcoy","category-noticias","category-portada","tag-alcoy","tag-ayudas","tag-coelctivos-vulnerables","tag-vivienda"],"yoast_head":"<!-- This site is optimized with the Yoast SEO plugin v27.3 - https:\/\/yoast.com\/product\/yoast-seo-wordpress\/ -->\n<title>Las ayudas a la vivienda en Alcoy llegan a los 88 beneficiarios de colectivos vulnerables - COPE Alcoy<\/title>\n<meta name=\"description\" content=\"Tener una vivienda digna es esencial para pdoer garantiza la inclusi\u00f3n de los colectivos m\u00e1s vulnerables en la sociedad. Adem\u00e1s, se trata de un derecho reconocido en la Constituci\u00f3n Espa\u00f1ola. En Alcoy se han concedido 88 ayudas a la vivienda con esta finalidad.\" \/>\n<meta name=\"robots\" content=\"index, follow, max-snippet:-1, max-image-preview:large, max-video-preview:-1\" \/>\n<link rel=\"canonical\" href=\"https:\/\/www.copealcoy.es\/es\/las-ayudas-a-la-vivienda-en-alcoy-llegan-a-los-88-beneficiarios-de-colectivos-vulnerables\/\" \/>\n<meta property=\"og:locale\" content=\"es_ES\" \/>\n<meta property=\"og:type\" content=\"article\" \/>\n<meta property=\"og:title\" content=\"Las ayudas a la vivienda en Alcoy llegan a los 88 beneficiarios de colectivos vulnerables - COPE Alcoy\" \/>\n<meta property=\"og:description\" content=\"Tener una vivienda digna es esencial para pdoer garantiza la inclusi\u00f3n de los colectivos m\u00e1s vulnerables en la sociedad. Adem\u00e1s, se trata de un derecho reconocido en la Constituci\u00f3n Espa\u00f1ola. En Alcoy se han concedido 88 ayudas a la vivienda con esta finalidad.\" \/>\n<meta property=\"og:url\" content=\"https:\/\/www.copealcoy.es\/es\/las-ayudas-a-la-vivienda-en-alcoy-llegan-a-los-88-beneficiarios-de-colectivos-vulnerables\/\" \/>\n<meta property=\"og:site_name\" content=\"COPE Alcoy\" \/>\n<meta property=\"article:published_time\" content=\"2023-11-27T11:31:44+00:00\" \/>\n<meta property=\"article:modified_time\" content=\"2023-11-27T12:07:43+00:00\" \/>\n<meta property=\"og:image\" content=\"https:\/\/www.copealcoy.es\/wp-content\/uploads\/2023\/06\/0.jpg\" \/>\n\t<meta property=\"og:image:width\" content=\"576\" \/>\n\t<meta property=\"og:image:height\" content=\"390\" \/>\n\t<meta property=\"og:image:type\" content=\"image\/jpeg\" \/>\n<meta name=\"author\" content=\"Cope Alcoy\" \/>\n<meta name=\"twitter:label1\" content=\"Escrito por\" \/>\n\t<meta name=\"twitter:data1\" content=\"Cope Alcoy\" \/>\n\t<meta name=\"twitter:label2\" content=\"Tiempo de lectura\" \/>\n\t<meta name=\"twitter:data2\" content=\"2 minutos\" \/>\n<script type=\"application\/ld+json\" class=\"yoast-schema-graph\">{\"@context\":\"https:\\\/\\\/schema.org\",\"@graph\":[{\"@type\":\"Article\",\"@id\":\"https:\\\/\\\/www.copealcoy.es\\\/es\\\/las-ayudas-a-la-vivienda-en-alcoy-llegan-a-los-88-beneficiarios-de-colectivos-vulnerables\\\/#article\",\"isPartOf\":{\"@id\":\"https:\\\/\\\/www.copealcoy.es\\\/es\\\/las-ayudas-a-la-vivienda-en-alcoy-llegan-a-los-88-beneficiarios-de-colectivos-vulnerables\\\/\"},\"author\":{\"name\":\"Cope Alcoy\",\"@id\":\"https:\\\/\\\/www.copealcoy.es\\\/es\\\/#\\\/schema\\\/person\\\/e777c87fa024e57d40170af9df39882c\"},\"headline\":\"Las ayudas a la vivienda en Alcoy llegan a los 88 beneficiarios de colectivos vulnerables\",\"datePublished\":\"2023-11-27T11:31:44+00:00\",\"dateModified\":\"2023-11-27T12:07:43+00:00\",\"mainEntityOfPage\":{\"@id\":\"https:\\\/\\\/www.copealcoy.es\\\/es\\\/las-ayudas-a-la-vivienda-en-alcoy-llegan-a-los-88-beneficiarios-de-colectivos-vulnerables\\\/\"},\"wordCount\":344,\"commentCount\":0,\"image\":{\"@id\":\"https:\\\/\\\/www.copealcoy.es\\\/es\\\/las-ayudas-a-la-vivienda-en-alcoy-llegan-a-los-88-beneficiarios-de-colectivos-vulnerables\\\/#primaryimage\"},\"thumbnailUrl\":\"https:\\\/\\\/www.copealcoy.es\\\/wp-content\\\/uploads\\\/2023\\\/06\\\/0.jpg\",\"keywords\":[\"Alcoy\",\"Ayudas\",\"coelctivos vulnerables\",\"Vivienda\"],\"articleSection\":[\"Actualidad\",\"Alcoy\",\"Noticias\",\"Portada\"],\"inLanguage\":\"es\"},{\"@type\":\"WebPage\",\"@id\":\"https:\\\/\\\/www.copealcoy.es\\\/es\\\/las-ayudas-a-la-vivienda-en-alcoy-llegan-a-los-88-beneficiarios-de-colectivos-vulnerables\\\/\",\"url\":\"https:\\\/\\\/www.copealcoy.es\\\/es\\\/las-ayudas-a-la-vivienda-en-alcoy-llegan-a-los-88-beneficiarios-de-colectivos-vulnerables\\\/\",\"name\":\"Las ayudas a la vivienda en Alcoy llegan a los 88 beneficiarios de colectivos vulnerables - COPE Alcoy\",\"isPartOf\":{\"@id\":\"https:\\\/\\\/www.copealcoy.es\\\/es\\\/#website\"},\"primaryImageOfPage\":{\"@id\":\"https:\\\/\\\/www.copealcoy.es\\\/es\\\/las-ayudas-a-la-vivienda-en-alcoy-llegan-a-los-88-beneficiarios-de-colectivos-vulnerables\\\/#primaryimage\"},\"image\":{\"@id\":\"https:\\\/\\\/www.copealcoy.es\\\/es\\\/las-ayudas-a-la-vivienda-en-alcoy-llegan-a-los-88-beneficiarios-de-colectivos-vulnerables\\\/#primaryimage\"},\"thumbnailUrl\":\"https:\\\/\\\/www.copealcoy.es\\\/wp-content\\\/uploads\\\/2023\\\/06\\\/0.jpg\",\"datePublished\":\"2023-11-27T11:31:44+00:00\",\"dateModified\":\"2023-11-27T12:07:43+00:00\",\"author\":{\"@id\":\"https:\\\/\\\/www.copealcoy.es\\\/es\\\/#\\\/schema\\\/person\\\/e777c87fa024e57d40170af9df39882c\"},\"description\":\"Tener una vivienda digna es esencial para pdoer garantiza la inclusi\u00f3n de los colectivos m\u00e1s vulnerables en la sociedad. Adem\u00e1s, se trata de un derecho reconocido en la Constituci\u00f3n Espa\u00f1ola. En Alcoy se han concedido 88 ayudas a la vivienda con esta finalidad.\",\"breadcrumb\":{\"@id\":\"https:\\\/\\\/www.copealcoy.es\\\/es\\\/las-ayudas-a-la-vivienda-en-alcoy-llegan-a-los-88-beneficiarios-de-colectivos-vulnerables\\\/#breadcrumb\"},\"inLanguage\":\"es\",\"potentialAction\":[{\"@type\":\"ReadAction\",\"target\":[\"https:\\\/\\\/www.copealcoy.es\\\/es\\\/las-ayudas-a-la-vivienda-en-alcoy-llegan-a-los-88-beneficiarios-de-colectivos-vulnerables\\\/\"]}]},{\"@type\":\"ImageObject\",\"inLanguage\":\"es\",\"@id\":\"https:\\\/\\\/www.copealcoy.es\\\/es\\\/las-ayudas-a-la-vivienda-en-alcoy-llegan-a-los-88-beneficiarios-de-colectivos-vulnerables\\\/#primaryimage\",\"url\":\"https:\\\/\\\/www.copealcoy.es\\\/wp-content\\\/uploads\\\/2023\\\/06\\\/0.jpg\",\"contentUrl\":\"https:\\\/\\\/www.copealcoy.es\\\/wp-content\\\/uploads\\\/2023\\\/06\\\/0.jpg\",\"width\":576,\"height\":390},{\"@type\":\"BreadcrumbList\",\"@id\":\"https:\\\/\\\/www.copealcoy.es\\\/es\\\/las-ayudas-a-la-vivienda-en-alcoy-llegan-a-los-88-beneficiarios-de-colectivos-vulnerables\\\/#breadcrumb\",\"itemListElement\":[{\"@type\":\"ListItem\",\"position\":1,\"name\":\"Portada\",\"item\":\"https:\\\/\\\/www.copealcoy.es\\\/es\\\/\"},{\"@type\":\"ListItem\",\"position\":2,\"name\":\"Las ayudas a la vivienda en Alcoy llegan a los 88 beneficiarios de colectivos vulnerables\"}]},{\"@type\":\"WebSite\",\"@id\":\"https:\\\/\\\/www.copealcoy.es\\\/es\\\/#website\",\"url\":\"https:\\\/\\\/www.copealcoy.es\\\/es\\\/\",\"name\":\"COPE Alcoy\",\"description\":\"Emisora COPE de radio local con emisi\u00f3n online. Pont de Sant Jordi 8-10 03803 Alcoy\",\"potentialAction\":[{\"@type\":\"SearchAction\",\"target\":{\"@type\":\"EntryPoint\",\"urlTemplate\":\"https:\\\/\\\/www.copealcoy.es\\\/es\\\/?s={search_term_string}\"},\"query-input\":{\"@type\":\"PropertyValueSpecification\",\"valueRequired\":true,\"valueName\":\"search_term_string\"}}],\"inLanguage\":\"es\"},{\"@type\":\"Person\",\"@id\":\"https:\\\/\\\/www.copealcoy.es\\\/es\\\/#\\\/schema\\\/person\\\/e777c87fa024e57d40170af9df39882c\",\"name\":\"Cope Alcoy\",\"image\":{\"@type\":\"ImageObject\",\"inLanguage\":\"es\",\"@id\":\"https:\\\/\\\/secure.gravatar.com\\\/avatar\\\/bb65d0283347e303893ba14f0692005417c1e0e690a325a4c5d8bb2b3943ee14?s=96&d=mm&r=g\",\"url\":\"https:\\\/\\\/secure.gravatar.com\\\/avatar\\\/bb65d0283347e303893ba14f0692005417c1e0e690a325a4c5d8bb2b3943ee14?s=96&d=mm&r=g\",\"contentUrl\":\"https:\\\/\\\/secure.gravatar.com\\\/avatar\\\/bb65d0283347e303893ba14f0692005417c1e0e690a325a4c5d8bb2b3943ee14?s=96&d=mm&r=g\",\"caption\":\"Cope Alcoy\"}}]}<\/script>\n<!-- \/ Yoast SEO plugin. -->","yoast_head_json":{"title":"Las ayudas a la vivienda en Alcoy llegan a los 88 beneficiarios de colectivos vulnerables - COPE Alcoy","description":"Tener una vivienda digna es esencial para pdoer garantiza la inclusi\u00f3n de los colectivos m\u00e1s vulnerables en la sociedad. Adem\u00e1s, se trata de un derecho reconocido en la Constituci\u00f3n Espa\u00f1ola. En Alcoy se han concedido 88 ayudas a la vivienda con esta finalidad.","robots":{"index":"index","follow":"follow","max-snippet":"max-snippet:-1","max-image-preview":"max-image-preview:large","max-video-preview":"max-video-preview:-1"},"canonical":"https:\/\/www.copealcoy.es\/es\/las-ayudas-a-la-vivienda-en-alcoy-llegan-a-los-88-beneficiarios-de-colectivos-vulnerables\/","og_locale":"es_ES","og_type":"article","og_title":"Las ayudas a la vivienda en Alcoy llegan a los 88 beneficiarios de colectivos vulnerables - COPE Alcoy","og_description":"Tener una vivienda digna es esencial para pdoer garantiza la inclusi\u00f3n de los colectivos m\u00e1s vulnerables en la sociedad. Adem\u00e1s, se trata de un derecho reconocido en la Constituci\u00f3n Espa\u00f1ola. En Alcoy se han concedido 88 ayudas a la vivienda con esta finalidad.","og_url":"https:\/\/www.copealcoy.es\/es\/las-ayudas-a-la-vivienda-en-alcoy-llegan-a-los-88-beneficiarios-de-colectivos-vulnerables\/","og_site_name":"COPE Alcoy","article_published_time":"2023-11-27T11:31:44+00:00","article_modified_time":"2023-11-27T12:07:43+00:00","og_image":[{"width":576,"height":390,"url":"https:\/\/www.copealcoy.es\/wp-content\/uploads\/2023\/06\/0.jpg","type":"image\/jpeg"}],"author":"Cope Alcoy","twitter_misc":{"Escrito por":"Cope Alcoy","Tiempo de lectura":"2 minutos"},"schema":{"@context":"https:\/\/schema.org","@graph":[{"@type":"Article","@id":"https:\/\/www.copealcoy.es\/es\/las-ayudas-a-la-vivienda-en-alcoy-llegan-a-los-88-beneficiarios-de-colectivos-vulnerables\/#article","isPartOf":{"@id":"https:\/\/www.copealcoy.es\/es\/las-ayudas-a-la-vivienda-en-alcoy-llegan-a-los-88-beneficiarios-de-colectivos-vulnerables\/"},"author":{"name":"Cope Alcoy","@id":"https:\/\/www.copealcoy.es\/es\/#\/schema\/person\/e777c87fa024e57d40170af9df39882c"},"headline":"Las ayudas a la vivienda en Alcoy llegan a los 88 beneficiarios de colectivos vulnerables","datePublished":"2023-11-27T11:31:44+00:00","dateModified":"2023-11-27T12:07:43+00:00","mainEntityOfPage":{"@id":"https:\/\/www.copealcoy.es\/es\/las-ayudas-a-la-vivienda-en-alcoy-llegan-a-los-88-beneficiarios-de-colectivos-vulnerables\/"},"wordCount":344,"commentCount":0,"image":{"@id":"https:\/\/www.copealcoy.es\/es\/las-ayudas-a-la-vivienda-en-alcoy-llegan-a-los-88-beneficiarios-de-colectivos-vulnerables\/#primaryimage"},"thumbnailUrl":"https:\/\/www.copealcoy.es\/wp-content\/uploads\/2023\/06\/0.jpg","keywords":["Alcoy","Ayudas","coelctivos vulnerables","Vivienda"],"articleSection":["Actualidad","Alcoy","Noticias","Portada"],"inLanguage":"es"},{"@type":"WebPage","@id":"https:\/\/www.copealcoy.es\/es\/las-ayudas-a-la-vivienda-en-alcoy-llegan-a-los-88-beneficiarios-de-colectivos-vulnerables\/","url":"https:\/\/www.copealcoy.es\/es\/las-ayudas-a-la-vivienda-en-alcoy-llegan-a-los-88-beneficiarios-de-colectivos-vulnerables\/","name":"Las ayudas a la vivienda en Alcoy llegan a los 88 beneficiarios de colectivos vulnerables - COPE Alcoy","isPartOf":{"@id":"https:\/\/www.copealcoy.es\/es\/#website"},"primaryImageOfPage":{"@id":"https:\/\/www.copealcoy.es\/es\/las-ayudas-a-la-vivienda-en-alcoy-llegan-a-los-88-beneficiarios-de-colectivos-vulnerables\/#primaryimage"},"image":{"@id":"https:\/\/www.copealcoy.es\/es\/las-ayudas-a-la-vivienda-en-alcoy-llegan-a-los-88-beneficiarios-de-colectivos-vulnerables\/#primaryimage"},"thumbnailUrl":"https:\/\/www.copealcoy.es\/wp-content\/uploads\/2023\/06\/0.jpg","datePublished":"2023-11-27T11:31:44+00:00","dateModified":"2023-11-27T12:07:43+00:00","author":{"@id":"https:\/\/www.copealcoy.es\/es\/#\/schema\/person\/e777c87fa024e57d40170af9df39882c"},"description":"Tener una vivienda digna es esencial para pdoer garantiza la inclusi\u00f3n de los colectivos m\u00e1s vulnerables en la sociedad. Adem\u00e1s, se trata de un derecho reconocido en la Constituci\u00f3n Espa\u00f1ola. En Alcoy se han concedido 88 ayudas a la vivienda con esta finalidad.","breadcrumb":{"@id":"https:\/\/www.copealcoy.es\/es\/las-ayudas-a-la-vivienda-en-alcoy-llegan-a-los-88-beneficiarios-de-colectivos-vulnerables\/#breadcrumb"},"inLanguage":"es","potentialAction":[{"@type":"ReadAction","target":["https:\/\/www.copealcoy.es\/es\/las-ayudas-a-la-vivienda-en-alcoy-llegan-a-los-88-beneficiarios-de-colectivos-vulnerables\/"]}]},{"@type":"ImageObject","inLanguage":"es","@id":"https:\/\/www.copealcoy.es\/es\/las-ayudas-a-la-vivienda-en-alcoy-llegan-a-los-88-beneficiarios-de-colectivos-vulnerables\/#primaryimage","url":"https:\/\/www.copealcoy.es\/wp-content\/uploads\/2023\/06\/0.jpg","contentUrl":"https:\/\/www.copealcoy.es\/wp-content\/uploads\/2023\/06\/0.jpg","width":576,"height":390},{"@type":"BreadcrumbList","@id":"https:\/\/www.copealcoy.es\/es\/las-ayudas-a-la-vivienda-en-alcoy-llegan-a-los-88-beneficiarios-de-colectivos-vulnerables\/#breadcrumb","itemListElement":[{"@type":"ListItem","position":1,"name":"Portada","item":"https:\/\/www.copealcoy.es\/es\/"},{"@type":"ListItem","position":2,"name":"Las ayudas a la vivienda en Alcoy llegan a los 88 beneficiarios de colectivos vulnerables"}]},{"@type":"WebSite","@id":"https:\/\/www.copealcoy.es\/es\/#website","url":"https:\/\/www.copealcoy.es\/es\/","name":"COPE Alcoy","description":"Emisora COPE de radio local con emisi\u00f3n online. Pont de Sant Jordi 8-10 03803 Alcoy","potentialAction":[{"@type":"SearchAction","target":{"@type":"EntryPoint","urlTemplate":"https:\/\/www.copealcoy.es\/es\/?s={search_term_string}"},"query-input":{"@type":"PropertyValueSpecification","valueRequired":true,"valueName":"search_term_string"}}],"inLanguage":"es"},{"@type":"Person","@id":"https:\/\/www.copealcoy.es\/es\/#\/schema\/person\/e777c87fa024e57d40170af9df39882c","name":"Cope Alcoy","image":{"@type":"ImageObject","inLanguage":"es","@id":"https:\/\/secure.gravatar.com\/avatar\/bb65d0283347e303893ba14f0692005417c1e0e690a325a4c5d8bb2b3943ee14?s=96&d=mm&r=g","url":"https:\/\/secure.gravatar.com\/avatar\/bb65d0283347e303893ba14f0692005417c1e0e690a325a4c5d8bb2b3943ee14?s=96&d=mm&r=g","contentUrl":"https:\/\/secure.gravatar.com\/avatar\/bb65d0283347e303893ba14f0692005417c1e0e690a325a4c5d8bb2b3943ee14?s=96&d=mm&r=g","caption":"Cope Alcoy"}}]}},"_links":{"self":[{"href":"https:\/\/www.copealcoy.es\/es\/wp-json\/wp\/v2\/posts\/125767","targetHints":{"allow":["GET"]}}],"collection":[{"href":"https:\/\/www.copealcoy.es\/es\/wp-json\/wp\/v2\/posts"}],"about":[{"href":"https:\/\/www.copealcoy.es\/es\/wp-json\/wp\/v2\/types\/post"}],"author":[{"embeddable":true,"href":"https:\/\/www.copealcoy.es\/es\/wp-json\/wp\/v2\/users\/1"}],"replies":[{"embeddable":true,"href":"https:\/\/www.copealcoy.es\/es\/wp-json\/wp\/v2\/comments?post=125767"}],"version-history":[{"count":0,"href":"https:\/\/www.copealcoy.es\/es\/wp-json\/wp\/v2\/posts\/125767\/revisions"}],"wp:featuredmedia":[{"embeddable":true,"href":"https:\/\/www.copealcoy.es\/es\/wp-json\/wp\/v2\/media\/118715"}],"wp:attachment":[{"href":"https:\/\/www.copealcoy.es\/es\/wp-json\/wp\/v2\/media?parent=125767"}],"wp:term":[{"taxonomy":"category","embeddable":true,"href":"https:\/\/www.copealcoy.es\/es\/wp-json\/wp\/v2\/categories?post=125767"},{"taxonomy":"post_tag","embeddable":true,"href":"https:\/\/www.copealcoy.es\/es\/wp-json\/wp\/v2\/tags?post=125767"}],"curies":[{"name":"wp","href":"https:\/\/api.w.org\/{rel}","templated":true}]}}