{"id":125719,"date":"2023-04-18T20:49:43","date_gmt":"2023-04-18T19:49:43","guid":{"rendered":"https:\/\/www.copealcoy.es\/?p=125719"},"modified":"2023-11-25T21:00:05","modified_gmt":"2023-11-25T20:00:05","slug":"cocentaina-se-adentra-en-las-fiestas-patronales-de-la-mare-de-deu","status":"publish","type":"post","link":"https:\/\/www.copealcoy.es\/es\/cocentaina-se-adentra-en-las-fiestas-patronales-de-la-mare-de-deu\/","title":{"rendered":"Cocentaina se adentra en las Fiestas patronales de la Mare de D\u00e9u"},"content":{"rendered":"<p style=\"text-align: justify;\">Cocentaina <strong>ya cuenta las horas que restan por vivir la jornada grande de las fiestas patronales en honor a la Virgen del Milagro<\/strong>, unas celebraciones que <strong>recuerdan cada a\u00f1o el prodigio de las 27 l\u00e1grimas de sangre<\/strong> derramadas por ese icono de la Virgen Mar\u00eda que el Papa Nicol\u00e1s V hab\u00eda regalado al Conde de Cocentaina Xim\u00e9n P\u00e9rez de Corella. Un gran presente que lleg\u00f3 a manos de quien gobernaba el municipio en ese momento despu\u00e9s de la ayuda prestada por el propio Conde al Santo Padre en la defensa de los Estados Pontificios.<\/p>\n<p style=\"text-align: justify;\">Este milagro, recogido en acta notarial,<strong> se produjo el 19 de abril de 1520<\/strong> y <strong>marc\u00f3 el punto de origen de la profunda devoci\u00f3n que la capital del Comtat<\/strong> le profesa a quien desde entonces es su amada patrona. Las fiestas de la Virgen del Milagro <strong>mezclan historia, tradici\u00f3n y religiosidad<\/strong>, pero tambi\u00e9n un gran sentimiento que hace que los contestanos y las contestanas se emocionen de verdad al paso de la Virgen por las calles del pueblo.<\/p>\n<p style=\"text-align: justify;\">Los festejos <strong>no ser\u00edan posible sin la labor tan importante que durante todo el a\u00f1o lleva adelante la Pia Uni\u00f3<\/strong>, entidad que organiza todas estas celebraciones y que trabaja duro para mantener viva la devoci\u00f3n hacia la patrona. Este a\u00f1o <strong>estrena nueva Junta Directiva<\/strong> y al frente de la misma est\u00e1n<strong> Dolo Franco y Jose Torr\u00f3<\/strong> como presidentes &#8220;<em>nos quedamos de piedra cuando nos propusieron como presidentes, pero dijimos enseguida que si porque es todo un gozo trabajar por la Mareta y en m\u00e1s hacerlo con el gran equipo de gente que nos acompa\u00f1a. Cogemos el reto con ilusi\u00f3n y algunos nervios aunque sabemos c\u00f3mo funciona la organizaci\u00f3n porque ya formaremos parte de la directiva anterior<\/em>&#8220;, se\u00f1alan. A la hora de hablar de <strong>novedades<\/strong> explican que los actos son los habituales de siempre, dado que la estructura de la trilog\u00eda mariana contestana est\u00e1 muy marcada, aunque ponen el acento en un instante que se recupera despu\u00e9s de la pandemia &#8220;<em>este a\u00f1o s\u00ed que se podr\u00e1 besar el icono despu\u00e9s del regreso al Monasterio, ya que el a\u00f1o pasado s\u00f3lo se pudo hacer una veneraci\u00f3n ante el cuadro porque todav\u00eda ten\u00edamos algunas medidas restrictivas frente a la COVID- 19. El resto ser\u00e1 como siempre y esperamos que nos acompa\u00f1e el buen tiempo para poder salir a la calle a festejar a nuestra patrona como es debido<\/em>&#8220;, indican. Respecto a <strong>los momentos que esperan con m\u00e1s ilusi\u00f3n<\/strong>, los dos lo tienen muy claro &#8220;<em>el instante en el que bajamos a la Virgen del camar\u00edn, y que la llevamos para colocarla en las andas antes de salir al calle, ser\u00e1 muy especial y despu\u00e9s la s\u00faplica o la misa de los enfermos sabemos que ser\u00e1n muy emotivas por la gran carga sentimental que tienen detr\u00e1s<\/em>&#8220;. Por \u00faltimo <strong>Dolo Franco y Jose Torro invitan no s\u00f3lo al pueblo de Cocentaina a vivir las fiestas de la Mareta<\/strong> &#8220;<em>los contestanos estaremos a sus pies, pero invitamos tambi\u00e9n a todos los vecinos de los pueblos de estas comarcas para que en el Comtat y l&#8217;Alcoi\u00e0 tambi\u00e9n se le profesa una gran devoci\u00f3n a la Virgen del Milagro. Est\u00e1n todos invitados a compartir con nosotros unos d\u00edas tan emotivos<\/em>&#8220;, concluyen.<\/p>\n<p>Aqu\u00ed puedes escuchar <strong>la entrevista con la P\u00eda Uni\u00f3n<\/strong> en la v\u00edspera del d\u00eda de la Mare de D\u00e9u:<\/p>\n<p><iframe loading=\"lazy\" title=\"&#039;Herrera En Cope&#039; Alcoi Dimarts 18 D&#039;Abril 2023 (12:50h)\" width=\"100%\" height=\"120\" src=\"https:\/\/www.mixcloud.com\/widget\/iframe\/?feed=https%3A%2F%2Fwww.mixcloud.com%2FCOPEAlcoy%2Fherrera-en-cope-alcoi-dimarts-18-dabril-2023-1250h%2F&amp;hide_cover=1\" frameborder=\"0\"><\/iframe><\/p>\n","protected":false},"excerpt":{"rendered":"<p>Cocentaina ya cuenta las horas que restan por vivir la jornada grande de las fiestas patronales en honor a la&#8230;<\/p>\n","protected":false},"author":1,"featured_media":109861,"comment_status":"open","ping_status":"open","sticky":false,"template":"","format":"standard","meta":{"footnotes":""},"categories":[6909,98,75],"tags":[132,15989,2954,1215,1984,1953],"class_list":["post-125719","post","type-post","status-publish","format-standard","has-post-thumbnail","hentry","category-actualidad","category-comarcas","category-noticias","tag-cocentaina","tag-festejos","tag-fiestas-patronales","tag-inicio","tag-mare-de-deu-del-miracle","tag-pia-union"],"yoast_head":"<!-- This site is optimized with the Yoast SEO plugin v27.3 - https:\/\/yoast.com\/product\/yoast-seo-wordpress\/ -->\n<title>Cocentaina se adentra en las Fiestas patronales de la Mare de D\u00e9u - COPE Alcoy<\/title>\n<meta name=\"description\" content=\"Cocentaina ya cuenta las horas que restan por vivir la jornada grande de las fiestas patronales en honor a la Virgen del Milagro\" \/>\n<meta name=\"robots\" content=\"index, follow, max-snippet:-1, max-image-preview:large, max-video-preview:-1\" \/>\n<link rel=\"canonical\" href=\"https:\/\/www.copealcoy.es\/es\/cocentaina-se-adentra-en-las-fiestas-patronales-de-la-mare-de-deu\/\" \/>\n<meta property=\"og:locale\" content=\"es_ES\" \/>\n<meta property=\"og:type\" content=\"article\" \/>\n<meta property=\"og:title\" content=\"Cocentaina se adentra en las Fiestas patronales de la Mare de D\u00e9u - COPE Alcoy\" \/>\n<meta property=\"og:description\" content=\"Cocentaina ya cuenta las horas que restan por vivir la jornada grande de las fiestas patronales en honor a la Virgen del Milagro\" \/>\n<meta property=\"og:url\" content=\"https:\/\/www.copealcoy.es\/es\/cocentaina-se-adentra-en-las-fiestas-patronales-de-la-mare-de-deu\/\" \/>\n<meta property=\"og:site_name\" content=\"COPE Alcoy\" \/>\n<meta property=\"article:published_time\" content=\"2023-04-18T19:49:43+00:00\" \/>\n<meta property=\"article:modified_time\" content=\"2023-11-25T20:00:05+00:00\" \/>\n<meta property=\"og:image\" content=\"https:\/\/www.copealcoy.es\/wp-content\/uploads\/2023\/02\/5-El-traspaso-de-cargos-entre-los-protagonistas-se-materializo-el-pasado-sabado-Foto-Pia-Union.jpg\" \/>\n\t<meta property=\"og:image:width\" content=\"671\" \/>\n\t<meta property=\"og:image:height\" content=\"447\" \/>\n\t<meta property=\"og:image:type\" content=\"image\/jpeg\" \/>\n<meta name=\"author\" content=\"Cope Alcoy\" \/>\n<meta name=\"twitter:label1\" content=\"Escrito por\" \/>\n\t<meta name=\"twitter:data1\" content=\"Cope Alcoy\" \/>\n\t<meta name=\"twitter:label2\" content=\"Tiempo de lectura\" \/>\n\t<meta name=\"twitter:data2\" content=\"3 minutos\" \/>\n<script type=\"application\/ld+json\" class=\"yoast-schema-graph\">{\"@context\":\"https:\\\/\\\/schema.org\",\"@graph\":[{\"@type\":\"Article\",\"@id\":\"https:\\\/\\\/www.copealcoy.es\\\/es\\\/cocentaina-se-adentra-en-las-fiestas-patronales-de-la-mare-de-deu\\\/#article\",\"isPartOf\":{\"@id\":\"https:\\\/\\\/www.copealcoy.es\\\/es\\\/cocentaina-se-adentra-en-las-fiestas-patronales-de-la-mare-de-deu\\\/\"},\"author\":{\"name\":\"Cope Alcoy\",\"@id\":\"https:\\\/\\\/www.copealcoy.es\\\/es\\\/#\\\/schema\\\/person\\\/e777c87fa024e57d40170af9df39882c\"},\"headline\":\"Cocentaina se adentra en las Fiestas patronales de la Mare de D\u00e9u\",\"datePublished\":\"2023-04-18T19:49:43+00:00\",\"dateModified\":\"2023-11-25T20:00:05+00:00\",\"mainEntityOfPage\":{\"@id\":\"https:\\\/\\\/www.copealcoy.es\\\/es\\\/cocentaina-se-adentra-en-las-fiestas-patronales-de-la-mare-de-deu\\\/\"},\"wordCount\":623,\"commentCount\":0,\"image\":{\"@id\":\"https:\\\/\\\/www.copealcoy.es\\\/es\\\/cocentaina-se-adentra-en-las-fiestas-patronales-de-la-mare-de-deu\\\/#primaryimage\"},\"thumbnailUrl\":\"https:\\\/\\\/www.copealcoy.es\\\/wp-content\\\/uploads\\\/2023\\\/02\\\/5-El-traspaso-de-cargos-entre-los-protagonistas-se-materializo-el-pasado-sabado-Foto-Pia-Union.jpg\",\"keywords\":[\"Cocentaina\",\"festejos\",\"fiestas patronales\",\"inicio\",\"Mare de D\u00e9u del Miracle\",\"P\u00eda Uni\u00f3n\"],\"articleSection\":[\"Actualidad\",\"Comarcas\",\"Noticias\"],\"inLanguage\":\"es\"},{\"@type\":\"WebPage\",\"@id\":\"https:\\\/\\\/www.copealcoy.es\\\/es\\\/cocentaina-se-adentra-en-las-fiestas-patronales-de-la-mare-de-deu\\\/\",\"url\":\"https:\\\/\\\/www.copealcoy.es\\\/es\\\/cocentaina-se-adentra-en-las-fiestas-patronales-de-la-mare-de-deu\\\/\",\"name\":\"Cocentaina se adentra en las Fiestas patronales de la Mare de D\u00e9u - COPE Alcoy\",\"isPartOf\":{\"@id\":\"https:\\\/\\\/www.copealcoy.es\\\/es\\\/#website\"},\"primaryImageOfPage\":{\"@id\":\"https:\\\/\\\/www.copealcoy.es\\\/es\\\/cocentaina-se-adentra-en-las-fiestas-patronales-de-la-mare-de-deu\\\/#primaryimage\"},\"image\":{\"@id\":\"https:\\\/\\\/www.copealcoy.es\\\/es\\\/cocentaina-se-adentra-en-las-fiestas-patronales-de-la-mare-de-deu\\\/#primaryimage\"},\"thumbnailUrl\":\"https:\\\/\\\/www.copealcoy.es\\\/wp-content\\\/uploads\\\/2023\\\/02\\\/5-El-traspaso-de-cargos-entre-los-protagonistas-se-materializo-el-pasado-sabado-Foto-Pia-Union.jpg\",\"datePublished\":\"2023-04-18T19:49:43+00:00\",\"dateModified\":\"2023-11-25T20:00:05+00:00\",\"author\":{\"@id\":\"https:\\\/\\\/www.copealcoy.es\\\/es\\\/#\\\/schema\\\/person\\\/e777c87fa024e57d40170af9df39882c\"},\"description\":\"Cocentaina ya cuenta las horas que restan por vivir la jornada grande de las fiestas patronales en honor a la Virgen del Milagro\",\"breadcrumb\":{\"@id\":\"https:\\\/\\\/www.copealcoy.es\\\/es\\\/cocentaina-se-adentra-en-las-fiestas-patronales-de-la-mare-de-deu\\\/#breadcrumb\"},\"inLanguage\":\"es\",\"potentialAction\":[{\"@type\":\"ReadAction\",\"target\":[\"https:\\\/\\\/www.copealcoy.es\\\/es\\\/cocentaina-se-adentra-en-las-fiestas-patronales-de-la-mare-de-deu\\\/\"]}]},{\"@type\":\"ImageObject\",\"inLanguage\":\"es\",\"@id\":\"https:\\\/\\\/www.copealcoy.es\\\/es\\\/cocentaina-se-adentra-en-las-fiestas-patronales-de-la-mare-de-deu\\\/#primaryimage\",\"url\":\"https:\\\/\\\/www.copealcoy.es\\\/wp-content\\\/uploads\\\/2023\\\/02\\\/5-El-traspaso-de-cargos-entre-los-protagonistas-se-materializo-el-pasado-sabado-Foto-Pia-Union.jpg\",\"contentUrl\":\"https:\\\/\\\/www.copealcoy.es\\\/wp-content\\\/uploads\\\/2023\\\/02\\\/5-El-traspaso-de-cargos-entre-los-protagonistas-se-materializo-el-pasado-sabado-Foto-Pia-Union.jpg\",\"width\":671,\"height\":447},{\"@type\":\"BreadcrumbList\",\"@id\":\"https:\\\/\\\/www.copealcoy.es\\\/es\\\/cocentaina-se-adentra-en-las-fiestas-patronales-de-la-mare-de-deu\\\/#breadcrumb\",\"itemListElement\":[{\"@type\":\"ListItem\",\"position\":1,\"name\":\"Portada\",\"item\":\"https:\\\/\\\/www.copealcoy.es\\\/es\\\/\"},{\"@type\":\"ListItem\",\"position\":2,\"name\":\"Cocentaina se adentra en las Fiestas patronales de la Mare de D\u00e9u\"}]},{\"@type\":\"WebSite\",\"@id\":\"https:\\\/\\\/www.copealcoy.es\\\/es\\\/#website\",\"url\":\"https:\\\/\\\/www.copealcoy.es\\\/es\\\/\",\"name\":\"COPE Alcoy\",\"description\":\"Emisora COPE de radio local con emisi\u00f3n online. Pont de Sant Jordi 8-10 03803 Alcoy\",\"potentialAction\":[{\"@type\":\"SearchAction\",\"target\":{\"@type\":\"EntryPoint\",\"urlTemplate\":\"https:\\\/\\\/www.copealcoy.es\\\/es\\\/?s={search_term_string}\"},\"query-input\":{\"@type\":\"PropertyValueSpecification\",\"valueRequired\":true,\"valueName\":\"search_term_string\"}}],\"inLanguage\":\"es\"},{\"@type\":\"Person\",\"@id\":\"https:\\\/\\\/www.copealcoy.es\\\/es\\\/#\\\/schema\\\/person\\\/e777c87fa024e57d40170af9df39882c\",\"name\":\"Cope Alcoy\",\"image\":{\"@type\":\"ImageObject\",\"inLanguage\":\"es\",\"@id\":\"https:\\\/\\\/secure.gravatar.com\\\/avatar\\\/bb65d0283347e303893ba14f0692005417c1e0e690a325a4c5d8bb2b3943ee14?s=96&d=mm&r=g\",\"url\":\"https:\\\/\\\/secure.gravatar.com\\\/avatar\\\/bb65d0283347e303893ba14f0692005417c1e0e690a325a4c5d8bb2b3943ee14?s=96&d=mm&r=g\",\"contentUrl\":\"https:\\\/\\\/secure.gravatar.com\\\/avatar\\\/bb65d0283347e303893ba14f0692005417c1e0e690a325a4c5d8bb2b3943ee14?s=96&d=mm&r=g\",\"caption\":\"Cope Alcoy\"}}]}<\/script>\n<!-- \/ Yoast SEO plugin. -->","yoast_head_json":{"title":"Cocentaina se adentra en las Fiestas patronales de la Mare de D\u00e9u - COPE Alcoy","description":"Cocentaina ya cuenta las horas que restan por vivir la jornada grande de las fiestas patronales en honor a la Virgen del Milagro","robots":{"index":"index","follow":"follow","max-snippet":"max-snippet:-1","max-image-preview":"max-image-preview:large","max-video-preview":"max-video-preview:-1"},"canonical":"https:\/\/www.copealcoy.es\/es\/cocentaina-se-adentra-en-las-fiestas-patronales-de-la-mare-de-deu\/","og_locale":"es_ES","og_type":"article","og_title":"Cocentaina se adentra en las Fiestas patronales de la Mare de D\u00e9u - COPE Alcoy","og_description":"Cocentaina ya cuenta las horas que restan por vivir la jornada grande de las fiestas patronales en honor a la Virgen del Milagro","og_url":"https:\/\/www.copealcoy.es\/es\/cocentaina-se-adentra-en-las-fiestas-patronales-de-la-mare-de-deu\/","og_site_name":"COPE Alcoy","article_published_time":"2023-04-18T19:49:43+00:00","article_modified_time":"2023-11-25T20:00:05+00:00","og_image":[{"width":671,"height":447,"url":"https:\/\/www.copealcoy.es\/wp-content\/uploads\/2023\/02\/5-El-traspaso-de-cargos-entre-los-protagonistas-se-materializo-el-pasado-sabado-Foto-Pia-Union.jpg","type":"image\/jpeg"}],"author":"Cope Alcoy","twitter_misc":{"Escrito por":"Cope Alcoy","Tiempo de lectura":"3 minutos"},"schema":{"@context":"https:\/\/schema.org","@graph":[{"@type":"Article","@id":"https:\/\/www.copealcoy.es\/es\/cocentaina-se-adentra-en-las-fiestas-patronales-de-la-mare-de-deu\/#article","isPartOf":{"@id":"https:\/\/www.copealcoy.es\/es\/cocentaina-se-adentra-en-las-fiestas-patronales-de-la-mare-de-deu\/"},"author":{"name":"Cope Alcoy","@id":"https:\/\/www.copealcoy.es\/es\/#\/schema\/person\/e777c87fa024e57d40170af9df39882c"},"headline":"Cocentaina se adentra en las Fiestas patronales de la Mare de D\u00e9u","datePublished":"2023-04-18T19:49:43+00:00","dateModified":"2023-11-25T20:00:05+00:00","mainEntityOfPage":{"@id":"https:\/\/www.copealcoy.es\/es\/cocentaina-se-adentra-en-las-fiestas-patronales-de-la-mare-de-deu\/"},"wordCount":623,"commentCount":0,"image":{"@id":"https:\/\/www.copealcoy.es\/es\/cocentaina-se-adentra-en-las-fiestas-patronales-de-la-mare-de-deu\/#primaryimage"},"thumbnailUrl":"https:\/\/www.copealcoy.es\/wp-content\/uploads\/2023\/02\/5-El-traspaso-de-cargos-entre-los-protagonistas-se-materializo-el-pasado-sabado-Foto-Pia-Union.jpg","keywords":["Cocentaina","festejos","fiestas patronales","inicio","Mare de D\u00e9u del Miracle","P\u00eda Uni\u00f3n"],"articleSection":["Actualidad","Comarcas","Noticias"],"inLanguage":"es"},{"@type":"WebPage","@id":"https:\/\/www.copealcoy.es\/es\/cocentaina-se-adentra-en-las-fiestas-patronales-de-la-mare-de-deu\/","url":"https:\/\/www.copealcoy.es\/es\/cocentaina-se-adentra-en-las-fiestas-patronales-de-la-mare-de-deu\/","name":"Cocentaina se adentra en las Fiestas patronales de la Mare de D\u00e9u - COPE Alcoy","isPartOf":{"@id":"https:\/\/www.copealcoy.es\/es\/#website"},"primaryImageOfPage":{"@id":"https:\/\/www.copealcoy.es\/es\/cocentaina-se-adentra-en-las-fiestas-patronales-de-la-mare-de-deu\/#primaryimage"},"image":{"@id":"https:\/\/www.copealcoy.es\/es\/cocentaina-se-adentra-en-las-fiestas-patronales-de-la-mare-de-deu\/#primaryimage"},"thumbnailUrl":"https:\/\/www.copealcoy.es\/wp-content\/uploads\/2023\/02\/5-El-traspaso-de-cargos-entre-los-protagonistas-se-materializo-el-pasado-sabado-Foto-Pia-Union.jpg","datePublished":"2023-04-18T19:49:43+00:00","dateModified":"2023-11-25T20:00:05+00:00","author":{"@id":"https:\/\/www.copealcoy.es\/es\/#\/schema\/person\/e777c87fa024e57d40170af9df39882c"},"description":"Cocentaina ya cuenta las horas que restan por vivir la jornada grande de las fiestas patronales en honor a la Virgen del Milagro","breadcrumb":{"@id":"https:\/\/www.copealcoy.es\/es\/cocentaina-se-adentra-en-las-fiestas-patronales-de-la-mare-de-deu\/#breadcrumb"},"inLanguage":"es","potentialAction":[{"@type":"ReadAction","target":["https:\/\/www.copealcoy.es\/es\/cocentaina-se-adentra-en-las-fiestas-patronales-de-la-mare-de-deu\/"]}]},{"@type":"ImageObject","inLanguage":"es","@id":"https:\/\/www.copealcoy.es\/es\/cocentaina-se-adentra-en-las-fiestas-patronales-de-la-mare-de-deu\/#primaryimage","url":"https:\/\/www.copealcoy.es\/wp-content\/uploads\/2023\/02\/5-El-traspaso-de-cargos-entre-los-protagonistas-se-materializo-el-pasado-sabado-Foto-Pia-Union.jpg","contentUrl":"https:\/\/www.copealcoy.es\/wp-content\/uploads\/2023\/02\/5-El-traspaso-de-cargos-entre-los-protagonistas-se-materializo-el-pasado-sabado-Foto-Pia-Union.jpg","width":671,"height":447},{"@type":"BreadcrumbList","@id":"https:\/\/www.copealcoy.es\/es\/cocentaina-se-adentra-en-las-fiestas-patronales-de-la-mare-de-deu\/#breadcrumb","itemListElement":[{"@type":"ListItem","position":1,"name":"Portada","item":"https:\/\/www.copealcoy.es\/es\/"},{"@type":"ListItem","position":2,"name":"Cocentaina se adentra en las Fiestas patronales de la Mare de D\u00e9u"}]},{"@type":"WebSite","@id":"https:\/\/www.copealcoy.es\/es\/#website","url":"https:\/\/www.copealcoy.es\/es\/","name":"COPE Alcoy","description":"Emisora COPE de radio local con emisi\u00f3n online. Pont de Sant Jordi 8-10 03803 Alcoy","potentialAction":[{"@type":"SearchAction","target":{"@type":"EntryPoint","urlTemplate":"https:\/\/www.copealcoy.es\/es\/?s={search_term_string}"},"query-input":{"@type":"PropertyValueSpecification","valueRequired":true,"valueName":"search_term_string"}}],"inLanguage":"es"},{"@type":"Person","@id":"https:\/\/www.copealcoy.es\/es\/#\/schema\/person\/e777c87fa024e57d40170af9df39882c","name":"Cope Alcoy","image":{"@type":"ImageObject","inLanguage":"es","@id":"https:\/\/secure.gravatar.com\/avatar\/bb65d0283347e303893ba14f0692005417c1e0e690a325a4c5d8bb2b3943ee14?s=96&d=mm&r=g","url":"https:\/\/secure.gravatar.com\/avatar\/bb65d0283347e303893ba14f0692005417c1e0e690a325a4c5d8bb2b3943ee14?s=96&d=mm&r=g","contentUrl":"https:\/\/secure.gravatar.com\/avatar\/bb65d0283347e303893ba14f0692005417c1e0e690a325a4c5d8bb2b3943ee14?s=96&d=mm&r=g","caption":"Cope Alcoy"}}]}},"_links":{"self":[{"href":"https:\/\/www.copealcoy.es\/es\/wp-json\/wp\/v2\/posts\/125719","targetHints":{"allow":["GET"]}}],"collection":[{"href":"https:\/\/www.copealcoy.es\/es\/wp-json\/wp\/v2\/posts"}],"about":[{"href":"https:\/\/www.copealcoy.es\/es\/wp-json\/wp\/v2\/types\/post"}],"author":[{"embeddable":true,"href":"https:\/\/www.copealcoy.es\/es\/wp-json\/wp\/v2\/users\/1"}],"replies":[{"embeddable":true,"href":"https:\/\/www.copealcoy.es\/es\/wp-json\/wp\/v2\/comments?post=125719"}],"version-history":[{"count":0,"href":"https:\/\/www.copealcoy.es\/es\/wp-json\/wp\/v2\/posts\/125719\/revisions"}],"wp:featuredmedia":[{"embeddable":true,"href":"https:\/\/www.copealcoy.es\/es\/wp-json\/wp\/v2\/media\/109861"}],"wp:attachment":[{"href":"https:\/\/www.copealcoy.es\/es\/wp-json\/wp\/v2\/media?parent=125719"}],"wp:term":[{"taxonomy":"category","embeddable":true,"href":"https:\/\/www.copealcoy.es\/es\/wp-json\/wp\/v2\/categories?post=125719"},{"taxonomy":"post_tag","embeddable":true,"href":"https:\/\/www.copealcoy.es\/es\/wp-json\/wp\/v2\/tags?post=125719"}],"curies":[{"name":"wp","href":"https:\/\/api.w.org\/{rel}","templated":true}]}}