{"id":125680,"date":"2023-11-24T07:40:19","date_gmt":"2023-11-24T06:40:19","guid":{"rendered":"https:\/\/www.copealcoy.es\/?p=125680"},"modified":"2023-11-24T19:44:41","modified_gmt":"2023-11-24T18:44:41","slug":"mediodia-cope-alcoy-viernes-24-de-noviembre-2023-1420h","status":"publish","type":"post","link":"https:\/\/www.copealcoy.es\/es\/mediodia-cope-alcoy-viernes-24-de-noviembre-2023-1420h\/","title":{"rendered":"\u2018Mediod\u00eda Cope\u2019 Alcoy viernes 24 de noviembre 2023 (14:20h)"},"content":{"rendered":"<p><iframe loading=\"lazy\" title=\"Mediod\u00eda Cope&#039; Alcoi Divendres 24 De Novembre 2023 (14:20h)\" width=\"100%\" height=\"120\" src=\"https:\/\/www.mixcloud.com\/widget\/iframe\/?feed=https%3A%2F%2Fwww.mixcloud.com%2FCOPEAlcoy%2Fmediod%25C3%25ADa-cope-alcoi-divendres-24-de-novembre-2023-1420h%2F&amp;hide_cover=1\" frameborder=\"0\"><\/iframe><\/p>\n<p style=\"text-align: justify;\">Hoy viernes hemos recordado que<strong> Alcoy y los municipios de nuestras comarcas conmemoran este viernes el 25N con diferentes actos reivindicativos<\/strong>. Tambi\u00e9n hemos destacado que <strong>arrancan las representaciones del Bel\u00e9n de Tirisiti<\/strong> dirigidas al p\u00fablico escolar.<\/p>\n<p style=\"text-align: justify;\">Con los alumnos de la\u00a0<strong>Escuela Infantil Sant Hip\u00f2lit de Cocentaina<\/strong>\u00a0han arrancado este viernes las\u00a0<strong>representaciones del Bel\u00e9n de Tirisiti<\/strong>. Desde hoy y hasta el pr\u00f3ximo 22 de diciembre, el tel\u00f3n del\u00a0<strong>Teatre Principal<\/strong>\u00a0se alza para los centros educativos.<\/p>\n<p style=\"text-align: justify;\">Durante estas semanas, est\u00e1 previsto que\u00a0<strong>cerca de 15.000 alumnos de centros de pr\u00e1cticamente toda la Comunidad Valenciana<\/strong>\u00a0visiten Alcoy para ver el Tirisiti. Hay programadas\u00a0<strong>115 representaciones para escolares<\/strong>. \u00abVenimos toda la escuela, los ni\u00f1os de un a\u00f1o y dos clases de dos a\u00f1os. Estamos trabajando el tema con la clase y la verdad es que est\u00e1n muy motivados\u00bb, ha explicado este viernes\u00a0<strong>Eva Mar\u00eda Cond\u00e9s<\/strong>, docente de la Escuela Infantil Sant Hip\u00f2lit.<\/p>\n<p style=\"text-align: justify;\">El Tirisiti es, precisamente, uno de los recursos con los que trabaja el centro, lo que hace m\u00e1s emocionante para los alumnos asistir a la representaci\u00f3n. \u00abNosotros trabajamos con aprendizajes significativos y el Tirisiti y la Navidad son muy significativos para ellos, ya que se trabajan tambi\u00e9n en casa\u00bb.<\/p>\n<p style=\"text-align: justify;\"><span style=\"color: #0000ff;\"><strong>Representaciones para el p\u00fablico general<\/strong><\/span><\/p>\n<p style=\"text-align: justify;\">Los\u00a0<strong>s\u00e1bados 2, 9 y 16 de diciembre<\/strong>\u00a0llegar\u00e1 el momento de grupos o entidades y para estos casos se han reservado hasta 2.500 localidades. Y a\u00a0<strong>partir del 23 de diciembre<\/strong>\u00a0llegar\u00e1n 79 funciones, hasta el 5 de enero, con una previsi\u00f3n de venta de 13.000 entradas. \u00abEstas saldr\u00e1n a la venta el viernes 15 de diciembre a las 16 horas, en\u00a0<strong><span style=\"color: #0000ff;\"><a style=\"color: #0000ff;\" href=\"http:\/\/ticketalcoi.com\/\" target=\"_blank\" rel=\"nofollow noopener\">ticketalcoi.com<\/a><\/span>.\u00a0<\/strong>Los precios se mantienen a tres euros para el p\u00fablico escolar y a 5 euros para el p\u00fablico en general m\u00e1s los 0\u201961 que corresponden a la gesti\u00f3n a trav\u00e9s de plataforma de venta de tickets\u00ab, afirma\u00a0<strong>Joanfran Rozal\u00e9n<\/strong>; director de la compa\u00f1\u00eda de Teatro La Dependent que hace posible el popular retablo navide\u00f1o alcoyano.<\/p>\n<p style=\"text-align: justify;\">Desde el Ayuntamiento de Alcoy\u00a0<strong>agradecen el esfuerzo que hace la misma Dependent a la hora de poner en escena el Tirisiti<\/strong>\u00a0en una Navidad m\u00e1s.<\/p>\n<p style=\"text-align: justify;\">El inicio de la campa\u00f1a\u00a0<strong>coincide tambi\u00e9n con el estreno de una nueva<\/strong><a href=\"https:\/\/webdetirisiti.com\/\" target=\"_blank\" rel=\"noopener\"><strong>\u00a0<span style=\"color: #0000ff;\">p\u00e1gina web<\/span><\/strong><\/a><span style=\"color: #0000ff;\">\u00a0<\/span>para dar a conocer la historia y todo lo que envuelve al popular retablo navide\u00f1o alcoyano. Este portal ya est\u00e1 operativo y<strong>\u00a0ha sido creado por una conocida empresa alcoyana<\/strong>\u00a0que ya ha trabajado en anteriores ocasiones con cuestiones referidas al Tirisiti.<\/p>\n","protected":false},"excerpt":{"rendered":"<p>Hoy viernes hemos recordado que Alcoy y los municipios de nuestras comarcas conmemoran este viernes el 25N con diferentes actos&#8230;<\/p>\n","protected":false},"author":1,"featured_media":110640,"comment_status":"open","ping_status":"open","sticky":false,"template":"","format":"standard","meta":{"footnotes":""},"categories":[6909,89,91,75],"tags":[],"class_list":["post-125680","post","type-post","status-publish","format-standard","has-post-thumbnail","hentry","category-actualidad","category-audiosdelosprogramas","category-informativos","category-noticias"],"yoast_head":"<!-- This site is optimized with the Yoast SEO plugin v27.3 - https:\/\/yoast.com\/product\/yoast-seo-wordpress\/ -->\n<title>\u2018Mediod\u00eda Cope\u2019 Alcoy viernes 24 de noviembre 2023 (14:20h) - COPE Alcoy<\/title>\n<meta name=\"robots\" content=\"index, follow, max-snippet:-1, max-image-preview:large, max-video-preview:-1\" \/>\n<link rel=\"canonical\" href=\"https:\/\/www.copealcoy.es\/es\/mediodia-cope-alcoy-viernes-24-de-noviembre-2023-1420h\/\" \/>\n<meta property=\"og:locale\" content=\"es_ES\" \/>\n<meta property=\"og:type\" content=\"article\" \/>\n<meta property=\"og:title\" content=\"\u2018Mediod\u00eda Cope\u2019 Alcoy viernes 24 de noviembre 2023 (14:20h) - COPE Alcoy\" \/>\n<meta property=\"og:description\" content=\"Hoy viernes hemos recordado que Alcoy y los municipios de nuestras comarcas conmemoran este viernes el 25N con diferentes actos...\" \/>\n<meta property=\"og:url\" content=\"https:\/\/www.copealcoy.es\/es\/mediodia-cope-alcoy-viernes-24-de-noviembre-2023-1420h\/\" \/>\n<meta property=\"og:site_name\" content=\"COPE Alcoy\" \/>\n<meta property=\"article:published_time\" content=\"2023-11-24T06:40:19+00:00\" \/>\n<meta property=\"article:modified_time\" content=\"2023-11-24T18:44:41+00:00\" \/>\n<meta property=\"og:image\" content=\"https:\/\/www.copealcoy.es\/wp-content\/uploads\/2023\/02\/511E7C88-D9D5-47F4-AF32-2A62DF0D1586.png\" \/>\n\t<meta property=\"og:image:width\" content=\"357\" \/>\n\t<meta property=\"og:image:height\" content=\"290\" \/>\n\t<meta property=\"og:image:type\" content=\"image\/png\" \/>\n<meta name=\"author\" content=\"Cope Alcoy\" \/>\n<meta name=\"twitter:label1\" content=\"Escrito por\" \/>\n\t<meta name=\"twitter:data1\" content=\"Cope Alcoy\" \/>\n\t<meta name=\"twitter:label2\" content=\"Tiempo de lectura\" \/>\n\t<meta name=\"twitter:data2\" content=\"2 minutos\" \/>\n<script type=\"application\/ld+json\" class=\"yoast-schema-graph\">{\"@context\":\"https:\\\/\\\/schema.org\",\"@graph\":[{\"@type\":\"Article\",\"@id\":\"https:\\\/\\\/www.copealcoy.es\\\/es\\\/mediodia-cope-alcoy-viernes-24-de-noviembre-2023-1420h\\\/#article\",\"isPartOf\":{\"@id\":\"https:\\\/\\\/www.copealcoy.es\\\/es\\\/mediodia-cope-alcoy-viernes-24-de-noviembre-2023-1420h\\\/\"},\"author\":{\"name\":\"Cope Alcoy\",\"@id\":\"https:\\\/\\\/www.copealcoy.es\\\/es\\\/#\\\/schema\\\/person\\\/e777c87fa024e57d40170af9df39882c\"},\"headline\":\"\u2018Mediod\u00eda Cope\u2019 Alcoy viernes 24 de noviembre 2023 (14:20h)\",\"datePublished\":\"2023-11-24T06:40:19+00:00\",\"dateModified\":\"2023-11-24T18:44:41+00:00\",\"mainEntityOfPage\":{\"@id\":\"https:\\\/\\\/www.copealcoy.es\\\/es\\\/mediodia-cope-alcoy-viernes-24-de-noviembre-2023-1420h\\\/\"},\"wordCount\":448,\"commentCount\":0,\"image\":{\"@id\":\"https:\\\/\\\/www.copealcoy.es\\\/es\\\/mediodia-cope-alcoy-viernes-24-de-noviembre-2023-1420h\\\/#primaryimage\"},\"thumbnailUrl\":\"https:\\\/\\\/www.copealcoy.es\\\/wp-content\\\/uploads\\\/2023\\\/02\\\/511E7C88-D9D5-47F4-AF32-2A62DF0D1586.png\",\"articleSection\":[\"Actualidad\",\"Audios de los programas\",\"Informativos\",\"Noticias\"],\"inLanguage\":\"es\"},{\"@type\":\"WebPage\",\"@id\":\"https:\\\/\\\/www.copealcoy.es\\\/es\\\/mediodia-cope-alcoy-viernes-24-de-noviembre-2023-1420h\\\/\",\"url\":\"https:\\\/\\\/www.copealcoy.es\\\/es\\\/mediodia-cope-alcoy-viernes-24-de-noviembre-2023-1420h\\\/\",\"name\":\"\u2018Mediod\u00eda Cope\u2019 Alcoy viernes 24 de noviembre 2023 (14:20h) - COPE Alcoy\",\"isPartOf\":{\"@id\":\"https:\\\/\\\/www.copealcoy.es\\\/es\\\/#website\"},\"primaryImageOfPage\":{\"@id\":\"https:\\\/\\\/www.copealcoy.es\\\/es\\\/mediodia-cope-alcoy-viernes-24-de-noviembre-2023-1420h\\\/#primaryimage\"},\"image\":{\"@id\":\"https:\\\/\\\/www.copealcoy.es\\\/es\\\/mediodia-cope-alcoy-viernes-24-de-noviembre-2023-1420h\\\/#primaryimage\"},\"thumbnailUrl\":\"https:\\\/\\\/www.copealcoy.es\\\/wp-content\\\/uploads\\\/2023\\\/02\\\/511E7C88-D9D5-47F4-AF32-2A62DF0D1586.png\",\"datePublished\":\"2023-11-24T06:40:19+00:00\",\"dateModified\":\"2023-11-24T18:44:41+00:00\",\"author\":{\"@id\":\"https:\\\/\\\/www.copealcoy.es\\\/es\\\/#\\\/schema\\\/person\\\/e777c87fa024e57d40170af9df39882c\"},\"breadcrumb\":{\"@id\":\"https:\\\/\\\/www.copealcoy.es\\\/es\\\/mediodia-cope-alcoy-viernes-24-de-noviembre-2023-1420h\\\/#breadcrumb\"},\"inLanguage\":\"es\",\"potentialAction\":[{\"@type\":\"ReadAction\",\"target\":[\"https:\\\/\\\/www.copealcoy.es\\\/es\\\/mediodia-cope-alcoy-viernes-24-de-noviembre-2023-1420h\\\/\"]}]},{\"@type\":\"ImageObject\",\"inLanguage\":\"es\",\"@id\":\"https:\\\/\\\/www.copealcoy.es\\\/es\\\/mediodia-cope-alcoy-viernes-24-de-noviembre-2023-1420h\\\/#primaryimage\",\"url\":\"https:\\\/\\\/www.copealcoy.es\\\/wp-content\\\/uploads\\\/2023\\\/02\\\/511E7C88-D9D5-47F4-AF32-2A62DF0D1586.png\",\"contentUrl\":\"https:\\\/\\\/www.copealcoy.es\\\/wp-content\\\/uploads\\\/2023\\\/02\\\/511E7C88-D9D5-47F4-AF32-2A62DF0D1586.png\",\"width\":357,\"height\":290},{\"@type\":\"BreadcrumbList\",\"@id\":\"https:\\\/\\\/www.copealcoy.es\\\/es\\\/mediodia-cope-alcoy-viernes-24-de-noviembre-2023-1420h\\\/#breadcrumb\",\"itemListElement\":[{\"@type\":\"ListItem\",\"position\":1,\"name\":\"Portada\",\"item\":\"https:\\\/\\\/www.copealcoy.es\\\/es\\\/\"},{\"@type\":\"ListItem\",\"position\":2,\"name\":\"\u2018Mediod\u00eda Cope\u2019 Alcoy viernes 24 de noviembre 2023 (14:20h)\"}]},{\"@type\":\"WebSite\",\"@id\":\"https:\\\/\\\/www.copealcoy.es\\\/es\\\/#website\",\"url\":\"https:\\\/\\\/www.copealcoy.es\\\/es\\\/\",\"name\":\"COPE Alcoy\",\"description\":\"Emisora COPE de radio local con emisi\u00f3n online. Pont de Sant Jordi 8-10 03803 Alcoy\",\"potentialAction\":[{\"@type\":\"SearchAction\",\"target\":{\"@type\":\"EntryPoint\",\"urlTemplate\":\"https:\\\/\\\/www.copealcoy.es\\\/es\\\/?s={search_term_string}\"},\"query-input\":{\"@type\":\"PropertyValueSpecification\",\"valueRequired\":true,\"valueName\":\"search_term_string\"}}],\"inLanguage\":\"es\"},{\"@type\":\"Person\",\"@id\":\"https:\\\/\\\/www.copealcoy.es\\\/es\\\/#\\\/schema\\\/person\\\/e777c87fa024e57d40170af9df39882c\",\"name\":\"Cope Alcoy\",\"image\":{\"@type\":\"ImageObject\",\"inLanguage\":\"es\",\"@id\":\"https:\\\/\\\/secure.gravatar.com\\\/avatar\\\/bb65d0283347e303893ba14f0692005417c1e0e690a325a4c5d8bb2b3943ee14?s=96&d=mm&r=g\",\"url\":\"https:\\\/\\\/secure.gravatar.com\\\/avatar\\\/bb65d0283347e303893ba14f0692005417c1e0e690a325a4c5d8bb2b3943ee14?s=96&d=mm&r=g\",\"contentUrl\":\"https:\\\/\\\/secure.gravatar.com\\\/avatar\\\/bb65d0283347e303893ba14f0692005417c1e0e690a325a4c5d8bb2b3943ee14?s=96&d=mm&r=g\",\"caption\":\"Cope Alcoy\"}}]}<\/script>\n<!-- \/ Yoast SEO plugin. -->","yoast_head_json":{"title":"\u2018Mediod\u00eda Cope\u2019 Alcoy viernes 24 de noviembre 2023 (14:20h) - COPE Alcoy","robots":{"index":"index","follow":"follow","max-snippet":"max-snippet:-1","max-image-preview":"max-image-preview:large","max-video-preview":"max-video-preview:-1"},"canonical":"https:\/\/www.copealcoy.es\/es\/mediodia-cope-alcoy-viernes-24-de-noviembre-2023-1420h\/","og_locale":"es_ES","og_type":"article","og_title":"\u2018Mediod\u00eda Cope\u2019 Alcoy viernes 24 de noviembre 2023 (14:20h) - COPE Alcoy","og_description":"Hoy viernes hemos recordado que Alcoy y los municipios de nuestras comarcas conmemoran este viernes el 25N con diferentes actos...","og_url":"https:\/\/www.copealcoy.es\/es\/mediodia-cope-alcoy-viernes-24-de-noviembre-2023-1420h\/","og_site_name":"COPE Alcoy","article_published_time":"2023-11-24T06:40:19+00:00","article_modified_time":"2023-11-24T18:44:41+00:00","og_image":[{"width":357,"height":290,"url":"https:\/\/www.copealcoy.es\/wp-content\/uploads\/2023\/02\/511E7C88-D9D5-47F4-AF32-2A62DF0D1586.png","type":"image\/png"}],"author":"Cope Alcoy","twitter_misc":{"Escrito por":"Cope Alcoy","Tiempo de lectura":"2 minutos"},"schema":{"@context":"https:\/\/schema.org","@graph":[{"@type":"Article","@id":"https:\/\/www.copealcoy.es\/es\/mediodia-cope-alcoy-viernes-24-de-noviembre-2023-1420h\/#article","isPartOf":{"@id":"https:\/\/www.copealcoy.es\/es\/mediodia-cope-alcoy-viernes-24-de-noviembre-2023-1420h\/"},"author":{"name":"Cope Alcoy","@id":"https:\/\/www.copealcoy.es\/es\/#\/schema\/person\/e777c87fa024e57d40170af9df39882c"},"headline":"\u2018Mediod\u00eda Cope\u2019 Alcoy viernes 24 de noviembre 2023 (14:20h)","datePublished":"2023-11-24T06:40:19+00:00","dateModified":"2023-11-24T18:44:41+00:00","mainEntityOfPage":{"@id":"https:\/\/www.copealcoy.es\/es\/mediodia-cope-alcoy-viernes-24-de-noviembre-2023-1420h\/"},"wordCount":448,"commentCount":0,"image":{"@id":"https:\/\/www.copealcoy.es\/es\/mediodia-cope-alcoy-viernes-24-de-noviembre-2023-1420h\/#primaryimage"},"thumbnailUrl":"https:\/\/www.copealcoy.es\/wp-content\/uploads\/2023\/02\/511E7C88-D9D5-47F4-AF32-2A62DF0D1586.png","articleSection":["Actualidad","Audios de los programas","Informativos","Noticias"],"inLanguage":"es"},{"@type":"WebPage","@id":"https:\/\/www.copealcoy.es\/es\/mediodia-cope-alcoy-viernes-24-de-noviembre-2023-1420h\/","url":"https:\/\/www.copealcoy.es\/es\/mediodia-cope-alcoy-viernes-24-de-noviembre-2023-1420h\/","name":"\u2018Mediod\u00eda Cope\u2019 Alcoy viernes 24 de noviembre 2023 (14:20h) - COPE Alcoy","isPartOf":{"@id":"https:\/\/www.copealcoy.es\/es\/#website"},"primaryImageOfPage":{"@id":"https:\/\/www.copealcoy.es\/es\/mediodia-cope-alcoy-viernes-24-de-noviembre-2023-1420h\/#primaryimage"},"image":{"@id":"https:\/\/www.copealcoy.es\/es\/mediodia-cope-alcoy-viernes-24-de-noviembre-2023-1420h\/#primaryimage"},"thumbnailUrl":"https:\/\/www.copealcoy.es\/wp-content\/uploads\/2023\/02\/511E7C88-D9D5-47F4-AF32-2A62DF0D1586.png","datePublished":"2023-11-24T06:40:19+00:00","dateModified":"2023-11-24T18:44:41+00:00","author":{"@id":"https:\/\/www.copealcoy.es\/es\/#\/schema\/person\/e777c87fa024e57d40170af9df39882c"},"breadcrumb":{"@id":"https:\/\/www.copealcoy.es\/es\/mediodia-cope-alcoy-viernes-24-de-noviembre-2023-1420h\/#breadcrumb"},"inLanguage":"es","potentialAction":[{"@type":"ReadAction","target":["https:\/\/www.copealcoy.es\/es\/mediodia-cope-alcoy-viernes-24-de-noviembre-2023-1420h\/"]}]},{"@type":"ImageObject","inLanguage":"es","@id":"https:\/\/www.copealcoy.es\/es\/mediodia-cope-alcoy-viernes-24-de-noviembre-2023-1420h\/#primaryimage","url":"https:\/\/www.copealcoy.es\/wp-content\/uploads\/2023\/02\/511E7C88-D9D5-47F4-AF32-2A62DF0D1586.png","contentUrl":"https:\/\/www.copealcoy.es\/wp-content\/uploads\/2023\/02\/511E7C88-D9D5-47F4-AF32-2A62DF0D1586.png","width":357,"height":290},{"@type":"BreadcrumbList","@id":"https:\/\/www.copealcoy.es\/es\/mediodia-cope-alcoy-viernes-24-de-noviembre-2023-1420h\/#breadcrumb","itemListElement":[{"@type":"ListItem","position":1,"name":"Portada","item":"https:\/\/www.copealcoy.es\/es\/"},{"@type":"ListItem","position":2,"name":"\u2018Mediod\u00eda Cope\u2019 Alcoy viernes 24 de noviembre 2023 (14:20h)"}]},{"@type":"WebSite","@id":"https:\/\/www.copealcoy.es\/es\/#website","url":"https:\/\/www.copealcoy.es\/es\/","name":"COPE Alcoy","description":"Emisora COPE de radio local con emisi\u00f3n online. Pont de Sant Jordi 8-10 03803 Alcoy","potentialAction":[{"@type":"SearchAction","target":{"@type":"EntryPoint","urlTemplate":"https:\/\/www.copealcoy.es\/es\/?s={search_term_string}"},"query-input":{"@type":"PropertyValueSpecification","valueRequired":true,"valueName":"search_term_string"}}],"inLanguage":"es"},{"@type":"Person","@id":"https:\/\/www.copealcoy.es\/es\/#\/schema\/person\/e777c87fa024e57d40170af9df39882c","name":"Cope Alcoy","image":{"@type":"ImageObject","inLanguage":"es","@id":"https:\/\/secure.gravatar.com\/avatar\/bb65d0283347e303893ba14f0692005417c1e0e690a325a4c5d8bb2b3943ee14?s=96&d=mm&r=g","url":"https:\/\/secure.gravatar.com\/avatar\/bb65d0283347e303893ba14f0692005417c1e0e690a325a4c5d8bb2b3943ee14?s=96&d=mm&r=g","contentUrl":"https:\/\/secure.gravatar.com\/avatar\/bb65d0283347e303893ba14f0692005417c1e0e690a325a4c5d8bb2b3943ee14?s=96&d=mm&r=g","caption":"Cope Alcoy"}}]}},"_links":{"self":[{"href":"https:\/\/www.copealcoy.es\/es\/wp-json\/wp\/v2\/posts\/125680","targetHints":{"allow":["GET"]}}],"collection":[{"href":"https:\/\/www.copealcoy.es\/es\/wp-json\/wp\/v2\/posts"}],"about":[{"href":"https:\/\/www.copealcoy.es\/es\/wp-json\/wp\/v2\/types\/post"}],"author":[{"embeddable":true,"href":"https:\/\/www.copealcoy.es\/es\/wp-json\/wp\/v2\/users\/1"}],"replies":[{"embeddable":true,"href":"https:\/\/www.copealcoy.es\/es\/wp-json\/wp\/v2\/comments?post=125680"}],"version-history":[{"count":0,"href":"https:\/\/www.copealcoy.es\/es\/wp-json\/wp\/v2\/posts\/125680\/revisions"}],"wp:featuredmedia":[{"embeddable":true,"href":"https:\/\/www.copealcoy.es\/es\/wp-json\/wp\/v2\/media\/110640"}],"wp:attachment":[{"href":"https:\/\/www.copealcoy.es\/es\/wp-json\/wp\/v2\/media?parent=125680"}],"wp:term":[{"taxonomy":"category","embeddable":true,"href":"https:\/\/www.copealcoy.es\/es\/wp-json\/wp\/v2\/categories?post=125680"},{"taxonomy":"post_tag","embeddable":true,"href":"https:\/\/www.copealcoy.es\/es\/wp-json\/wp\/v2\/tags?post=125680"}],"curies":[{"name":"wp","href":"https:\/\/api.w.org\/{rel}","templated":true}]}}