{"id":125650,"date":"2023-11-24T16:30:18","date_gmt":"2023-11-24T15:30:18","guid":{"rendered":"https:\/\/www.copealcoy.es\/?p=125650"},"modified":"2023-11-24T19:34:14","modified_gmt":"2023-11-24T18:34:14","slug":"alcoy-y-la-comarca-lanzan-un-grito-contra-la-violencia-machista-en-el-25n","status":"publish","type":"post","link":"https:\/\/www.copealcoy.es\/es\/alcoy-y-la-comarca-lanzan-un-grito-contra-la-violencia-machista-en-el-25n\/","title":{"rendered":"Alcoy y la comarca lanzan un grito contra la violencia machista en el 25N"},"content":{"rendered":"<p style=\"text-align: justify;\">Alcoy se ha unido este viernes a <strong>la conmemoraci\u00f3n del D\u00eda Internacional para la Eliminaci\u00f3n de la Violencia Contra las Mujeres<\/strong>, jornada que se recuerda cada 25 de noviembre y que <strong>este a\u00f1o la ciudad ha querido reivindicar hoy viernes<\/strong> con un acto que ha tenido lugar a mediod\u00eda en la Plaza de Espa\u00f1a. La performance\u00a0<em>Surrender\u00a0<\/em>ha dado paso a<strong> la lectura del manifiesto<\/strong> a cargo de la asociaci\u00f3n ACOVIFA, un texto en el que <strong>se ha reivindicado la educaci\u00f3n en igualdad o la importancia de implicar al hombre en la lucha contra la violencia machista<\/strong> sin dejar de lado <strong>el recuerdo hacia las 52 mujeres asesinadas<\/strong> en lo que llevamos de a\u00f1o:<\/p>\n<audio class=\"wp-audio-shortcode\" id=\"audio-125650-1\" preload=\"none\" style=\"width: 100%;\" controls=\"controls\"><source type=\"audio\/mpeg\" src=\"https:\/\/www.copealcoy.es\/wp-content\/uploads\/2023\/11\/Manifest-25N-2023.mp3?_=1\" \/><a href=\"https:\/\/www.copealcoy.es\/wp-content\/uploads\/2023\/11\/Manifest-25N-2023.mp3\">https:\/\/www.copealcoy.es\/wp-content\/uploads\/2023\/11\/Manifest-25N-2023.mp3<\/a><\/audio>\n<p>&nbsp;<\/p>\n<p style=\"text-align: justify;\">Mesas informativas, charlas, cinef\u00f3rums o un taller de defensa personal para mujeres <strong>han marcado la programaci\u00f3n en torno al 25N en nuestra ciudad<\/strong>. El acto central de hoy <strong>ha contado con la presencia<\/strong> de buena parte de la Corporaci\u00f3n Municipal e incluso con algunos de los centros educativos de la ciudad.<\/p>\n<p style=\"text-align: justify;\"><span style=\"color: #0000ff;\"><strong>Mujeres cada vez m\u00e1s j\u00f3venes<\/strong><\/span><\/p>\n<p style=\"text-align: justify;\">Solo <strong>doce de las 52 mujeres asesinadas por violencia de g\u00e9nero<\/strong> en Espa\u00f1a en lo que va de a\u00f1o hab\u00edan <strong>denunciado previamente a su agresor<\/strong>. Un dato que, con motivo del <strong>D\u00eda Internacional para la Eliminaci\u00f3n de la Violencia contra las Mujeres<\/strong>, que se celebra este s\u00e1bado 25 de noviembre, nos invita a reflexionar sobre la situaci\u00f3n de vulnerabilidad de las v\u00edctimas.<\/p>\n<p style=\"text-align: justify;\">Una vulnerabilidad todav\u00eda mayor si se trata de menores de edad. Y es que, cada vez son m\u00e1s las mujeres j\u00f3venes que sufren las consecuencias del machismo. Tambi\u00e9n en Alcoy. &#8220;Nos ha sorprendido este a\u00f1o es tener a dos mujeres menores de eedad. Que busquen esa ayuda est\u00e1 muy bien, pero lo preocupante es que est\u00e9n empezando ya a tener relaciones que no son sanas&#8221;, ha explicado Gabriel Aura, presidente de ACOVIFA, durante el &#8216;Tiempo de An\u00e1lisis&#8217; de Cope Alcoy de este martes.<\/p>\n<p style=\"text-align: justify;\"><span style=\"color: #0000ff;\"><strong>Recursos de ayuda<\/strong><\/span><\/p>\n<p style=\"text-align: justify;\">Para hacer frente a esta lacra, es fundamental tambi\u00e9n el apoyo del entorno y de la red de familiares y amigos de la v\u00edctima. Es por ello que los recursos de ayuda van tambi\u00e9n destinados a las personas cercanas a la mujer que sufre violencia de g\u00e9nero.<\/p>\n<p style=\"text-align: justify;\">En Alcoy, ACOVIFA trabaja tanto con v\u00edctimas como con su entorno. Les ofrecen apoyo y asesoramiento. Se puede contactar con ellos a trav\u00e9s de su <span style=\"color: #000080;\"><a style=\"color: #000080;\" href=\"https:\/\/acovifa.com\/contacta\/\" target=\"_blank\" rel=\"noopener\"><strong><span style=\"color: #0000ff;\">web<\/span><\/strong><\/a><\/span>.<\/p>\n<p>A disposici\u00f3n de la ciudadan\u00eda est\u00e1 tambi\u00e9n el <strong>016<\/strong>, un n\u00famero gratuito que no deja huella en la factura del tel\u00e9fono ni en el registro de llamadas.<\/p>\n<p><strong><span style=\"color: #0000ff;\">Actos en toda la comarca con motivo del 25N<\/span><\/strong><\/p>\n<p style=\"text-align: justify;\">El hecho de que el D\u00eda internacional para la eliminaci\u00f3n de la violencia contra las mujeres caiga este a\u00f1o en s\u00e1bado, <strong>propici\u00f3 que se adelantaran a hoy<\/strong> muchos de los actos reivindicativos que con ocasi\u00f3n del 25N se programan en las poblaciones de l\u2019Alcoi\u00e0 y el Comtat. En el caso de <strong>Cocentaina<\/strong>, la lectura del manifiesto se traslad\u00f3 al escenario exterior del Centre Cultural El Teular y all\u00ed tambi\u00e9n se realiz\u00f3 a mediod\u00eda una actuaci\u00f3n a cargo del alumnado del IES Pare Arques que persegu\u00eda concienciar sobre la importancia de continuar avanzando para acabar con la gran lacra social que supone la violencia contra las mujeres. Parte de la corporaci\u00f3n municipal, con el alcalde Jordi Pla al frente, secund\u00f3 una actividad enmarcada en una completa programaci\u00f3n que ha incluido tambi\u00e9n un taller de empoderamiento femenino a cargo de ACOVIFA o la inauguraci\u00f3n de la exposici\u00f3n titulada \u2018\u00c1frica es mujer\u2019 que se puede ver en la Biblioteca Municipal. Las propuestas contin\u00faan el domingo, con el concierto titulado \u2018Nosotras\u2019, que tendr\u00e1 lugar a las 12 del mediod\u00eda en el Centre Social Real Blanc; y en el marco de esta cita se abrir\u00e1 tambi\u00e9n la muestra de ilustraciones \u2018Tres voltes rebel\u2019 organizada con motivo del 25N. Finalmente, el jueves 30 de noviembre, se materializar\u00e1 en la parte baja del Passeig del Comtat la exposici\u00f3n \u2018Valencianes per la igualtat\u2019.<\/p>\n<p style=\"text-align: justify;\"><a href=\"https:\/\/www.copealcoy.es\/wp-content\/uploads\/2023\/11\/405741475_745137344324913_233457012673845888_n.jpg\"><img loading=\"lazy\" decoding=\"async\" class=\"wp-image-125676 aligncenter\" src=\"https:\/\/www.copealcoy.es\/wp-content\/uploads\/2023\/11\/405741475_745137344324913_233457012673845888_n.jpg\" alt=\"\" width=\"637\" height=\"420\" \/><\/a><\/p>\n<p style=\"text-align: justify;\">Tambi\u00e9n en <strong>Muro<\/strong> se han preparado diferentes iniciativas y una de las m\u00e1s destacadas es la campa\u00f1a de concienciaci\u00f3n social que recibe por nombre \u2018Puja\u2019t al carro\u2019. Teniendo como tel\u00f3n de fondo la ic\u00f3nica imagen del \u2018T\u00edo Pep\u2019, junto al emblem\u00e1tico carro que le acompa\u00f1a, esta propuesta cuenta con la colaboraci\u00f3n del Pacto de Estado contra la Violencia de G\u00e9nero del Ministerio de Igualdad e incluso de la Diputaci\u00f3n Povincial de Alicante. En la misma, j\u00f3venes estudiantes del IES Serra de Mariola y adultos, han abordado cuestiones como la igualdad entre hombres y mujeres, la diversidad sexual o la inclusi\u00f3n social mediante proyecciones audiovisuales dinamizadas y enfocadas tambi\u00e9n al debate o la reflexi\u00f3n. Los actos reivindicativos se repiten estos d\u00edas en otros municipios grandes de estas comarcas como Ibi, Castalla u Onil destacando en buena parte de los casos la lectura de manifiestos en la calle junto al emocionado homenaje a las 52 mujeres v\u00edctimas de la violencia machista que han perdido la vida en Espa\u00f1a en lo que llevamos de a\u00f1o.<\/p>\n","protected":false},"excerpt":{"rendered":"<p>Alcoy se ha unido este viernes a la conmemoraci\u00f3n del D\u00eda Internacional para la Eliminaci\u00f3n de la Violencia Contra las&#8230;<\/p>\n","protected":false},"author":1,"featured_media":125661,"comment_status":"open","ping_status":"open","sticky":false,"template":"","format":"standard","meta":{"footnotes":""},"categories":[6909,75,125],"tags":[9459,160,482,237,6636,10362],"class_list":["post-125650","post","type-post","status-publish","format-standard","has-post-thumbnail","hentry","category-actualidad","category-noticias","category-portada","tag-25n","tag-alcoi","tag-alcoia","tag-comtat","tag-conmemoracion","tag-dia-internacional-contra-la-violencia-de-genere"],"yoast_head":"<!-- This site is optimized with the Yoast SEO plugin v27.3 - https:\/\/yoast.com\/product\/yoast-seo-wordpress\/ -->\n<title>Alcoy y la comarca lanzan un grito contra la violencia machista en el 25N - COPE Alcoy<\/title>\n<meta name=\"description\" content=\"Alcoy se ha unido este viernes a la conmemoraci\u00f3n del D\u00eda Internacional para la Eliminaci\u00f3n de la Violencia Contra las Mujeres\" \/>\n<meta name=\"robots\" content=\"index, follow, max-snippet:-1, max-image-preview:large, max-video-preview:-1\" \/>\n<link rel=\"canonical\" href=\"https:\/\/www.copealcoy.es\/es\/alcoy-y-la-comarca-lanzan-un-grito-contra-la-violencia-machista-en-el-25n\/\" \/>\n<meta property=\"og:locale\" content=\"es_ES\" \/>\n<meta property=\"og:type\" content=\"article\" \/>\n<meta property=\"og:title\" content=\"Alcoy y la comarca lanzan un grito contra la violencia machista en el 25N - COPE Alcoy\" \/>\n<meta property=\"og:description\" content=\"Alcoy se ha unido este viernes a la conmemoraci\u00f3n del D\u00eda Internacional para la Eliminaci\u00f3n de la Violencia Contra las Mujeres\" \/>\n<meta property=\"og:url\" content=\"https:\/\/www.copealcoy.es\/es\/alcoy-y-la-comarca-lanzan-un-grito-contra-la-violencia-machista-en-el-25n\/\" \/>\n<meta property=\"og:site_name\" content=\"COPE Alcoy\" \/>\n<meta property=\"article:published_time\" content=\"2023-11-24T15:30:18+00:00\" \/>\n<meta property=\"article:modified_time\" content=\"2023-11-24T18:34:14+00:00\" \/>\n<meta property=\"og:image\" content=\"https:\/\/www.copealcoy.es\/wp-content\/uploads\/2023\/11\/405765485_725489559611572_3340780715692980497_n-e1700839745233.jpg\" \/>\n\t<meta property=\"og:image:width\" content=\"640\" \/>\n\t<meta property=\"og:image:height\" content=\"427\" \/>\n\t<meta property=\"og:image:type\" content=\"image\/jpeg\" \/>\n<meta name=\"author\" content=\"Cope Alcoy\" \/>\n<meta name=\"twitter:label1\" content=\"Escrito por\" \/>\n\t<meta name=\"twitter:data1\" content=\"Cope Alcoy\" \/>\n\t<meta name=\"twitter:label2\" content=\"Tiempo de lectura\" \/>\n\t<meta name=\"twitter:data2\" content=\"4 minutos\" \/>\n<script type=\"application\/ld+json\" class=\"yoast-schema-graph\">{\"@context\":\"https:\\\/\\\/schema.org\",\"@graph\":[{\"@type\":\"Article\",\"@id\":\"https:\\\/\\\/www.copealcoy.es\\\/es\\\/alcoy-y-la-comarca-lanzan-un-grito-contra-la-violencia-machista-en-el-25n\\\/#article\",\"isPartOf\":{\"@id\":\"https:\\\/\\\/www.copealcoy.es\\\/es\\\/alcoy-y-la-comarca-lanzan-un-grito-contra-la-violencia-machista-en-el-25n\\\/\"},\"author\":{\"name\":\"Cope Alcoy\",\"@id\":\"https:\\\/\\\/www.copealcoy.es\\\/es\\\/#\\\/schema\\\/person\\\/e777c87fa024e57d40170af9df39882c\"},\"headline\":\"Alcoy y la comarca lanzan un grito contra la violencia machista en el 25N\",\"datePublished\":\"2023-11-24T15:30:18+00:00\",\"dateModified\":\"2023-11-24T18:34:14+00:00\",\"mainEntityOfPage\":{\"@id\":\"https:\\\/\\\/www.copealcoy.es\\\/es\\\/alcoy-y-la-comarca-lanzan-un-grito-contra-la-violencia-machista-en-el-25n\\\/\"},\"wordCount\":924,\"commentCount\":0,\"image\":{\"@id\":\"https:\\\/\\\/www.copealcoy.es\\\/es\\\/alcoy-y-la-comarca-lanzan-un-grito-contra-la-violencia-machista-en-el-25n\\\/#primaryimage\"},\"thumbnailUrl\":\"https:\\\/\\\/www.copealcoy.es\\\/wp-content\\\/uploads\\\/2023\\\/11\\\/405765485_725489559611572_3340780715692980497_n-e1700839745233.jpg\",\"keywords\":[\"25N\",\"Alcoi\",\"Alcoi\u00e0\",\"Comtat\",\"conmemoraci\u00f3n\",\"Dia Internacional Contra La Viol\u00e8ncia de G\u00e8nere\"],\"articleSection\":[\"Actualidad\",\"Noticias\",\"Portada\"],\"inLanguage\":\"es\"},{\"@type\":\"WebPage\",\"@id\":\"https:\\\/\\\/www.copealcoy.es\\\/es\\\/alcoy-y-la-comarca-lanzan-un-grito-contra-la-violencia-machista-en-el-25n\\\/\",\"url\":\"https:\\\/\\\/www.copealcoy.es\\\/es\\\/alcoy-y-la-comarca-lanzan-un-grito-contra-la-violencia-machista-en-el-25n\\\/\",\"name\":\"Alcoy y la comarca lanzan un grito contra la violencia machista en el 25N - COPE Alcoy\",\"isPartOf\":{\"@id\":\"https:\\\/\\\/www.copealcoy.es\\\/es\\\/#website\"},\"primaryImageOfPage\":{\"@id\":\"https:\\\/\\\/www.copealcoy.es\\\/es\\\/alcoy-y-la-comarca-lanzan-un-grito-contra-la-violencia-machista-en-el-25n\\\/#primaryimage\"},\"image\":{\"@id\":\"https:\\\/\\\/www.copealcoy.es\\\/es\\\/alcoy-y-la-comarca-lanzan-un-grito-contra-la-violencia-machista-en-el-25n\\\/#primaryimage\"},\"thumbnailUrl\":\"https:\\\/\\\/www.copealcoy.es\\\/wp-content\\\/uploads\\\/2023\\\/11\\\/405765485_725489559611572_3340780715692980497_n-e1700839745233.jpg\",\"datePublished\":\"2023-11-24T15:30:18+00:00\",\"dateModified\":\"2023-11-24T18:34:14+00:00\",\"author\":{\"@id\":\"https:\\\/\\\/www.copealcoy.es\\\/es\\\/#\\\/schema\\\/person\\\/e777c87fa024e57d40170af9df39882c\"},\"description\":\"Alcoy se ha unido este viernes a la conmemoraci\u00f3n del D\u00eda Internacional para la Eliminaci\u00f3n de la Violencia Contra las Mujeres\",\"breadcrumb\":{\"@id\":\"https:\\\/\\\/www.copealcoy.es\\\/es\\\/alcoy-y-la-comarca-lanzan-un-grito-contra-la-violencia-machista-en-el-25n\\\/#breadcrumb\"},\"inLanguage\":\"es\",\"potentialAction\":[{\"@type\":\"ReadAction\",\"target\":[\"https:\\\/\\\/www.copealcoy.es\\\/es\\\/alcoy-y-la-comarca-lanzan-un-grito-contra-la-violencia-machista-en-el-25n\\\/\"]}]},{\"@type\":\"ImageObject\",\"inLanguage\":\"es\",\"@id\":\"https:\\\/\\\/www.copealcoy.es\\\/es\\\/alcoy-y-la-comarca-lanzan-un-grito-contra-la-violencia-machista-en-el-25n\\\/#primaryimage\",\"url\":\"https:\\\/\\\/www.copealcoy.es\\\/wp-content\\\/uploads\\\/2023\\\/11\\\/405765485_725489559611572_3340780715692980497_n-e1700839745233.jpg\",\"contentUrl\":\"https:\\\/\\\/www.copealcoy.es\\\/wp-content\\\/uploads\\\/2023\\\/11\\\/405765485_725489559611572_3340780715692980497_n-e1700839745233.jpg\",\"width\":640,\"height\":427},{\"@type\":\"BreadcrumbList\",\"@id\":\"https:\\\/\\\/www.copealcoy.es\\\/es\\\/alcoy-y-la-comarca-lanzan-un-grito-contra-la-violencia-machista-en-el-25n\\\/#breadcrumb\",\"itemListElement\":[{\"@type\":\"ListItem\",\"position\":1,\"name\":\"Portada\",\"item\":\"https:\\\/\\\/www.copealcoy.es\\\/es\\\/\"},{\"@type\":\"ListItem\",\"position\":2,\"name\":\"Alcoy y la comarca lanzan un grito contra la violencia machista en el 25N\"}]},{\"@type\":\"WebSite\",\"@id\":\"https:\\\/\\\/www.copealcoy.es\\\/es\\\/#website\",\"url\":\"https:\\\/\\\/www.copealcoy.es\\\/es\\\/\",\"name\":\"COPE Alcoy\",\"description\":\"Emisora COPE de radio local con emisi\u00f3n online. Pont de Sant Jordi 8-10 03803 Alcoy\",\"potentialAction\":[{\"@type\":\"SearchAction\",\"target\":{\"@type\":\"EntryPoint\",\"urlTemplate\":\"https:\\\/\\\/www.copealcoy.es\\\/es\\\/?s={search_term_string}\"},\"query-input\":{\"@type\":\"PropertyValueSpecification\",\"valueRequired\":true,\"valueName\":\"search_term_string\"}}],\"inLanguage\":\"es\"},{\"@type\":\"Person\",\"@id\":\"https:\\\/\\\/www.copealcoy.es\\\/es\\\/#\\\/schema\\\/person\\\/e777c87fa024e57d40170af9df39882c\",\"name\":\"Cope Alcoy\",\"image\":{\"@type\":\"ImageObject\",\"inLanguage\":\"es\",\"@id\":\"https:\\\/\\\/secure.gravatar.com\\\/avatar\\\/bb65d0283347e303893ba14f0692005417c1e0e690a325a4c5d8bb2b3943ee14?s=96&d=mm&r=g\",\"url\":\"https:\\\/\\\/secure.gravatar.com\\\/avatar\\\/bb65d0283347e303893ba14f0692005417c1e0e690a325a4c5d8bb2b3943ee14?s=96&d=mm&r=g\",\"contentUrl\":\"https:\\\/\\\/secure.gravatar.com\\\/avatar\\\/bb65d0283347e303893ba14f0692005417c1e0e690a325a4c5d8bb2b3943ee14?s=96&d=mm&r=g\",\"caption\":\"Cope Alcoy\"}}]}<\/script>\n<!-- \/ Yoast SEO plugin. -->","yoast_head_json":{"title":"Alcoy y la comarca lanzan un grito contra la violencia machista en el 25N - COPE Alcoy","description":"Alcoy se ha unido este viernes a la conmemoraci\u00f3n del D\u00eda Internacional para la Eliminaci\u00f3n de la Violencia Contra las Mujeres","robots":{"index":"index","follow":"follow","max-snippet":"max-snippet:-1","max-image-preview":"max-image-preview:large","max-video-preview":"max-video-preview:-1"},"canonical":"https:\/\/www.copealcoy.es\/es\/alcoy-y-la-comarca-lanzan-un-grito-contra-la-violencia-machista-en-el-25n\/","og_locale":"es_ES","og_type":"article","og_title":"Alcoy y la comarca lanzan un grito contra la violencia machista en el 25N - COPE Alcoy","og_description":"Alcoy se ha unido este viernes a la conmemoraci\u00f3n del D\u00eda Internacional para la Eliminaci\u00f3n de la Violencia Contra las Mujeres","og_url":"https:\/\/www.copealcoy.es\/es\/alcoy-y-la-comarca-lanzan-un-grito-contra-la-violencia-machista-en-el-25n\/","og_site_name":"COPE Alcoy","article_published_time":"2023-11-24T15:30:18+00:00","article_modified_time":"2023-11-24T18:34:14+00:00","og_image":[{"width":640,"height":427,"url":"https:\/\/www.copealcoy.es\/wp-content\/uploads\/2023\/11\/405765485_725489559611572_3340780715692980497_n-e1700839745233.jpg","type":"image\/jpeg"}],"author":"Cope Alcoy","twitter_misc":{"Escrito por":"Cope Alcoy","Tiempo de lectura":"4 minutos"},"schema":{"@context":"https:\/\/schema.org","@graph":[{"@type":"Article","@id":"https:\/\/www.copealcoy.es\/es\/alcoy-y-la-comarca-lanzan-un-grito-contra-la-violencia-machista-en-el-25n\/#article","isPartOf":{"@id":"https:\/\/www.copealcoy.es\/es\/alcoy-y-la-comarca-lanzan-un-grito-contra-la-violencia-machista-en-el-25n\/"},"author":{"name":"Cope Alcoy","@id":"https:\/\/www.copealcoy.es\/es\/#\/schema\/person\/e777c87fa024e57d40170af9df39882c"},"headline":"Alcoy y la comarca lanzan un grito contra la violencia machista en el 25N","datePublished":"2023-11-24T15:30:18+00:00","dateModified":"2023-11-24T18:34:14+00:00","mainEntityOfPage":{"@id":"https:\/\/www.copealcoy.es\/es\/alcoy-y-la-comarca-lanzan-un-grito-contra-la-violencia-machista-en-el-25n\/"},"wordCount":924,"commentCount":0,"image":{"@id":"https:\/\/www.copealcoy.es\/es\/alcoy-y-la-comarca-lanzan-un-grito-contra-la-violencia-machista-en-el-25n\/#primaryimage"},"thumbnailUrl":"https:\/\/www.copealcoy.es\/wp-content\/uploads\/2023\/11\/405765485_725489559611572_3340780715692980497_n-e1700839745233.jpg","keywords":["25N","Alcoi","Alcoi\u00e0","Comtat","conmemoraci\u00f3n","Dia Internacional Contra La Viol\u00e8ncia de G\u00e8nere"],"articleSection":["Actualidad","Noticias","Portada"],"inLanguage":"es"},{"@type":"WebPage","@id":"https:\/\/www.copealcoy.es\/es\/alcoy-y-la-comarca-lanzan-un-grito-contra-la-violencia-machista-en-el-25n\/","url":"https:\/\/www.copealcoy.es\/es\/alcoy-y-la-comarca-lanzan-un-grito-contra-la-violencia-machista-en-el-25n\/","name":"Alcoy y la comarca lanzan un grito contra la violencia machista en el 25N - COPE Alcoy","isPartOf":{"@id":"https:\/\/www.copealcoy.es\/es\/#website"},"primaryImageOfPage":{"@id":"https:\/\/www.copealcoy.es\/es\/alcoy-y-la-comarca-lanzan-un-grito-contra-la-violencia-machista-en-el-25n\/#primaryimage"},"image":{"@id":"https:\/\/www.copealcoy.es\/es\/alcoy-y-la-comarca-lanzan-un-grito-contra-la-violencia-machista-en-el-25n\/#primaryimage"},"thumbnailUrl":"https:\/\/www.copealcoy.es\/wp-content\/uploads\/2023\/11\/405765485_725489559611572_3340780715692980497_n-e1700839745233.jpg","datePublished":"2023-11-24T15:30:18+00:00","dateModified":"2023-11-24T18:34:14+00:00","author":{"@id":"https:\/\/www.copealcoy.es\/es\/#\/schema\/person\/e777c87fa024e57d40170af9df39882c"},"description":"Alcoy se ha unido este viernes a la conmemoraci\u00f3n del D\u00eda Internacional para la Eliminaci\u00f3n de la Violencia Contra las Mujeres","breadcrumb":{"@id":"https:\/\/www.copealcoy.es\/es\/alcoy-y-la-comarca-lanzan-un-grito-contra-la-violencia-machista-en-el-25n\/#breadcrumb"},"inLanguage":"es","potentialAction":[{"@type":"ReadAction","target":["https:\/\/www.copealcoy.es\/es\/alcoy-y-la-comarca-lanzan-un-grito-contra-la-violencia-machista-en-el-25n\/"]}]},{"@type":"ImageObject","inLanguage":"es","@id":"https:\/\/www.copealcoy.es\/es\/alcoy-y-la-comarca-lanzan-un-grito-contra-la-violencia-machista-en-el-25n\/#primaryimage","url":"https:\/\/www.copealcoy.es\/wp-content\/uploads\/2023\/11\/405765485_725489559611572_3340780715692980497_n-e1700839745233.jpg","contentUrl":"https:\/\/www.copealcoy.es\/wp-content\/uploads\/2023\/11\/405765485_725489559611572_3340780715692980497_n-e1700839745233.jpg","width":640,"height":427},{"@type":"BreadcrumbList","@id":"https:\/\/www.copealcoy.es\/es\/alcoy-y-la-comarca-lanzan-un-grito-contra-la-violencia-machista-en-el-25n\/#breadcrumb","itemListElement":[{"@type":"ListItem","position":1,"name":"Portada","item":"https:\/\/www.copealcoy.es\/es\/"},{"@type":"ListItem","position":2,"name":"Alcoy y la comarca lanzan un grito contra la violencia machista en el 25N"}]},{"@type":"WebSite","@id":"https:\/\/www.copealcoy.es\/es\/#website","url":"https:\/\/www.copealcoy.es\/es\/","name":"COPE Alcoy","description":"Emisora COPE de radio local con emisi\u00f3n online. Pont de Sant Jordi 8-10 03803 Alcoy","potentialAction":[{"@type":"SearchAction","target":{"@type":"EntryPoint","urlTemplate":"https:\/\/www.copealcoy.es\/es\/?s={search_term_string}"},"query-input":{"@type":"PropertyValueSpecification","valueRequired":true,"valueName":"search_term_string"}}],"inLanguage":"es"},{"@type":"Person","@id":"https:\/\/www.copealcoy.es\/es\/#\/schema\/person\/e777c87fa024e57d40170af9df39882c","name":"Cope Alcoy","image":{"@type":"ImageObject","inLanguage":"es","@id":"https:\/\/secure.gravatar.com\/avatar\/bb65d0283347e303893ba14f0692005417c1e0e690a325a4c5d8bb2b3943ee14?s=96&d=mm&r=g","url":"https:\/\/secure.gravatar.com\/avatar\/bb65d0283347e303893ba14f0692005417c1e0e690a325a4c5d8bb2b3943ee14?s=96&d=mm&r=g","contentUrl":"https:\/\/secure.gravatar.com\/avatar\/bb65d0283347e303893ba14f0692005417c1e0e690a325a4c5d8bb2b3943ee14?s=96&d=mm&r=g","caption":"Cope Alcoy"}}]}},"_links":{"self":[{"href":"https:\/\/www.copealcoy.es\/es\/wp-json\/wp\/v2\/posts\/125650","targetHints":{"allow":["GET"]}}],"collection":[{"href":"https:\/\/www.copealcoy.es\/es\/wp-json\/wp\/v2\/posts"}],"about":[{"href":"https:\/\/www.copealcoy.es\/es\/wp-json\/wp\/v2\/types\/post"}],"author":[{"embeddable":true,"href":"https:\/\/www.copealcoy.es\/es\/wp-json\/wp\/v2\/users\/1"}],"replies":[{"embeddable":true,"href":"https:\/\/www.copealcoy.es\/es\/wp-json\/wp\/v2\/comments?post=125650"}],"version-history":[{"count":0,"href":"https:\/\/www.copealcoy.es\/es\/wp-json\/wp\/v2\/posts\/125650\/revisions"}],"wp:featuredmedia":[{"embeddable":true,"href":"https:\/\/www.copealcoy.es\/es\/wp-json\/wp\/v2\/media\/125661"}],"wp:attachment":[{"href":"https:\/\/www.copealcoy.es\/es\/wp-json\/wp\/v2\/media?parent=125650"}],"wp:term":[{"taxonomy":"category","embeddable":true,"href":"https:\/\/www.copealcoy.es\/es\/wp-json\/wp\/v2\/categories?post=125650"},{"taxonomy":"post_tag","embeddable":true,"href":"https:\/\/www.copealcoy.es\/es\/wp-json\/wp\/v2\/tags?post=125650"}],"curies":[{"name":"wp","href":"https:\/\/api.w.org\/{rel}","templated":true}]}}