{"id":125642,"date":"2023-11-24T07:30:37","date_gmt":"2023-11-24T06:30:37","guid":{"rendered":"https:\/\/www.copealcoy.es\/?p=125642"},"modified":"2023-11-27T19:34:19","modified_gmt":"2023-11-27T18:34:19","slug":"informativo-matinal-viernes-24-de-noviembre-2023-0720h","status":"publish","type":"post","link":"https:\/\/www.copealcoy.es\/es\/informativo-matinal-viernes-24-de-noviembre-2023-0720h\/","title":{"rendered":"Informativo matinal viernes 24 de noviembre 2023 (07:20h)"},"content":{"rendered":"<p><iframe loading=\"lazy\" title=\"Informatiu Matinal Divendres 24 De Novembre 2023 (07:20h)\" width=\"100%\" height=\"120\" src=\"https:\/\/www.mixcloud.com\/widget\/iframe\/?feed=https%3A%2F%2Fwww.mixcloud.com%2FCOPEAlcoy%2Finformatiu-matinal-divendres-24-de-novembre-2023-0720h%2F&amp;hide_cover=1\" frameborder=\"0\"><\/iframe><\/p>\n<p style=\"text-align: justify;\">El reconocimiento a la innovaci\u00f3n y el talento en los <strong>V Premios Empresariales de AITEX<\/strong> y las <strong>demoras en la reforma del Teatro Principal<\/strong> de Alcoy son algunas de las noticias destacadas de este 24 de noviembre de 2023.<\/p>\n<p style=\"text-align: justify;\">Anoche\u00a0<strong>pr\u00e1cticamente se materializ\u00f3 el estreno de la nueva sede que\u00a0<span style=\"color: #0000ff;\"><a style=\"color: #0000ff;\" href=\"https:\/\/www.aitex.es\/\" target=\"_blank\" rel=\"noopener\">AITEX\u00a0<\/a><\/span>ha construido en el barrio de Batoi de Alcoy<\/strong>, un proyecto que\u00a0<strong>ya es casi una realidad<\/strong>\u00a0a falta de culminar el traslado final de laboratorios y enseres as\u00ed como de materializar la inauguraci\u00f3n oficial de las instalaciones. Fue con ocasi\u00f3n del\u00a0<strong>acto de entrega de los Premios Empresariales<\/strong>\u00a0que convoca anualmente la instituci\u00f3n y que en esta ocasi\u00f3n alcanzaron la edici\u00f3n n\u00famero cinco.<\/p>\n<p style=\"text-align: justify;\">La comunicadora\u00a0<strong>Maribel Vilaplana<\/strong>\u00a0se encarg\u00f3 de conducir una ceremonia que arranc\u00f3 en el auditorio de la nueva sede con las palabras de\u00a0<strong>Vicente Blanes<\/strong>, director de AITEX. Este felicit\u00f3 a todas las empresas que se hab\u00edan presentado a los Premios y destac\u00f3<strong>\u00a0la consolidaci\u00f3n que han adquirido unos galardones que tienen ya una fuerte presencia en el \u00e1mbito nacional<\/strong>. Seguidamente, fue el turno del profesor\u00a0<strong>Pedro Videla<\/strong>\u00a0con una conferencia en la que habl\u00f3 de los desaf\u00edos a los que se enfrenta en estos momentos la econom\u00eda mundial al igual que se centr\u00f3 en geopol\u00edtica o en la realidad que atraviesan los principales mercados internacionales.<\/p>\n<p style=\"text-align: justify;\">Ya en la parte central de la gala<strong>\u00a0se entregaron los Premios 2023<\/strong>\u00a0a los que hab\u00edan quedado cinco finalistas en cada una de las modalidades procedentes de las 122 empresas que se hab\u00edan presentado para optar a los reconocimientos. En esta ocasi\u00f3n la firma Quimsil Siliconas qued\u00f3 primera en el \u00e1mbito de\u00a0<strong>Mejor Iniciativa Emprendedora<\/strong>\u00a0y Lyra Tech Solutions obtuvo el segundo premio en esta categor\u00eda. Dentro de\u00a0<strong>Innovaci\u00f3n y Sostenibilidad en Cosm\u00e9tica<\/strong>\u00a0destac\u00f3 el primer premio oara Vytrus Biotech y el segundo premio para la alcoyana Nirvel Cosmetics S.L. Finalmente, en la categor\u00eda<strong>\u00a0Innovaci\u00f3n y Sostenibilidad en Textil<\/strong>, Sepiia se alz\u00f3 con el primer premio y el segundo fue a parar a Auxicolor S.L.<\/p>\n<p style=\"text-align: justify;\">La entrega de premios finaliz\u00f3 con las palabras de\u00a0<strong>Felipe Carrasco<\/strong>, Secretario Auton\u00f3mico de Industria, haciendo referencia a que el Consell va a estar al lado de institutos tecnol\u00f3gicos como AITEX atendiendo sus necesidades en cuestiones como la financiaci\u00f3n para seguir promoviendo la investigaci\u00f3n. Tambi\u00e9n tendi\u00f3 la mano para que Ayuntamiento y Generalitat vayan juntos de cara a impulsar proyectos como la creaci\u00f3n de suelo industrial de calidad.\u00a0<strong>Le\u00f3n Grau<\/strong>, presidente de AITEX, cerr\u00f3 el acto reivindicando la necesidad de hacer m\u00e1s visibles a los empresarios y felicitando a todos aquellos que han hecho posible que la nueva sede de la instituci\u00f3n est\u00e9 en marcha.<\/p>\n","protected":false},"excerpt":{"rendered":"<p>El reconocimiento a la innovaci\u00f3n y el talento en los V Premios Empresariales de AITEX y las demoras en la&#8230;<\/p>\n","protected":false},"author":1,"featured_media":110612,"comment_status":"open","ping_status":"open","sticky":false,"template":"","format":"standard","meta":{"footnotes":""},"categories":[6909,89,91],"tags":[],"class_list":["post-125642","post","type-post","status-publish","format-standard","has-post-thumbnail","hentry","category-actualidad","category-audiosdelosprogramas","category-informativos"],"yoast_head":"<!-- This site is optimized with the Yoast SEO plugin v27.3 - https:\/\/yoast.com\/product\/yoast-seo-wordpress\/ -->\n<title>Informativo matinal viernes 24 de noviembre 2023 (07:20h) - COPE Alcoy<\/title>\n<meta name=\"description\" content=\"El reconocimiento a la innovaci\u00f3n y el talento en los V Premios Empresariales de AITEX y las demoras en la reforma del Teatro Principal de Alcoy son algunas de las noticias destacadas de este 24 de noviembre de 2023.\" \/>\n<meta name=\"robots\" content=\"index, follow, max-snippet:-1, max-image-preview:large, max-video-preview:-1\" \/>\n<link rel=\"canonical\" href=\"https:\/\/www.copealcoy.es\/es\/informativo-matinal-viernes-24-de-noviembre-2023-0720h\/\" \/>\n<meta property=\"og:locale\" content=\"es_ES\" \/>\n<meta property=\"og:type\" content=\"article\" \/>\n<meta property=\"og:title\" content=\"Informativo matinal viernes 24 de noviembre 2023 (07:20h) - COPE Alcoy\" \/>\n<meta property=\"og:description\" content=\"El reconocimiento a la innovaci\u00f3n y el talento en los V Premios Empresariales de AITEX y las demoras en la reforma del Teatro Principal de Alcoy son algunas de las noticias destacadas de este 24 de noviembre de 2023.\" \/>\n<meta property=\"og:url\" content=\"https:\/\/www.copealcoy.es\/es\/informativo-matinal-viernes-24-de-noviembre-2023-0720h\/\" \/>\n<meta property=\"og:site_name\" content=\"COPE Alcoy\" \/>\n<meta property=\"article:published_time\" content=\"2023-11-24T06:30:37+00:00\" \/>\n<meta property=\"article:modified_time\" content=\"2023-11-27T18:34:19+00:00\" \/>\n<meta property=\"og:image\" content=\"https:\/\/www.copealcoy.es\/wp-content\/uploads\/2023\/02\/Herrera-en-COPE-Alcoy-4.png\" \/>\n\t<meta property=\"og:image:width\" content=\"357\" \/>\n\t<meta property=\"og:image:height\" content=\"290\" \/>\n\t<meta property=\"og:image:type\" content=\"image\/png\" \/>\n<meta name=\"author\" content=\"Cope Alcoy\" \/>\n<meta name=\"twitter:label1\" content=\"Escrito por\" \/>\n\t<meta name=\"twitter:data1\" content=\"Cope Alcoy\" \/>\n\t<meta name=\"twitter:label2\" content=\"Tiempo de lectura\" \/>\n\t<meta name=\"twitter:data2\" content=\"3 minutos\" \/>\n<script type=\"application\/ld+json\" class=\"yoast-schema-graph\">{\"@context\":\"https:\\\/\\\/schema.org\",\"@graph\":[{\"@type\":\"Article\",\"@id\":\"https:\\\/\\\/www.copealcoy.es\\\/es\\\/informativo-matinal-viernes-24-de-noviembre-2023-0720h\\\/#article\",\"isPartOf\":{\"@id\":\"https:\\\/\\\/www.copealcoy.es\\\/es\\\/informativo-matinal-viernes-24-de-noviembre-2023-0720h\\\/\"},\"author\":{\"name\":\"Cope Alcoy\",\"@id\":\"https:\\\/\\\/www.copealcoy.es\\\/es\\\/#\\\/schema\\\/person\\\/e777c87fa024e57d40170af9df39882c\"},\"headline\":\"Informativo matinal viernes 24 de noviembre 2023 (07:20h)\",\"datePublished\":\"2023-11-24T06:30:37+00:00\",\"dateModified\":\"2023-11-27T18:34:19+00:00\",\"mainEntityOfPage\":{\"@id\":\"https:\\\/\\\/www.copealcoy.es\\\/es\\\/informativo-matinal-viernes-24-de-noviembre-2023-0720h\\\/\"},\"wordCount\":485,\"commentCount\":0,\"image\":{\"@id\":\"https:\\\/\\\/www.copealcoy.es\\\/es\\\/informativo-matinal-viernes-24-de-noviembre-2023-0720h\\\/#primaryimage\"},\"thumbnailUrl\":\"https:\\\/\\\/www.copealcoy.es\\\/wp-content\\\/uploads\\\/2023\\\/02\\\/Herrera-en-COPE-Alcoy-4.png\",\"articleSection\":[\"Actualidad\",\"Audios de los programas\",\"Informativos\"],\"inLanguage\":\"es\"},{\"@type\":\"WebPage\",\"@id\":\"https:\\\/\\\/www.copealcoy.es\\\/es\\\/informativo-matinal-viernes-24-de-noviembre-2023-0720h\\\/\",\"url\":\"https:\\\/\\\/www.copealcoy.es\\\/es\\\/informativo-matinal-viernes-24-de-noviembre-2023-0720h\\\/\",\"name\":\"Informativo matinal viernes 24 de noviembre 2023 (07:20h) - COPE Alcoy\",\"isPartOf\":{\"@id\":\"https:\\\/\\\/www.copealcoy.es\\\/es\\\/#website\"},\"primaryImageOfPage\":{\"@id\":\"https:\\\/\\\/www.copealcoy.es\\\/es\\\/informativo-matinal-viernes-24-de-noviembre-2023-0720h\\\/#primaryimage\"},\"image\":{\"@id\":\"https:\\\/\\\/www.copealcoy.es\\\/es\\\/informativo-matinal-viernes-24-de-noviembre-2023-0720h\\\/#primaryimage\"},\"thumbnailUrl\":\"https:\\\/\\\/www.copealcoy.es\\\/wp-content\\\/uploads\\\/2023\\\/02\\\/Herrera-en-COPE-Alcoy-4.png\",\"datePublished\":\"2023-11-24T06:30:37+00:00\",\"dateModified\":\"2023-11-27T18:34:19+00:00\",\"author\":{\"@id\":\"https:\\\/\\\/www.copealcoy.es\\\/es\\\/#\\\/schema\\\/person\\\/e777c87fa024e57d40170af9df39882c\"},\"description\":\"El reconocimiento a la innovaci\u00f3n y el talento en los V Premios Empresariales de AITEX y las demoras en la reforma del Teatro Principal de Alcoy son algunas de las noticias destacadas de este 24 de noviembre de 2023.\",\"breadcrumb\":{\"@id\":\"https:\\\/\\\/www.copealcoy.es\\\/es\\\/informativo-matinal-viernes-24-de-noviembre-2023-0720h\\\/#breadcrumb\"},\"inLanguage\":\"es\",\"potentialAction\":[{\"@type\":\"ReadAction\",\"target\":[\"https:\\\/\\\/www.copealcoy.es\\\/es\\\/informativo-matinal-viernes-24-de-noviembre-2023-0720h\\\/\"]}]},{\"@type\":\"ImageObject\",\"inLanguage\":\"es\",\"@id\":\"https:\\\/\\\/www.copealcoy.es\\\/es\\\/informativo-matinal-viernes-24-de-noviembre-2023-0720h\\\/#primaryimage\",\"url\":\"https:\\\/\\\/www.copealcoy.es\\\/wp-content\\\/uploads\\\/2023\\\/02\\\/Herrera-en-COPE-Alcoy-4.png\",\"contentUrl\":\"https:\\\/\\\/www.copealcoy.es\\\/wp-content\\\/uploads\\\/2023\\\/02\\\/Herrera-en-COPE-Alcoy-4.png\",\"width\":357,\"height\":290},{\"@type\":\"BreadcrumbList\",\"@id\":\"https:\\\/\\\/www.copealcoy.es\\\/es\\\/informativo-matinal-viernes-24-de-noviembre-2023-0720h\\\/#breadcrumb\",\"itemListElement\":[{\"@type\":\"ListItem\",\"position\":1,\"name\":\"Portada\",\"item\":\"https:\\\/\\\/www.copealcoy.es\\\/es\\\/\"},{\"@type\":\"ListItem\",\"position\":2,\"name\":\"Informativo matinal viernes 24 de noviembre 2023 (07:20h)\"}]},{\"@type\":\"WebSite\",\"@id\":\"https:\\\/\\\/www.copealcoy.es\\\/es\\\/#website\",\"url\":\"https:\\\/\\\/www.copealcoy.es\\\/es\\\/\",\"name\":\"COPE Alcoy\",\"description\":\"Emisora COPE de radio local con emisi\u00f3n online. Pont de Sant Jordi 8-10 03803 Alcoy\",\"potentialAction\":[{\"@type\":\"SearchAction\",\"target\":{\"@type\":\"EntryPoint\",\"urlTemplate\":\"https:\\\/\\\/www.copealcoy.es\\\/es\\\/?s={search_term_string}\"},\"query-input\":{\"@type\":\"PropertyValueSpecification\",\"valueRequired\":true,\"valueName\":\"search_term_string\"}}],\"inLanguage\":\"es\"},{\"@type\":\"Person\",\"@id\":\"https:\\\/\\\/www.copealcoy.es\\\/es\\\/#\\\/schema\\\/person\\\/e777c87fa024e57d40170af9df39882c\",\"name\":\"Cope Alcoy\",\"image\":{\"@type\":\"ImageObject\",\"inLanguage\":\"es\",\"@id\":\"https:\\\/\\\/secure.gravatar.com\\\/avatar\\\/bb65d0283347e303893ba14f0692005417c1e0e690a325a4c5d8bb2b3943ee14?s=96&d=mm&r=g\",\"url\":\"https:\\\/\\\/secure.gravatar.com\\\/avatar\\\/bb65d0283347e303893ba14f0692005417c1e0e690a325a4c5d8bb2b3943ee14?s=96&d=mm&r=g\",\"contentUrl\":\"https:\\\/\\\/secure.gravatar.com\\\/avatar\\\/bb65d0283347e303893ba14f0692005417c1e0e690a325a4c5d8bb2b3943ee14?s=96&d=mm&r=g\",\"caption\":\"Cope Alcoy\"}}]}<\/script>\n<!-- \/ Yoast SEO plugin. -->","yoast_head_json":{"title":"Informativo matinal viernes 24 de noviembre 2023 (07:20h) - COPE Alcoy","description":"El reconocimiento a la innovaci\u00f3n y el talento en los V Premios Empresariales de AITEX y las demoras en la reforma del Teatro Principal de Alcoy son algunas de las noticias destacadas de este 24 de noviembre de 2023.","robots":{"index":"index","follow":"follow","max-snippet":"max-snippet:-1","max-image-preview":"max-image-preview:large","max-video-preview":"max-video-preview:-1"},"canonical":"https:\/\/www.copealcoy.es\/es\/informativo-matinal-viernes-24-de-noviembre-2023-0720h\/","og_locale":"es_ES","og_type":"article","og_title":"Informativo matinal viernes 24 de noviembre 2023 (07:20h) - COPE Alcoy","og_description":"El reconocimiento a la innovaci\u00f3n y el talento en los V Premios Empresariales de AITEX y las demoras en la reforma del Teatro Principal de Alcoy son algunas de las noticias destacadas de este 24 de noviembre de 2023.","og_url":"https:\/\/www.copealcoy.es\/es\/informativo-matinal-viernes-24-de-noviembre-2023-0720h\/","og_site_name":"COPE Alcoy","article_published_time":"2023-11-24T06:30:37+00:00","article_modified_time":"2023-11-27T18:34:19+00:00","og_image":[{"width":357,"height":290,"url":"https:\/\/www.copealcoy.es\/wp-content\/uploads\/2023\/02\/Herrera-en-COPE-Alcoy-4.png","type":"image\/png"}],"author":"Cope Alcoy","twitter_misc":{"Escrito por":"Cope Alcoy","Tiempo de lectura":"3 minutos"},"schema":{"@context":"https:\/\/schema.org","@graph":[{"@type":"Article","@id":"https:\/\/www.copealcoy.es\/es\/informativo-matinal-viernes-24-de-noviembre-2023-0720h\/#article","isPartOf":{"@id":"https:\/\/www.copealcoy.es\/es\/informativo-matinal-viernes-24-de-noviembre-2023-0720h\/"},"author":{"name":"Cope Alcoy","@id":"https:\/\/www.copealcoy.es\/es\/#\/schema\/person\/e777c87fa024e57d40170af9df39882c"},"headline":"Informativo matinal viernes 24 de noviembre 2023 (07:20h)","datePublished":"2023-11-24T06:30:37+00:00","dateModified":"2023-11-27T18:34:19+00:00","mainEntityOfPage":{"@id":"https:\/\/www.copealcoy.es\/es\/informativo-matinal-viernes-24-de-noviembre-2023-0720h\/"},"wordCount":485,"commentCount":0,"image":{"@id":"https:\/\/www.copealcoy.es\/es\/informativo-matinal-viernes-24-de-noviembre-2023-0720h\/#primaryimage"},"thumbnailUrl":"https:\/\/www.copealcoy.es\/wp-content\/uploads\/2023\/02\/Herrera-en-COPE-Alcoy-4.png","articleSection":["Actualidad","Audios de los programas","Informativos"],"inLanguage":"es"},{"@type":"WebPage","@id":"https:\/\/www.copealcoy.es\/es\/informativo-matinal-viernes-24-de-noviembre-2023-0720h\/","url":"https:\/\/www.copealcoy.es\/es\/informativo-matinal-viernes-24-de-noviembre-2023-0720h\/","name":"Informativo matinal viernes 24 de noviembre 2023 (07:20h) - COPE Alcoy","isPartOf":{"@id":"https:\/\/www.copealcoy.es\/es\/#website"},"primaryImageOfPage":{"@id":"https:\/\/www.copealcoy.es\/es\/informativo-matinal-viernes-24-de-noviembre-2023-0720h\/#primaryimage"},"image":{"@id":"https:\/\/www.copealcoy.es\/es\/informativo-matinal-viernes-24-de-noviembre-2023-0720h\/#primaryimage"},"thumbnailUrl":"https:\/\/www.copealcoy.es\/wp-content\/uploads\/2023\/02\/Herrera-en-COPE-Alcoy-4.png","datePublished":"2023-11-24T06:30:37+00:00","dateModified":"2023-11-27T18:34:19+00:00","author":{"@id":"https:\/\/www.copealcoy.es\/es\/#\/schema\/person\/e777c87fa024e57d40170af9df39882c"},"description":"El reconocimiento a la innovaci\u00f3n y el talento en los V Premios Empresariales de AITEX y las demoras en la reforma del Teatro Principal de Alcoy son algunas de las noticias destacadas de este 24 de noviembre de 2023.","breadcrumb":{"@id":"https:\/\/www.copealcoy.es\/es\/informativo-matinal-viernes-24-de-noviembre-2023-0720h\/#breadcrumb"},"inLanguage":"es","potentialAction":[{"@type":"ReadAction","target":["https:\/\/www.copealcoy.es\/es\/informativo-matinal-viernes-24-de-noviembre-2023-0720h\/"]}]},{"@type":"ImageObject","inLanguage":"es","@id":"https:\/\/www.copealcoy.es\/es\/informativo-matinal-viernes-24-de-noviembre-2023-0720h\/#primaryimage","url":"https:\/\/www.copealcoy.es\/wp-content\/uploads\/2023\/02\/Herrera-en-COPE-Alcoy-4.png","contentUrl":"https:\/\/www.copealcoy.es\/wp-content\/uploads\/2023\/02\/Herrera-en-COPE-Alcoy-4.png","width":357,"height":290},{"@type":"BreadcrumbList","@id":"https:\/\/www.copealcoy.es\/es\/informativo-matinal-viernes-24-de-noviembre-2023-0720h\/#breadcrumb","itemListElement":[{"@type":"ListItem","position":1,"name":"Portada","item":"https:\/\/www.copealcoy.es\/es\/"},{"@type":"ListItem","position":2,"name":"Informativo matinal viernes 24 de noviembre 2023 (07:20h)"}]},{"@type":"WebSite","@id":"https:\/\/www.copealcoy.es\/es\/#website","url":"https:\/\/www.copealcoy.es\/es\/","name":"COPE Alcoy","description":"Emisora COPE de radio local con emisi\u00f3n online. Pont de Sant Jordi 8-10 03803 Alcoy","potentialAction":[{"@type":"SearchAction","target":{"@type":"EntryPoint","urlTemplate":"https:\/\/www.copealcoy.es\/es\/?s={search_term_string}"},"query-input":{"@type":"PropertyValueSpecification","valueRequired":true,"valueName":"search_term_string"}}],"inLanguage":"es"},{"@type":"Person","@id":"https:\/\/www.copealcoy.es\/es\/#\/schema\/person\/e777c87fa024e57d40170af9df39882c","name":"Cope Alcoy","image":{"@type":"ImageObject","inLanguage":"es","@id":"https:\/\/secure.gravatar.com\/avatar\/bb65d0283347e303893ba14f0692005417c1e0e690a325a4c5d8bb2b3943ee14?s=96&d=mm&r=g","url":"https:\/\/secure.gravatar.com\/avatar\/bb65d0283347e303893ba14f0692005417c1e0e690a325a4c5d8bb2b3943ee14?s=96&d=mm&r=g","contentUrl":"https:\/\/secure.gravatar.com\/avatar\/bb65d0283347e303893ba14f0692005417c1e0e690a325a4c5d8bb2b3943ee14?s=96&d=mm&r=g","caption":"Cope Alcoy"}}]}},"_links":{"self":[{"href":"https:\/\/www.copealcoy.es\/es\/wp-json\/wp\/v2\/posts\/125642","targetHints":{"allow":["GET"]}}],"collection":[{"href":"https:\/\/www.copealcoy.es\/es\/wp-json\/wp\/v2\/posts"}],"about":[{"href":"https:\/\/www.copealcoy.es\/es\/wp-json\/wp\/v2\/types\/post"}],"author":[{"embeddable":true,"href":"https:\/\/www.copealcoy.es\/es\/wp-json\/wp\/v2\/users\/1"}],"replies":[{"embeddable":true,"href":"https:\/\/www.copealcoy.es\/es\/wp-json\/wp\/v2\/comments?post=125642"}],"version-history":[{"count":0,"href":"https:\/\/www.copealcoy.es\/es\/wp-json\/wp\/v2\/posts\/125642\/revisions"}],"wp:featuredmedia":[{"embeddable":true,"href":"https:\/\/www.copealcoy.es\/es\/wp-json\/wp\/v2\/media\/110612"}],"wp:attachment":[{"href":"https:\/\/www.copealcoy.es\/es\/wp-json\/wp\/v2\/media?parent=125642"}],"wp:term":[{"taxonomy":"category","embeddable":true,"href":"https:\/\/www.copealcoy.es\/es\/wp-json\/wp\/v2\/categories?post=125642"},{"taxonomy":"post_tag","embeddable":true,"href":"https:\/\/www.copealcoy.es\/es\/wp-json\/wp\/v2\/tags?post=125642"}],"curies":[{"name":"wp","href":"https:\/\/api.w.org\/{rel}","templated":true}]}}