{"id":125579,"date":"2023-11-23T07:40:05","date_gmt":"2023-11-23T06:40:05","guid":{"rendered":"https:\/\/www.copealcoy.es\/?p=125579"},"modified":"2023-11-23T16:42:32","modified_gmt":"2023-11-23T15:42:32","slug":"una-estufa-podria-estar-detras-de-un-incendio-en-una-vivienda-en-alcoy","status":"publish","type":"post","link":"https:\/\/www.copealcoy.es\/es\/una-estufa-podria-estar-detras-de-un-incendio-en-una-vivienda-en-alcoy\/","title":{"rendered":"Una estufa podr\u00eda estar detr\u00e1s de un incendio en una vivienda en Alcoy"},"content":{"rendered":"<p style=\"text-align: justify;\">El fuego les sorprendi\u00f3 mientras dorm\u00edan.<strong> Incendio esta madrugada<\/strong> en una vivienda de <strong>Alcoy<\/strong>. En concreto, en la calle Azor\u00edn, cerca de las dos menos cuarto de la madrugada.<\/p>\n<p style=\"text-align: justify;\">Seg\u00fan han contado algunos testigos a <strong>Cope Alcoy<\/strong>, el incendio pudo estar <strong>provocado por una estufa el\u00e9ctrica<\/strong> en un segundo piso del edificio. Hasta all\u00ed se trasladaron efectivos del <strong>Consorcio Provincial de Bomberos de Alicante<\/strong> para apagar las llamas. <strong>Parte del vecindario tuvo que ser desalojado<\/strong> por los bomberos, ayudados de la <strong>Polic\u00eda Local de Alcoy<\/strong>. \u00a0El fuego no se propag\u00f3 a otras viviendas.<\/p>\n<p style=\"text-align: justify;\">&#8220;Nosotros vivimos en el tercero y, cuando salimos fuera de casa, <strong>estaba toda la escalera llena de humo. Casi no pod\u00edamos ni respirar<\/strong>. Salimos fuera del edificio&#8221;, ha explicado Mireia, una de las vecinas que vivi\u00f3 los hechos.<\/p>\n<p style=\"text-align: justify;\">Tras extinguirse el fuego y airearse el edificio, los vecinos pudieron regresar a sus casas. &#8220;Los bomberos tardaron sobre una media hora en apagar el fuego y airear el edificio. <strong>Qued\u00f3 en un susto sin ning\u00fan herido, pero un susto bastante gordo<\/strong>&#8220;, cuenta la testigo.<\/p>\n<p style=\"text-align: justify;\">Los servicios sanitarios tuvieron que atender a los propietarios de la vivienda en la que origin\u00f3 el fuego, un matrimonio octogenario, que dorm\u00eda cuando se declar\u00f3 el incendio. Tambi\u00e9n se atendi\u00f3 a un vecino que accedi\u00f3 al piso para intentar apagar las llamas.<\/p>\n<p style=\"text-align: justify;\"><span style=\"color: #0000ff;\"><strong>&#8220;Cogimos lo vital&#8221;<\/strong><\/span><\/p>\n<p style=\"text-align: justify;\">Cuando se escucha hablar de un suceso como este, surgen las dudas de qu\u00e9 te llevar\u00edas de casa si hay un incendio. Mireia, que esta madrugada se ha visto en esa situaci\u00f3n, lo tiene claro. &#8220;De repente, mi madre me despert\u00f3 diciendo que hab\u00eda fuego. Cogimos lo vital. A veces te planteas qu\u00e9 coger\u00edas de tu casa si hubiera un incendio. Y la realidad es que nada, solo los seres vivos. As\u00ed que cogimos a nuestro gato y salimos&#8221;.<\/p>\n<audio class=\"wp-audio-shortcode\" id=\"audio-125579-1\" preload=\"none\" style=\"width: 100%;\" controls=\"controls\"><source type=\"audio\/mpeg\" src=\"https:\/\/www.copealcoy.es\/wp-content\/uploads\/2023\/11\/2023.11.23.-TESTIGO-INCENDIO.mp3?_=1\" \/><a href=\"https:\/\/www.copealcoy.es\/wp-content\/uploads\/2023\/11\/2023.11.23.-TESTIGO-INCENDIO.mp3\">https:\/\/www.copealcoy.es\/wp-content\/uploads\/2023\/11\/2023.11.23.-TESTIGO-INCENDIO.mp3<\/a><\/audio>\n","protected":false},"excerpt":{"rendered":"<p>El fuego les sorprendi\u00f3 mientras dorm\u00edan. Incendio esta madrugada en una vivienda de Alcoy. En concreto, en la calle Azor\u00edn,&#8230;<\/p>\n","protected":false},"author":1,"featured_media":125580,"comment_status":"open","ping_status":"open","sticky":false,"template":"","format":"standard","meta":{"footnotes":""},"categories":[6909,97,75,80],"tags":[989,1494,612,14680],"class_list":["post-125579","post","type-post","status-publish","format-standard","has-post-thumbnail","hentry","category-actualidad","category-alcoy","category-noticias","category-sucesos","tag-actualidad","tag-alcoy","tag-incendio","tag-suceso"],"yoast_head":"<!-- This site is optimized with the Yoast SEO plugin v27.3 - https:\/\/yoast.com\/product\/yoast-seo-wordpress\/ -->\n<title>Una estufa podr\u00eda estar detr\u00e1s de un incendio en una vivienda en Alcoy - COPE Alcoy<\/title>\n<meta name=\"description\" content=\"Incendio esta madrugada en una vivienda de Alcoy. En concreto, en la calle Azor\u00edn, cerca de las dos menos cuarto de la madrugada.\" \/>\n<meta name=\"robots\" content=\"index, follow, max-snippet:-1, max-image-preview:large, max-video-preview:-1\" \/>\n<link rel=\"canonical\" href=\"https:\/\/www.copealcoy.es\/es\/una-estufa-podria-estar-detras-de-un-incendio-en-una-vivienda-en-alcoy\/\" \/>\n<meta property=\"og:locale\" content=\"es_ES\" \/>\n<meta property=\"og:type\" content=\"article\" \/>\n<meta property=\"og:title\" content=\"Una estufa podr\u00eda estar detr\u00e1s de un incendio en una vivienda en Alcoy - COPE Alcoy\" \/>\n<meta property=\"og:description\" content=\"Incendio esta madrugada en una vivienda de Alcoy. En concreto, en la calle Azor\u00edn, cerca de las dos menos cuarto de la madrugada.\" \/>\n<meta property=\"og:url\" content=\"https:\/\/www.copealcoy.es\/es\/una-estufa-podria-estar-detras-de-un-incendio-en-una-vivienda-en-alcoy\/\" \/>\n<meta property=\"og:site_name\" content=\"COPE Alcoy\" \/>\n<meta property=\"article:published_time\" content=\"2023-11-23T06:40:05+00:00\" \/>\n<meta property=\"article:modified_time\" content=\"2023-11-23T15:42:32+00:00\" \/>\n<meta property=\"og:image\" content=\"https:\/\/www.copealcoy.es\/wp-content\/uploads\/2023\/11\/bb14fa01-60a3-4787-8c74-81f30c23334e.jpg\" \/>\n\t<meta property=\"og:image:width\" content=\"900\" \/>\n\t<meta property=\"og:image:height\" content=\"811\" \/>\n\t<meta property=\"og:image:type\" content=\"image\/jpeg\" \/>\n<meta name=\"author\" content=\"Cope Alcoy\" \/>\n<meta name=\"twitter:label1\" content=\"Escrito por\" \/>\n\t<meta name=\"twitter:data1\" content=\"Cope Alcoy\" \/>\n\t<meta name=\"twitter:label2\" content=\"Tiempo de lectura\" \/>\n\t<meta name=\"twitter:data2\" content=\"2 minutos\" \/>\n<script type=\"application\/ld+json\" class=\"yoast-schema-graph\">{\"@context\":\"https:\\\/\\\/schema.org\",\"@graph\":[{\"@type\":\"Article\",\"@id\":\"https:\\\/\\\/www.copealcoy.es\\\/es\\\/una-estufa-podria-estar-detras-de-un-incendio-en-una-vivienda-en-alcoy\\\/#article\",\"isPartOf\":{\"@id\":\"https:\\\/\\\/www.copealcoy.es\\\/es\\\/una-estufa-podria-estar-detras-de-un-incendio-en-una-vivienda-en-alcoy\\\/\"},\"author\":{\"name\":\"Cope Alcoy\",\"@id\":\"https:\\\/\\\/www.copealcoy.es\\\/es\\\/#\\\/schema\\\/person\\\/e777c87fa024e57d40170af9df39882c\"},\"headline\":\"Una estufa podr\u00eda estar detr\u00e1s de un incendio en una vivienda en Alcoy\",\"datePublished\":\"2023-11-23T06:40:05+00:00\",\"dateModified\":\"2023-11-23T15:42:32+00:00\",\"mainEntityOfPage\":{\"@id\":\"https:\\\/\\\/www.copealcoy.es\\\/es\\\/una-estufa-podria-estar-detras-de-un-incendio-en-una-vivienda-en-alcoy\\\/\"},\"wordCount\":340,\"commentCount\":0,\"image\":{\"@id\":\"https:\\\/\\\/www.copealcoy.es\\\/es\\\/una-estufa-podria-estar-detras-de-un-incendio-en-una-vivienda-en-alcoy\\\/#primaryimage\"},\"thumbnailUrl\":\"https:\\\/\\\/www.copealcoy.es\\\/wp-content\\\/uploads\\\/2023\\\/11\\\/bb14fa01-60a3-4787-8c74-81f30c23334e.jpg\",\"keywords\":[\"Actualidad\",\"Alcoy\",\"Incendio\",\"suceso\"],\"articleSection\":[\"Actualidad\",\"Alcoy\",\"Noticias\",\"Sucesos\"],\"inLanguage\":\"es\"},{\"@type\":\"WebPage\",\"@id\":\"https:\\\/\\\/www.copealcoy.es\\\/es\\\/una-estufa-podria-estar-detras-de-un-incendio-en-una-vivienda-en-alcoy\\\/\",\"url\":\"https:\\\/\\\/www.copealcoy.es\\\/es\\\/una-estufa-podria-estar-detras-de-un-incendio-en-una-vivienda-en-alcoy\\\/\",\"name\":\"Una estufa podr\u00eda estar detr\u00e1s de un incendio en una vivienda en Alcoy - COPE Alcoy\",\"isPartOf\":{\"@id\":\"https:\\\/\\\/www.copealcoy.es\\\/es\\\/#website\"},\"primaryImageOfPage\":{\"@id\":\"https:\\\/\\\/www.copealcoy.es\\\/es\\\/una-estufa-podria-estar-detras-de-un-incendio-en-una-vivienda-en-alcoy\\\/#primaryimage\"},\"image\":{\"@id\":\"https:\\\/\\\/www.copealcoy.es\\\/es\\\/una-estufa-podria-estar-detras-de-un-incendio-en-una-vivienda-en-alcoy\\\/#primaryimage\"},\"thumbnailUrl\":\"https:\\\/\\\/www.copealcoy.es\\\/wp-content\\\/uploads\\\/2023\\\/11\\\/bb14fa01-60a3-4787-8c74-81f30c23334e.jpg\",\"datePublished\":\"2023-11-23T06:40:05+00:00\",\"dateModified\":\"2023-11-23T15:42:32+00:00\",\"author\":{\"@id\":\"https:\\\/\\\/www.copealcoy.es\\\/es\\\/#\\\/schema\\\/person\\\/e777c87fa024e57d40170af9df39882c\"},\"description\":\"Incendio esta madrugada en una vivienda de Alcoy. En concreto, en la calle Azor\u00edn, cerca de las dos menos cuarto de la madrugada.\",\"breadcrumb\":{\"@id\":\"https:\\\/\\\/www.copealcoy.es\\\/es\\\/una-estufa-podria-estar-detras-de-un-incendio-en-una-vivienda-en-alcoy\\\/#breadcrumb\"},\"inLanguage\":\"es\",\"potentialAction\":[{\"@type\":\"ReadAction\",\"target\":[\"https:\\\/\\\/www.copealcoy.es\\\/es\\\/una-estufa-podria-estar-detras-de-un-incendio-en-una-vivienda-en-alcoy\\\/\"]}]},{\"@type\":\"ImageObject\",\"inLanguage\":\"es\",\"@id\":\"https:\\\/\\\/www.copealcoy.es\\\/es\\\/una-estufa-podria-estar-detras-de-un-incendio-en-una-vivienda-en-alcoy\\\/#primaryimage\",\"url\":\"https:\\\/\\\/www.copealcoy.es\\\/wp-content\\\/uploads\\\/2023\\\/11\\\/bb14fa01-60a3-4787-8c74-81f30c23334e.jpg\",\"contentUrl\":\"https:\\\/\\\/www.copealcoy.es\\\/wp-content\\\/uploads\\\/2023\\\/11\\\/bb14fa01-60a3-4787-8c74-81f30c23334e.jpg\",\"width\":900,\"height\":811},{\"@type\":\"BreadcrumbList\",\"@id\":\"https:\\\/\\\/www.copealcoy.es\\\/es\\\/una-estufa-podria-estar-detras-de-un-incendio-en-una-vivienda-en-alcoy\\\/#breadcrumb\",\"itemListElement\":[{\"@type\":\"ListItem\",\"position\":1,\"name\":\"Portada\",\"item\":\"https:\\\/\\\/www.copealcoy.es\\\/es\\\/\"},{\"@type\":\"ListItem\",\"position\":2,\"name\":\"Una estufa podr\u00eda estar detr\u00e1s de un incendio en una vivienda en Alcoy\"}]},{\"@type\":\"WebSite\",\"@id\":\"https:\\\/\\\/www.copealcoy.es\\\/es\\\/#website\",\"url\":\"https:\\\/\\\/www.copealcoy.es\\\/es\\\/\",\"name\":\"COPE Alcoy\",\"description\":\"Emisora COPE de radio local con emisi\u00f3n online. Pont de Sant Jordi 8-10 03803 Alcoy\",\"potentialAction\":[{\"@type\":\"SearchAction\",\"target\":{\"@type\":\"EntryPoint\",\"urlTemplate\":\"https:\\\/\\\/www.copealcoy.es\\\/es\\\/?s={search_term_string}\"},\"query-input\":{\"@type\":\"PropertyValueSpecification\",\"valueRequired\":true,\"valueName\":\"search_term_string\"}}],\"inLanguage\":\"es\"},{\"@type\":\"Person\",\"@id\":\"https:\\\/\\\/www.copealcoy.es\\\/es\\\/#\\\/schema\\\/person\\\/e777c87fa024e57d40170af9df39882c\",\"name\":\"Cope Alcoy\",\"image\":{\"@type\":\"ImageObject\",\"inLanguage\":\"es\",\"@id\":\"https:\\\/\\\/secure.gravatar.com\\\/avatar\\\/bb65d0283347e303893ba14f0692005417c1e0e690a325a4c5d8bb2b3943ee14?s=96&d=mm&r=g\",\"url\":\"https:\\\/\\\/secure.gravatar.com\\\/avatar\\\/bb65d0283347e303893ba14f0692005417c1e0e690a325a4c5d8bb2b3943ee14?s=96&d=mm&r=g\",\"contentUrl\":\"https:\\\/\\\/secure.gravatar.com\\\/avatar\\\/bb65d0283347e303893ba14f0692005417c1e0e690a325a4c5d8bb2b3943ee14?s=96&d=mm&r=g\",\"caption\":\"Cope Alcoy\"}}]}<\/script>\n<!-- \/ Yoast SEO plugin. -->","yoast_head_json":{"title":"Una estufa podr\u00eda estar detr\u00e1s de un incendio en una vivienda en Alcoy - COPE Alcoy","description":"Incendio esta madrugada en una vivienda de Alcoy. En concreto, en la calle Azor\u00edn, cerca de las dos menos cuarto de la madrugada.","robots":{"index":"index","follow":"follow","max-snippet":"max-snippet:-1","max-image-preview":"max-image-preview:large","max-video-preview":"max-video-preview:-1"},"canonical":"https:\/\/www.copealcoy.es\/es\/una-estufa-podria-estar-detras-de-un-incendio-en-una-vivienda-en-alcoy\/","og_locale":"es_ES","og_type":"article","og_title":"Una estufa podr\u00eda estar detr\u00e1s de un incendio en una vivienda en Alcoy - COPE Alcoy","og_description":"Incendio esta madrugada en una vivienda de Alcoy. En concreto, en la calle Azor\u00edn, cerca de las dos menos cuarto de la madrugada.","og_url":"https:\/\/www.copealcoy.es\/es\/una-estufa-podria-estar-detras-de-un-incendio-en-una-vivienda-en-alcoy\/","og_site_name":"COPE Alcoy","article_published_time":"2023-11-23T06:40:05+00:00","article_modified_time":"2023-11-23T15:42:32+00:00","og_image":[{"width":900,"height":811,"url":"https:\/\/www.copealcoy.es\/wp-content\/uploads\/2023\/11\/bb14fa01-60a3-4787-8c74-81f30c23334e.jpg","type":"image\/jpeg"}],"author":"Cope Alcoy","twitter_misc":{"Escrito por":"Cope Alcoy","Tiempo de lectura":"2 minutos"},"schema":{"@context":"https:\/\/schema.org","@graph":[{"@type":"Article","@id":"https:\/\/www.copealcoy.es\/es\/una-estufa-podria-estar-detras-de-un-incendio-en-una-vivienda-en-alcoy\/#article","isPartOf":{"@id":"https:\/\/www.copealcoy.es\/es\/una-estufa-podria-estar-detras-de-un-incendio-en-una-vivienda-en-alcoy\/"},"author":{"name":"Cope Alcoy","@id":"https:\/\/www.copealcoy.es\/es\/#\/schema\/person\/e777c87fa024e57d40170af9df39882c"},"headline":"Una estufa podr\u00eda estar detr\u00e1s de un incendio en una vivienda en Alcoy","datePublished":"2023-11-23T06:40:05+00:00","dateModified":"2023-11-23T15:42:32+00:00","mainEntityOfPage":{"@id":"https:\/\/www.copealcoy.es\/es\/una-estufa-podria-estar-detras-de-un-incendio-en-una-vivienda-en-alcoy\/"},"wordCount":340,"commentCount":0,"image":{"@id":"https:\/\/www.copealcoy.es\/es\/una-estufa-podria-estar-detras-de-un-incendio-en-una-vivienda-en-alcoy\/#primaryimage"},"thumbnailUrl":"https:\/\/www.copealcoy.es\/wp-content\/uploads\/2023\/11\/bb14fa01-60a3-4787-8c74-81f30c23334e.jpg","keywords":["Actualidad","Alcoy","Incendio","suceso"],"articleSection":["Actualidad","Alcoy","Noticias","Sucesos"],"inLanguage":"es"},{"@type":"WebPage","@id":"https:\/\/www.copealcoy.es\/es\/una-estufa-podria-estar-detras-de-un-incendio-en-una-vivienda-en-alcoy\/","url":"https:\/\/www.copealcoy.es\/es\/una-estufa-podria-estar-detras-de-un-incendio-en-una-vivienda-en-alcoy\/","name":"Una estufa podr\u00eda estar detr\u00e1s de un incendio en una vivienda en Alcoy - COPE Alcoy","isPartOf":{"@id":"https:\/\/www.copealcoy.es\/es\/#website"},"primaryImageOfPage":{"@id":"https:\/\/www.copealcoy.es\/es\/una-estufa-podria-estar-detras-de-un-incendio-en-una-vivienda-en-alcoy\/#primaryimage"},"image":{"@id":"https:\/\/www.copealcoy.es\/es\/una-estufa-podria-estar-detras-de-un-incendio-en-una-vivienda-en-alcoy\/#primaryimage"},"thumbnailUrl":"https:\/\/www.copealcoy.es\/wp-content\/uploads\/2023\/11\/bb14fa01-60a3-4787-8c74-81f30c23334e.jpg","datePublished":"2023-11-23T06:40:05+00:00","dateModified":"2023-11-23T15:42:32+00:00","author":{"@id":"https:\/\/www.copealcoy.es\/es\/#\/schema\/person\/e777c87fa024e57d40170af9df39882c"},"description":"Incendio esta madrugada en una vivienda de Alcoy. En concreto, en la calle Azor\u00edn, cerca de las dos menos cuarto de la madrugada.","breadcrumb":{"@id":"https:\/\/www.copealcoy.es\/es\/una-estufa-podria-estar-detras-de-un-incendio-en-una-vivienda-en-alcoy\/#breadcrumb"},"inLanguage":"es","potentialAction":[{"@type":"ReadAction","target":["https:\/\/www.copealcoy.es\/es\/una-estufa-podria-estar-detras-de-un-incendio-en-una-vivienda-en-alcoy\/"]}]},{"@type":"ImageObject","inLanguage":"es","@id":"https:\/\/www.copealcoy.es\/es\/una-estufa-podria-estar-detras-de-un-incendio-en-una-vivienda-en-alcoy\/#primaryimage","url":"https:\/\/www.copealcoy.es\/wp-content\/uploads\/2023\/11\/bb14fa01-60a3-4787-8c74-81f30c23334e.jpg","contentUrl":"https:\/\/www.copealcoy.es\/wp-content\/uploads\/2023\/11\/bb14fa01-60a3-4787-8c74-81f30c23334e.jpg","width":900,"height":811},{"@type":"BreadcrumbList","@id":"https:\/\/www.copealcoy.es\/es\/una-estufa-podria-estar-detras-de-un-incendio-en-una-vivienda-en-alcoy\/#breadcrumb","itemListElement":[{"@type":"ListItem","position":1,"name":"Portada","item":"https:\/\/www.copealcoy.es\/es\/"},{"@type":"ListItem","position":2,"name":"Una estufa podr\u00eda estar detr\u00e1s de un incendio en una vivienda en Alcoy"}]},{"@type":"WebSite","@id":"https:\/\/www.copealcoy.es\/es\/#website","url":"https:\/\/www.copealcoy.es\/es\/","name":"COPE Alcoy","description":"Emisora COPE de radio local con emisi\u00f3n online. Pont de Sant Jordi 8-10 03803 Alcoy","potentialAction":[{"@type":"SearchAction","target":{"@type":"EntryPoint","urlTemplate":"https:\/\/www.copealcoy.es\/es\/?s={search_term_string}"},"query-input":{"@type":"PropertyValueSpecification","valueRequired":true,"valueName":"search_term_string"}}],"inLanguage":"es"},{"@type":"Person","@id":"https:\/\/www.copealcoy.es\/es\/#\/schema\/person\/e777c87fa024e57d40170af9df39882c","name":"Cope Alcoy","image":{"@type":"ImageObject","inLanguage":"es","@id":"https:\/\/secure.gravatar.com\/avatar\/bb65d0283347e303893ba14f0692005417c1e0e690a325a4c5d8bb2b3943ee14?s=96&d=mm&r=g","url":"https:\/\/secure.gravatar.com\/avatar\/bb65d0283347e303893ba14f0692005417c1e0e690a325a4c5d8bb2b3943ee14?s=96&d=mm&r=g","contentUrl":"https:\/\/secure.gravatar.com\/avatar\/bb65d0283347e303893ba14f0692005417c1e0e690a325a4c5d8bb2b3943ee14?s=96&d=mm&r=g","caption":"Cope Alcoy"}}]}},"_links":{"self":[{"href":"https:\/\/www.copealcoy.es\/es\/wp-json\/wp\/v2\/posts\/125579","targetHints":{"allow":["GET"]}}],"collection":[{"href":"https:\/\/www.copealcoy.es\/es\/wp-json\/wp\/v2\/posts"}],"about":[{"href":"https:\/\/www.copealcoy.es\/es\/wp-json\/wp\/v2\/types\/post"}],"author":[{"embeddable":true,"href":"https:\/\/www.copealcoy.es\/es\/wp-json\/wp\/v2\/users\/1"}],"replies":[{"embeddable":true,"href":"https:\/\/www.copealcoy.es\/es\/wp-json\/wp\/v2\/comments?post=125579"}],"version-history":[{"count":0,"href":"https:\/\/www.copealcoy.es\/es\/wp-json\/wp\/v2\/posts\/125579\/revisions"}],"wp:featuredmedia":[{"embeddable":true,"href":"https:\/\/www.copealcoy.es\/es\/wp-json\/wp\/v2\/media\/125580"}],"wp:attachment":[{"href":"https:\/\/www.copealcoy.es\/es\/wp-json\/wp\/v2\/media?parent=125579"}],"wp:term":[{"taxonomy":"category","embeddable":true,"href":"https:\/\/www.copealcoy.es\/es\/wp-json\/wp\/v2\/categories?post=125579"},{"taxonomy":"post_tag","embeddable":true,"href":"https:\/\/www.copealcoy.es\/es\/wp-json\/wp\/v2\/tags?post=125579"}],"curies":[{"name":"wp","href":"https:\/\/api.w.org\/{rel}","templated":true}]}}