{"id":125522,"date":"2023-11-22T10:33:02","date_gmt":"2023-11-22T09:33:02","guid":{"rendered":"https:\/\/www.copealcoy.es\/?p=125522"},"modified":"2023-11-22T10:57:49","modified_gmt":"2023-11-22T09:57:49","slug":"incendio-multiple-de-vehiculos-en-banyeres-mariola","status":"publish","type":"post","link":"https:\/\/www.copealcoy.es\/es\/incendio-multiple-de-vehiculos-en-banyeres-mariola\/","title":{"rendered":"Incendio m\u00faltiple de veh\u00edculos en Banyeres de Mariola"},"content":{"rendered":"<p>Noche agitada la que se vivi\u00f3 ayer en <strong>Banyeres de Mariola<\/strong>. Un <strong>veh\u00edculo<\/strong>, que se encontraba estacionado en plena calle, <strong>ardi\u00f3 en llamas<\/strong> sobre las tres de la madrugada.<\/p>\n<p>El fuego <strong>se propag\u00f3 a a otros cinco coches<\/strong> tambi\u00e9n aparcados en esa misma calle. Hasta el lugar de los hechos se trasladaron efectivos del <strong>Consorcio Provincial de Bomberos de Alicante<\/strong>. Las llamas llegaron a afectar a las fachadas de dos edificios y a la parte de la fachada de una vivienda.<\/p>\n<p>Los vecinos, adem\u00e1s, tuvieron que ser confinados. Sin embargo, <strong>se tuvo que atender a ocho de ellos por inhalaci\u00f3n de humo<\/strong>. Tal y como explica uno de los vecinos en un v\u00eddeo que circula por redes sociales, el sonido de los coches arder lo despertaron en plena madrugada. Al asomarse al balc\u00f3n, se encontr\u00f3 con esta situaci\u00f3n. As\u00ed se ve\u00eda la escena desde uno de los edificios de la calle:<\/p>\n<div style=\"width: 1080px;\" class=\"wp-video\"><video class=\"wp-video-shortcode\" id=\"video-125522-1\" width=\"1080\" height=\"1920\" preload=\"metadata\" controls=\"controls\"><source type=\"video\/mp4\" src=\"https:\/\/www.copealcoy.es\/wp-content\/uploads\/2023\/11\/Diseno-sin-titulo-1.mp4?_=1\" \/><a href=\"https:\/\/www.copealcoy.es\/wp-content\/uploads\/2023\/11\/Diseno-sin-titulo-1.mp4\">https:\/\/www.copealcoy.es\/wp-content\/uploads\/2023\/11\/Diseno-sin-titulo-1.mp4<\/a><\/video><\/div>\n<p>&nbsp;<\/p>\n<p><strong>Rescate en Cocentaina<\/strong><\/p>\n<p>Este pasado lunes tambi\u00e9n tuvieron que intervenir efectivos del Consorcio Provincial de Bomberos en otro municipio de nuestras comarcas. Se llev\u00f3 a cabo el rescate de un <strong>hombre de 64 a\u00f1os que hab\u00eda <span style=\"color: #000080;\"><a style=\"color: #000080;\" href=\"https:\/\/www.copealcoy.es\/rescatado-un-hombre-tras-caer-a-un-pozo-en-cocentaina\/\" target=\"_blank\" rel=\"noopener\">ca\u00eddo dentro de un pozo<\/a><\/span><\/strong>\u00a0en\u00a0<strong>Cocentaina<\/strong><span style=\"color: #000080;\">.<\/span><\/p>\n<p>El aviso se daba sobre las ocho y cuarto de la tarde. Un var\u00f3n hab\u00eda ca\u00eddo dentro de un pozo que se encuentra en el<strong>\u00a0interior de su vivienda<\/strong>, escondido bajo las escaleras. Hasta all\u00ed se trasladaron efectivos del Consorcio, procedentes del parque de Cocentaina.<\/p>\n<p>Tras rescatar al hombre, este f<strong>ue trasladado al SAMU para su atenci\u00f3n sanitaria<\/strong>, ya que se encontraba herido.<\/p>\n","protected":false},"excerpt":{"rendered":"<p>Noche agitada la que se vivi\u00f3 ayer en Banyeres de Mariola. Un veh\u00edculo, que se encontraba estacionado en plena calle,&#8230;<\/p>\n","protected":false},"author":1,"featured_media":125537,"comment_status":"open","ping_status":"open","sticky":false,"template":"","format":"standard","meta":{"footnotes":""},"categories":[6909,97,75,80],"tags":[2155,612,14680,847],"class_list":["post-125522","post","type-post","status-publish","format-standard","has-post-thumbnail","hentry","category-actualidad","category-alcoy","category-noticias","category-sucesos","tag-banyeres-de-mariola","tag-incendio","tag-suceso","tag-vehiculo"],"yoast_head":"<!-- This site is optimized with the Yoast SEO plugin v27.3 - https:\/\/yoast.com\/product\/yoast-seo-wordpress\/ -->\n<title>Incendio m\u00faltiple de veh\u00edculos en Banyeres de Mariola - COPE Alcoy<\/title>\n<meta name=\"description\" content=\"Noche agitada la que se vivi\u00f3 ayer en Banyeres de Mariola. Un veh\u00edculo, que se encontraba estacionado en plena calle, ardi\u00f3 en llamas sobre las tres de la madrugada.\" \/>\n<meta name=\"robots\" content=\"index, follow, max-snippet:-1, max-image-preview:large, max-video-preview:-1\" \/>\n<link rel=\"canonical\" href=\"https:\/\/www.copealcoy.es\/es\/incendio-multiple-de-vehiculos-en-banyeres-mariola\/\" \/>\n<meta property=\"og:locale\" content=\"es_ES\" \/>\n<meta property=\"og:type\" content=\"article\" \/>\n<meta property=\"og:title\" content=\"Incendio m\u00faltiple de veh\u00edculos en Banyeres de Mariola - COPE Alcoy\" \/>\n<meta property=\"og:description\" content=\"Noche agitada la que se vivi\u00f3 ayer en Banyeres de Mariola. Un veh\u00edculo, que se encontraba estacionado en plena calle, ardi\u00f3 en llamas sobre las tres de la madrugada.\" \/>\n<meta property=\"og:url\" content=\"https:\/\/www.copealcoy.es\/es\/incendio-multiple-de-vehiculos-en-banyeres-mariola\/\" \/>\n<meta property=\"og:site_name\" content=\"COPE Alcoy\" \/>\n<meta property=\"article:published_time\" content=\"2023-11-22T09:33:02+00:00\" \/>\n<meta property=\"article:modified_time\" content=\"2023-11-22T09:57:49+00:00\" \/>\n<meta property=\"og:image\" content=\"https:\/\/www.copealcoy.es\/wp-content\/uploads\/2023\/11\/WhatsApp-Image-2023-11-22-at-09.51.22.jpeg\" \/>\n\t<meta property=\"og:image:width\" content=\"1024\" \/>\n\t<meta property=\"og:image:height\" content=\"543\" \/>\n\t<meta property=\"og:image:type\" content=\"image\/jpeg\" \/>\n<meta name=\"author\" content=\"Cope Alcoy\" \/>\n<meta name=\"twitter:label1\" content=\"Escrito por\" \/>\n\t<meta name=\"twitter:data1\" content=\"Cope Alcoy\" \/>\n\t<meta name=\"twitter:label2\" content=\"Tiempo de lectura\" \/>\n\t<meta name=\"twitter:data2\" content=\"2 minutos\" \/>\n<script type=\"application\/ld+json\" class=\"yoast-schema-graph\">{\"@context\":\"https:\\\/\\\/schema.org\",\"@graph\":[{\"@type\":\"Article\",\"@id\":\"https:\\\/\\\/www.copealcoy.es\\\/es\\\/incendio-multiple-de-vehiculos-en-banyeres-mariola\\\/#article\",\"isPartOf\":{\"@id\":\"https:\\\/\\\/www.copealcoy.es\\\/es\\\/incendio-multiple-de-vehiculos-en-banyeres-mariola\\\/\"},\"author\":{\"name\":\"Cope Alcoy\",\"@id\":\"https:\\\/\\\/www.copealcoy.es\\\/es\\\/#\\\/schema\\\/person\\\/e777c87fa024e57d40170af9df39882c\"},\"headline\":\"Incendio m\u00faltiple de veh\u00edculos en Banyeres de Mariola\",\"datePublished\":\"2023-11-22T09:33:02+00:00\",\"dateModified\":\"2023-11-22T09:57:49+00:00\",\"mainEntityOfPage\":{\"@id\":\"https:\\\/\\\/www.copealcoy.es\\\/es\\\/incendio-multiple-de-vehiculos-en-banyeres-mariola\\\/\"},\"wordCount\":296,\"commentCount\":0,\"image\":{\"@id\":\"https:\\\/\\\/www.copealcoy.es\\\/es\\\/incendio-multiple-de-vehiculos-en-banyeres-mariola\\\/#primaryimage\"},\"thumbnailUrl\":\"https:\\\/\\\/www.copealcoy.es\\\/wp-content\\\/uploads\\\/2023\\\/11\\\/WhatsApp-Image-2023-11-22-at-09.51.22.jpeg\",\"keywords\":[\"Banyeres de Mariola\",\"Incendio\",\"suceso\",\"Veh\u00edculo\"],\"articleSection\":[\"Actualidad\",\"Alcoy\",\"Noticias\",\"Sucesos\"],\"inLanguage\":\"es\"},{\"@type\":\"WebPage\",\"@id\":\"https:\\\/\\\/www.copealcoy.es\\\/es\\\/incendio-multiple-de-vehiculos-en-banyeres-mariola\\\/\",\"url\":\"https:\\\/\\\/www.copealcoy.es\\\/es\\\/incendio-multiple-de-vehiculos-en-banyeres-mariola\\\/\",\"name\":\"Incendio m\u00faltiple de veh\u00edculos en Banyeres de Mariola - COPE Alcoy\",\"isPartOf\":{\"@id\":\"https:\\\/\\\/www.copealcoy.es\\\/es\\\/#website\"},\"primaryImageOfPage\":{\"@id\":\"https:\\\/\\\/www.copealcoy.es\\\/es\\\/incendio-multiple-de-vehiculos-en-banyeres-mariola\\\/#primaryimage\"},\"image\":{\"@id\":\"https:\\\/\\\/www.copealcoy.es\\\/es\\\/incendio-multiple-de-vehiculos-en-banyeres-mariola\\\/#primaryimage\"},\"thumbnailUrl\":\"https:\\\/\\\/www.copealcoy.es\\\/wp-content\\\/uploads\\\/2023\\\/11\\\/WhatsApp-Image-2023-11-22-at-09.51.22.jpeg\",\"datePublished\":\"2023-11-22T09:33:02+00:00\",\"dateModified\":\"2023-11-22T09:57:49+00:00\",\"author\":{\"@id\":\"https:\\\/\\\/www.copealcoy.es\\\/es\\\/#\\\/schema\\\/person\\\/e777c87fa024e57d40170af9df39882c\"},\"description\":\"Noche agitada la que se vivi\u00f3 ayer en Banyeres de Mariola. Un veh\u00edculo, que se encontraba estacionado en plena calle, ardi\u00f3 en llamas sobre las tres de la madrugada.\",\"breadcrumb\":{\"@id\":\"https:\\\/\\\/www.copealcoy.es\\\/es\\\/incendio-multiple-de-vehiculos-en-banyeres-mariola\\\/#breadcrumb\"},\"inLanguage\":\"es\",\"potentialAction\":[{\"@type\":\"ReadAction\",\"target\":[\"https:\\\/\\\/www.copealcoy.es\\\/es\\\/incendio-multiple-de-vehiculos-en-banyeres-mariola\\\/\"]}]},{\"@type\":\"ImageObject\",\"inLanguage\":\"es\",\"@id\":\"https:\\\/\\\/www.copealcoy.es\\\/es\\\/incendio-multiple-de-vehiculos-en-banyeres-mariola\\\/#primaryimage\",\"url\":\"https:\\\/\\\/www.copealcoy.es\\\/wp-content\\\/uploads\\\/2023\\\/11\\\/WhatsApp-Image-2023-11-22-at-09.51.22.jpeg\",\"contentUrl\":\"https:\\\/\\\/www.copealcoy.es\\\/wp-content\\\/uploads\\\/2023\\\/11\\\/WhatsApp-Image-2023-11-22-at-09.51.22.jpeg\",\"width\":1024,\"height\":543},{\"@type\":\"BreadcrumbList\",\"@id\":\"https:\\\/\\\/www.copealcoy.es\\\/es\\\/incendio-multiple-de-vehiculos-en-banyeres-mariola\\\/#breadcrumb\",\"itemListElement\":[{\"@type\":\"ListItem\",\"position\":1,\"name\":\"Portada\",\"item\":\"https:\\\/\\\/www.copealcoy.es\\\/es\\\/\"},{\"@type\":\"ListItem\",\"position\":2,\"name\":\"Incendio m\u00faltiple de veh\u00edculos en Banyeres de Mariola\"}]},{\"@type\":\"WebSite\",\"@id\":\"https:\\\/\\\/www.copealcoy.es\\\/es\\\/#website\",\"url\":\"https:\\\/\\\/www.copealcoy.es\\\/es\\\/\",\"name\":\"COPE Alcoy\",\"description\":\"Emisora COPE de radio local con emisi\u00f3n online. Pont de Sant Jordi 8-10 03803 Alcoy\",\"potentialAction\":[{\"@type\":\"SearchAction\",\"target\":{\"@type\":\"EntryPoint\",\"urlTemplate\":\"https:\\\/\\\/www.copealcoy.es\\\/es\\\/?s={search_term_string}\"},\"query-input\":{\"@type\":\"PropertyValueSpecification\",\"valueRequired\":true,\"valueName\":\"search_term_string\"}}],\"inLanguage\":\"es\"},{\"@type\":\"Person\",\"@id\":\"https:\\\/\\\/www.copealcoy.es\\\/es\\\/#\\\/schema\\\/person\\\/e777c87fa024e57d40170af9df39882c\",\"name\":\"Cope Alcoy\",\"image\":{\"@type\":\"ImageObject\",\"inLanguage\":\"es\",\"@id\":\"https:\\\/\\\/secure.gravatar.com\\\/avatar\\\/bb65d0283347e303893ba14f0692005417c1e0e690a325a4c5d8bb2b3943ee14?s=96&d=mm&r=g\",\"url\":\"https:\\\/\\\/secure.gravatar.com\\\/avatar\\\/bb65d0283347e303893ba14f0692005417c1e0e690a325a4c5d8bb2b3943ee14?s=96&d=mm&r=g\",\"contentUrl\":\"https:\\\/\\\/secure.gravatar.com\\\/avatar\\\/bb65d0283347e303893ba14f0692005417c1e0e690a325a4c5d8bb2b3943ee14?s=96&d=mm&r=g\",\"caption\":\"Cope Alcoy\"}}]}<\/script>\n<!-- \/ Yoast SEO plugin. -->","yoast_head_json":{"title":"Incendio m\u00faltiple de veh\u00edculos en Banyeres de Mariola - COPE Alcoy","description":"Noche agitada la que se vivi\u00f3 ayer en Banyeres de Mariola. Un veh\u00edculo, que se encontraba estacionado en plena calle, ardi\u00f3 en llamas sobre las tres de la madrugada.","robots":{"index":"index","follow":"follow","max-snippet":"max-snippet:-1","max-image-preview":"max-image-preview:large","max-video-preview":"max-video-preview:-1"},"canonical":"https:\/\/www.copealcoy.es\/es\/incendio-multiple-de-vehiculos-en-banyeres-mariola\/","og_locale":"es_ES","og_type":"article","og_title":"Incendio m\u00faltiple de veh\u00edculos en Banyeres de Mariola - COPE Alcoy","og_description":"Noche agitada la que se vivi\u00f3 ayer en Banyeres de Mariola. Un veh\u00edculo, que se encontraba estacionado en plena calle, ardi\u00f3 en llamas sobre las tres de la madrugada.","og_url":"https:\/\/www.copealcoy.es\/es\/incendio-multiple-de-vehiculos-en-banyeres-mariola\/","og_site_name":"COPE Alcoy","article_published_time":"2023-11-22T09:33:02+00:00","article_modified_time":"2023-11-22T09:57:49+00:00","og_image":[{"width":1024,"height":543,"url":"https:\/\/www.copealcoy.es\/wp-content\/uploads\/2023\/11\/WhatsApp-Image-2023-11-22-at-09.51.22.jpeg","type":"image\/jpeg"}],"author":"Cope Alcoy","twitter_misc":{"Escrito por":"Cope Alcoy","Tiempo de lectura":"2 minutos"},"schema":{"@context":"https:\/\/schema.org","@graph":[{"@type":"Article","@id":"https:\/\/www.copealcoy.es\/es\/incendio-multiple-de-vehiculos-en-banyeres-mariola\/#article","isPartOf":{"@id":"https:\/\/www.copealcoy.es\/es\/incendio-multiple-de-vehiculos-en-banyeres-mariola\/"},"author":{"name":"Cope Alcoy","@id":"https:\/\/www.copealcoy.es\/es\/#\/schema\/person\/e777c87fa024e57d40170af9df39882c"},"headline":"Incendio m\u00faltiple de veh\u00edculos en Banyeres de Mariola","datePublished":"2023-11-22T09:33:02+00:00","dateModified":"2023-11-22T09:57:49+00:00","mainEntityOfPage":{"@id":"https:\/\/www.copealcoy.es\/es\/incendio-multiple-de-vehiculos-en-banyeres-mariola\/"},"wordCount":296,"commentCount":0,"image":{"@id":"https:\/\/www.copealcoy.es\/es\/incendio-multiple-de-vehiculos-en-banyeres-mariola\/#primaryimage"},"thumbnailUrl":"https:\/\/www.copealcoy.es\/wp-content\/uploads\/2023\/11\/WhatsApp-Image-2023-11-22-at-09.51.22.jpeg","keywords":["Banyeres de Mariola","Incendio","suceso","Veh\u00edculo"],"articleSection":["Actualidad","Alcoy","Noticias","Sucesos"],"inLanguage":"es"},{"@type":"WebPage","@id":"https:\/\/www.copealcoy.es\/es\/incendio-multiple-de-vehiculos-en-banyeres-mariola\/","url":"https:\/\/www.copealcoy.es\/es\/incendio-multiple-de-vehiculos-en-banyeres-mariola\/","name":"Incendio m\u00faltiple de veh\u00edculos en Banyeres de Mariola - COPE Alcoy","isPartOf":{"@id":"https:\/\/www.copealcoy.es\/es\/#website"},"primaryImageOfPage":{"@id":"https:\/\/www.copealcoy.es\/es\/incendio-multiple-de-vehiculos-en-banyeres-mariola\/#primaryimage"},"image":{"@id":"https:\/\/www.copealcoy.es\/es\/incendio-multiple-de-vehiculos-en-banyeres-mariola\/#primaryimage"},"thumbnailUrl":"https:\/\/www.copealcoy.es\/wp-content\/uploads\/2023\/11\/WhatsApp-Image-2023-11-22-at-09.51.22.jpeg","datePublished":"2023-11-22T09:33:02+00:00","dateModified":"2023-11-22T09:57:49+00:00","author":{"@id":"https:\/\/www.copealcoy.es\/es\/#\/schema\/person\/e777c87fa024e57d40170af9df39882c"},"description":"Noche agitada la que se vivi\u00f3 ayer en Banyeres de Mariola. Un veh\u00edculo, que se encontraba estacionado en plena calle, ardi\u00f3 en llamas sobre las tres de la madrugada.","breadcrumb":{"@id":"https:\/\/www.copealcoy.es\/es\/incendio-multiple-de-vehiculos-en-banyeres-mariola\/#breadcrumb"},"inLanguage":"es","potentialAction":[{"@type":"ReadAction","target":["https:\/\/www.copealcoy.es\/es\/incendio-multiple-de-vehiculos-en-banyeres-mariola\/"]}]},{"@type":"ImageObject","inLanguage":"es","@id":"https:\/\/www.copealcoy.es\/es\/incendio-multiple-de-vehiculos-en-banyeres-mariola\/#primaryimage","url":"https:\/\/www.copealcoy.es\/wp-content\/uploads\/2023\/11\/WhatsApp-Image-2023-11-22-at-09.51.22.jpeg","contentUrl":"https:\/\/www.copealcoy.es\/wp-content\/uploads\/2023\/11\/WhatsApp-Image-2023-11-22-at-09.51.22.jpeg","width":1024,"height":543},{"@type":"BreadcrumbList","@id":"https:\/\/www.copealcoy.es\/es\/incendio-multiple-de-vehiculos-en-banyeres-mariola\/#breadcrumb","itemListElement":[{"@type":"ListItem","position":1,"name":"Portada","item":"https:\/\/www.copealcoy.es\/es\/"},{"@type":"ListItem","position":2,"name":"Incendio m\u00faltiple de veh\u00edculos en Banyeres de Mariola"}]},{"@type":"WebSite","@id":"https:\/\/www.copealcoy.es\/es\/#website","url":"https:\/\/www.copealcoy.es\/es\/","name":"COPE Alcoy","description":"Emisora COPE de radio local con emisi\u00f3n online. Pont de Sant Jordi 8-10 03803 Alcoy","potentialAction":[{"@type":"SearchAction","target":{"@type":"EntryPoint","urlTemplate":"https:\/\/www.copealcoy.es\/es\/?s={search_term_string}"},"query-input":{"@type":"PropertyValueSpecification","valueRequired":true,"valueName":"search_term_string"}}],"inLanguage":"es"},{"@type":"Person","@id":"https:\/\/www.copealcoy.es\/es\/#\/schema\/person\/e777c87fa024e57d40170af9df39882c","name":"Cope Alcoy","image":{"@type":"ImageObject","inLanguage":"es","@id":"https:\/\/secure.gravatar.com\/avatar\/bb65d0283347e303893ba14f0692005417c1e0e690a325a4c5d8bb2b3943ee14?s=96&d=mm&r=g","url":"https:\/\/secure.gravatar.com\/avatar\/bb65d0283347e303893ba14f0692005417c1e0e690a325a4c5d8bb2b3943ee14?s=96&d=mm&r=g","contentUrl":"https:\/\/secure.gravatar.com\/avatar\/bb65d0283347e303893ba14f0692005417c1e0e690a325a4c5d8bb2b3943ee14?s=96&d=mm&r=g","caption":"Cope Alcoy"}}]}},"_links":{"self":[{"href":"https:\/\/www.copealcoy.es\/es\/wp-json\/wp\/v2\/posts\/125522","targetHints":{"allow":["GET"]}}],"collection":[{"href":"https:\/\/www.copealcoy.es\/es\/wp-json\/wp\/v2\/posts"}],"about":[{"href":"https:\/\/www.copealcoy.es\/es\/wp-json\/wp\/v2\/types\/post"}],"author":[{"embeddable":true,"href":"https:\/\/www.copealcoy.es\/es\/wp-json\/wp\/v2\/users\/1"}],"replies":[{"embeddable":true,"href":"https:\/\/www.copealcoy.es\/es\/wp-json\/wp\/v2\/comments?post=125522"}],"version-history":[{"count":0,"href":"https:\/\/www.copealcoy.es\/es\/wp-json\/wp\/v2\/posts\/125522\/revisions"}],"wp:featuredmedia":[{"embeddable":true,"href":"https:\/\/www.copealcoy.es\/es\/wp-json\/wp\/v2\/media\/125537"}],"wp:attachment":[{"href":"https:\/\/www.copealcoy.es\/es\/wp-json\/wp\/v2\/media?parent=125522"}],"wp:term":[{"taxonomy":"category","embeddable":true,"href":"https:\/\/www.copealcoy.es\/es\/wp-json\/wp\/v2\/categories?post=125522"},{"taxonomy":"post_tag","embeddable":true,"href":"https:\/\/www.copealcoy.es\/es\/wp-json\/wp\/v2\/tags?post=125522"}],"curies":[{"name":"wp","href":"https:\/\/api.w.org\/{rel}","templated":true}]}}