{"id":125464,"date":"2023-11-21T15:23:48","date_gmt":"2023-11-21T14:23:48","guid":{"rendered":"https:\/\/www.copealcoy.es\/?p=125464"},"modified":"2023-11-21T19:59:11","modified_gmt":"2023-11-21T18:59:11","slug":"rescatado-un-hombre-tras-caer-a-un-pozo-en-cocentaina","status":"publish","type":"post","link":"https:\/\/www.copealcoy.es\/es\/rescatado-un-hombre-tras-caer-a-un-pozo-en-cocentaina\/","title":{"rendered":"Rescatado un hombre tras caer a un pozo en Cocentaina"},"content":{"rendered":"<p>El <strong>Consorcio Provincial de Bomberos de Alicante<\/strong> rescataba este lunes por la noche a un <strong>hombre de 64 a\u00f1os que hab\u00eda ca\u00eddo dentro de un pozo<\/strong> en <strong>Cocentaina<\/strong>.<\/p>\n<p style=\"text-align: justify;\">El aviso se daba sobre las ocho y cuarto de la tarde. Un var\u00f3n hab\u00eda ca\u00eddo dentro de un pozo que se encuentra en el<strong> interior de su vivienda<\/strong>, escondido bajo las escaleras. Hasta all\u00ed se trasladaron efectivos del Consorcio, procedentes del parque de Cocentaina.<\/p>\n<p style=\"text-align: justify;\">Tras rescatar al hombre, este f<strong>ue trasladado al SAMU para su atenci\u00f3n sanitaria<\/strong>, ya que se encontraba herido.<\/p>\n<div style=\"width: 848px;\" class=\"wp-video\"><video class=\"wp-video-shortcode\" id=\"video-125464-1\" width=\"848\" height=\"480\" preload=\"metadata\" controls=\"controls\"><source type=\"video\/mp4\" src=\"https:\/\/www.copealcoy.es\/wp-content\/uploads\/2023\/11\/WhatsApp-Video-2023-11-21-at-14.57.45.mp4?_=1\" \/><a href=\"https:\/\/www.copealcoy.es\/wp-content\/uploads\/2023\/11\/WhatsApp-Video-2023-11-21-at-14.57.45.mp4\">https:\/\/www.copealcoy.es\/wp-content\/uploads\/2023\/11\/WhatsApp-Video-2023-11-21-at-14.57.45.mp4<\/a><\/video><\/div>\n<p>&nbsp;<\/p>\n<p style=\"text-align: justify;\"><span style=\"color: #0000ff;\"><strong>Actuaci\u00f3n policial<\/strong><\/span><\/p>\n<p style=\"text-align: justify;\">En las \u00faltimas jornadas tambi\u00e9n se ha conocido que <strong>la Guardia Civil y la<\/strong> <strong>Polic\u00eda Nacional<\/strong>\u00a0<strong>han <span style=\"color: #0000ff;\"><a style=\"color: #0000ff;\" href=\"https:\/\/www.copealcoy.es\/agentes-de-alcoy-participan-en-la-desarticulacion-de-una-organizacion-especializada-en-el-robo-de-viviendas\/\" target=\"_blank\" rel=\"noopener\">detenido recientemente a un total de siete personas<\/a><\/span><\/strong>\u00a0pertenecientes a una organizaci\u00f3n criminal especializada, precisamente, en el robo de domicilios. Ha sido en el marco del\u00a0<strong>Plan contra el robo de viviendas<\/strong>\u00a0desarrollado dentro de la operaci\u00f3n denominada Rodeve-Chernobog.<\/p>\n<p style=\"text-align: justify;\">Para\u00a0<strong>ejecutar los robos<\/strong>, la banda utilizaba dos veh\u00edculos de alquiler, uno de ellos en modo lanzadera. A trav\u00e9s de dispositivos de seguimiento de veh\u00edculos, balizas e inhibidores de frecuencia, se aseguraban de que las viviendas estuvieran deshabitadas y de que las alarmas no se activaran. Posteriormente, empleaban un kit de \u00e1cidos de prueba para metales preciosos y un probador de piedras preciosas para autentificar el bot\u00edn antes de enviarlo a un municipio en Moldavia, donde todos los miembros de la banda ten\u00edan alg\u00fan v\u00ednculo. Agentes de\u00a0<strong>la Polic\u00eda Nacional de la Comisar\u00eda de Alcoy<\/strong>\u00a0han tomado parte en la mencionada operaci\u00f3n, colaborando en la misma con otros efectivos, y esta actuaci\u00f3n policial\u00a0<strong>permiti\u00f3 incautar<\/strong>\u00a07 relojes de alta gama, 14 dispositivos m\u00f3viles, 1 inhibidor de frecuencia, 68 piezas de joyer\u00eda de oro o un total de 4.280 euros en efectivo. Tambi\u00e9n\u00a0<strong>fueron interceptados<\/strong>\u00a0billetes de otras otros pa\u00edses, tarjetas bancarias y de telefon\u00eda m\u00f3vil, 7 balizas, 1 kit de reactivos para comprobar metales preciosos, 1 tester para verificar la dureza de piedras preciosas, dos veh\u00edculos a motor, uno de ellos de alta gama, y documentos de identidad rumanos presuntamente falsificados.<\/p>\n","protected":false},"excerpt":{"rendered":"<p>El Consorcio Provincial de Bomberos de Alicante rescataba este lunes por la noche a un hombre de 64 a\u00f1os que&#8230;<\/p>\n","protected":false},"author":1,"featured_media":125467,"comment_status":"open","ping_status":"open","sticky":false,"template":"","format":"standard","meta":{"footnotes":""},"categories":[6909,97,75,80],"tags":[132,15849,10640,14680],"class_list":["post-125464","post","type-post","status-publish","format-standard","has-post-thumbnail","hentry","category-actualidad","category-alcoy","category-noticias","category-sucesos","tag-cocentaina","tag-consorcio-provincial-de-bomberos-de-alicante","tag-rescate","tag-suceso"],"yoast_head":"<!-- This site is optimized with the Yoast SEO plugin v27.3 - https:\/\/yoast.com\/product\/yoast-seo-wordpress\/ -->\n<title>Rescatado un hombre tras caer a un pozo en Cocentaina - COPE Alcoy<\/title>\n<meta name=\"description\" content=\"El Consorcio Provincial de Bomberos de Alicante rescataba este lunes por la noche a un hombre de 64 a\u00f1os que hab\u00eda ca\u00eddo dentro de un pozo en Cocentaina.\" \/>\n<meta name=\"robots\" content=\"index, follow, max-snippet:-1, max-image-preview:large, max-video-preview:-1\" \/>\n<link rel=\"canonical\" href=\"https:\/\/www.copealcoy.es\/es\/rescatado-un-hombre-tras-caer-a-un-pozo-en-cocentaina\/\" \/>\n<meta property=\"og:locale\" content=\"es_ES\" \/>\n<meta property=\"og:type\" content=\"article\" \/>\n<meta property=\"og:title\" content=\"Rescatado un hombre tras caer a un pozo en Cocentaina - COPE Alcoy\" \/>\n<meta property=\"og:description\" content=\"El Consorcio Provincial de Bomberos de Alicante rescataba este lunes por la noche a un hombre de 64 a\u00f1os que hab\u00eda ca\u00eddo dentro de un pozo en Cocentaina.\" \/>\n<meta property=\"og:url\" content=\"https:\/\/www.copealcoy.es\/es\/rescatado-un-hombre-tras-caer-a-un-pozo-en-cocentaina\/\" \/>\n<meta property=\"og:site_name\" content=\"COPE Alcoy\" \/>\n<meta property=\"article:published_time\" content=\"2023-11-21T14:23:48+00:00\" \/>\n<meta property=\"article:modified_time\" content=\"2023-11-21T18:59:11+00:00\" \/>\n<meta property=\"og:image\" content=\"https:\/\/www.copealcoy.es\/wp-content\/uploads\/2023\/11\/WhatsApp-Image-2023-11-21-at-14.21.58.jpeg\" \/>\n\t<meta property=\"og:image:width\" content=\"768\" \/>\n\t<meta property=\"og:image:height\" content=\"699\" \/>\n\t<meta property=\"og:image:type\" content=\"image\/jpeg\" \/>\n<meta name=\"author\" content=\"Cope Alcoy\" \/>\n<meta name=\"twitter:label1\" content=\"Escrito por\" \/>\n\t<meta name=\"twitter:data1\" content=\"Cope Alcoy\" \/>\n\t<meta name=\"twitter:label2\" content=\"Tiempo de lectura\" \/>\n\t<meta name=\"twitter:data2\" content=\"2 minutos\" \/>\n<script type=\"application\/ld+json\" class=\"yoast-schema-graph\">{\"@context\":\"https:\\\/\\\/schema.org\",\"@graph\":[{\"@type\":\"Article\",\"@id\":\"https:\\\/\\\/www.copealcoy.es\\\/es\\\/rescatado-un-hombre-tras-caer-a-un-pozo-en-cocentaina\\\/#article\",\"isPartOf\":{\"@id\":\"https:\\\/\\\/www.copealcoy.es\\\/es\\\/rescatado-un-hombre-tras-caer-a-un-pozo-en-cocentaina\\\/\"},\"author\":{\"name\":\"Cope Alcoy\",\"@id\":\"https:\\\/\\\/www.copealcoy.es\\\/es\\\/#\\\/schema\\\/person\\\/e777c87fa024e57d40170af9df39882c\"},\"headline\":\"Rescatado un hombre tras caer a un pozo en Cocentaina\",\"datePublished\":\"2023-11-21T14:23:48+00:00\",\"dateModified\":\"2023-11-21T18:59:11+00:00\",\"mainEntityOfPage\":{\"@id\":\"https:\\\/\\\/www.copealcoy.es\\\/es\\\/rescatado-un-hombre-tras-caer-a-un-pozo-en-cocentaina\\\/\"},\"wordCount\":388,\"commentCount\":0,\"image\":{\"@id\":\"https:\\\/\\\/www.copealcoy.es\\\/es\\\/rescatado-un-hombre-tras-caer-a-un-pozo-en-cocentaina\\\/#primaryimage\"},\"thumbnailUrl\":\"https:\\\/\\\/www.copealcoy.es\\\/wp-content\\\/uploads\\\/2023\\\/11\\\/WhatsApp-Image-2023-11-21-at-14.21.58.jpeg\",\"keywords\":[\"Cocentaina\",\"Consorcio Provincial de Bomberos de Alicante\",\"Rescate\",\"suceso\"],\"articleSection\":[\"Actualidad\",\"Alcoy\",\"Noticias\",\"Sucesos\"],\"inLanguage\":\"es\"},{\"@type\":\"WebPage\",\"@id\":\"https:\\\/\\\/www.copealcoy.es\\\/es\\\/rescatado-un-hombre-tras-caer-a-un-pozo-en-cocentaina\\\/\",\"url\":\"https:\\\/\\\/www.copealcoy.es\\\/es\\\/rescatado-un-hombre-tras-caer-a-un-pozo-en-cocentaina\\\/\",\"name\":\"Rescatado un hombre tras caer a un pozo en Cocentaina - COPE Alcoy\",\"isPartOf\":{\"@id\":\"https:\\\/\\\/www.copealcoy.es\\\/es\\\/#website\"},\"primaryImageOfPage\":{\"@id\":\"https:\\\/\\\/www.copealcoy.es\\\/es\\\/rescatado-un-hombre-tras-caer-a-un-pozo-en-cocentaina\\\/#primaryimage\"},\"image\":{\"@id\":\"https:\\\/\\\/www.copealcoy.es\\\/es\\\/rescatado-un-hombre-tras-caer-a-un-pozo-en-cocentaina\\\/#primaryimage\"},\"thumbnailUrl\":\"https:\\\/\\\/www.copealcoy.es\\\/wp-content\\\/uploads\\\/2023\\\/11\\\/WhatsApp-Image-2023-11-21-at-14.21.58.jpeg\",\"datePublished\":\"2023-11-21T14:23:48+00:00\",\"dateModified\":\"2023-11-21T18:59:11+00:00\",\"author\":{\"@id\":\"https:\\\/\\\/www.copealcoy.es\\\/es\\\/#\\\/schema\\\/person\\\/e777c87fa024e57d40170af9df39882c\"},\"description\":\"El Consorcio Provincial de Bomberos de Alicante rescataba este lunes por la noche a un hombre de 64 a\u00f1os que hab\u00eda ca\u00eddo dentro de un pozo en Cocentaina.\",\"breadcrumb\":{\"@id\":\"https:\\\/\\\/www.copealcoy.es\\\/es\\\/rescatado-un-hombre-tras-caer-a-un-pozo-en-cocentaina\\\/#breadcrumb\"},\"inLanguage\":\"es\",\"potentialAction\":[{\"@type\":\"ReadAction\",\"target\":[\"https:\\\/\\\/www.copealcoy.es\\\/es\\\/rescatado-un-hombre-tras-caer-a-un-pozo-en-cocentaina\\\/\"]}]},{\"@type\":\"ImageObject\",\"inLanguage\":\"es\",\"@id\":\"https:\\\/\\\/www.copealcoy.es\\\/es\\\/rescatado-un-hombre-tras-caer-a-un-pozo-en-cocentaina\\\/#primaryimage\",\"url\":\"https:\\\/\\\/www.copealcoy.es\\\/wp-content\\\/uploads\\\/2023\\\/11\\\/WhatsApp-Image-2023-11-21-at-14.21.58.jpeg\",\"contentUrl\":\"https:\\\/\\\/www.copealcoy.es\\\/wp-content\\\/uploads\\\/2023\\\/11\\\/WhatsApp-Image-2023-11-21-at-14.21.58.jpeg\",\"width\":768,\"height\":699},{\"@type\":\"BreadcrumbList\",\"@id\":\"https:\\\/\\\/www.copealcoy.es\\\/es\\\/rescatado-un-hombre-tras-caer-a-un-pozo-en-cocentaina\\\/#breadcrumb\",\"itemListElement\":[{\"@type\":\"ListItem\",\"position\":1,\"name\":\"Portada\",\"item\":\"https:\\\/\\\/www.copealcoy.es\\\/es\\\/\"},{\"@type\":\"ListItem\",\"position\":2,\"name\":\"Rescatado un hombre tras caer a un pozo en Cocentaina\"}]},{\"@type\":\"WebSite\",\"@id\":\"https:\\\/\\\/www.copealcoy.es\\\/es\\\/#website\",\"url\":\"https:\\\/\\\/www.copealcoy.es\\\/es\\\/\",\"name\":\"COPE Alcoy\",\"description\":\"Emisora COPE de radio local con emisi\u00f3n online. Pont de Sant Jordi 8-10 03803 Alcoy\",\"potentialAction\":[{\"@type\":\"SearchAction\",\"target\":{\"@type\":\"EntryPoint\",\"urlTemplate\":\"https:\\\/\\\/www.copealcoy.es\\\/es\\\/?s={search_term_string}\"},\"query-input\":{\"@type\":\"PropertyValueSpecification\",\"valueRequired\":true,\"valueName\":\"search_term_string\"}}],\"inLanguage\":\"es\"},{\"@type\":\"Person\",\"@id\":\"https:\\\/\\\/www.copealcoy.es\\\/es\\\/#\\\/schema\\\/person\\\/e777c87fa024e57d40170af9df39882c\",\"name\":\"Cope Alcoy\",\"image\":{\"@type\":\"ImageObject\",\"inLanguage\":\"es\",\"@id\":\"https:\\\/\\\/secure.gravatar.com\\\/avatar\\\/bb65d0283347e303893ba14f0692005417c1e0e690a325a4c5d8bb2b3943ee14?s=96&d=mm&r=g\",\"url\":\"https:\\\/\\\/secure.gravatar.com\\\/avatar\\\/bb65d0283347e303893ba14f0692005417c1e0e690a325a4c5d8bb2b3943ee14?s=96&d=mm&r=g\",\"contentUrl\":\"https:\\\/\\\/secure.gravatar.com\\\/avatar\\\/bb65d0283347e303893ba14f0692005417c1e0e690a325a4c5d8bb2b3943ee14?s=96&d=mm&r=g\",\"caption\":\"Cope Alcoy\"}}]}<\/script>\n<!-- \/ Yoast SEO plugin. -->","yoast_head_json":{"title":"Rescatado un hombre tras caer a un pozo en Cocentaina - COPE Alcoy","description":"El Consorcio Provincial de Bomberos de Alicante rescataba este lunes por la noche a un hombre de 64 a\u00f1os que hab\u00eda ca\u00eddo dentro de un pozo en Cocentaina.","robots":{"index":"index","follow":"follow","max-snippet":"max-snippet:-1","max-image-preview":"max-image-preview:large","max-video-preview":"max-video-preview:-1"},"canonical":"https:\/\/www.copealcoy.es\/es\/rescatado-un-hombre-tras-caer-a-un-pozo-en-cocentaina\/","og_locale":"es_ES","og_type":"article","og_title":"Rescatado un hombre tras caer a un pozo en Cocentaina - COPE Alcoy","og_description":"El Consorcio Provincial de Bomberos de Alicante rescataba este lunes por la noche a un hombre de 64 a\u00f1os que hab\u00eda ca\u00eddo dentro de un pozo en Cocentaina.","og_url":"https:\/\/www.copealcoy.es\/es\/rescatado-un-hombre-tras-caer-a-un-pozo-en-cocentaina\/","og_site_name":"COPE Alcoy","article_published_time":"2023-11-21T14:23:48+00:00","article_modified_time":"2023-11-21T18:59:11+00:00","og_image":[{"width":768,"height":699,"url":"https:\/\/www.copealcoy.es\/wp-content\/uploads\/2023\/11\/WhatsApp-Image-2023-11-21-at-14.21.58.jpeg","type":"image\/jpeg"}],"author":"Cope Alcoy","twitter_misc":{"Escrito por":"Cope Alcoy","Tiempo de lectura":"2 minutos"},"schema":{"@context":"https:\/\/schema.org","@graph":[{"@type":"Article","@id":"https:\/\/www.copealcoy.es\/es\/rescatado-un-hombre-tras-caer-a-un-pozo-en-cocentaina\/#article","isPartOf":{"@id":"https:\/\/www.copealcoy.es\/es\/rescatado-un-hombre-tras-caer-a-un-pozo-en-cocentaina\/"},"author":{"name":"Cope Alcoy","@id":"https:\/\/www.copealcoy.es\/es\/#\/schema\/person\/e777c87fa024e57d40170af9df39882c"},"headline":"Rescatado un hombre tras caer a un pozo en Cocentaina","datePublished":"2023-11-21T14:23:48+00:00","dateModified":"2023-11-21T18:59:11+00:00","mainEntityOfPage":{"@id":"https:\/\/www.copealcoy.es\/es\/rescatado-un-hombre-tras-caer-a-un-pozo-en-cocentaina\/"},"wordCount":388,"commentCount":0,"image":{"@id":"https:\/\/www.copealcoy.es\/es\/rescatado-un-hombre-tras-caer-a-un-pozo-en-cocentaina\/#primaryimage"},"thumbnailUrl":"https:\/\/www.copealcoy.es\/wp-content\/uploads\/2023\/11\/WhatsApp-Image-2023-11-21-at-14.21.58.jpeg","keywords":["Cocentaina","Consorcio Provincial de Bomberos de Alicante","Rescate","suceso"],"articleSection":["Actualidad","Alcoy","Noticias","Sucesos"],"inLanguage":"es"},{"@type":"WebPage","@id":"https:\/\/www.copealcoy.es\/es\/rescatado-un-hombre-tras-caer-a-un-pozo-en-cocentaina\/","url":"https:\/\/www.copealcoy.es\/es\/rescatado-un-hombre-tras-caer-a-un-pozo-en-cocentaina\/","name":"Rescatado un hombre tras caer a un pozo en Cocentaina - COPE Alcoy","isPartOf":{"@id":"https:\/\/www.copealcoy.es\/es\/#website"},"primaryImageOfPage":{"@id":"https:\/\/www.copealcoy.es\/es\/rescatado-un-hombre-tras-caer-a-un-pozo-en-cocentaina\/#primaryimage"},"image":{"@id":"https:\/\/www.copealcoy.es\/es\/rescatado-un-hombre-tras-caer-a-un-pozo-en-cocentaina\/#primaryimage"},"thumbnailUrl":"https:\/\/www.copealcoy.es\/wp-content\/uploads\/2023\/11\/WhatsApp-Image-2023-11-21-at-14.21.58.jpeg","datePublished":"2023-11-21T14:23:48+00:00","dateModified":"2023-11-21T18:59:11+00:00","author":{"@id":"https:\/\/www.copealcoy.es\/es\/#\/schema\/person\/e777c87fa024e57d40170af9df39882c"},"description":"El Consorcio Provincial de Bomberos de Alicante rescataba este lunes por la noche a un hombre de 64 a\u00f1os que hab\u00eda ca\u00eddo dentro de un pozo en Cocentaina.","breadcrumb":{"@id":"https:\/\/www.copealcoy.es\/es\/rescatado-un-hombre-tras-caer-a-un-pozo-en-cocentaina\/#breadcrumb"},"inLanguage":"es","potentialAction":[{"@type":"ReadAction","target":["https:\/\/www.copealcoy.es\/es\/rescatado-un-hombre-tras-caer-a-un-pozo-en-cocentaina\/"]}]},{"@type":"ImageObject","inLanguage":"es","@id":"https:\/\/www.copealcoy.es\/es\/rescatado-un-hombre-tras-caer-a-un-pozo-en-cocentaina\/#primaryimage","url":"https:\/\/www.copealcoy.es\/wp-content\/uploads\/2023\/11\/WhatsApp-Image-2023-11-21-at-14.21.58.jpeg","contentUrl":"https:\/\/www.copealcoy.es\/wp-content\/uploads\/2023\/11\/WhatsApp-Image-2023-11-21-at-14.21.58.jpeg","width":768,"height":699},{"@type":"BreadcrumbList","@id":"https:\/\/www.copealcoy.es\/es\/rescatado-un-hombre-tras-caer-a-un-pozo-en-cocentaina\/#breadcrumb","itemListElement":[{"@type":"ListItem","position":1,"name":"Portada","item":"https:\/\/www.copealcoy.es\/es\/"},{"@type":"ListItem","position":2,"name":"Rescatado un hombre tras caer a un pozo en Cocentaina"}]},{"@type":"WebSite","@id":"https:\/\/www.copealcoy.es\/es\/#website","url":"https:\/\/www.copealcoy.es\/es\/","name":"COPE Alcoy","description":"Emisora COPE de radio local con emisi\u00f3n online. Pont de Sant Jordi 8-10 03803 Alcoy","potentialAction":[{"@type":"SearchAction","target":{"@type":"EntryPoint","urlTemplate":"https:\/\/www.copealcoy.es\/es\/?s={search_term_string}"},"query-input":{"@type":"PropertyValueSpecification","valueRequired":true,"valueName":"search_term_string"}}],"inLanguage":"es"},{"@type":"Person","@id":"https:\/\/www.copealcoy.es\/es\/#\/schema\/person\/e777c87fa024e57d40170af9df39882c","name":"Cope Alcoy","image":{"@type":"ImageObject","inLanguage":"es","@id":"https:\/\/secure.gravatar.com\/avatar\/bb65d0283347e303893ba14f0692005417c1e0e690a325a4c5d8bb2b3943ee14?s=96&d=mm&r=g","url":"https:\/\/secure.gravatar.com\/avatar\/bb65d0283347e303893ba14f0692005417c1e0e690a325a4c5d8bb2b3943ee14?s=96&d=mm&r=g","contentUrl":"https:\/\/secure.gravatar.com\/avatar\/bb65d0283347e303893ba14f0692005417c1e0e690a325a4c5d8bb2b3943ee14?s=96&d=mm&r=g","caption":"Cope Alcoy"}}]}},"_links":{"self":[{"href":"https:\/\/www.copealcoy.es\/es\/wp-json\/wp\/v2\/posts\/125464","targetHints":{"allow":["GET"]}}],"collection":[{"href":"https:\/\/www.copealcoy.es\/es\/wp-json\/wp\/v2\/posts"}],"about":[{"href":"https:\/\/www.copealcoy.es\/es\/wp-json\/wp\/v2\/types\/post"}],"author":[{"embeddable":true,"href":"https:\/\/www.copealcoy.es\/es\/wp-json\/wp\/v2\/users\/1"}],"replies":[{"embeddable":true,"href":"https:\/\/www.copealcoy.es\/es\/wp-json\/wp\/v2\/comments?post=125464"}],"version-history":[{"count":0,"href":"https:\/\/www.copealcoy.es\/es\/wp-json\/wp\/v2\/posts\/125464\/revisions"}],"wp:featuredmedia":[{"embeddable":true,"href":"https:\/\/www.copealcoy.es\/es\/wp-json\/wp\/v2\/media\/125467"}],"wp:attachment":[{"href":"https:\/\/www.copealcoy.es\/es\/wp-json\/wp\/v2\/media?parent=125464"}],"wp:term":[{"taxonomy":"category","embeddable":true,"href":"https:\/\/www.copealcoy.es\/es\/wp-json\/wp\/v2\/categories?post=125464"},{"taxonomy":"post_tag","embeddable":true,"href":"https:\/\/www.copealcoy.es\/es\/wp-json\/wp\/v2\/tags?post=125464"}],"curies":[{"name":"wp","href":"https:\/\/api.w.org\/{rel}","templated":true}]}}