{"id":125427,"date":"2023-11-21T09:36:56","date_gmt":"2023-11-21T08:36:56","guid":{"rendered":"https:\/\/www.copealcoy.es\/?p=125427"},"modified":"2023-11-21T09:36:56","modified_gmt":"2023-11-21T08:36:56","slug":"conoce-a-los-finalistas-de-los-premios-empresariales-de-aitex","status":"publish","type":"post","link":"https:\/\/www.copealcoy.es\/es\/conoce-a-los-finalistas-de-los-premios-empresariales-de-aitex\/","title":{"rendered":"Conoce a los finalistas de los premios empresariales de AITEX"},"content":{"rendered":"<p style=\"text-align: justify;\"><a href=\"https:\/\/www.aitex.es\/\" target=\"_blank\" rel=\"noopener\"><strong><span style=\"color: #0000ff;\">AITEX<\/span> <\/strong><\/a>ultima ya todos los preparativos <strong>para entregar sus premios empresariales<\/strong>, un acto que en esta edici\u00f3n de 2023 tendr\u00e1 lugar el pr\u00f3ximo jueves 23 de noviembre <strong>en la nueva sede<\/strong> que la instituci\u00f3n ha hecho posible en el barrio de Batoi de Alcoy. A escasos d\u00edas de la gala <strong>se han dado a conocer las empresas finalistas<\/strong> y cabe destacar que, <strong>de las 122 propuestas nacionales presentadas<\/strong>; cinco de cada modalidad optan a conseguir los galardones de esta edici\u00f3n. El <strong>ganador<\/strong> de cada modalidad obtendr\u00e1 <strong>una dotaci\u00f3n econ\u00f3mica de 20.000 euros<\/strong>, siendo <strong>10.000 euros la cantidad que obtendr\u00e1 el segundo clasificado<\/strong>. En total, seg\u00fan la informaci\u00f3n facilitada por AITEX, <strong>se repartir\u00e1n un total de 90.000 euros<\/strong> en premios.<\/p>\n<p style=\"text-align: justify;\">El jurado experto ha decidido que al\u00a0<strong> \u201cPremio AITEX a la sostenibilidad y\/o innovaci\u00f3n en textil\u201d\u00a0<\/strong>optan firmas como <em>Auxicolor S.L, Colimtex S.L, Sepiia, MLS Textiles 1992 S.L<\/em> y <em>Technitiger S.L.\u00a0<\/em>mientras que al\u00a0<strong> \u201cPremio AITEX a la sostenibilidad y\/o innovaci\u00f3n en cosm\u00e9tica\u201d\u00a0<\/strong>concurren <em>Biodrops S.L., Vytrus Biotech S.A, Nirvel Cosmetics S.L, IUVER Rejuvenation Institute<\/em> y <em>Prospera Biotech S.L<\/em>. Por \u00faltimo, los finalistas al <strong>\u201cPremio AITEX a la mejor iniciativa emprendedora\u201d\u00a0<\/strong>son Quimsil Siliconas S.L., Lyra Techs Solutions S.L., Persiskin S.L, Tintoremus S.L. y Hechiceria S.L..<\/p>\n<p style=\"text-align: justify;\">Recordar que<strong> la gala de entrega<\/strong> de los Premios Empresariales AITEX 2023 ser\u00e1 este jueves 23 de noviembre a las 17:45 en <strong>el auditorio<\/strong> de la mencionada nueva sede de AITEX. Al acto <strong>asistir\u00e1n<\/strong> portavoces de instituciones locales y comarcales, las empresas finalistas de los premios empresariales y representantes de las empresas que conforman el tejido empresarial de la zona. La ceremonia <strong>contar\u00e1 adem\u00e1s\u00a0con un seminario profesional de primer nivel<\/strong> a cargo de <b><i>Pedro Videla<\/i><\/b>, experto en macroeconom\u00eda, econom\u00eda internacional y econom\u00edas emergentes. Este \u00faltimo impartir\u00e1 la ponencia titulada\u00a0\u00ab<i>El rompecabezas econ\u00f3mico mundial: inflaci\u00f3n, deuda, comercio y geopol\u00edtica<\/i>\u00bb, una actividad en la que analizar\u00e1 c\u00f3mo estas piezas encajan y afectan la estabilidad econ\u00f3mica a nivel global. Profundizar\u00e1 en las tendencias emergentes que est\u00e1n redefiniendo el panorama financiero mundial y examinar\u00e1 las estrategias clave para navegar por estos tiempos de incertidumbre.<\/p>\n<p style=\"text-align: justify;\">En COPE ALCOY hemos conocido antes del jueves<strong> todos los detalles de la entrega de premios<\/strong> y <strong>la entrevista al completo<\/strong> la puedes escuchar aqu\u00ed:<\/p>\n<p><iframe loading=\"lazy\" title=\"&#039;Mediod\u00eda Cope&#039; Alcoi Dilluns 20 De Novembre 2023 (13:50h)\" width=\"100%\" height=\"120\" src=\"https:\/\/www.mixcloud.com\/widget\/iframe\/?feed=https%3A%2F%2Fwww.mixcloud.com%2FCOPEAlcoy%2Fmediod%25C3%25ADa-cope-alcoi-dilluns-20-de-novembre-2023-1350h%2F&amp;hide_cover=1\" frameborder=\"0\"><\/iframe><\/p>\n","protected":false},"excerpt":{"rendered":"<p>AITEX ultima ya todos los preparativos para entregar sus premios empresariales, un acto que en esta edici\u00f3n de 2023 tendr\u00e1&#8230;<\/p>\n","protected":false},"author":1,"featured_media":125428,"comment_status":"open","ping_status":"open","sticky":false,"template":"","format":"standard","meta":{"footnotes":""},"categories":[6909,97,75,79],"tags":[771,6653,15962,530,5246,10009],"class_list":["post-125427","post","type-post","status-publish","format-standard","has-post-thumbnail","hentry","category-actualidad","category-alcoy","category-noticias","category-politicayeconomia","tag-aitex","tag-entrega","tag-finalistas","tag-gala","tag-jurado","tag-premios-empresariales"],"yoast_head":"<!-- This site is optimized with the Yoast SEO plugin v27.3 - https:\/\/yoast.com\/product\/yoast-seo-wordpress\/ -->\n<title>Conoce a los finalistas de los premios empresariales de AITEX - COPE Alcoy<\/title>\n<meta name=\"description\" content=\"AITEX ultima ya todos los preparativos para entregar sus premios empresariales, un acto que en esta edici\u00f3n de 2023 tendr\u00e1 lugar el jueves\" \/>\n<meta name=\"robots\" content=\"index, follow, max-snippet:-1, max-image-preview:large, max-video-preview:-1\" \/>\n<link rel=\"canonical\" href=\"https:\/\/www.copealcoy.es\/es\/conoce-a-los-finalistas-de-los-premios-empresariales-de-aitex\/\" \/>\n<meta property=\"og:locale\" content=\"es_ES\" \/>\n<meta property=\"og:type\" content=\"article\" \/>\n<meta property=\"og:title\" content=\"Conoce a los finalistas de los premios empresariales de AITEX - COPE Alcoy\" \/>\n<meta property=\"og:description\" content=\"AITEX ultima ya todos los preparativos para entregar sus premios empresariales, un acto que en esta edici\u00f3n de 2023 tendr\u00e1 lugar el jueves\" \/>\n<meta property=\"og:url\" content=\"https:\/\/www.copealcoy.es\/es\/conoce-a-los-finalistas-de-los-premios-empresariales-de-aitex\/\" \/>\n<meta property=\"og:site_name\" content=\"COPE Alcoy\" \/>\n<meta property=\"article:published_time\" content=\"2023-11-21T08:36:56+00:00\" \/>\n<meta property=\"og:image\" content=\"https:\/\/www.copealcoy.es\/wp-content\/uploads\/2023\/11\/Esta-edicion-sera-la-primera-que-se-realice-en-la-nueva-sede-de-AITEX-scaled.jpg\" \/>\n\t<meta property=\"og:image:width\" content=\"1620\" \/>\n\t<meta property=\"og:image:height\" content=\"1080\" \/>\n\t<meta property=\"og:image:type\" content=\"image\/jpeg\" \/>\n<meta name=\"author\" content=\"Cope Alcoy\" \/>\n<meta name=\"twitter:label1\" content=\"Escrito por\" \/>\n\t<meta name=\"twitter:data1\" content=\"Cope Alcoy\" \/>\n\t<meta name=\"twitter:label2\" content=\"Tiempo de lectura\" \/>\n\t<meta name=\"twitter:data2\" content=\"2 minutos\" \/>\n<script type=\"application\/ld+json\" class=\"yoast-schema-graph\">{\"@context\":\"https:\\\/\\\/schema.org\",\"@graph\":[{\"@type\":\"Article\",\"@id\":\"https:\\\/\\\/www.copealcoy.es\\\/es\\\/conoce-a-los-finalistas-de-los-premios-empresariales-de-aitex\\\/#article\",\"isPartOf\":{\"@id\":\"https:\\\/\\\/www.copealcoy.es\\\/es\\\/conoce-a-los-finalistas-de-los-premios-empresariales-de-aitex\\\/\"},\"author\":{\"name\":\"Cope Alcoy\",\"@id\":\"https:\\\/\\\/www.copealcoy.es\\\/es\\\/#\\\/schema\\\/person\\\/e777c87fa024e57d40170af9df39882c\"},\"headline\":\"Conoce a los finalistas de los premios empresariales de AITEX\",\"datePublished\":\"2023-11-21T08:36:56+00:00\",\"mainEntityOfPage\":{\"@id\":\"https:\\\/\\\/www.copealcoy.es\\\/es\\\/conoce-a-los-finalistas-de-los-premios-empresariales-de-aitex\\\/\"},\"wordCount\":421,\"commentCount\":0,\"image\":{\"@id\":\"https:\\\/\\\/www.copealcoy.es\\\/es\\\/conoce-a-los-finalistas-de-los-premios-empresariales-de-aitex\\\/#primaryimage\"},\"thumbnailUrl\":\"https:\\\/\\\/www.copealcoy.es\\\/wp-content\\\/uploads\\\/2023\\\/11\\\/Esta-edicion-sera-la-primera-que-se-realice-en-la-nueva-sede-de-AITEX-scaled.jpg\",\"keywords\":[\"Aitex\",\"entrega\",\"finalistas\",\"Gala\",\"jurado\",\"Premios Empresariales\"],\"articleSection\":[\"Actualidad\",\"Alcoy\",\"Noticias\",\"Pol\u00edtica y Econom\u00eda\"],\"inLanguage\":\"es\"},{\"@type\":\"WebPage\",\"@id\":\"https:\\\/\\\/www.copealcoy.es\\\/es\\\/conoce-a-los-finalistas-de-los-premios-empresariales-de-aitex\\\/\",\"url\":\"https:\\\/\\\/www.copealcoy.es\\\/es\\\/conoce-a-los-finalistas-de-los-premios-empresariales-de-aitex\\\/\",\"name\":\"Conoce a los finalistas de los premios empresariales de AITEX - COPE Alcoy\",\"isPartOf\":{\"@id\":\"https:\\\/\\\/www.copealcoy.es\\\/es\\\/#website\"},\"primaryImageOfPage\":{\"@id\":\"https:\\\/\\\/www.copealcoy.es\\\/es\\\/conoce-a-los-finalistas-de-los-premios-empresariales-de-aitex\\\/#primaryimage\"},\"image\":{\"@id\":\"https:\\\/\\\/www.copealcoy.es\\\/es\\\/conoce-a-los-finalistas-de-los-premios-empresariales-de-aitex\\\/#primaryimage\"},\"thumbnailUrl\":\"https:\\\/\\\/www.copealcoy.es\\\/wp-content\\\/uploads\\\/2023\\\/11\\\/Esta-edicion-sera-la-primera-que-se-realice-en-la-nueva-sede-de-AITEX-scaled.jpg\",\"datePublished\":\"2023-11-21T08:36:56+00:00\",\"author\":{\"@id\":\"https:\\\/\\\/www.copealcoy.es\\\/es\\\/#\\\/schema\\\/person\\\/e777c87fa024e57d40170af9df39882c\"},\"description\":\"AITEX ultima ya todos los preparativos para entregar sus premios empresariales, un acto que en esta edici\u00f3n de 2023 tendr\u00e1 lugar el jueves\",\"breadcrumb\":{\"@id\":\"https:\\\/\\\/www.copealcoy.es\\\/es\\\/conoce-a-los-finalistas-de-los-premios-empresariales-de-aitex\\\/#breadcrumb\"},\"inLanguage\":\"es\",\"potentialAction\":[{\"@type\":\"ReadAction\",\"target\":[\"https:\\\/\\\/www.copealcoy.es\\\/es\\\/conoce-a-los-finalistas-de-los-premios-empresariales-de-aitex\\\/\"]}]},{\"@type\":\"ImageObject\",\"inLanguage\":\"es\",\"@id\":\"https:\\\/\\\/www.copealcoy.es\\\/es\\\/conoce-a-los-finalistas-de-los-premios-empresariales-de-aitex\\\/#primaryimage\",\"url\":\"https:\\\/\\\/www.copealcoy.es\\\/wp-content\\\/uploads\\\/2023\\\/11\\\/Esta-edicion-sera-la-primera-que-se-realice-en-la-nueva-sede-de-AITEX-scaled.jpg\",\"contentUrl\":\"https:\\\/\\\/www.copealcoy.es\\\/wp-content\\\/uploads\\\/2023\\\/11\\\/Esta-edicion-sera-la-primera-que-se-realice-en-la-nueva-sede-de-AITEX-scaled.jpg\",\"width\":1620,\"height\":1080},{\"@type\":\"BreadcrumbList\",\"@id\":\"https:\\\/\\\/www.copealcoy.es\\\/es\\\/conoce-a-los-finalistas-de-los-premios-empresariales-de-aitex\\\/#breadcrumb\",\"itemListElement\":[{\"@type\":\"ListItem\",\"position\":1,\"name\":\"Portada\",\"item\":\"https:\\\/\\\/www.copealcoy.es\\\/es\\\/\"},{\"@type\":\"ListItem\",\"position\":2,\"name\":\"Conoce a los finalistas de los premios empresariales de AITEX\"}]},{\"@type\":\"WebSite\",\"@id\":\"https:\\\/\\\/www.copealcoy.es\\\/es\\\/#website\",\"url\":\"https:\\\/\\\/www.copealcoy.es\\\/es\\\/\",\"name\":\"COPE Alcoy\",\"description\":\"Emisora COPE de radio local con emisi\u00f3n online. Pont de Sant Jordi 8-10 03803 Alcoy\",\"potentialAction\":[{\"@type\":\"SearchAction\",\"target\":{\"@type\":\"EntryPoint\",\"urlTemplate\":\"https:\\\/\\\/www.copealcoy.es\\\/es\\\/?s={search_term_string}\"},\"query-input\":{\"@type\":\"PropertyValueSpecification\",\"valueRequired\":true,\"valueName\":\"search_term_string\"}}],\"inLanguage\":\"es\"},{\"@type\":\"Person\",\"@id\":\"https:\\\/\\\/www.copealcoy.es\\\/es\\\/#\\\/schema\\\/person\\\/e777c87fa024e57d40170af9df39882c\",\"name\":\"Cope Alcoy\",\"image\":{\"@type\":\"ImageObject\",\"inLanguage\":\"es\",\"@id\":\"https:\\\/\\\/secure.gravatar.com\\\/avatar\\\/bb65d0283347e303893ba14f0692005417c1e0e690a325a4c5d8bb2b3943ee14?s=96&d=mm&r=g\",\"url\":\"https:\\\/\\\/secure.gravatar.com\\\/avatar\\\/bb65d0283347e303893ba14f0692005417c1e0e690a325a4c5d8bb2b3943ee14?s=96&d=mm&r=g\",\"contentUrl\":\"https:\\\/\\\/secure.gravatar.com\\\/avatar\\\/bb65d0283347e303893ba14f0692005417c1e0e690a325a4c5d8bb2b3943ee14?s=96&d=mm&r=g\",\"caption\":\"Cope Alcoy\"}}]}<\/script>\n<!-- \/ Yoast SEO plugin. -->","yoast_head_json":{"title":"Conoce a los finalistas de los premios empresariales de AITEX - COPE Alcoy","description":"AITEX ultima ya todos los preparativos para entregar sus premios empresariales, un acto que en esta edici\u00f3n de 2023 tendr\u00e1 lugar el jueves","robots":{"index":"index","follow":"follow","max-snippet":"max-snippet:-1","max-image-preview":"max-image-preview:large","max-video-preview":"max-video-preview:-1"},"canonical":"https:\/\/www.copealcoy.es\/es\/conoce-a-los-finalistas-de-los-premios-empresariales-de-aitex\/","og_locale":"es_ES","og_type":"article","og_title":"Conoce a los finalistas de los premios empresariales de AITEX - COPE Alcoy","og_description":"AITEX ultima ya todos los preparativos para entregar sus premios empresariales, un acto que en esta edici\u00f3n de 2023 tendr\u00e1 lugar el jueves","og_url":"https:\/\/www.copealcoy.es\/es\/conoce-a-los-finalistas-de-los-premios-empresariales-de-aitex\/","og_site_name":"COPE Alcoy","article_published_time":"2023-11-21T08:36:56+00:00","og_image":[{"width":1620,"height":1080,"url":"https:\/\/www.copealcoy.es\/wp-content\/uploads\/2023\/11\/Esta-edicion-sera-la-primera-que-se-realice-en-la-nueva-sede-de-AITEX-scaled.jpg","type":"image\/jpeg"}],"author":"Cope Alcoy","twitter_misc":{"Escrito por":"Cope Alcoy","Tiempo de lectura":"2 minutos"},"schema":{"@context":"https:\/\/schema.org","@graph":[{"@type":"Article","@id":"https:\/\/www.copealcoy.es\/es\/conoce-a-los-finalistas-de-los-premios-empresariales-de-aitex\/#article","isPartOf":{"@id":"https:\/\/www.copealcoy.es\/es\/conoce-a-los-finalistas-de-los-premios-empresariales-de-aitex\/"},"author":{"name":"Cope Alcoy","@id":"https:\/\/www.copealcoy.es\/es\/#\/schema\/person\/e777c87fa024e57d40170af9df39882c"},"headline":"Conoce a los finalistas de los premios empresariales de AITEX","datePublished":"2023-11-21T08:36:56+00:00","mainEntityOfPage":{"@id":"https:\/\/www.copealcoy.es\/es\/conoce-a-los-finalistas-de-los-premios-empresariales-de-aitex\/"},"wordCount":421,"commentCount":0,"image":{"@id":"https:\/\/www.copealcoy.es\/es\/conoce-a-los-finalistas-de-los-premios-empresariales-de-aitex\/#primaryimage"},"thumbnailUrl":"https:\/\/www.copealcoy.es\/wp-content\/uploads\/2023\/11\/Esta-edicion-sera-la-primera-que-se-realice-en-la-nueva-sede-de-AITEX-scaled.jpg","keywords":["Aitex","entrega","finalistas","Gala","jurado","Premios Empresariales"],"articleSection":["Actualidad","Alcoy","Noticias","Pol\u00edtica y Econom\u00eda"],"inLanguage":"es"},{"@type":"WebPage","@id":"https:\/\/www.copealcoy.es\/es\/conoce-a-los-finalistas-de-los-premios-empresariales-de-aitex\/","url":"https:\/\/www.copealcoy.es\/es\/conoce-a-los-finalistas-de-los-premios-empresariales-de-aitex\/","name":"Conoce a los finalistas de los premios empresariales de AITEX - COPE Alcoy","isPartOf":{"@id":"https:\/\/www.copealcoy.es\/es\/#website"},"primaryImageOfPage":{"@id":"https:\/\/www.copealcoy.es\/es\/conoce-a-los-finalistas-de-los-premios-empresariales-de-aitex\/#primaryimage"},"image":{"@id":"https:\/\/www.copealcoy.es\/es\/conoce-a-los-finalistas-de-los-premios-empresariales-de-aitex\/#primaryimage"},"thumbnailUrl":"https:\/\/www.copealcoy.es\/wp-content\/uploads\/2023\/11\/Esta-edicion-sera-la-primera-que-se-realice-en-la-nueva-sede-de-AITEX-scaled.jpg","datePublished":"2023-11-21T08:36:56+00:00","author":{"@id":"https:\/\/www.copealcoy.es\/es\/#\/schema\/person\/e777c87fa024e57d40170af9df39882c"},"description":"AITEX ultima ya todos los preparativos para entregar sus premios empresariales, un acto que en esta edici\u00f3n de 2023 tendr\u00e1 lugar el jueves","breadcrumb":{"@id":"https:\/\/www.copealcoy.es\/es\/conoce-a-los-finalistas-de-los-premios-empresariales-de-aitex\/#breadcrumb"},"inLanguage":"es","potentialAction":[{"@type":"ReadAction","target":["https:\/\/www.copealcoy.es\/es\/conoce-a-los-finalistas-de-los-premios-empresariales-de-aitex\/"]}]},{"@type":"ImageObject","inLanguage":"es","@id":"https:\/\/www.copealcoy.es\/es\/conoce-a-los-finalistas-de-los-premios-empresariales-de-aitex\/#primaryimage","url":"https:\/\/www.copealcoy.es\/wp-content\/uploads\/2023\/11\/Esta-edicion-sera-la-primera-que-se-realice-en-la-nueva-sede-de-AITEX-scaled.jpg","contentUrl":"https:\/\/www.copealcoy.es\/wp-content\/uploads\/2023\/11\/Esta-edicion-sera-la-primera-que-se-realice-en-la-nueva-sede-de-AITEX-scaled.jpg","width":1620,"height":1080},{"@type":"BreadcrumbList","@id":"https:\/\/www.copealcoy.es\/es\/conoce-a-los-finalistas-de-los-premios-empresariales-de-aitex\/#breadcrumb","itemListElement":[{"@type":"ListItem","position":1,"name":"Portada","item":"https:\/\/www.copealcoy.es\/es\/"},{"@type":"ListItem","position":2,"name":"Conoce a los finalistas de los premios empresariales de AITEX"}]},{"@type":"WebSite","@id":"https:\/\/www.copealcoy.es\/es\/#website","url":"https:\/\/www.copealcoy.es\/es\/","name":"COPE Alcoy","description":"Emisora COPE de radio local con emisi\u00f3n online. Pont de Sant Jordi 8-10 03803 Alcoy","potentialAction":[{"@type":"SearchAction","target":{"@type":"EntryPoint","urlTemplate":"https:\/\/www.copealcoy.es\/es\/?s={search_term_string}"},"query-input":{"@type":"PropertyValueSpecification","valueRequired":true,"valueName":"search_term_string"}}],"inLanguage":"es"},{"@type":"Person","@id":"https:\/\/www.copealcoy.es\/es\/#\/schema\/person\/e777c87fa024e57d40170af9df39882c","name":"Cope Alcoy","image":{"@type":"ImageObject","inLanguage":"es","@id":"https:\/\/secure.gravatar.com\/avatar\/bb65d0283347e303893ba14f0692005417c1e0e690a325a4c5d8bb2b3943ee14?s=96&d=mm&r=g","url":"https:\/\/secure.gravatar.com\/avatar\/bb65d0283347e303893ba14f0692005417c1e0e690a325a4c5d8bb2b3943ee14?s=96&d=mm&r=g","contentUrl":"https:\/\/secure.gravatar.com\/avatar\/bb65d0283347e303893ba14f0692005417c1e0e690a325a4c5d8bb2b3943ee14?s=96&d=mm&r=g","caption":"Cope Alcoy"}}]}},"_links":{"self":[{"href":"https:\/\/www.copealcoy.es\/es\/wp-json\/wp\/v2\/posts\/125427","targetHints":{"allow":["GET"]}}],"collection":[{"href":"https:\/\/www.copealcoy.es\/es\/wp-json\/wp\/v2\/posts"}],"about":[{"href":"https:\/\/www.copealcoy.es\/es\/wp-json\/wp\/v2\/types\/post"}],"author":[{"embeddable":true,"href":"https:\/\/www.copealcoy.es\/es\/wp-json\/wp\/v2\/users\/1"}],"replies":[{"embeddable":true,"href":"https:\/\/www.copealcoy.es\/es\/wp-json\/wp\/v2\/comments?post=125427"}],"version-history":[{"count":0,"href":"https:\/\/www.copealcoy.es\/es\/wp-json\/wp\/v2\/posts\/125427\/revisions"}],"wp:featuredmedia":[{"embeddable":true,"href":"https:\/\/www.copealcoy.es\/es\/wp-json\/wp\/v2\/media\/125428"}],"wp:attachment":[{"href":"https:\/\/www.copealcoy.es\/es\/wp-json\/wp\/v2\/media?parent=125427"}],"wp:term":[{"taxonomy":"category","embeddable":true,"href":"https:\/\/www.copealcoy.es\/es\/wp-json\/wp\/v2\/categories?post=125427"},{"taxonomy":"post_tag","embeddable":true,"href":"https:\/\/www.copealcoy.es\/es\/wp-json\/wp\/v2\/tags?post=125427"}],"curies":[{"name":"wp","href":"https:\/\/api.w.org\/{rel}","templated":true}]}}